{"id":71594,"date":"2026-03-13T18:03:18","date_gmt":"2026-03-13T17:03:18","guid":{"rendered":"https:\/\/www.livemag.it\/index.php\/2026\/03\/13\/conceicao-la-juve-e-piu-forte-di-roma-e-como-dimostriamolo\/"},"modified":"2026-03-13T18:03:18","modified_gmt":"2026-03-13T17:03:18","slug":"conceicao-la-juve-e-piu-forte-di-roma-e-como-dimostriamolo","status":"publish","type":"post","link":"https:\/\/www.livemag.it\/index.php\/2026\/03\/13\/conceicao-la-juve-e-piu-forte-di-roma-e-como-dimostriamolo\/","title":{"rendered":"Conceicao \u201cLa Juve \u00e8 pi\u00f9 forte di Roma e Como, dimostriamolo\u201d"},"content":{"rendered":"<div>\n<p>TORINO (ITALPRESS) \u2013 <strong>\u201c<\/strong><em><strong>Per me siamo pi\u00f9 forti della Roma e del Como<\/strong> ma lo dobbiamo dimostrare in campo in queste ultime partite del campionato. Dobbiamo dare continuit\u00e0 ai recenti risultati e puntare a ottenere un posto nella prossima Champions League\u201d.<\/em> Cos\u00ec, in conferenza stampa,<strong> Francisco Conceicao<\/strong>, alla vigilia della sfida <strong>Udinese-Juventus.<\/strong> <em>\u201cLa unione del gruppo \u00e8 alla base di tutto. Contiamo proprio sul nostro spirito di gruppo per fare bene in questo finale di stagione. Siamo convinti di quello che stiamo facendo. Vediamo tutti che stiamo giocando bene e dobbiamo continuare lungo questa strada\u201d<\/em>, ha aggiunto il portoghese.<\/p>\n<p>\u201c<em>L\u2019Udinese \u00e8 una squadra forte, soprattutto in casa. E\u2019 una squadra tosta e molto fisica. Noi andiamo l\u00ec con la convinzione di poter fare bene e di vincere, per continuare il nostro percorso\u201d<\/em>, ha detto ancora Conceicao.<\/p>\n<p><strong><em> \u201cDusan Vlahovic \u00e8 un calciatore molto forte.<\/em><\/strong><em> Ci \u00e8 mancato tanto. Sta sempre meglio. Speriamo che ritorni presto, e nelle migliori condizioni, dopo l\u2019ultimo infortunio. La squadra gioca bene, ripeto, proviamo ad avere sempre noi il pallino del gioco. Creiamo tante occasioni, ma dobbiamo fare di pi\u00f9. Dobbiamo continuare a lavorare e cercare di vincere tutte le prossime partite<\/em>\u201c, ha precisato poi lo juventino.<\/p>\n<p>Sulle recenti suggestive idee di mercato, quindi, ha affermato:<em><strong> \u201cBernardo Silva alla Juve? Io lo conosco molto bene, \u00e8 un giocatore molto forte<\/strong>. Non ho mai parlato con lui di queste cose. Non so se la Juve lo sta cercando per il futuro. Ma se mi dovesse chiedere qualche cosa gli direi che questo \u00e8 un grande club e che qui vogliamo vincere\u201d.<\/em><\/p>\n<p>In chiusura, quasi un pensiero fisso per Conceicao: <em>\u201cLa cosa pi\u00f9 importante \u00e8 che a fine stagione riusciamo a conquistare un posto in Champions League. Sappiamo che abbiamo le qualit\u00e0 per andarci a prendere il nostro obiettivo e che abbiamo le doti per stare l\u00ec al quarto posto. Dobbiamo vincere pi\u00f9 partite possibili e riuscire a centrare il nostro traguardo\u201d.<br \/>\n<\/em><br \/>\n\u2013 foto Ipa Agency \u2013<br \/>\n(ITALPRESS).<\/p>\n<\/div>\n","protected":false},"excerpt":{"rendered":"<p>TORINO (ITALPRESS) \u2013 \u201cPer me siamo pi\u00f9 forti della Roma e del Como ma lo dobbiamo dimostrare in campo in queste ultime partite del campionato. Dobbiamo dare continuit\u00e0 ai recenti risultati e puntare a ottenere un posto nella prossima Champions League\u201d. Cos\u00ec, in conferenza stampa, Francisco Conceicao, alla vigilia della sfida Udinese-Juventus. \u201cLa unione del [&hellip;]<\/p>\n","protected":false},"author":16,"featured_media":71595,"comment_status":"closed","ping_status":"closed","sticky":false,"template":"","format":"standard","meta":{"jnews-multi-image_gallery":[],"jnews_single_post":[],"jnews_primary_category":[],"jnews_social_meta":[],"jnews_override_counter":[],"jnews_post_split":[],"footnotes":""},"categories":[1129],"tags":[],"class_list":["post-71594","post","type-post","status-publish","format-standard","has-post-thumbnail","hentry","category-mondo"],"yoast_head":"<!-- This site is optimized with the Yoast SEO plugin v27.5 - https:\/\/yoast.com\/product\/yoast-seo-wordpress\/ -->\n<title>Conceicao \u201cLa Juve \u00e8 pi\u00f9 forte di Roma e Como, dimostriamolo\u201d - Live Magazine<\/title>\n<meta name=\"robots\" content=\"index, follow, max-snippet:-1, max-image-preview:large, max-video-preview:-1\" \/>\n<link rel=\"canonical\" href=\"https:\/\/www.livemag.it\/index.php\/2026\/03\/13\/conceicao-la-juve-e-piu-forte-di-roma-e-como-dimostriamolo\/\" \/>\n<meta property=\"og:locale\" content=\"it_IT\" \/>\n<meta property=\"og:type\" content=\"article\" \/>\n<meta property=\"og:title\" content=\"Conceicao \u201cLa Juve \u00e8 pi\u00f9 forte di Roma e Como, dimostriamolo\u201d - Live Magazine\" \/>\n<meta property=\"og:description\" content=\"TORINO (ITALPRESS) \u2013 \u201cPer me siamo pi\u00f9 forti della Roma e del Como ma lo dobbiamo dimostrare in campo in queste ultime partite del campionato. Dobbiamo dare continuit\u00e0 ai recenti risultati e puntare a ottenere un posto nella prossima Champions League\u201d. Cos\u00ec, in conferenza stampa, Francisco Conceicao, alla vigilia della sfida Udinese-Juventus. \u201cLa unione del [&hellip;]\" \/>\n<meta property=\"og:url\" content=\"https:\/\/www.livemag.it\/index.php\/2026\/03\/13\/conceicao-la-juve-e-piu-forte-di-roma-e-como-dimostriamolo\/\" \/>\n<meta property=\"og:site_name\" content=\"Live Magazine\" \/>\n<meta property=\"article:publisher\" content=\"https:\/\/www.facebook.com\/LiveMag\/\" \/>\n<meta property=\"article:published_time\" content=\"2026-03-13T17:03:18+00:00\" \/>\n<meta property=\"og:image\" content=\"https:\/\/www.livemag.it\/wp-content\/uploads\/2024\/02\/ograph.jpg\" \/>\n\t<meta property=\"og:image:width\" content=\"1200\" \/>\n\t<meta property=\"og:image:height\" content=\"675\" \/>\n\t<meta property=\"og:image:type\" content=\"image\/jpeg\" \/>\n<meta name=\"author\" content=\"italpress\" \/>\n<meta name=\"twitter:card\" content=\"summary_large_image\" \/>\n<meta name=\"twitter:creator\" content=\"@LiveNotizie\" \/>\n<meta name=\"twitter:site\" content=\"@LiveNotizie\" \/>\n<meta name=\"twitter:label1\" content=\"Scritto da\" \/>\n\t<meta name=\"twitter:data1\" content=\"italpress\" \/>\n\t<meta name=\"twitter:label2\" content=\"Tempo di lettura stimato\" \/>\n\t<meta name=\"twitter:data2\" content=\"2 minuti\" \/>\n<script type=\"application\/ld+json\" class=\"yoast-schema-graph\">{\"@context\":\"https:\\\/\\\/schema.org\",\"@graph\":[{\"@type\":\"Article\",\"@id\":\"https:\\\/\\\/www.livemag.it\\\/index.php\\\/2026\\\/03\\\/13\\\/conceicao-la-juve-e-piu-forte-di-roma-e-como-dimostriamolo\\\/#article\",\"isPartOf\":{\"@id\":\"https:\\\/\\\/www.livemag.it\\\/index.php\\\/2026\\\/03\\\/13\\\/conceicao-la-juve-e-piu-forte-di-roma-e-como-dimostriamolo\\\/\"},\"author\":{\"name\":\"italpress\",\"@id\":\"https:\\\/\\\/www.livemag.it\\\/#\\\/schema\\\/person\\\/b62c5f44451fdcdaeb0afe6c2424e73c\"},\"headline\":\"Conceicao \u201cLa Juve \u00e8 pi\u00f9 forte di Roma e Como, dimostriamolo\u201d\",\"datePublished\":\"2026-03-13T17:03:18+00:00\",\"mainEntityOfPage\":{\"@id\":\"https:\\\/\\\/www.livemag.it\\\/index.php\\\/2026\\\/03\\\/13\\\/conceicao-la-juve-e-piu-forte-di-roma-e-como-dimostriamolo\\\/\"},\"wordCount\":331,\"publisher\":{\"@id\":\"https:\\\/\\\/www.livemag.it\\\/#organization\"},\"image\":{\"@id\":\"https:\\\/\\\/www.livemag.it\\\/index.php\\\/2026\\\/03\\\/13\\\/conceicao-la-juve-e-piu-forte-di-roma-e-como-dimostriamolo\\\/#primaryimage\"},\"thumbnailUrl\":\"https:\\\/\\\/www.livemag.it\\\/wp-content\\\/uploads\\\/2026\\\/03\\\/20260313_1180.jpg\",\"articleSection\":[\"Mondo\"],\"inLanguage\":\"it-IT\"},{\"@type\":\"WebPage\",\"@id\":\"https:\\\/\\\/www.livemag.it\\\/index.php\\\/2026\\\/03\\\/13\\\/conceicao-la-juve-e-piu-forte-di-roma-e-como-dimostriamolo\\\/\",\"url\":\"https:\\\/\\\/www.livemag.it\\\/index.php\\\/2026\\\/03\\\/13\\\/conceicao-la-juve-e-piu-forte-di-roma-e-como-dimostriamolo\\\/\",\"name\":\"Conceicao \u201cLa Juve \u00e8 pi\u00f9 forte di Roma e Como, dimostriamolo\u201d - Live Magazine\",\"isPartOf\":{\"@id\":\"https:\\\/\\\/www.livemag.it\\\/#website\"},\"primaryImageOfPage\":{\"@id\":\"https:\\\/\\\/www.livemag.it\\\/index.php\\\/2026\\\/03\\\/13\\\/conceicao-la-juve-e-piu-forte-di-roma-e-como-dimostriamolo\\\/#primaryimage\"},\"image\":{\"@id\":\"https:\\\/\\\/www.livemag.it\\\/index.php\\\/2026\\\/03\\\/13\\\/conceicao-la-juve-e-piu-forte-di-roma-e-como-dimostriamolo\\\/#primaryimage\"},\"thumbnailUrl\":\"https:\\\/\\\/www.livemag.it\\\/wp-content\\\/uploads\\\/2026\\\/03\\\/20260313_1180.jpg\",\"datePublished\":\"2026-03-13T17:03:18+00:00\",\"breadcrumb\":{\"@id\":\"https:\\\/\\\/www.livemag.it\\\/index.php\\\/2026\\\/03\\\/13\\\/conceicao-la-juve-e-piu-forte-di-roma-e-como-dimostriamolo\\\/#breadcrumb\"},\"inLanguage\":\"it-IT\",\"potentialAction\":[{\"@type\":\"ReadAction\",\"target\":[\"https:\\\/\\\/www.livemag.it\\\/index.php\\\/2026\\\/03\\\/13\\\/conceicao-la-juve-e-piu-forte-di-roma-e-como-dimostriamolo\\\/\"]}]},{\"@type\":\"ImageObject\",\"inLanguage\":\"it-IT\",\"@id\":\"https:\\\/\\\/www.livemag.it\\\/index.php\\\/2026\\\/03\\\/13\\\/conceicao-la-juve-e-piu-forte-di-roma-e-como-dimostriamolo\\\/#primaryimage\",\"url\":\"https:\\\/\\\/www.livemag.it\\\/wp-content\\\/uploads\\\/2026\\\/03\\\/20260313_1180.jpg\",\"contentUrl\":\"https:\\\/\\\/www.livemag.it\\\/wp-content\\\/uploads\\\/2026\\\/03\\\/20260313_1180.jpg\",\"width\":1200,\"height\":800},{\"@type\":\"BreadcrumbList\",\"@id\":\"https:\\\/\\\/www.livemag.it\\\/index.php\\\/2026\\\/03\\\/13\\\/conceicao-la-juve-e-piu-forte-di-roma-e-como-dimostriamolo\\\/#breadcrumb\",\"itemListElement\":[{\"@type\":\"ListItem\",\"position\":1,\"name\":\"Home\",\"item\":\"https:\\\/\\\/www.livemag.it\\\/\"},{\"@type\":\"ListItem\",\"position\":2,\"name\":\"Conceicao \u201cLa Juve \u00e8 pi\u00f9 forte di Roma e Como, dimostriamolo\u201d\"}]},{\"@type\":\"WebSite\",\"@id\":\"https:\\\/\\\/www.livemag.it\\\/#website\",\"url\":\"https:\\\/\\\/www.livemag.it\\\/\",\"name\":\"Live Magazine\",\"description\":\"Varie ed eventi\",\"publisher\":{\"@id\":\"https:\\\/\\\/www.livemag.it\\\/#organization\"},\"potentialAction\":[{\"@type\":\"SearchAction\",\"target\":{\"@type\":\"EntryPoint\",\"urlTemplate\":\"https:\\\/\\\/www.livemag.it\\\/?s={search_term_string}\"},\"query-input\":{\"@type\":\"PropertyValueSpecification\",\"valueRequired\":true,\"valueName\":\"search_term_string\"}}],\"inLanguage\":\"it-IT\"},{\"@type\":\"Organization\",\"@id\":\"https:\\\/\\\/www.livemag.it\\\/#organization\",\"name\":\"LiveMag\",\"alternateName\":\"LiveMag News ed eventi\",\"url\":\"https:\\\/\\\/www.livemag.it\\\/\",\"logo\":{\"@type\":\"ImageObject\",\"inLanguage\":\"it-IT\",\"@id\":\"https:\\\/\\\/www.livemag.it\\\/#\\\/schema\\\/logo\\\/image\\\/\",\"url\":\"https:\\\/\\\/www.livemag.it\\\/wp-content\\\/uploads\\\/2024\\\/02\\\/immagine-sito.jpg\",\"contentUrl\":\"https:\\\/\\\/www.livemag.it\\\/wp-content\\\/uploads\\\/2024\\\/02\\\/immagine-sito.jpg\",\"width\":696,\"height\":696,\"caption\":\"LiveMag\"},\"image\":{\"@id\":\"https:\\\/\\\/www.livemag.it\\\/#\\\/schema\\\/logo\\\/image\\\/\"},\"sameAs\":[\"https:\\\/\\\/www.facebook.com\\\/LiveMag\\\/\",\"https:\\\/\\\/x.com\\\/LiveNotizie\",\"https:\\\/\\\/www.instagram.com\\\/livemag\\\/\"]},{\"@type\":\"Person\",\"@id\":\"https:\\\/\\\/www.livemag.it\\\/#\\\/schema\\\/person\\\/b62c5f44451fdcdaeb0afe6c2424e73c\",\"name\":\"italpress\",\"image\":{\"@type\":\"ImageObject\",\"inLanguage\":\"it-IT\",\"@id\":\"https:\\\/\\\/secure.gravatar.com\\\/avatar\\\/b6a21695fc713ce7ee312cf57c97e2e641feb365be72d8745574d3c3e2b59066?s=96&r=g\",\"url\":\"https:\\\/\\\/secure.gravatar.com\\\/avatar\\\/b6a21695fc713ce7ee312cf57c97e2e641feb365be72d8745574d3c3e2b59066?s=96&r=g\",\"contentUrl\":\"https:\\\/\\\/secure.gravatar.com\\\/avatar\\\/b6a21695fc713ce7ee312cf57c97e2e641feb365be72d8745574d3c3e2b59066?s=96&r=g\",\"caption\":\"italpress\"},\"description\":\"Italpress \u00e8 un'agenzia di stampa italiana a carattere nazionale.\",\"url\":\"https:\\\/\\\/www.livemag.it\\\/index.php\\\/author\\\/italpress\\\/\"}]}<\/script>\n<!-- \/ Yoast SEO plugin. -->","yoast_head_json":{"title":"Conceicao \u201cLa Juve \u00e8 pi\u00f9 forte di Roma e Como, dimostriamolo\u201d - Live Magazine","robots":{"index":"index","follow":"follow","max-snippet":"max-snippet:-1","max-image-preview":"max-image-preview:large","max-video-preview":"max-video-preview:-1"},"canonical":"https:\/\/www.livemag.it\/index.php\/2026\/03\/13\/conceicao-la-juve-e-piu-forte-di-roma-e-como-dimostriamolo\/","og_locale":"it_IT","og_type":"article","og_title":"Conceicao \u201cLa Juve \u00e8 pi\u00f9 forte di Roma e Como, dimostriamolo\u201d - Live Magazine","og_description":"TORINO (ITALPRESS) \u2013 \u201cPer me siamo pi\u00f9 forti della Roma e del Como ma lo dobbiamo dimostrare in campo in queste ultime partite del campionato. Dobbiamo dare continuit\u00e0 ai recenti risultati e puntare a ottenere un posto nella prossima Champions League\u201d. Cos\u00ec, in conferenza stampa, Francisco Conceicao, alla vigilia della sfida Udinese-Juventus. \u201cLa unione del [&hellip;]","og_url":"https:\/\/www.livemag.it\/index.php\/2026\/03\/13\/conceicao-la-juve-e-piu-forte-di-roma-e-como-dimostriamolo\/","og_site_name":"Live Magazine","article_publisher":"https:\/\/www.facebook.com\/LiveMag\/","article_published_time":"2026-03-13T17:03:18+00:00","og_image":[{"width":1200,"height":675,"url":"https:\/\/www.livemag.it\/wp-content\/uploads\/2024\/02\/ograph.jpg","type":"image\/jpeg"}],"author":"italpress","twitter_card":"summary_large_image","twitter_creator":"@LiveNotizie","twitter_site":"@LiveNotizie","twitter_misc":{"Scritto da":"italpress","Tempo di lettura stimato":"2 minuti"},"schema":{"@context":"https:\/\/schema.org","@graph":[{"@type":"Article","@id":"https:\/\/www.livemag.it\/index.php\/2026\/03\/13\/conceicao-la-juve-e-piu-forte-di-roma-e-como-dimostriamolo\/#article","isPartOf":{"@id":"https:\/\/www.livemag.it\/index.php\/2026\/03\/13\/conceicao-la-juve-e-piu-forte-di-roma-e-como-dimostriamolo\/"},"author":{"name":"italpress","@id":"https:\/\/www.livemag.it\/#\/schema\/person\/b62c5f44451fdcdaeb0afe6c2424e73c"},"headline":"Conceicao \u201cLa Juve \u00e8 pi\u00f9 forte di Roma e Como, dimostriamolo\u201d","datePublished":"2026-03-13T17:03:18+00:00","mainEntityOfPage":{"@id":"https:\/\/www.livemag.it\/index.php\/2026\/03\/13\/conceicao-la-juve-e-piu-forte-di-roma-e-como-dimostriamolo\/"},"wordCount":331,"publisher":{"@id":"https:\/\/www.livemag.it\/#organization"},"image":{"@id":"https:\/\/www.livemag.it\/index.php\/2026\/03\/13\/conceicao-la-juve-e-piu-forte-di-roma-e-como-dimostriamolo\/#primaryimage"},"thumbnailUrl":"https:\/\/www.livemag.it\/wp-content\/uploads\/2026\/03\/20260313_1180.jpg","articleSection":["Mondo"],"inLanguage":"it-IT"},{"@type":"WebPage","@id":"https:\/\/www.livemag.it\/index.php\/2026\/03\/13\/conceicao-la-juve-e-piu-forte-di-roma-e-como-dimostriamolo\/","url":"https:\/\/www.livemag.it\/index.php\/2026\/03\/13\/conceicao-la-juve-e-piu-forte-di-roma-e-como-dimostriamolo\/","name":"Conceicao \u201cLa Juve \u00e8 pi\u00f9 forte di Roma e Como, dimostriamolo\u201d - Live Magazine","isPartOf":{"@id":"https:\/\/www.livemag.it\/#website"},"primaryImageOfPage":{"@id":"https:\/\/www.livemag.it\/index.php\/2026\/03\/13\/conceicao-la-juve-e-piu-forte-di-roma-e-como-dimostriamolo\/#primaryimage"},"image":{"@id":"https:\/\/www.livemag.it\/index.php\/2026\/03\/13\/conceicao-la-juve-e-piu-forte-di-roma-e-como-dimostriamolo\/#primaryimage"},"thumbnailUrl":"https:\/\/www.livemag.it\/wp-content\/uploads\/2026\/03\/20260313_1180.jpg","datePublished":"2026-03-13T17:03:18+00:00","breadcrumb":{"@id":"https:\/\/www.livemag.it\/index.php\/2026\/03\/13\/conceicao-la-juve-e-piu-forte-di-roma-e-como-dimostriamolo\/#breadcrumb"},"inLanguage":"it-IT","potentialAction":[{"@type":"ReadAction","target":["https:\/\/www.livemag.it\/index.php\/2026\/03\/13\/conceicao-la-juve-e-piu-forte-di-roma-e-como-dimostriamolo\/"]}]},{"@type":"ImageObject","inLanguage":"it-IT","@id":"https:\/\/www.livemag.it\/index.php\/2026\/03\/13\/conceicao-la-juve-e-piu-forte-di-roma-e-como-dimostriamolo\/#primaryimage","url":"https:\/\/www.livemag.it\/wp-content\/uploads\/2026\/03\/20260313_1180.jpg","contentUrl":"https:\/\/www.livemag.it\/wp-content\/uploads\/2026\/03\/20260313_1180.jpg","width":1200,"height":800},{"@type":"BreadcrumbList","@id":"https:\/\/www.livemag.it\/index.php\/2026\/03\/13\/conceicao-la-juve-e-piu-forte-di-roma-e-como-dimostriamolo\/#breadcrumb","itemListElement":[{"@type":"ListItem","position":1,"name":"Home","item":"https:\/\/www.livemag.it\/"},{"@type":"ListItem","position":2,"name":"Conceicao \u201cLa Juve \u00e8 pi\u00f9 forte di Roma e Como, dimostriamolo\u201d"}]},{"@type":"WebSite","@id":"https:\/\/www.livemag.it\/#website","url":"https:\/\/www.livemag.it\/","name":"Live Magazine","description":"Varie ed eventi","publisher":{"@id":"https:\/\/www.livemag.it\/#organization"},"potentialAction":[{"@type":"SearchAction","target":{"@type":"EntryPoint","urlTemplate":"https:\/\/www.livemag.it\/?s={search_term_string}"},"query-input":{"@type":"PropertyValueSpecification","valueRequired":true,"valueName":"search_term_string"}}],"inLanguage":"it-IT"},{"@type":"Organization","@id":"https:\/\/www.livemag.it\/#organization","name":"LiveMag","alternateName":"LiveMag News ed eventi","url":"https:\/\/www.livemag.it\/","logo":{"@type":"ImageObject","inLanguage":"it-IT","@id":"https:\/\/www.livemag.it\/#\/schema\/logo\/image\/","url":"https:\/\/www.livemag.it\/wp-content\/uploads\/2024\/02\/immagine-sito.jpg","contentUrl":"https:\/\/www.livemag.it\/wp-content\/uploads\/2024\/02\/immagine-sito.jpg","width":696,"height":696,"caption":"LiveMag"},"image":{"@id":"https:\/\/www.livemag.it\/#\/schema\/logo\/image\/"},"sameAs":["https:\/\/www.facebook.com\/LiveMag\/","https:\/\/x.com\/LiveNotizie","https:\/\/www.instagram.com\/livemag\/"]},{"@type":"Person","@id":"https:\/\/www.livemag.it\/#\/schema\/person\/b62c5f44451fdcdaeb0afe6c2424e73c","name":"italpress","image":{"@type":"ImageObject","inLanguage":"it-IT","@id":"https:\/\/secure.gravatar.com\/avatar\/b6a21695fc713ce7ee312cf57c97e2e641feb365be72d8745574d3c3e2b59066?s=96&r=g","url":"https:\/\/secure.gravatar.com\/avatar\/b6a21695fc713ce7ee312cf57c97e2e641feb365be72d8745574d3c3e2b59066?s=96&r=g","contentUrl":"https:\/\/secure.gravatar.com\/avatar\/b6a21695fc713ce7ee312cf57c97e2e641feb365be72d8745574d3c3e2b59066?s=96&r=g","caption":"italpress"},"description":"Italpress \u00e8 un'agenzia di stampa italiana a carattere nazionale.","url":"https:\/\/www.livemag.it\/index.php\/author\/italpress\/"}]}},"jetpack_featured_media_url":"https:\/\/www.livemag.it\/wp-content\/uploads\/2026\/03\/20260313_1180.jpg","_links":{"self":[{"href":"https:\/\/www.livemag.it\/index.php\/wp-json\/wp\/v2\/posts\/71594","targetHints":{"allow":["GET"]}}],"collection":[{"href":"https:\/\/www.livemag.it\/index.php\/wp-json\/wp\/v2\/posts"}],"about":[{"href":"https:\/\/www.livemag.it\/index.php\/wp-json\/wp\/v2\/types\/post"}],"author":[{"embeddable":true,"href":"https:\/\/www.livemag.it\/index.php\/wp-json\/wp\/v2\/users\/16"}],"replies":[{"embeddable":true,"href":"https:\/\/www.livemag.it\/index.php\/wp-json\/wp\/v2\/comments?post=71594"}],"version-history":[{"count":0,"href":"https:\/\/www.livemag.it\/index.php\/wp-json\/wp\/v2\/posts\/71594\/revisions"}],"wp:featuredmedia":[{"embeddable":true,"href":"https:\/\/www.livemag.it\/index.php\/wp-json\/wp\/v2\/media\/71595"}],"wp:attachment":[{"href":"https:\/\/www.livemag.it\/index.php\/wp-json\/wp\/v2\/media?parent=71594"}],"wp:term":[{"taxonomy":"category","embeddable":true,"href":"https:\/\/www.livemag.it\/index.php\/wp-json\/wp\/v2\/categories?post=71594"},{"taxonomy":"post_tag","embeddable":true,"href":"https:\/\/www.livemag.it\/index.php\/wp-json\/wp\/v2\/tags?post=71594"}],"curies":[{"name":"wp","href":"https:\/\/api.w.org\/{rel}","templated":true}]}}