{"id":71592,"date":"2026-03-13T18:03:16","date_gmt":"2026-03-13T17:03:16","guid":{"rendered":"https:\/\/www.livemag.it\/index.php\/2026\/03\/13\/iran-consiglio-supremo-di-difesa-litalia-non-prendera-parte-alla-guerra\/"},"modified":"2026-03-13T18:03:16","modified_gmt":"2026-03-13T17:03:16","slug":"iran-consiglio-supremo-di-difesa-litalia-non-prendera-parte-alla-guerra","status":"publish","type":"post","link":"https:\/\/www.livemag.it\/index.php\/2026\/03\/13\/iran-consiglio-supremo-di-difesa-litalia-non-prendera-parte-alla-guerra\/","title":{"rendered":"Iran, Consiglio Supremo di Difesa \u201cL\u2019Italia non prender\u00e0 parte alla guerra\u201d"},"content":{"rendered":"<div>\n<p>ROMA (ITALPRESS) \u2013 Si \u00e8 riunito oggi, al Palazzo del Quirinale, il Consiglio supremo di difesa, presieduto dal presidente della Repubblica, Sergio Mattarella, e al quale hanno partecipato il presidente del Consiglio, Giorgia Meloni, i ministri degli Esteri, Antonio Tajani, dell\u2019Interno, Matteo Piantedosi, della Difesa, Guido Crosetto, dell\u2019Economia, Giancarlo Giorgetti, delle Imprese e del made in Italy, Adolfo Urso, oltre al capo di Stato maggiore della Difesa, generale Luciano Portolano, il sottosegretario alla Presidenza del Consiglio dei ministri Alfredo Mantovano, il segretario generale della Presidenza della Repubblica, Ugo Zampetti, il consigliere del Presidente della Repubblica per gli Affari del Consiglio supremo di difesa e segretario del Consiglio, Francesco Saverio Garofani.<br \/>\u201cIl Consiglio Supremo di Difesa ha analizzato lo scenario di crisi che si \u00e8 determinato con la nuova guerra in corso a seguito dell\u2019azione militare degli Stati Uniti e di Israele contro l\u2019Iran, manifestando grande preoccupazione per i gravi effetti destabilizzanti che questa crisi sta producendo nell\u2019intera regione del vicino medio Oriente e nell\u2019area del Mediterraneo \u2013 spiega il Quirinale in una nota -. Il Consiglio ha constatato con preoccupazione che la crisi dell\u2019ordine internazionale, incentrato sull\u2019ONU, con la moltiplicazione delle iniziative unilaterali indebolisce il sistema multilaterale anche di fronte a sfide comuni come le effettive ragioni di sicurezza legate al rischio di realizzazione di armi nucleari da parte dell\u2019Iran, quelle relative alla sicurezza di Israele e dei suoi cittadini, alla condanna del regime di Teheran e delle sue disumane repressioni. Nell\u2019attuale contesto di instabilit\u00e0 \u2013 irresponsabilmente aperto dall\u2019aggressione della Russia all\u2019Ucraina \u2013 con le progressive lacerazioni della pacifica convivenza internazionale, l\u2019indebolimento delle istituzioni multilaterali e le numerose violazioni del diritto internazionale, l\u2019Italia \u00e8 impegnata a ricercare e sostenere ogni sforzo che riporti in primo piano la via negoziale e diplomatica\u201d.<br \/>\u201cIl Consiglio, nel pieno rispetto dell\u2019Articolo 11 della Costituzione, esprime forte preoccupazione per il moltiplicarsi di conflitti, in particolare nell\u2019area mediterranea e nel Medio Oriente, dove sono in gioco nostri interessi strategici vitali \u2013 prosegue la nota -. Attacchi a civili, di cui troppo sovente sono vittime bambini come nel caso della strage della scuola di Minab, sono sempre inaccettabili. Il Consiglio sottolinea come l\u2019estensione del conflitto ad opera dell\u2019Iran rischia anche di aprire spazi a forme di guerra ibrida e a gravissime iniziative di organizzazioni terroristiche. Per l\u2019insieme di queste ragioni l\u2019Italia non partecipa e non prender\u00e0 parte alla guerra, come ha ribadito il Presidente del Consiglio in Parlamento. Il Consiglio ha preso atto favorevolmente che, con propria risoluzione, il Parlamento si \u00e8 gi\u00e0 espresso sulle richieste ricevute da parte dei Paesi amici ed alleati di assistenza nella loro difesa nonch\u00e8 sulla necessit\u00e0 che l\u2019utilizzo delle infrastrutture militari presenti sul territorio nazionale e concesse alle forze statunitensi avvenga nel rispetto del quadro giuridico definito dagli accordi internazionali vigenti che include fra l\u2019altro attivit\u00e0 addestrativa e di supporto tecnico-logistico. Il Consiglio ha inoltre preso atto che eventuali richieste che dovessero eccedere il perimetro delle attivit\u00e0 gi\u00e0 disciplinate dagli accordi citati saranno sottoposte al Parlamento. Il Consiglio ha approfondito le linee gi\u00e0 illustrate dal Governo in Parlamento per affrontare la crisi in atto nel Mediterraneo, in Medio Oriente e nei Paesi del Golfo, a partire dall\u2019impegno per la messa in sicurezza delle migliaia di cittadini italiani presenti nella regione e della decisione di fornire sostegno e assistenza ai Paesi del Golfo, amici e importanti partner strategici dell\u2019Italia, a tutela dei numerosi militari italiani presenti in quelle aree, in base a missioni in atto e gi\u00e0 autorizzate dal Parlamento \u2013 spiega ancora il Quirinale -. Il Consiglio ha sottolineato l\u2019importanza dell\u2019iniziativa assunta dal Governo di operare insieme ai principali alleati europei, in particolare Francia, Germania e Regno Unito, per coordinare le iniziative sul piano della difesa degli interessi comuni e su quello pi\u00f9 generale della sicurezza. Ci\u00f2 anche in considerazione dell\u2019allarme per i missili lanciati verso Cipro \u2013 territorio dell\u2019Unione Europea \u2013 e verso la Turchia \u2013 territorio dell\u2019Alleanza Atlantica \u2013 e intercettati dalle difese NATO nel Mediterraneo orientale nonch\u00e8 dei rischi che il conflitto in Iran sta producendo sul piano della sicurezza economica ed energetica, sia a livello nazionale che internazionale. Il Consiglio valuta gravi le azioni dell\u2019Iran per ostacolare la libera navigazione nello Stretto di Hormuz. Il Consiglio ha preso in esame con particolare attenzione anche la situazione in Libano e chiede a Israele di astenersi da reazioni spropositate alle comunque inaccettabili azioni di Hezbollah che hanno trascinato il Libano in un nuovo drammatico conflitto. Come sempre il prezzo pi\u00f9 alto lo pagano le popolazioni civili, con numerose vittime e centinaia di migliaia di cittadini evacuati dal Sud del Libano e altrettanti dalle aree sciite di Beirut. Il Consiglio ritiene allarmanti le continue gravi violazioni della risoluzione n. 1701 del 2006 e il ripetersi di inammissibili attacchi da parte israeliana al contingente di UNIFIL, attualmente a guida italiana. Anche in relazione alle decisioni del Consiglio di Sicurezza dell\u2019ONU di concludere la missione UNIFIL, resta ineludibile garantire la sicurezza della Linea Blu, favorendo l\u2019incremento delle capacit\u00e0 delle Forze Armate Libanesi.<br \/>Il Consiglio esprime condanna per l\u2019aggressione ai militari italiani a Erbil in Iraq \u2013 conclude il Quirinale -. Il Consiglio, al termine dei lavori, ha rivolto sentimenti di intensa vicinanza e gratitudine a tutti i militari impegnati nelle varie operazioni in Italia e all\u2019estero e, in particolare, per i militari italiani impegnati nella missione UNIFIL nel sud del Libano e in quelli nei Paesi del Golfo, per l\u2019esemplare professionalit\u00e0 manifestata nell\u2019assolvimento del loro compito\u201d.<\/p>\n<p>\u2013 Foto ufficio stampa Quirinale \u2013<\/p>\n<p>(ITALPRESS).<\/p>\n<\/div>\n","protected":false},"excerpt":{"rendered":"<p>ROMA (ITALPRESS) \u2013 Si \u00e8 riunito oggi, al Palazzo del Quirinale, il Consiglio supremo di difesa, presieduto dal presidente della Repubblica, Sergio Mattarella, e al quale hanno partecipato il presidente del Consiglio, Giorgia Meloni, i ministri degli Esteri, Antonio Tajani, dell\u2019Interno, Matteo Piantedosi, della Difesa, Guido Crosetto, dell\u2019Economia, Giancarlo Giorgetti, delle Imprese e del made [&hellip;]<\/p>\n","protected":false},"author":16,"featured_media":71593,"comment_status":"closed","ping_status":"closed","sticky":false,"template":"","format":"standard","meta":{"jnews-multi-image_gallery":[],"jnews_single_post":[],"jnews_primary_category":[],"jnews_social_meta":[],"jnews_override_counter":[],"jnews_post_split":[],"footnotes":""},"categories":[1129],"tags":[],"class_list":["post-71592","post","type-post","status-publish","format-standard","has-post-thumbnail","hentry","category-mondo"],"yoast_head":"<!-- This site is optimized with the Yoast SEO plugin v27.5 - https:\/\/yoast.com\/product\/yoast-seo-wordpress\/ -->\n<title>Iran, Consiglio Supremo di Difesa \u201cL\u2019Italia non prender\u00e0 parte alla guerra\u201d - Live Magazine<\/title>\n<meta name=\"robots\" content=\"index, follow, max-snippet:-1, max-image-preview:large, max-video-preview:-1\" \/>\n<link rel=\"canonical\" href=\"https:\/\/www.livemag.it\/index.php\/2026\/03\/13\/iran-consiglio-supremo-di-difesa-litalia-non-prendera-parte-alla-guerra\/\" \/>\n<meta property=\"og:locale\" content=\"it_IT\" \/>\n<meta property=\"og:type\" content=\"article\" \/>\n<meta property=\"og:title\" content=\"Iran, Consiglio Supremo di Difesa \u201cL\u2019Italia non prender\u00e0 parte alla guerra\u201d - Live Magazine\" \/>\n<meta property=\"og:description\" content=\"ROMA (ITALPRESS) \u2013 Si \u00e8 riunito oggi, al Palazzo del Quirinale, il Consiglio supremo di difesa, presieduto dal presidente della Repubblica, Sergio Mattarella, e al quale hanno partecipato il presidente del Consiglio, Giorgia Meloni, i ministri degli Esteri, Antonio Tajani, dell\u2019Interno, Matteo Piantedosi, della Difesa, Guido Crosetto, dell\u2019Economia, Giancarlo Giorgetti, delle Imprese e del made [&hellip;]\" \/>\n<meta property=\"og:url\" content=\"https:\/\/www.livemag.it\/index.php\/2026\/03\/13\/iran-consiglio-supremo-di-difesa-litalia-non-prendera-parte-alla-guerra\/\" \/>\n<meta property=\"og:site_name\" content=\"Live Magazine\" \/>\n<meta property=\"article:publisher\" content=\"https:\/\/www.facebook.com\/LiveMag\/\" \/>\n<meta property=\"article:published_time\" content=\"2026-03-13T17:03:16+00:00\" \/>\n<meta property=\"og:image\" content=\"https:\/\/www.livemag.it\/wp-content\/uploads\/2024\/02\/ograph.jpg\" \/>\n\t<meta property=\"og:image:width\" content=\"1200\" \/>\n\t<meta property=\"og:image:height\" content=\"675\" \/>\n\t<meta property=\"og:image:type\" content=\"image\/jpeg\" \/>\n<meta name=\"author\" content=\"italpress\" \/>\n<meta name=\"twitter:card\" content=\"summary_large_image\" \/>\n<meta name=\"twitter:creator\" content=\"@LiveNotizie\" \/>\n<meta name=\"twitter:site\" content=\"@LiveNotizie\" \/>\n<meta name=\"twitter:label1\" content=\"Scritto da\" \/>\n\t<meta name=\"twitter:data1\" content=\"italpress\" \/>\n\t<meta name=\"twitter:label2\" content=\"Tempo di lettura stimato\" \/>\n\t<meta name=\"twitter:data2\" content=\"5 minuti\" \/>\n<script type=\"application\/ld+json\" class=\"yoast-schema-graph\">{\"@context\":\"https:\\\/\\\/schema.org\",\"@graph\":[{\"@type\":\"Article\",\"@id\":\"https:\\\/\\\/www.livemag.it\\\/index.php\\\/2026\\\/03\\\/13\\\/iran-consiglio-supremo-di-difesa-litalia-non-prendera-parte-alla-guerra\\\/#article\",\"isPartOf\":{\"@id\":\"https:\\\/\\\/www.livemag.it\\\/index.php\\\/2026\\\/03\\\/13\\\/iran-consiglio-supremo-di-difesa-litalia-non-prendera-parte-alla-guerra\\\/\"},\"author\":{\"name\":\"italpress\",\"@id\":\"https:\\\/\\\/www.livemag.it\\\/#\\\/schema\\\/person\\\/b62c5f44451fdcdaeb0afe6c2424e73c\"},\"headline\":\"Iran, Consiglio Supremo di Difesa \u201cL\u2019Italia non prender\u00e0 parte alla guerra\u201d\",\"datePublished\":\"2026-03-13T17:03:16+00:00\",\"mainEntityOfPage\":{\"@id\":\"https:\\\/\\\/www.livemag.it\\\/index.php\\\/2026\\\/03\\\/13\\\/iran-consiglio-supremo-di-difesa-litalia-non-prendera-parte-alla-guerra\\\/\"},\"wordCount\":939,\"publisher\":{\"@id\":\"https:\\\/\\\/www.livemag.it\\\/#organization\"},\"image\":{\"@id\":\"https:\\\/\\\/www.livemag.it\\\/index.php\\\/2026\\\/03\\\/13\\\/iran-consiglio-supremo-di-difesa-litalia-non-prendera-parte-alla-guerra\\\/#primaryimage\"},\"thumbnailUrl\":\"https:\\\/\\\/www.livemag.it\\\/wp-content\\\/uploads\\\/2026\\\/03\\\/20260313_0912.jpg\",\"articleSection\":[\"Mondo\"],\"inLanguage\":\"it-IT\"},{\"@type\":\"WebPage\",\"@id\":\"https:\\\/\\\/www.livemag.it\\\/index.php\\\/2026\\\/03\\\/13\\\/iran-consiglio-supremo-di-difesa-litalia-non-prendera-parte-alla-guerra\\\/\",\"url\":\"https:\\\/\\\/www.livemag.it\\\/index.php\\\/2026\\\/03\\\/13\\\/iran-consiglio-supremo-di-difesa-litalia-non-prendera-parte-alla-guerra\\\/\",\"name\":\"Iran, Consiglio Supremo di Difesa \u201cL\u2019Italia non prender\u00e0 parte alla guerra\u201d - Live Magazine\",\"isPartOf\":{\"@id\":\"https:\\\/\\\/www.livemag.it\\\/#website\"},\"primaryImageOfPage\":{\"@id\":\"https:\\\/\\\/www.livemag.it\\\/index.php\\\/2026\\\/03\\\/13\\\/iran-consiglio-supremo-di-difesa-litalia-non-prendera-parte-alla-guerra\\\/#primaryimage\"},\"image\":{\"@id\":\"https:\\\/\\\/www.livemag.it\\\/index.php\\\/2026\\\/03\\\/13\\\/iran-consiglio-supremo-di-difesa-litalia-non-prendera-parte-alla-guerra\\\/#primaryimage\"},\"thumbnailUrl\":\"https:\\\/\\\/www.livemag.it\\\/wp-content\\\/uploads\\\/2026\\\/03\\\/20260313_0912.jpg\",\"datePublished\":\"2026-03-13T17:03:16+00:00\",\"breadcrumb\":{\"@id\":\"https:\\\/\\\/www.livemag.it\\\/index.php\\\/2026\\\/03\\\/13\\\/iran-consiglio-supremo-di-difesa-litalia-non-prendera-parte-alla-guerra\\\/#breadcrumb\"},\"inLanguage\":\"it-IT\",\"potentialAction\":[{\"@type\":\"ReadAction\",\"target\":[\"https:\\\/\\\/www.livemag.it\\\/index.php\\\/2026\\\/03\\\/13\\\/iran-consiglio-supremo-di-difesa-litalia-non-prendera-parte-alla-guerra\\\/\"]}]},{\"@type\":\"ImageObject\",\"inLanguage\":\"it-IT\",\"@id\":\"https:\\\/\\\/www.livemag.it\\\/index.php\\\/2026\\\/03\\\/13\\\/iran-consiglio-supremo-di-difesa-litalia-non-prendera-parte-alla-guerra\\\/#primaryimage\",\"url\":\"https:\\\/\\\/www.livemag.it\\\/wp-content\\\/uploads\\\/2026\\\/03\\\/20260313_0912.jpg\",\"contentUrl\":\"https:\\\/\\\/www.livemag.it\\\/wp-content\\\/uploads\\\/2026\\\/03\\\/20260313_0912.jpg\",\"width\":1200,\"height\":806},{\"@type\":\"BreadcrumbList\",\"@id\":\"https:\\\/\\\/www.livemag.it\\\/index.php\\\/2026\\\/03\\\/13\\\/iran-consiglio-supremo-di-difesa-litalia-non-prendera-parte-alla-guerra\\\/#breadcrumb\",\"itemListElement\":[{\"@type\":\"ListItem\",\"position\":1,\"name\":\"Home\",\"item\":\"https:\\\/\\\/www.livemag.it\\\/\"},{\"@type\":\"ListItem\",\"position\":2,\"name\":\"Iran, Consiglio Supremo di Difesa \u201cL\u2019Italia non prender\u00e0 parte alla guerra\u201d\"}]},{\"@type\":\"WebSite\",\"@id\":\"https:\\\/\\\/www.livemag.it\\\/#website\",\"url\":\"https:\\\/\\\/www.livemag.it\\\/\",\"name\":\"Live Magazine\",\"description\":\"Varie ed eventi\",\"publisher\":{\"@id\":\"https:\\\/\\\/www.livemag.it\\\/#organization\"},\"potentialAction\":[{\"@type\":\"SearchAction\",\"target\":{\"@type\":\"EntryPoint\",\"urlTemplate\":\"https:\\\/\\\/www.livemag.it\\\/?s={search_term_string}\"},\"query-input\":{\"@type\":\"PropertyValueSpecification\",\"valueRequired\":true,\"valueName\":\"search_term_string\"}}],\"inLanguage\":\"it-IT\"},{\"@type\":\"Organization\",\"@id\":\"https:\\\/\\\/www.livemag.it\\\/#organization\",\"name\":\"LiveMag\",\"alternateName\":\"LiveMag News ed eventi\",\"url\":\"https:\\\/\\\/www.livemag.it\\\/\",\"logo\":{\"@type\":\"ImageObject\",\"inLanguage\":\"it-IT\",\"@id\":\"https:\\\/\\\/www.livemag.it\\\/#\\\/schema\\\/logo\\\/image\\\/\",\"url\":\"https:\\\/\\\/www.livemag.it\\\/wp-content\\\/uploads\\\/2024\\\/02\\\/immagine-sito.jpg\",\"contentUrl\":\"https:\\\/\\\/www.livemag.it\\\/wp-content\\\/uploads\\\/2024\\\/02\\\/immagine-sito.jpg\",\"width\":696,\"height\":696,\"caption\":\"LiveMag\"},\"image\":{\"@id\":\"https:\\\/\\\/www.livemag.it\\\/#\\\/schema\\\/logo\\\/image\\\/\"},\"sameAs\":[\"https:\\\/\\\/www.facebook.com\\\/LiveMag\\\/\",\"https:\\\/\\\/x.com\\\/LiveNotizie\",\"https:\\\/\\\/www.instagram.com\\\/livemag\\\/\"]},{\"@type\":\"Person\",\"@id\":\"https:\\\/\\\/www.livemag.it\\\/#\\\/schema\\\/person\\\/b62c5f44451fdcdaeb0afe6c2424e73c\",\"name\":\"italpress\",\"image\":{\"@type\":\"ImageObject\",\"inLanguage\":\"it-IT\",\"@id\":\"https:\\\/\\\/secure.gravatar.com\\\/avatar\\\/b6a21695fc713ce7ee312cf57c97e2e641feb365be72d8745574d3c3e2b59066?s=96&r=g\",\"url\":\"https:\\\/\\\/secure.gravatar.com\\\/avatar\\\/b6a21695fc713ce7ee312cf57c97e2e641feb365be72d8745574d3c3e2b59066?s=96&r=g\",\"contentUrl\":\"https:\\\/\\\/secure.gravatar.com\\\/avatar\\\/b6a21695fc713ce7ee312cf57c97e2e641feb365be72d8745574d3c3e2b59066?s=96&r=g\",\"caption\":\"italpress\"},\"description\":\"Italpress \u00e8 un'agenzia di stampa italiana a carattere nazionale.\",\"url\":\"https:\\\/\\\/www.livemag.it\\\/index.php\\\/author\\\/italpress\\\/\"}]}<\/script>\n<!-- \/ Yoast SEO plugin. -->","yoast_head_json":{"title":"Iran, Consiglio Supremo di Difesa \u201cL\u2019Italia non prender\u00e0 parte alla guerra\u201d - Live Magazine","robots":{"index":"index","follow":"follow","max-snippet":"max-snippet:-1","max-image-preview":"max-image-preview:large","max-video-preview":"max-video-preview:-1"},"canonical":"https:\/\/www.livemag.it\/index.php\/2026\/03\/13\/iran-consiglio-supremo-di-difesa-litalia-non-prendera-parte-alla-guerra\/","og_locale":"it_IT","og_type":"article","og_title":"Iran, Consiglio Supremo di Difesa \u201cL\u2019Italia non prender\u00e0 parte alla guerra\u201d - Live Magazine","og_description":"ROMA (ITALPRESS) \u2013 Si \u00e8 riunito oggi, al Palazzo del Quirinale, il Consiglio supremo di difesa, presieduto dal presidente della Repubblica, Sergio Mattarella, e al quale hanno partecipato il presidente del Consiglio, Giorgia Meloni, i ministri degli Esteri, Antonio Tajani, dell\u2019Interno, Matteo Piantedosi, della Difesa, Guido Crosetto, dell\u2019Economia, Giancarlo Giorgetti, delle Imprese e del made [&hellip;]","og_url":"https:\/\/www.livemag.it\/index.php\/2026\/03\/13\/iran-consiglio-supremo-di-difesa-litalia-non-prendera-parte-alla-guerra\/","og_site_name":"Live Magazine","article_publisher":"https:\/\/www.facebook.com\/LiveMag\/","article_published_time":"2026-03-13T17:03:16+00:00","og_image":[{"width":1200,"height":675,"url":"https:\/\/www.livemag.it\/wp-content\/uploads\/2024\/02\/ograph.jpg","type":"image\/jpeg"}],"author":"italpress","twitter_card":"summary_large_image","twitter_creator":"@LiveNotizie","twitter_site":"@LiveNotizie","twitter_misc":{"Scritto da":"italpress","Tempo di lettura stimato":"5 minuti"},"schema":{"@context":"https:\/\/schema.org","@graph":[{"@type":"Article","@id":"https:\/\/www.livemag.it\/index.php\/2026\/03\/13\/iran-consiglio-supremo-di-difesa-litalia-non-prendera-parte-alla-guerra\/#article","isPartOf":{"@id":"https:\/\/www.livemag.it\/index.php\/2026\/03\/13\/iran-consiglio-supremo-di-difesa-litalia-non-prendera-parte-alla-guerra\/"},"author":{"name":"italpress","@id":"https:\/\/www.livemag.it\/#\/schema\/person\/b62c5f44451fdcdaeb0afe6c2424e73c"},"headline":"Iran, Consiglio Supremo di Difesa \u201cL\u2019Italia non prender\u00e0 parte alla guerra\u201d","datePublished":"2026-03-13T17:03:16+00:00","mainEntityOfPage":{"@id":"https:\/\/www.livemag.it\/index.php\/2026\/03\/13\/iran-consiglio-supremo-di-difesa-litalia-non-prendera-parte-alla-guerra\/"},"wordCount":939,"publisher":{"@id":"https:\/\/www.livemag.it\/#organization"},"image":{"@id":"https:\/\/www.livemag.it\/index.php\/2026\/03\/13\/iran-consiglio-supremo-di-difesa-litalia-non-prendera-parte-alla-guerra\/#primaryimage"},"thumbnailUrl":"https:\/\/www.livemag.it\/wp-content\/uploads\/2026\/03\/20260313_0912.jpg","articleSection":["Mondo"],"inLanguage":"it-IT"},{"@type":"WebPage","@id":"https:\/\/www.livemag.it\/index.php\/2026\/03\/13\/iran-consiglio-supremo-di-difesa-litalia-non-prendera-parte-alla-guerra\/","url":"https:\/\/www.livemag.it\/index.php\/2026\/03\/13\/iran-consiglio-supremo-di-difesa-litalia-non-prendera-parte-alla-guerra\/","name":"Iran, Consiglio Supremo di Difesa \u201cL\u2019Italia non prender\u00e0 parte alla guerra\u201d - Live Magazine","isPartOf":{"@id":"https:\/\/www.livemag.it\/#website"},"primaryImageOfPage":{"@id":"https:\/\/www.livemag.it\/index.php\/2026\/03\/13\/iran-consiglio-supremo-di-difesa-litalia-non-prendera-parte-alla-guerra\/#primaryimage"},"image":{"@id":"https:\/\/www.livemag.it\/index.php\/2026\/03\/13\/iran-consiglio-supremo-di-difesa-litalia-non-prendera-parte-alla-guerra\/#primaryimage"},"thumbnailUrl":"https:\/\/www.livemag.it\/wp-content\/uploads\/2026\/03\/20260313_0912.jpg","datePublished":"2026-03-13T17:03:16+00:00","breadcrumb":{"@id":"https:\/\/www.livemag.it\/index.php\/2026\/03\/13\/iran-consiglio-supremo-di-difesa-litalia-non-prendera-parte-alla-guerra\/#breadcrumb"},"inLanguage":"it-IT","potentialAction":[{"@type":"ReadAction","target":["https:\/\/www.livemag.it\/index.php\/2026\/03\/13\/iran-consiglio-supremo-di-difesa-litalia-non-prendera-parte-alla-guerra\/"]}]},{"@type":"ImageObject","inLanguage":"it-IT","@id":"https:\/\/www.livemag.it\/index.php\/2026\/03\/13\/iran-consiglio-supremo-di-difesa-litalia-non-prendera-parte-alla-guerra\/#primaryimage","url":"https:\/\/www.livemag.it\/wp-content\/uploads\/2026\/03\/20260313_0912.jpg","contentUrl":"https:\/\/www.livemag.it\/wp-content\/uploads\/2026\/03\/20260313_0912.jpg","width":1200,"height":806},{"@type":"BreadcrumbList","@id":"https:\/\/www.livemag.it\/index.php\/2026\/03\/13\/iran-consiglio-supremo-di-difesa-litalia-non-prendera-parte-alla-guerra\/#breadcrumb","itemListElement":[{"@type":"ListItem","position":1,"name":"Home","item":"https:\/\/www.livemag.it\/"},{"@type":"ListItem","position":2,"name":"Iran, Consiglio Supremo di Difesa \u201cL\u2019Italia non prender\u00e0 parte alla guerra\u201d"}]},{"@type":"WebSite","@id":"https:\/\/www.livemag.it\/#website","url":"https:\/\/www.livemag.it\/","name":"Live Magazine","description":"Varie ed eventi","publisher":{"@id":"https:\/\/www.livemag.it\/#organization"},"potentialAction":[{"@type":"SearchAction","target":{"@type":"EntryPoint","urlTemplate":"https:\/\/www.livemag.it\/?s={search_term_string}"},"query-input":{"@type":"PropertyValueSpecification","valueRequired":true,"valueName":"search_term_string"}}],"inLanguage":"it-IT"},{"@type":"Organization","@id":"https:\/\/www.livemag.it\/#organization","name":"LiveMag","alternateName":"LiveMag News ed eventi","url":"https:\/\/www.livemag.it\/","logo":{"@type":"ImageObject","inLanguage":"it-IT","@id":"https:\/\/www.livemag.it\/#\/schema\/logo\/image\/","url":"https:\/\/www.livemag.it\/wp-content\/uploads\/2024\/02\/immagine-sito.jpg","contentUrl":"https:\/\/www.livemag.it\/wp-content\/uploads\/2024\/02\/immagine-sito.jpg","width":696,"height":696,"caption":"LiveMag"},"image":{"@id":"https:\/\/www.livemag.it\/#\/schema\/logo\/image\/"},"sameAs":["https:\/\/www.facebook.com\/LiveMag\/","https:\/\/x.com\/LiveNotizie","https:\/\/www.instagram.com\/livemag\/"]},{"@type":"Person","@id":"https:\/\/www.livemag.it\/#\/schema\/person\/b62c5f44451fdcdaeb0afe6c2424e73c","name":"italpress","image":{"@type":"ImageObject","inLanguage":"it-IT","@id":"https:\/\/secure.gravatar.com\/avatar\/b6a21695fc713ce7ee312cf57c97e2e641feb365be72d8745574d3c3e2b59066?s=96&r=g","url":"https:\/\/secure.gravatar.com\/avatar\/b6a21695fc713ce7ee312cf57c97e2e641feb365be72d8745574d3c3e2b59066?s=96&r=g","contentUrl":"https:\/\/secure.gravatar.com\/avatar\/b6a21695fc713ce7ee312cf57c97e2e641feb365be72d8745574d3c3e2b59066?s=96&r=g","caption":"italpress"},"description":"Italpress \u00e8 un'agenzia di stampa italiana a carattere nazionale.","url":"https:\/\/www.livemag.it\/index.php\/author\/italpress\/"}]}},"jetpack_featured_media_url":"https:\/\/www.livemag.it\/wp-content\/uploads\/2026\/03\/20260313_0912.jpg","_links":{"self":[{"href":"https:\/\/www.livemag.it\/index.php\/wp-json\/wp\/v2\/posts\/71592","targetHints":{"allow":["GET"]}}],"collection":[{"href":"https:\/\/www.livemag.it\/index.php\/wp-json\/wp\/v2\/posts"}],"about":[{"href":"https:\/\/www.livemag.it\/index.php\/wp-json\/wp\/v2\/types\/post"}],"author":[{"embeddable":true,"href":"https:\/\/www.livemag.it\/index.php\/wp-json\/wp\/v2\/users\/16"}],"replies":[{"embeddable":true,"href":"https:\/\/www.livemag.it\/index.php\/wp-json\/wp\/v2\/comments?post=71592"}],"version-history":[{"count":0,"href":"https:\/\/www.livemag.it\/index.php\/wp-json\/wp\/v2\/posts\/71592\/revisions"}],"wp:featuredmedia":[{"embeddable":true,"href":"https:\/\/www.livemag.it\/index.php\/wp-json\/wp\/v2\/media\/71593"}],"wp:attachment":[{"href":"https:\/\/www.livemag.it\/index.php\/wp-json\/wp\/v2\/media?parent=71592"}],"wp:term":[{"taxonomy":"category","embeddable":true,"href":"https:\/\/www.livemag.it\/index.php\/wp-json\/wp\/v2\/categories?post=71592"},{"taxonomy":"post_tag","embeddable":true,"href":"https:\/\/www.livemag.it\/index.php\/wp-json\/wp\/v2\/tags?post=71592"}],"curies":[{"name":"wp","href":"https:\/\/api.w.org\/{rel}","templated":true}]}}