{"id":71578,"date":"2026-03-13T17:59:48","date_gmt":"2026-03-13T16:59:48","guid":{"rendered":"https:\/\/www.livemag.it\/?p=71578"},"modified":"2026-03-13T17:59:55","modified_gmt":"2026-03-13T16:59:55","slug":"giovanni-mauro-presidente-de-lidentita-riceve-il-premio-argil","status":"publish","type":"post","link":"https:\/\/www.livemag.it\/index.php\/2026\/03\/13\/giovanni-mauro-presidente-de-lidentita-riceve-il-premio-argil\/","title":{"rendered":"Giovanni Mauro presidente de L&#8217;identit\u00e0 riceve il premio Argil"},"content":{"rendered":"\n<p>Si terr\u00e0 marted\u00ec 17 marzo 2026, alle ore 15.30, nella prestigiosa Sala della Protomoteca in Campidoglio a Roma, la IX edizione del \u201cPremio Giornalistico Internazionale ARGIL \u2013 Italian Excellence Award\u201d, appuntamento dedicato alle eccellenze italiane che contribuiscono a promuovere nel mondo talento, creativit\u00e0 e visione internazionale.&nbsp;<\/p>\n\n\n\n<p>L\u2019iniziativa \u00e8 promossa dal Gruppo giornalisti Gino Falleri, dalla Fondazione Eurispes e da Confimprese Italia e&nbsp;organizzato e diretto da Manuela Biancospino, Consigliera dell\u2019Ordine dei Giornalisti del Lazio.&nbsp;<\/p>\n\n\n\n<p>Un contesto in cui il giornalismo assume un ruolo centrale attraverso il racconto di progetti e valori che rappresentano il meglio del Paese, il Premio ARGIL non \u00e8 soltanto una celebrazione, ma anche un\u2019importante occasione di confronto tra uomini e donne della comunicazione. Un momento di riflessione e condivisione volto a valorizzare e diffondere la conoscenza delle nostre eccellenze in ogni settore, trasformandole in narrazioni globali capaci di ispirare e rafforzare il legame culturale tra l\u2019Italia e il mondo.<\/p>\n\n\n\n<p>Ideato da Gino Falleri, Roberto Rossi e Carlo Felice Corsetti, il Premio ARGIL nasce da una visione culturale profonda: valorizzare non solo il talento contemporaneo, ma il legame tra le radici pi\u00f9 antiche della civilt\u00e0 europea e la capacit\u00e0 moderna di raccontare l\u2019Italia sulla scena globale.<\/p>\n\n\n\n<p>I premiati per l\u2019edizione 2026 sono:\u00a0Gino Falleri, ideatore del Premio (alla memoria); Prof. Federico Faggin, fisico e inventore del primo microprocessore; Mons. Marco Malizia, Consigliere Ecclesiastico del Ministro degli Esteri e della Cooperazione Internazionale; Lamberto Giannini, Prefetto di Roma; Principessa Elettra Marconi; Padre Paolo Benanti, teologo e Componente Commissione Onu sull\u2019AI; Gigliola Cinquetti, cantante, scrittrice, attrice e conduttrice televisiva; Amb. Ferdinando Nelli Feroci, Presidente del Consiglio Scientifico dell\u2019Istituto Affari Internazionali; Arma dei Carabinieri; On. Simonetta Matone, Magistrata e Deputata della Repubblica; Tommaso Miele, Presidente aggiunto della Corte dei conti; Sen. Giusy Versace,\u00a0<a>campionessa paralimpica e Senatrice della Repubblica<\/a>; Svetlana Celli, Presidente dell\u2019Assemblea Capitolina; Dario Salvatori, critico e storico della musica; Prof. Marco Lacchini, Ordinario di Economia aziendale e Pro-Rettore dell\u2019Universit\u00e0 di Cassino; Andrea Garibaldi, Direttore \u2018Professione Reporter\u2019; Susy Montante, Cofondatrice e Direttrice della Fondazione Eurispes; Anna Maria Di Blasio, medico e imprenditrice.<\/p>\n\n\n\n<p>Riconoscimento speciale al Dott. Roberto Falleri e alla Dott.ssa Antonella Sperati.<\/p>\n\n\n\n<p>Sar\u00e0 consegnata una\u00a0targa di merito al Sen. Giovanni Mauro, Presidente del quotidiano\u00a0<em>L\u2019Identit\u00e0<\/em>, per il\u00a0<strong>c<\/strong>ontributo innovativo e coraggioso apportato al panorama editoriale nazionale, al servizio dei cittadini e della libert\u00e0 di informazione.<\/p>\n\n\n\n<p>La giuria \u00e8 composta da:&nbsp;Roberto Rossi, Vicepresidente dell\u2019Ordine dei Giornalisti del Lazio; Gian Maria Fara, Presidente della Fondazione Eurispes; Guido D\u2019Amico, Presidente di Confimprese Italia; Carlo Felice Corsetti, Presidente PIUE e Segretario del Consiglio di Disciplina dell\u2019Ordine dei Giornalisti del Lazio; Manuela Biancospino, Consigliera dell\u2019Ordine dei Giornalisti del Lazio e Presidente GUS (Giornalisti Uffici Stampa) del Lazio; Salvatore Capasso, Direttore Dipartimento Scienze Umane e Sociali, Patrimonio culturale del CNR; Giorgio Bartolomucci,&nbsp;Segretario Generale&nbsp;del&nbsp;Festival della Diplomazia;&nbsp;Fabio Morabito, giornalista e gi\u00e0 Presidente Associazione Stampa Romana, Alberto Mattiacci, Presidente del Comitato Scientifico dell\u2019Eurispes.<\/p>\n\n\n\n<p>ARGIL, definito il \u201cnonno d\u2019Europa\u201d, \u00e8 uno dei pi\u00f9 antichi resti umani rinvenuti nel Vecchio Continente, che risale a circa 400.000 anni fa, scoperto a Ceprano, nel Lazio. Il riferimento simbolico ad ARGIL sottolinea che l\u2019Italia non \u00e8 soltanto un Paese di eccellenze contemporanee, ma una civilt\u00e0 che affonda le proprie radici nella preistoria europea, da cui nascono cultura, valori e visione.<\/p>\n\n\n\n<p>Il Premio ARGIL lega idealmente passato e presente, riconoscendo giornalisti, comunicatori, Istituzioni e imprese che hanno saputo esprimere e raccontare al massimo livello la qualit\u00e0, il sapere, il talento e l\u2019umanit\u00e0 tipicamente italiani, diventando veri ambasciatori dell\u2019Italia nel mondo.<\/p>\n\n\n\n<p>Il Premio \u00e8 dedicato al giornalismo suddiviso per settori specializzati, allo scopo di valorizzare il ruolo dell\u2019informazione nella costruzione della reputazione del Paese, con particolare attenzione ai temi dell\u2019Europa e a Valori &amp; Umanit\u00e0, come elementi centrali del racconto contemporaneo dell\u2019Italia.<\/p>\n\n\n\n<p>Nel corso delle edizioni precedenti, il Premio ARGIL \u00e8 stato conferito a numerose figure di primo piano del panorama istituzionale, culturale, giornalistico e artistico, tra cui Piero Angela, Giuseppe Tornatore, Monica Maggioni, Antonio Tajani, Roberto Giacobbo, Frans Timmermans, e molte altre figure che hanno segnato il racconto dell\u2019Italia nel mondo.<\/p>\n\n\n\n<p>Attraverso questo riconoscimento, il Premio ARGIL intende celebrare coloro che, con il proprio operato, hanno contribuito in modo significativo alla crescita sociale, culturale ed economica della nazione, valorizzati dal ruolo fondamentale del giornalismo nel raccontare le eccellenze italiane, rafforzando cos\u00ec il nostro Paese come punto di riferimento nel dialogo internazionale.<\/p>\n\n\n\n<p>L\u2019evento sar\u00e0 trasmesso in diretta streaming sui portali e sui social di&nbsp;<a href=\"https:\/\/www.eurocomunicazione.com\/\">Eurocomunicazione<\/a>.<\/p>\n","protected":false},"excerpt":{"rendered":"<p>Si terr\u00e0 marted\u00ec 17 marzo 2026, alle ore 15.30, nella prestigiosa Sala della Protomoteca in Campidoglio a Roma, la IX edizione del \u201cPremio Giornalistico Internazionale ARGIL \u2013 Italian Excellence Award\u201d, appuntamento dedicato alle eccellenze italiane che contribuiscono a promuovere nel mondo talento, creativit\u00e0 e visione internazionale.&nbsp; L\u2019iniziativa \u00e8 promossa dal Gruppo giornalisti Gino Falleri, dalla [&hellip;]<\/p>\n","protected":false},"author":1,"featured_media":71580,"comment_status":"open","ping_status":"open","sticky":false,"template":"","format":"standard","meta":{"jnews-multi-image_gallery":[],"jnews_single_post":{"format":"standard"},"jnews_primary_category":[],"jnews_social_meta":[],"jnews_override_counter":[],"jnews_post_split":[],"footnotes":""},"categories":[142,3],"tags":[8642,8640,8639,8641],"class_list":["post-71578","post","type-post","status-publish","format-standard","has-post-thumbnail","hentry","category-cultura-eventi","category-livenews","tag-carlo-felice-corsetti","tag-gino-falleri","tag-giovanni-mauro","tag-roberto-rossi"],"yoast_head":"<!-- This site is optimized with the Yoast SEO plugin v27.5 - https:\/\/yoast.com\/product\/yoast-seo-wordpress\/ -->\n<title>Giovanni Mauro presidente de L&#039;identit\u00e0 riceve il premio Argil - Live Magazine<\/title>\n<meta name=\"description\" content=\"Si terr\u00e0 marted\u00ec 17 marzo 2026, alle ore 15.30, nella prestigiosa Sala della Protomoteca in Campidoglio a Roma, la IX\" \/>\n<meta name=\"robots\" content=\"index, follow, max-snippet:-1, max-image-preview:large, max-video-preview:-1\" \/>\n<link rel=\"canonical\" href=\"https:\/\/www.livemag.it\/index.php\/2026\/03\/13\/giovanni-mauro-presidente-de-lidentita-riceve-il-premio-argil\/\" \/>\n<meta property=\"og:locale\" content=\"it_IT\" \/>\n<meta property=\"og:type\" content=\"article\" \/>\n<meta property=\"og:title\" content=\"Giovanni Mauro presidente de L&#039;identit\u00e0 riceve il premio Argil - Live Magazine\" \/>\n<meta property=\"og:description\" content=\"Si terr\u00e0 marted\u00ec 17 marzo 2026, alle ore 15.30, nella prestigiosa Sala della Protomoteca in Campidoglio a Roma, la IX\" \/>\n<meta property=\"og:url\" content=\"https:\/\/www.livemag.it\/index.php\/2026\/03\/13\/giovanni-mauro-presidente-de-lidentita-riceve-il-premio-argil\/\" \/>\n<meta property=\"og:site_name\" content=\"Live Magazine\" \/>\n<meta property=\"article:publisher\" content=\"https:\/\/www.facebook.com\/LiveMag\/\" \/>\n<meta property=\"article:published_time\" content=\"2026-03-13T16:59:48+00:00\" \/>\n<meta property=\"article:modified_time\" content=\"2026-03-13T16:59:55+00:00\" \/>\n<meta property=\"og:image\" content=\"https:\/\/www.livemag.it\/wp-content\/uploads\/2026\/03\/Schermata-2026-03-13-alle-17.49.44.png\" \/>\n\t<meta property=\"og:image:width\" content=\"635\" \/>\n\t<meta property=\"og:image:height\" content=\"464\" \/>\n\t<meta property=\"og:image:type\" content=\"image\/png\" \/>\n<meta name=\"author\" content=\"Redazione\" \/>\n<meta name=\"twitter:card\" content=\"summary_large_image\" \/>\n<meta name=\"twitter:creator\" content=\"@LiveNotizie\" \/>\n<meta name=\"twitter:site\" content=\"@LiveNotizie\" \/>\n<meta name=\"twitter:label1\" content=\"Scritto da\" \/>\n\t<meta name=\"twitter:data1\" content=\"Redazione\" \/>\n\t<meta name=\"twitter:label2\" content=\"Tempo di lettura stimato\" \/>\n\t<meta name=\"twitter:data2\" content=\"5 minuti\" \/>\n<script type=\"application\/ld+json\" class=\"yoast-schema-graph\">{\"@context\":\"https:\\\/\\\/schema.org\",\"@graph\":[{\"@type\":\"Article\",\"@id\":\"https:\\\/\\\/www.livemag.it\\\/index.php\\\/2026\\\/03\\\/13\\\/giovanni-mauro-presidente-de-lidentita-riceve-il-premio-argil\\\/#article\",\"isPartOf\":{\"@id\":\"https:\\\/\\\/www.livemag.it\\\/index.php\\\/2026\\\/03\\\/13\\\/giovanni-mauro-presidente-de-lidentita-riceve-il-premio-argil\\\/\"},\"author\":{\"name\":\"Redazione\",\"@id\":\"https:\\\/\\\/www.livemag.it\\\/#\\\/schema\\\/person\\\/7191e402a6eb1110174f9d71f53edea9\"},\"headline\":\"Giovanni Mauro presidente de L&#8217;identit\u00e0 riceve il premio Argil\",\"datePublished\":\"2026-03-13T16:59:48+00:00\",\"dateModified\":\"2026-03-13T16:59:55+00:00\",\"mainEntityOfPage\":{\"@id\":\"https:\\\/\\\/www.livemag.it\\\/index.php\\\/2026\\\/03\\\/13\\\/giovanni-mauro-presidente-de-lidentita-riceve-il-premio-argil\\\/\"},\"wordCount\":768,\"commentCount\":0,\"publisher\":{\"@id\":\"https:\\\/\\\/www.livemag.it\\\/#organization\"},\"image\":{\"@id\":\"https:\\\/\\\/www.livemag.it\\\/index.php\\\/2026\\\/03\\\/13\\\/giovanni-mauro-presidente-de-lidentita-riceve-il-premio-argil\\\/#primaryimage\"},\"thumbnailUrl\":\"https:\\\/\\\/www.livemag.it\\\/wp-content\\\/uploads\\\/2026\\\/03\\\/Schermata-2026-03-13-alle-17.49.44.png\",\"keywords\":[\"Carlo Felice Corsetti\",\"Gino Falleri\",\"Giovanni Mauro\",\"Roberto Rossi\"],\"articleSection\":[\"Cultura Eventi\",\"LiveNews\"],\"inLanguage\":\"it-IT\",\"potentialAction\":[{\"@type\":\"CommentAction\",\"name\":\"Comment\",\"target\":[\"https:\\\/\\\/www.livemag.it\\\/index.php\\\/2026\\\/03\\\/13\\\/giovanni-mauro-presidente-de-lidentita-riceve-il-premio-argil\\\/#respond\"]}]},{\"@type\":\"WebPage\",\"@id\":\"https:\\\/\\\/www.livemag.it\\\/index.php\\\/2026\\\/03\\\/13\\\/giovanni-mauro-presidente-de-lidentita-riceve-il-premio-argil\\\/\",\"url\":\"https:\\\/\\\/www.livemag.it\\\/index.php\\\/2026\\\/03\\\/13\\\/giovanni-mauro-presidente-de-lidentita-riceve-il-premio-argil\\\/\",\"name\":\"Giovanni Mauro presidente de L'identit\u00e0 riceve il premio Argil - Live Magazine\",\"isPartOf\":{\"@id\":\"https:\\\/\\\/www.livemag.it\\\/#website\"},\"primaryImageOfPage\":{\"@id\":\"https:\\\/\\\/www.livemag.it\\\/index.php\\\/2026\\\/03\\\/13\\\/giovanni-mauro-presidente-de-lidentita-riceve-il-premio-argil\\\/#primaryimage\"},\"image\":{\"@id\":\"https:\\\/\\\/www.livemag.it\\\/index.php\\\/2026\\\/03\\\/13\\\/giovanni-mauro-presidente-de-lidentita-riceve-il-premio-argil\\\/#primaryimage\"},\"thumbnailUrl\":\"https:\\\/\\\/www.livemag.it\\\/wp-content\\\/uploads\\\/2026\\\/03\\\/Schermata-2026-03-13-alle-17.49.44.png\",\"datePublished\":\"2026-03-13T16:59:48+00:00\",\"dateModified\":\"2026-03-13T16:59:55+00:00\",\"description\":\"Si terr\u00e0 marted\u00ec 17 marzo 2026, alle ore 15.30, nella prestigiosa Sala della Protomoteca in Campidoglio a Roma, la IX\",\"breadcrumb\":{\"@id\":\"https:\\\/\\\/www.livemag.it\\\/index.php\\\/2026\\\/03\\\/13\\\/giovanni-mauro-presidente-de-lidentita-riceve-il-premio-argil\\\/#breadcrumb\"},\"inLanguage\":\"it-IT\",\"potentialAction\":[{\"@type\":\"ReadAction\",\"target\":[\"https:\\\/\\\/www.livemag.it\\\/index.php\\\/2026\\\/03\\\/13\\\/giovanni-mauro-presidente-de-lidentita-riceve-il-premio-argil\\\/\"]}]},{\"@type\":\"ImageObject\",\"inLanguage\":\"it-IT\",\"@id\":\"https:\\\/\\\/www.livemag.it\\\/index.php\\\/2026\\\/03\\\/13\\\/giovanni-mauro-presidente-de-lidentita-riceve-il-premio-argil\\\/#primaryimage\",\"url\":\"https:\\\/\\\/www.livemag.it\\\/wp-content\\\/uploads\\\/2026\\\/03\\\/Schermata-2026-03-13-alle-17.49.44.png\",\"contentUrl\":\"https:\\\/\\\/www.livemag.it\\\/wp-content\\\/uploads\\\/2026\\\/03\\\/Schermata-2026-03-13-alle-17.49.44.png\",\"width\":635,\"height\":464},{\"@type\":\"BreadcrumbList\",\"@id\":\"https:\\\/\\\/www.livemag.it\\\/index.php\\\/2026\\\/03\\\/13\\\/giovanni-mauro-presidente-de-lidentita-riceve-il-premio-argil\\\/#breadcrumb\",\"itemListElement\":[{\"@type\":\"ListItem\",\"position\":1,\"name\":\"Home\",\"item\":\"https:\\\/\\\/www.livemag.it\\\/\"},{\"@type\":\"ListItem\",\"position\":2,\"name\":\"Giovanni Mauro presidente de L&#8217;identit\u00e0 riceve il premio Argil\"}]},{\"@type\":\"WebSite\",\"@id\":\"https:\\\/\\\/www.livemag.it\\\/#website\",\"url\":\"https:\\\/\\\/www.livemag.it\\\/\",\"name\":\"Live Magazine\",\"description\":\"Varie ed eventi\",\"publisher\":{\"@id\":\"https:\\\/\\\/www.livemag.it\\\/#organization\"},\"potentialAction\":[{\"@type\":\"SearchAction\",\"target\":{\"@type\":\"EntryPoint\",\"urlTemplate\":\"https:\\\/\\\/www.livemag.it\\\/?s={search_term_string}\"},\"query-input\":{\"@type\":\"PropertyValueSpecification\",\"valueRequired\":true,\"valueName\":\"search_term_string\"}}],\"inLanguage\":\"it-IT\"},{\"@type\":\"Organization\",\"@id\":\"https:\\\/\\\/www.livemag.it\\\/#organization\",\"name\":\"LiveMag\",\"alternateName\":\"LiveMag News ed eventi\",\"url\":\"https:\\\/\\\/www.livemag.it\\\/\",\"logo\":{\"@type\":\"ImageObject\",\"inLanguage\":\"it-IT\",\"@id\":\"https:\\\/\\\/www.livemag.it\\\/#\\\/schema\\\/logo\\\/image\\\/\",\"url\":\"https:\\\/\\\/www.livemag.it\\\/wp-content\\\/uploads\\\/2024\\\/02\\\/immagine-sito.jpg\",\"contentUrl\":\"https:\\\/\\\/www.livemag.it\\\/wp-content\\\/uploads\\\/2024\\\/02\\\/immagine-sito.jpg\",\"width\":696,\"height\":696,\"caption\":\"LiveMag\"},\"image\":{\"@id\":\"https:\\\/\\\/www.livemag.it\\\/#\\\/schema\\\/logo\\\/image\\\/\"},\"sameAs\":[\"https:\\\/\\\/www.facebook.com\\\/LiveMag\\\/\",\"https:\\\/\\\/x.com\\\/LiveNotizie\",\"https:\\\/\\\/www.instagram.com\\\/livemag\\\/\"]},{\"@type\":\"Person\",\"@id\":\"https:\\\/\\\/www.livemag.it\\\/#\\\/schema\\\/person\\\/7191e402a6eb1110174f9d71f53edea9\",\"name\":\"Redazione\",\"image\":{\"@type\":\"ImageObject\",\"inLanguage\":\"it-IT\",\"@id\":\"https:\\\/\\\/secure.gravatar.com\\\/avatar\\\/b20eb33510695f1259c3f61c8dfc966b174a5d33f605fb2d514d9b271222597e?s=96&r=g\",\"url\":\"https:\\\/\\\/secure.gravatar.com\\\/avatar\\\/b20eb33510695f1259c3f61c8dfc966b174a5d33f605fb2d514d9b271222597e?s=96&r=g\",\"contentUrl\":\"https:\\\/\\\/secure.gravatar.com\\\/avatar\\\/b20eb33510695f1259c3f61c8dfc966b174a5d33f605fb2d514d9b271222597e?s=96&r=g\",\"caption\":\"Redazione\"},\"url\":\"https:\\\/\\\/www.livemag.it\\\/index.php\\\/author\\\/admin6640\\\/\"}]}<\/script>\n<!-- \/ Yoast SEO plugin. -->","yoast_head_json":{"title":"Giovanni Mauro presidente de L'identit\u00e0 riceve il premio Argil - Live Magazine","description":"Si terr\u00e0 marted\u00ec 17 marzo 2026, alle ore 15.30, nella prestigiosa Sala della Protomoteca in Campidoglio a Roma, la IX","robots":{"index":"index","follow":"follow","max-snippet":"max-snippet:-1","max-image-preview":"max-image-preview:large","max-video-preview":"max-video-preview:-1"},"canonical":"https:\/\/www.livemag.it\/index.php\/2026\/03\/13\/giovanni-mauro-presidente-de-lidentita-riceve-il-premio-argil\/","og_locale":"it_IT","og_type":"article","og_title":"Giovanni Mauro presidente de L'identit\u00e0 riceve il premio Argil - Live Magazine","og_description":"Si terr\u00e0 marted\u00ec 17 marzo 2026, alle ore 15.30, nella prestigiosa Sala della Protomoteca in Campidoglio a Roma, la IX","og_url":"https:\/\/www.livemag.it\/index.php\/2026\/03\/13\/giovanni-mauro-presidente-de-lidentita-riceve-il-premio-argil\/","og_site_name":"Live Magazine","article_publisher":"https:\/\/www.facebook.com\/LiveMag\/","article_published_time":"2026-03-13T16:59:48+00:00","article_modified_time":"2026-03-13T16:59:55+00:00","og_image":[{"width":635,"height":464,"url":"https:\/\/www.livemag.it\/wp-content\/uploads\/2026\/03\/Schermata-2026-03-13-alle-17.49.44.png","type":"image\/png"}],"author":"Redazione","twitter_card":"summary_large_image","twitter_creator":"@LiveNotizie","twitter_site":"@LiveNotizie","twitter_misc":{"Scritto da":"Redazione","Tempo di lettura stimato":"5 minuti"},"schema":{"@context":"https:\/\/schema.org","@graph":[{"@type":"Article","@id":"https:\/\/www.livemag.it\/index.php\/2026\/03\/13\/giovanni-mauro-presidente-de-lidentita-riceve-il-premio-argil\/#article","isPartOf":{"@id":"https:\/\/www.livemag.it\/index.php\/2026\/03\/13\/giovanni-mauro-presidente-de-lidentita-riceve-il-premio-argil\/"},"author":{"name":"Redazione","@id":"https:\/\/www.livemag.it\/#\/schema\/person\/7191e402a6eb1110174f9d71f53edea9"},"headline":"Giovanni Mauro presidente de L&#8217;identit\u00e0 riceve il premio Argil","datePublished":"2026-03-13T16:59:48+00:00","dateModified":"2026-03-13T16:59:55+00:00","mainEntityOfPage":{"@id":"https:\/\/www.livemag.it\/index.php\/2026\/03\/13\/giovanni-mauro-presidente-de-lidentita-riceve-il-premio-argil\/"},"wordCount":768,"commentCount":0,"publisher":{"@id":"https:\/\/www.livemag.it\/#organization"},"image":{"@id":"https:\/\/www.livemag.it\/index.php\/2026\/03\/13\/giovanni-mauro-presidente-de-lidentita-riceve-il-premio-argil\/#primaryimage"},"thumbnailUrl":"https:\/\/www.livemag.it\/wp-content\/uploads\/2026\/03\/Schermata-2026-03-13-alle-17.49.44.png","keywords":["Carlo Felice Corsetti","Gino Falleri","Giovanni Mauro","Roberto Rossi"],"articleSection":["Cultura Eventi","LiveNews"],"inLanguage":"it-IT","potentialAction":[{"@type":"CommentAction","name":"Comment","target":["https:\/\/www.livemag.it\/index.php\/2026\/03\/13\/giovanni-mauro-presidente-de-lidentita-riceve-il-premio-argil\/#respond"]}]},{"@type":"WebPage","@id":"https:\/\/www.livemag.it\/index.php\/2026\/03\/13\/giovanni-mauro-presidente-de-lidentita-riceve-il-premio-argil\/","url":"https:\/\/www.livemag.it\/index.php\/2026\/03\/13\/giovanni-mauro-presidente-de-lidentita-riceve-il-premio-argil\/","name":"Giovanni Mauro presidente de L'identit\u00e0 riceve il premio Argil - Live Magazine","isPartOf":{"@id":"https:\/\/www.livemag.it\/#website"},"primaryImageOfPage":{"@id":"https:\/\/www.livemag.it\/index.php\/2026\/03\/13\/giovanni-mauro-presidente-de-lidentita-riceve-il-premio-argil\/#primaryimage"},"image":{"@id":"https:\/\/www.livemag.it\/index.php\/2026\/03\/13\/giovanni-mauro-presidente-de-lidentita-riceve-il-premio-argil\/#primaryimage"},"thumbnailUrl":"https:\/\/www.livemag.it\/wp-content\/uploads\/2026\/03\/Schermata-2026-03-13-alle-17.49.44.png","datePublished":"2026-03-13T16:59:48+00:00","dateModified":"2026-03-13T16:59:55+00:00","description":"Si terr\u00e0 marted\u00ec 17 marzo 2026, alle ore 15.30, nella prestigiosa Sala della Protomoteca in Campidoglio a Roma, la IX","breadcrumb":{"@id":"https:\/\/www.livemag.it\/index.php\/2026\/03\/13\/giovanni-mauro-presidente-de-lidentita-riceve-il-premio-argil\/#breadcrumb"},"inLanguage":"it-IT","potentialAction":[{"@type":"ReadAction","target":["https:\/\/www.livemag.it\/index.php\/2026\/03\/13\/giovanni-mauro-presidente-de-lidentita-riceve-il-premio-argil\/"]}]},{"@type":"ImageObject","inLanguage":"it-IT","@id":"https:\/\/www.livemag.it\/index.php\/2026\/03\/13\/giovanni-mauro-presidente-de-lidentita-riceve-il-premio-argil\/#primaryimage","url":"https:\/\/www.livemag.it\/wp-content\/uploads\/2026\/03\/Schermata-2026-03-13-alle-17.49.44.png","contentUrl":"https:\/\/www.livemag.it\/wp-content\/uploads\/2026\/03\/Schermata-2026-03-13-alle-17.49.44.png","width":635,"height":464},{"@type":"BreadcrumbList","@id":"https:\/\/www.livemag.it\/index.php\/2026\/03\/13\/giovanni-mauro-presidente-de-lidentita-riceve-il-premio-argil\/#breadcrumb","itemListElement":[{"@type":"ListItem","position":1,"name":"Home","item":"https:\/\/www.livemag.it\/"},{"@type":"ListItem","position":2,"name":"Giovanni Mauro presidente de L&#8217;identit\u00e0 riceve il premio Argil"}]},{"@type":"WebSite","@id":"https:\/\/www.livemag.it\/#website","url":"https:\/\/www.livemag.it\/","name":"Live Magazine","description":"Varie ed eventi","publisher":{"@id":"https:\/\/www.livemag.it\/#organization"},"potentialAction":[{"@type":"SearchAction","target":{"@type":"EntryPoint","urlTemplate":"https:\/\/www.livemag.it\/?s={search_term_string}"},"query-input":{"@type":"PropertyValueSpecification","valueRequired":true,"valueName":"search_term_string"}}],"inLanguage":"it-IT"},{"@type":"Organization","@id":"https:\/\/www.livemag.it\/#organization","name":"LiveMag","alternateName":"LiveMag News ed eventi","url":"https:\/\/www.livemag.it\/","logo":{"@type":"ImageObject","inLanguage":"it-IT","@id":"https:\/\/www.livemag.it\/#\/schema\/logo\/image\/","url":"https:\/\/www.livemag.it\/wp-content\/uploads\/2024\/02\/immagine-sito.jpg","contentUrl":"https:\/\/www.livemag.it\/wp-content\/uploads\/2024\/02\/immagine-sito.jpg","width":696,"height":696,"caption":"LiveMag"},"image":{"@id":"https:\/\/www.livemag.it\/#\/schema\/logo\/image\/"},"sameAs":["https:\/\/www.facebook.com\/LiveMag\/","https:\/\/x.com\/LiveNotizie","https:\/\/www.instagram.com\/livemag\/"]},{"@type":"Person","@id":"https:\/\/www.livemag.it\/#\/schema\/person\/7191e402a6eb1110174f9d71f53edea9","name":"Redazione","image":{"@type":"ImageObject","inLanguage":"it-IT","@id":"https:\/\/secure.gravatar.com\/avatar\/b20eb33510695f1259c3f61c8dfc966b174a5d33f605fb2d514d9b271222597e?s=96&r=g","url":"https:\/\/secure.gravatar.com\/avatar\/b20eb33510695f1259c3f61c8dfc966b174a5d33f605fb2d514d9b271222597e?s=96&r=g","contentUrl":"https:\/\/secure.gravatar.com\/avatar\/b20eb33510695f1259c3f61c8dfc966b174a5d33f605fb2d514d9b271222597e?s=96&r=g","caption":"Redazione"},"url":"https:\/\/www.livemag.it\/index.php\/author\/admin6640\/"}]}},"jetpack_featured_media_url":"https:\/\/www.livemag.it\/wp-content\/uploads\/2026\/03\/Schermata-2026-03-13-alle-17.49.44.png","_links":{"self":[{"href":"https:\/\/www.livemag.it\/index.php\/wp-json\/wp\/v2\/posts\/71578","targetHints":{"allow":["GET"]}}],"collection":[{"href":"https:\/\/www.livemag.it\/index.php\/wp-json\/wp\/v2\/posts"}],"about":[{"href":"https:\/\/www.livemag.it\/index.php\/wp-json\/wp\/v2\/types\/post"}],"author":[{"embeddable":true,"href":"https:\/\/www.livemag.it\/index.php\/wp-json\/wp\/v2\/users\/1"}],"replies":[{"embeddable":true,"href":"https:\/\/www.livemag.it\/index.php\/wp-json\/wp\/v2\/comments?post=71578"}],"version-history":[{"count":1,"href":"https:\/\/www.livemag.it\/index.php\/wp-json\/wp\/v2\/posts\/71578\/revisions"}],"predecessor-version":[{"id":71581,"href":"https:\/\/www.livemag.it\/index.php\/wp-json\/wp\/v2\/posts\/71578\/revisions\/71581"}],"wp:featuredmedia":[{"embeddable":true,"href":"https:\/\/www.livemag.it\/index.php\/wp-json\/wp\/v2\/media\/71580"}],"wp:attachment":[{"href":"https:\/\/www.livemag.it\/index.php\/wp-json\/wp\/v2\/media?parent=71578"}],"wp:term":[{"taxonomy":"category","embeddable":true,"href":"https:\/\/www.livemag.it\/index.php\/wp-json\/wp\/v2\/categories?post=71578"},{"taxonomy":"post_tag","embeddable":true,"href":"https:\/\/www.livemag.it\/index.php\/wp-json\/wp\/v2\/tags?post=71578"}],"curies":[{"name":"wp","href":"https:\/\/api.w.org\/{rel}","templated":true}]}}