{"id":71549,"date":"2026-03-13T13:21:17","date_gmt":"2026-03-13T12:21:17","guid":{"rendered":"https:\/\/www.livemag.it\/?p=71549"},"modified":"2026-03-13T13:21:24","modified_gmt":"2026-03-13T12:21:24","slug":"mora-dj-malvi-celebra-lele-mora-il-26-3-show-justme","status":"publish","type":"post","link":"https:\/\/www.livemag.it\/index.php\/2026\/03\/13\/mora-dj-malvi-celebra-lele-mora-il-26-3-show-justme\/","title":{"rendered":"&#8220;Mora&#8221;: Dj Malvi celebra Lele Mora, il 26\/3 show @ JUSTME"},"content":{"rendered":"\n<h4 class=\"wp-block-heading\">E&#8217; disponibile sulle piattaforme digitali &#8220;MORA&#8221;, il nuovo singolo di <a href=\"https:\/\/earone.com\/post\/55be3dcffb58\/dj-malvi-mora-radio-date-23-02-2026\">Dj Malvi<\/a> che racconta una delle figure pi\u00f9 iconiche e discusse dello spettacolo, Lele Mora. Gioved\u00ec 26 marzo, il JUSTME di Milano ospiter\u00e0 il &#8220;LELE MORA Show&#8221;, un evento esclusivo che vedr\u00e0 la presentazione in anteprima nazionale del nuovo singolo e del relativo disco tour.<\/h4>\n\n\n\n<p>&nbsp;<br>&#8220;Mora&#8221;, disponibile su etichetta MR Records \u00e8 nato dalla collaborazione con Marco Rotelli, \u00e8 il ritratto sonoro tra potere, successo e fragilit\u00e0 umana. Non una semplice traccia da club, ma un progetto di &#8220;dance d&#8217;autore&#8221; che esplora attraverso il ritmo una delle figure pi\u00f9 iconiche, discusse e centrali dello spettacolo italiano: Lele Mora.<\/p>\n\n\n\n<p>&#8220;Mora&#8221; \u00e8 un brano che attraversa i temi del successo e del potere, trasformando una storia reale in un racconto sonoro capace di evocare un&#8217;intera epoca della televisione italiana. Il brano costruisce un ritratto cinematografico, concentrandosi sull&#8217;impatto simbolico della fama e sulla sua esposizione totale.<\/p>\n\n\n\n<p>Lele Mora \u00e8 stato il pi\u00f9 influente talent manager tra gli anni &#8217;90 e i primi 2000, capace di lanciare carriere e dominare la scena mediatica nazionale. Con questo singolo, Dj Malvi fonde memoria e attualit\u00e0, confermandosi un artista attento alle storie che hanno segnato l&#8217;immaginario collettivo.<\/p>\n\n\n\n<h4 class=\"wp-block-heading\">Spiega Dj Malvi a proposito del brano: &#8220;Volevo raccontare una storia vera, forte, piena di contrasti. La figura di Lele Mora mi ha sempre colpito perch\u00e9 racchiude il successo e la visibilit\u00e0, ma anche la fragilit\u00e0 che spesso sta dietro a quel mondo. &#8216;Mora&#8217; gioca proprio su questo contrasto: l&#8217;energia della musica dance e il racconto di un personaggio simbolo&#8221;.<br>&nbsp;<br>Il videoclip di &#8220;Mora&#8221; (in uscita il 20 marzo), diretto da Simone Nicolaci, ha comune protagonista lo stesso Lele Mora, intento a giocare con la propria immagine e il proprio ruolo nella cultura pop italiana.<\/h4>\n\n\n\n<p>Il video si arricchisce inoltre di un cameo ironico e surreale: la partecipazione dell&#8217;avvocato Massimo Lovati (noto per il caso di Garlasco e ribattezzato &#8220;Jerry la Rana&#8221;). La sua apparizione insieme a Mora aggiunge un ulteriore livello di carattere a un progetto che unisce musica, cronaca e intrattenimento.<br>&nbsp;<br>Gioved\u00ec 26 marzo il JUSTME Milano far\u00e0 da cornice al &#8220;LELE MORA Show&#8221;. Durante l&#8217;evento verr\u00e0 svelata in anteprima nazionale il nuovo singolo &#8220;Mora&#8221; e il relativo tour promozionale. Il programma prevede l&#8217;accoglienza degli ospiti alle 21:30 con un Royal Dinner Buffet, l&#8217;inizio dello spettacolo alle 22:30 e il cerimoniale del taglio della torta a mezzanotte, per poi concludersi con un party che proseguir\u00e0 fino a tarda ora.<br>&nbsp;<br>&nbsp;<\/p>\n\n\n\n<p><\/p>\n","protected":false},"excerpt":{"rendered":"<p>E&#8217; disponibile sulle piattaforme digitali &#8220;MORA&#8221;, il nuovo singolo di Dj Malvi che racconta una delle figure pi\u00f9 iconiche e discusse dello spettacolo, Lele Mora. Gioved\u00ec 26 marzo, il JUSTME di Milano ospiter\u00e0 il &#8220;LELE MORA Show&#8221;, un evento esclusivo che vedr\u00e0 la presentazione in anteprima nazionale del nuovo singolo e del relativo disco tour. [&hellip;]<\/p>\n","protected":false},"author":21,"featured_media":71550,"comment_status":"open","ping_status":"open","sticky":false,"template":"","format":"standard","meta":{"jnews-multi-image_gallery":[],"jnews_single_post":{"format":"standard"},"jnews_primary_category":[],"jnews_social_meta":[],"jnews_override_counter":[],"jnews_post_split":[],"footnotes":""},"categories":[1372],"tags":[8638],"class_list":["post-71549","post","type-post","status-publish","format-standard","has-post-thumbnail","hentry","category-good-life","tag-mora"],"yoast_head":"<!-- This site is optimized with the Yoast SEO plugin v27.5 - https:\/\/yoast.com\/product\/yoast-seo-wordpress\/ -->\n<title>&quot;Mora&quot;: Dj Malvi celebra Lele Mora, il 26\/3 show @ JUSTME - Live Magazine<\/title>\n<meta name=\"description\" content=\"E&#039; disponibile sulle piattaforme digitali &quot;MORA&quot;, il nuovo singolo di Dj Malvi che racconta una delle figure pi\u00f9 iconiche\" \/>\n<meta name=\"robots\" content=\"index, follow, max-snippet:-1, max-image-preview:large, max-video-preview:-1\" \/>\n<link rel=\"canonical\" href=\"https:\/\/www.livemag.it\/index.php\/2026\/03\/13\/mora-dj-malvi-celebra-lele-mora-il-26-3-show-justme\/\" \/>\n<meta property=\"og:locale\" content=\"it_IT\" \/>\n<meta property=\"og:type\" content=\"article\" \/>\n<meta property=\"og:title\" content=\"&quot;Mora&quot;: Dj Malvi celebra Lele Mora, il 26\/3 show @ JUSTME - Live Magazine\" \/>\n<meta property=\"og:description\" content=\"E&#039; disponibile sulle piattaforme digitali &quot;MORA&quot;, il nuovo singolo di Dj Malvi che racconta una delle figure pi\u00f9 iconiche\" \/>\n<meta property=\"og:url\" content=\"https:\/\/www.livemag.it\/index.php\/2026\/03\/13\/mora-dj-malvi-celebra-lele-mora-il-26-3-show-justme\/\" \/>\n<meta property=\"og:site_name\" content=\"Live Magazine\" \/>\n<meta property=\"article:publisher\" content=\"https:\/\/www.facebook.com\/LiveMag\/\" \/>\n<meta property=\"article:published_time\" content=\"2026-03-13T12:21:17+00:00\" \/>\n<meta property=\"article:modified_time\" content=\"2026-03-13T12:21:24+00:00\" \/>\n<meta property=\"og:image\" content=\"https:\/\/www.livemag.it\/wp-content\/uploads\/2026\/03\/dj-malvi.jpg\" \/>\n\t<meta property=\"og:image:width\" content=\"640\" \/>\n\t<meta property=\"og:image:height\" content=\"466\" \/>\n\t<meta property=\"og:image:type\" content=\"image\/jpeg\" \/>\n<meta name=\"author\" content=\"Lorenzo Tiezzi\" \/>\n<meta name=\"twitter:card\" content=\"summary_large_image\" \/>\n<meta name=\"twitter:creator\" content=\"@LiveNotizie\" \/>\n<meta name=\"twitter:site\" content=\"@LiveNotizie\" \/>\n<meta name=\"twitter:label1\" content=\"Scritto da\" \/>\n\t<meta name=\"twitter:data1\" content=\"Lorenzo Tiezzi\" \/>\n\t<meta name=\"twitter:label2\" content=\"Tempo di lettura stimato\" \/>\n\t<meta name=\"twitter:data2\" content=\"3 minuti\" \/>\n<script type=\"application\/ld+json\" class=\"yoast-schema-graph\">{\"@context\":\"https:\\\/\\\/schema.org\",\"@graph\":[{\"@type\":\"Article\",\"@id\":\"https:\\\/\\\/www.livemag.it\\\/index.php\\\/2026\\\/03\\\/13\\\/mora-dj-malvi-celebra-lele-mora-il-26-3-show-justme\\\/#article\",\"isPartOf\":{\"@id\":\"https:\\\/\\\/www.livemag.it\\\/index.php\\\/2026\\\/03\\\/13\\\/mora-dj-malvi-celebra-lele-mora-il-26-3-show-justme\\\/\"},\"author\":{\"name\":\"Lorenzo Tiezzi\",\"@id\":\"https:\\\/\\\/www.livemag.it\\\/#\\\/schema\\\/person\\\/c6fe2dde14ae4517f823e167a12354b6\"},\"headline\":\"&#8220;Mora&#8221;: Dj Malvi celebra Lele Mora, il 26\\\/3 show @ JUSTME\",\"datePublished\":\"2026-03-13T12:21:17+00:00\",\"dateModified\":\"2026-03-13T12:21:24+00:00\",\"mainEntityOfPage\":{\"@id\":\"https:\\\/\\\/www.livemag.it\\\/index.php\\\/2026\\\/03\\\/13\\\/mora-dj-malvi-celebra-lele-mora-il-26-3-show-justme\\\/\"},\"wordCount\":423,\"commentCount\":0,\"publisher\":{\"@id\":\"https:\\\/\\\/www.livemag.it\\\/#organization\"},\"image\":{\"@id\":\"https:\\\/\\\/www.livemag.it\\\/index.php\\\/2026\\\/03\\\/13\\\/mora-dj-malvi-celebra-lele-mora-il-26-3-show-justme\\\/#primaryimage\"},\"thumbnailUrl\":\"https:\\\/\\\/www.livemag.it\\\/wp-content\\\/uploads\\\/2026\\\/03\\\/dj-malvi.jpg\",\"keywords\":[\"mora\"],\"articleSection\":[\"Good Life\"],\"inLanguage\":\"it-IT\",\"potentialAction\":[{\"@type\":\"CommentAction\",\"name\":\"Comment\",\"target\":[\"https:\\\/\\\/www.livemag.it\\\/index.php\\\/2026\\\/03\\\/13\\\/mora-dj-malvi-celebra-lele-mora-il-26-3-show-justme\\\/#respond\"]}]},{\"@type\":\"WebPage\",\"@id\":\"https:\\\/\\\/www.livemag.it\\\/index.php\\\/2026\\\/03\\\/13\\\/mora-dj-malvi-celebra-lele-mora-il-26-3-show-justme\\\/\",\"url\":\"https:\\\/\\\/www.livemag.it\\\/index.php\\\/2026\\\/03\\\/13\\\/mora-dj-malvi-celebra-lele-mora-il-26-3-show-justme\\\/\",\"name\":\"\\\"Mora\\\": Dj Malvi celebra Lele Mora, il 26\\\/3 show @ JUSTME - Live Magazine\",\"isPartOf\":{\"@id\":\"https:\\\/\\\/www.livemag.it\\\/#website\"},\"primaryImageOfPage\":{\"@id\":\"https:\\\/\\\/www.livemag.it\\\/index.php\\\/2026\\\/03\\\/13\\\/mora-dj-malvi-celebra-lele-mora-il-26-3-show-justme\\\/#primaryimage\"},\"image\":{\"@id\":\"https:\\\/\\\/www.livemag.it\\\/index.php\\\/2026\\\/03\\\/13\\\/mora-dj-malvi-celebra-lele-mora-il-26-3-show-justme\\\/#primaryimage\"},\"thumbnailUrl\":\"https:\\\/\\\/www.livemag.it\\\/wp-content\\\/uploads\\\/2026\\\/03\\\/dj-malvi.jpg\",\"datePublished\":\"2026-03-13T12:21:17+00:00\",\"dateModified\":\"2026-03-13T12:21:24+00:00\",\"description\":\"E' disponibile sulle piattaforme digitali \\\"MORA\\\", il nuovo singolo di Dj Malvi che racconta una delle figure pi\u00f9 iconiche\",\"breadcrumb\":{\"@id\":\"https:\\\/\\\/www.livemag.it\\\/index.php\\\/2026\\\/03\\\/13\\\/mora-dj-malvi-celebra-lele-mora-il-26-3-show-justme\\\/#breadcrumb\"},\"inLanguage\":\"it-IT\",\"potentialAction\":[{\"@type\":\"ReadAction\",\"target\":[\"https:\\\/\\\/www.livemag.it\\\/index.php\\\/2026\\\/03\\\/13\\\/mora-dj-malvi-celebra-lele-mora-il-26-3-show-justme\\\/\"]}]},{\"@type\":\"ImageObject\",\"inLanguage\":\"it-IT\",\"@id\":\"https:\\\/\\\/www.livemag.it\\\/index.php\\\/2026\\\/03\\\/13\\\/mora-dj-malvi-celebra-lele-mora-il-26-3-show-justme\\\/#primaryimage\",\"url\":\"https:\\\/\\\/www.livemag.it\\\/wp-content\\\/uploads\\\/2026\\\/03\\\/dj-malvi.jpg\",\"contentUrl\":\"https:\\\/\\\/www.livemag.it\\\/wp-content\\\/uploads\\\/2026\\\/03\\\/dj-malvi.jpg\",\"width\":640,\"height\":466},{\"@type\":\"BreadcrumbList\",\"@id\":\"https:\\\/\\\/www.livemag.it\\\/index.php\\\/2026\\\/03\\\/13\\\/mora-dj-malvi-celebra-lele-mora-il-26-3-show-justme\\\/#breadcrumb\",\"itemListElement\":[{\"@type\":\"ListItem\",\"position\":1,\"name\":\"Home\",\"item\":\"https:\\\/\\\/www.livemag.it\\\/\"},{\"@type\":\"ListItem\",\"position\":2,\"name\":\"&#8220;Mora&#8221;: Dj Malvi celebra Lele Mora, il 26\\\/3 show @ JUSTME\"}]},{\"@type\":\"WebSite\",\"@id\":\"https:\\\/\\\/www.livemag.it\\\/#website\",\"url\":\"https:\\\/\\\/www.livemag.it\\\/\",\"name\":\"Live Magazine\",\"description\":\"Varie ed eventi\",\"publisher\":{\"@id\":\"https:\\\/\\\/www.livemag.it\\\/#organization\"},\"potentialAction\":[{\"@type\":\"SearchAction\",\"target\":{\"@type\":\"EntryPoint\",\"urlTemplate\":\"https:\\\/\\\/www.livemag.it\\\/?s={search_term_string}\"},\"query-input\":{\"@type\":\"PropertyValueSpecification\",\"valueRequired\":true,\"valueName\":\"search_term_string\"}}],\"inLanguage\":\"it-IT\"},{\"@type\":\"Organization\",\"@id\":\"https:\\\/\\\/www.livemag.it\\\/#organization\",\"name\":\"LiveMag\",\"alternateName\":\"LiveMag News ed eventi\",\"url\":\"https:\\\/\\\/www.livemag.it\\\/\",\"logo\":{\"@type\":\"ImageObject\",\"inLanguage\":\"it-IT\",\"@id\":\"https:\\\/\\\/www.livemag.it\\\/#\\\/schema\\\/logo\\\/image\\\/\",\"url\":\"https:\\\/\\\/www.livemag.it\\\/wp-content\\\/uploads\\\/2024\\\/02\\\/immagine-sito.jpg\",\"contentUrl\":\"https:\\\/\\\/www.livemag.it\\\/wp-content\\\/uploads\\\/2024\\\/02\\\/immagine-sito.jpg\",\"width\":696,\"height\":696,\"caption\":\"LiveMag\"},\"image\":{\"@id\":\"https:\\\/\\\/www.livemag.it\\\/#\\\/schema\\\/logo\\\/image\\\/\"},\"sameAs\":[\"https:\\\/\\\/www.facebook.com\\\/LiveMag\\\/\",\"https:\\\/\\\/x.com\\\/LiveNotizie\",\"https:\\\/\\\/www.instagram.com\\\/livemag\\\/\"]},{\"@type\":\"Person\",\"@id\":\"https:\\\/\\\/www.livemag.it\\\/#\\\/schema\\\/person\\\/c6fe2dde14ae4517f823e167a12354b6\",\"name\":\"Lorenzo Tiezzi\",\"image\":{\"@type\":\"ImageObject\",\"inLanguage\":\"it-IT\",\"@id\":\"https:\\\/\\\/secure.gravatar.com\\\/avatar\\\/055a51cbe21ba6c03af667c75f797ec8642fe78050e8602547fec943f6500144?s=96&r=g\",\"url\":\"https:\\\/\\\/secure.gravatar.com\\\/avatar\\\/055a51cbe21ba6c03af667c75f797ec8642fe78050e8602547fec943f6500144?s=96&r=g\",\"contentUrl\":\"https:\\\/\\\/secure.gravatar.com\\\/avatar\\\/055a51cbe21ba6c03af667c75f797ec8642fe78050e8602547fec943f6500144?s=96&r=g\",\"caption\":\"Lorenzo Tiezzi\"},\"description\":\"giornalista, press office, pr\",\"url\":\"https:\\\/\\\/www.livemag.it\\\/index.php\\\/author\\\/lorenzo-tiezzi\\\/\"}]}<\/script>\n<!-- \/ Yoast SEO plugin. -->","yoast_head_json":{"title":"\"Mora\": Dj Malvi celebra Lele Mora, il 26\/3 show @ JUSTME - Live Magazine","description":"E' disponibile sulle piattaforme digitali \"MORA\", il nuovo singolo di Dj Malvi che racconta una delle figure pi\u00f9 iconiche","robots":{"index":"index","follow":"follow","max-snippet":"max-snippet:-1","max-image-preview":"max-image-preview:large","max-video-preview":"max-video-preview:-1"},"canonical":"https:\/\/www.livemag.it\/index.php\/2026\/03\/13\/mora-dj-malvi-celebra-lele-mora-il-26-3-show-justme\/","og_locale":"it_IT","og_type":"article","og_title":"\"Mora\": Dj Malvi celebra Lele Mora, il 26\/3 show @ JUSTME - Live Magazine","og_description":"E' disponibile sulle piattaforme digitali \"MORA\", il nuovo singolo di Dj Malvi che racconta una delle figure pi\u00f9 iconiche","og_url":"https:\/\/www.livemag.it\/index.php\/2026\/03\/13\/mora-dj-malvi-celebra-lele-mora-il-26-3-show-justme\/","og_site_name":"Live Magazine","article_publisher":"https:\/\/www.facebook.com\/LiveMag\/","article_published_time":"2026-03-13T12:21:17+00:00","article_modified_time":"2026-03-13T12:21:24+00:00","og_image":[{"width":640,"height":466,"url":"https:\/\/www.livemag.it\/wp-content\/uploads\/2026\/03\/dj-malvi.jpg","type":"image\/jpeg"}],"author":"Lorenzo Tiezzi","twitter_card":"summary_large_image","twitter_creator":"@LiveNotizie","twitter_site":"@LiveNotizie","twitter_misc":{"Scritto da":"Lorenzo Tiezzi","Tempo di lettura stimato":"3 minuti"},"schema":{"@context":"https:\/\/schema.org","@graph":[{"@type":"Article","@id":"https:\/\/www.livemag.it\/index.php\/2026\/03\/13\/mora-dj-malvi-celebra-lele-mora-il-26-3-show-justme\/#article","isPartOf":{"@id":"https:\/\/www.livemag.it\/index.php\/2026\/03\/13\/mora-dj-malvi-celebra-lele-mora-il-26-3-show-justme\/"},"author":{"name":"Lorenzo Tiezzi","@id":"https:\/\/www.livemag.it\/#\/schema\/person\/c6fe2dde14ae4517f823e167a12354b6"},"headline":"&#8220;Mora&#8221;: Dj Malvi celebra Lele Mora, il 26\/3 show @ JUSTME","datePublished":"2026-03-13T12:21:17+00:00","dateModified":"2026-03-13T12:21:24+00:00","mainEntityOfPage":{"@id":"https:\/\/www.livemag.it\/index.php\/2026\/03\/13\/mora-dj-malvi-celebra-lele-mora-il-26-3-show-justme\/"},"wordCount":423,"commentCount":0,"publisher":{"@id":"https:\/\/www.livemag.it\/#organization"},"image":{"@id":"https:\/\/www.livemag.it\/index.php\/2026\/03\/13\/mora-dj-malvi-celebra-lele-mora-il-26-3-show-justme\/#primaryimage"},"thumbnailUrl":"https:\/\/www.livemag.it\/wp-content\/uploads\/2026\/03\/dj-malvi.jpg","keywords":["mora"],"articleSection":["Good Life"],"inLanguage":"it-IT","potentialAction":[{"@type":"CommentAction","name":"Comment","target":["https:\/\/www.livemag.it\/index.php\/2026\/03\/13\/mora-dj-malvi-celebra-lele-mora-il-26-3-show-justme\/#respond"]}]},{"@type":"WebPage","@id":"https:\/\/www.livemag.it\/index.php\/2026\/03\/13\/mora-dj-malvi-celebra-lele-mora-il-26-3-show-justme\/","url":"https:\/\/www.livemag.it\/index.php\/2026\/03\/13\/mora-dj-malvi-celebra-lele-mora-il-26-3-show-justme\/","name":"\"Mora\": Dj Malvi celebra Lele Mora, il 26\/3 show @ JUSTME - Live Magazine","isPartOf":{"@id":"https:\/\/www.livemag.it\/#website"},"primaryImageOfPage":{"@id":"https:\/\/www.livemag.it\/index.php\/2026\/03\/13\/mora-dj-malvi-celebra-lele-mora-il-26-3-show-justme\/#primaryimage"},"image":{"@id":"https:\/\/www.livemag.it\/index.php\/2026\/03\/13\/mora-dj-malvi-celebra-lele-mora-il-26-3-show-justme\/#primaryimage"},"thumbnailUrl":"https:\/\/www.livemag.it\/wp-content\/uploads\/2026\/03\/dj-malvi.jpg","datePublished":"2026-03-13T12:21:17+00:00","dateModified":"2026-03-13T12:21:24+00:00","description":"E' disponibile sulle piattaforme digitali \"MORA\", il nuovo singolo di Dj Malvi che racconta una delle figure pi\u00f9 iconiche","breadcrumb":{"@id":"https:\/\/www.livemag.it\/index.php\/2026\/03\/13\/mora-dj-malvi-celebra-lele-mora-il-26-3-show-justme\/#breadcrumb"},"inLanguage":"it-IT","potentialAction":[{"@type":"ReadAction","target":["https:\/\/www.livemag.it\/index.php\/2026\/03\/13\/mora-dj-malvi-celebra-lele-mora-il-26-3-show-justme\/"]}]},{"@type":"ImageObject","inLanguage":"it-IT","@id":"https:\/\/www.livemag.it\/index.php\/2026\/03\/13\/mora-dj-malvi-celebra-lele-mora-il-26-3-show-justme\/#primaryimage","url":"https:\/\/www.livemag.it\/wp-content\/uploads\/2026\/03\/dj-malvi.jpg","contentUrl":"https:\/\/www.livemag.it\/wp-content\/uploads\/2026\/03\/dj-malvi.jpg","width":640,"height":466},{"@type":"BreadcrumbList","@id":"https:\/\/www.livemag.it\/index.php\/2026\/03\/13\/mora-dj-malvi-celebra-lele-mora-il-26-3-show-justme\/#breadcrumb","itemListElement":[{"@type":"ListItem","position":1,"name":"Home","item":"https:\/\/www.livemag.it\/"},{"@type":"ListItem","position":2,"name":"&#8220;Mora&#8221;: Dj Malvi celebra Lele Mora, il 26\/3 show @ JUSTME"}]},{"@type":"WebSite","@id":"https:\/\/www.livemag.it\/#website","url":"https:\/\/www.livemag.it\/","name":"Live Magazine","description":"Varie ed eventi","publisher":{"@id":"https:\/\/www.livemag.it\/#organization"},"potentialAction":[{"@type":"SearchAction","target":{"@type":"EntryPoint","urlTemplate":"https:\/\/www.livemag.it\/?s={search_term_string}"},"query-input":{"@type":"PropertyValueSpecification","valueRequired":true,"valueName":"search_term_string"}}],"inLanguage":"it-IT"},{"@type":"Organization","@id":"https:\/\/www.livemag.it\/#organization","name":"LiveMag","alternateName":"LiveMag News ed eventi","url":"https:\/\/www.livemag.it\/","logo":{"@type":"ImageObject","inLanguage":"it-IT","@id":"https:\/\/www.livemag.it\/#\/schema\/logo\/image\/","url":"https:\/\/www.livemag.it\/wp-content\/uploads\/2024\/02\/immagine-sito.jpg","contentUrl":"https:\/\/www.livemag.it\/wp-content\/uploads\/2024\/02\/immagine-sito.jpg","width":696,"height":696,"caption":"LiveMag"},"image":{"@id":"https:\/\/www.livemag.it\/#\/schema\/logo\/image\/"},"sameAs":["https:\/\/www.facebook.com\/LiveMag\/","https:\/\/x.com\/LiveNotizie","https:\/\/www.instagram.com\/livemag\/"]},{"@type":"Person","@id":"https:\/\/www.livemag.it\/#\/schema\/person\/c6fe2dde14ae4517f823e167a12354b6","name":"Lorenzo Tiezzi","image":{"@type":"ImageObject","inLanguage":"it-IT","@id":"https:\/\/secure.gravatar.com\/avatar\/055a51cbe21ba6c03af667c75f797ec8642fe78050e8602547fec943f6500144?s=96&r=g","url":"https:\/\/secure.gravatar.com\/avatar\/055a51cbe21ba6c03af667c75f797ec8642fe78050e8602547fec943f6500144?s=96&r=g","contentUrl":"https:\/\/secure.gravatar.com\/avatar\/055a51cbe21ba6c03af667c75f797ec8642fe78050e8602547fec943f6500144?s=96&r=g","caption":"Lorenzo Tiezzi"},"description":"giornalista, press office, pr","url":"https:\/\/www.livemag.it\/index.php\/author\/lorenzo-tiezzi\/"}]}},"jetpack_featured_media_url":"https:\/\/www.livemag.it\/wp-content\/uploads\/2026\/03\/dj-malvi.jpg","_links":{"self":[{"href":"https:\/\/www.livemag.it\/index.php\/wp-json\/wp\/v2\/posts\/71549","targetHints":{"allow":["GET"]}}],"collection":[{"href":"https:\/\/www.livemag.it\/index.php\/wp-json\/wp\/v2\/posts"}],"about":[{"href":"https:\/\/www.livemag.it\/index.php\/wp-json\/wp\/v2\/types\/post"}],"author":[{"embeddable":true,"href":"https:\/\/www.livemag.it\/index.php\/wp-json\/wp\/v2\/users\/21"}],"replies":[{"embeddable":true,"href":"https:\/\/www.livemag.it\/index.php\/wp-json\/wp\/v2\/comments?post=71549"}],"version-history":[{"count":1,"href":"https:\/\/www.livemag.it\/index.php\/wp-json\/wp\/v2\/posts\/71549\/revisions"}],"predecessor-version":[{"id":71551,"href":"https:\/\/www.livemag.it\/index.php\/wp-json\/wp\/v2\/posts\/71549\/revisions\/71551"}],"wp:featuredmedia":[{"embeddable":true,"href":"https:\/\/www.livemag.it\/index.php\/wp-json\/wp\/v2\/media\/71550"}],"wp:attachment":[{"href":"https:\/\/www.livemag.it\/index.php\/wp-json\/wp\/v2\/media?parent=71549"}],"wp:term":[{"taxonomy":"category","embeddable":true,"href":"https:\/\/www.livemag.it\/index.php\/wp-json\/wp\/v2\/categories?post=71549"},{"taxonomy":"post_tag","embeddable":true,"href":"https:\/\/www.livemag.it\/index.php\/wp-json\/wp\/v2\/tags?post=71549"}],"curies":[{"name":"wp","href":"https:\/\/api.w.org\/{rel}","templated":true}]}}