{"id":71534,"date":"2026-03-13T12:03:07","date_gmt":"2026-03-13T11:03:07","guid":{"rendered":"https:\/\/www.livemag.it\/index.php\/2026\/03\/13\/sala-anche-se-vince-il-no-al-referendum-meloni-fa-bene-ad-andare-avanti\/"},"modified":"2026-03-13T12:03:07","modified_gmt":"2026-03-13T11:03:07","slug":"sala-anche-se-vince-il-no-al-referendum-meloni-fa-bene-ad-andare-avanti","status":"publish","type":"post","link":"https:\/\/www.livemag.it\/index.php\/2026\/03\/13\/sala-anche-se-vince-il-no-al-referendum-meloni-fa-bene-ad-andare-avanti\/","title":{"rendered":"<div>Sala &#8220;Anche se vince il No al Referendum Meloni fa bene ad andare avanti&#8221;<\/div>"},"content":{"rendered":"<p>    <video-js id=\"videojs69f1b01c60e71\" class=\"vjs-big-play-centered\" controls preload=\"auto\" playsinline data-setup='{\"fluid\": true}'>\r\n        <source src=\"https:\/\/video.italpress.com\/play\/mp4\/video\/O0qr\" type=\"video\/mp4\" \/>\r\n    <\/video-js>\r\n           <br \/>\n<\/p>\n<div> MILANO (ITALPRESS) &#8211; In merito al referendum sulla giustizia, &#8220;Meloni fa assolutamente bene a dire che andr\u00e0 avanti comunque e io credo che debba andare avanti comunque: se le nostre regole impongono per un cambiamento della costituzione di fare giustamente un referendum non \u00e8 che poi se non va bene ci si deve dimettere&#8221;. Lo ha dichiarato il sindaco di Milano Giuseppe Sala a margine dell&#8217;evento &#8220;Milano Smart&#8221;. &#8220;Io comunque penso che vincer\u00e0 no, per\u00f2 staremo a vedere &#8211; ha spiegato il primo cittadino &#8211; Certo che per\u00f2 \u00e8 una prova perch\u00e9 queste che alla fine sono un po&#8217; prove di forza, alla fine in Italia non sempre funzionano. In nome della stabilit\u00e0 viene invocato anche il presidenzialismo, che potrebbe essere la prossima battaglia. Ma io non ho mai visto un governo stabile come questo, quindi pensassero ai problemi del Paese e in particolare del territorio&#8221;.<\/p>\n<p>xh7\/tvi\/mca1<\/p><\/div>\n","protected":false},"excerpt":{"rendered":"<p>MILANO (ITALPRESS) &#8211; In merito al referendum sulla giustizia, &#8220;Meloni fa assolutamente bene a dire che andr\u00e0 avanti comunque e io credo che debba andare avanti comunque: se le nostre regole impongono per un cambiamento della costituzione di fare giustamente un referendum non \u00e8 che poi se non va bene ci si deve dimettere&#8221;. Lo [&hellip;]<\/p>\n","protected":false},"author":16,"featured_media":71535,"comment_status":"closed","ping_status":"closed","sticky":false,"template":"","format":"video","meta":{"jnews-multi-image_gallery":[],"jnews_single_post":[],"jnews_primary_category":[],"jnews_social_meta":[],"jnews_override_counter":[],"jnews_post_split":[],"footnotes":""},"categories":[1171],"tags":[],"class_list":["post-71534","post","type-post","status-publish","format-video","has-post-thumbnail","hentry","category-video","post_format-post-format-video"],"yoast_head":"<!-- This site is optimized with the Yoast SEO plugin v27.5 - https:\/\/yoast.com\/product\/yoast-seo-wordpress\/ -->\n<title>Sala &quot;Anche se vince il No al Referendum Meloni fa bene ad andare avanti&quot; - Live Magazine<\/title>\n<meta name=\"robots\" content=\"index, follow, max-snippet:-1, max-image-preview:large, max-video-preview:-1\" \/>\n<link rel=\"canonical\" href=\"https:\/\/www.livemag.it\/index.php\/2026\/03\/13\/sala-anche-se-vince-il-no-al-referendum-meloni-fa-bene-ad-andare-avanti\/\" \/>\n<meta property=\"og:locale\" content=\"it_IT\" \/>\n<meta property=\"og:type\" content=\"article\" \/>\n<meta property=\"og:title\" content=\"Sala &quot;Anche se vince il No al Referendum Meloni fa bene ad andare avanti&quot; - Live Magazine\" \/>\n<meta property=\"og:description\" content=\"MILANO (ITALPRESS) &#8211; In merito al referendum sulla giustizia, &#8220;Meloni fa assolutamente bene a dire che andr\u00e0 avanti comunque e io credo che debba andare avanti comunque: se le nostre regole impongono per un cambiamento della costituzione di fare giustamente un referendum non \u00e8 che poi se non va bene ci si deve dimettere&#8221;. Lo [&hellip;]\" \/>\n<meta property=\"og:url\" content=\"https:\/\/www.livemag.it\/index.php\/2026\/03\/13\/sala-anche-se-vince-il-no-al-referendum-meloni-fa-bene-ad-andare-avanti\/\" \/>\n<meta property=\"og:site_name\" content=\"Live Magazine\" \/>\n<meta property=\"article:publisher\" content=\"https:\/\/www.facebook.com\/LiveMag\/\" \/>\n<meta property=\"article:published_time\" content=\"2026-03-13T11:03:07+00:00\" \/>\n<meta property=\"og:image\" content=\"https:\/\/www.livemag.it\/wp-content\/uploads\/2024\/02\/ograph.jpg\" \/>\n\t<meta property=\"og:image:width\" content=\"1200\" \/>\n\t<meta property=\"og:image:height\" content=\"675\" \/>\n\t<meta property=\"og:image:type\" content=\"image\/jpeg\" \/>\n<meta name=\"author\" content=\"italpress\" \/>\n<meta name=\"twitter:card\" content=\"summary_large_image\" \/>\n<meta name=\"twitter:creator\" content=\"@LiveNotizie\" \/>\n<meta name=\"twitter:site\" content=\"@LiveNotizie\" \/>\n<meta name=\"twitter:label1\" content=\"Scritto da\" \/>\n\t<meta name=\"twitter:data1\" content=\"italpress\" \/>\n\t<meta name=\"twitter:label2\" content=\"Tempo di lettura stimato\" \/>\n\t<meta name=\"twitter:data2\" content=\"1 minuto\" \/>\n<script type=\"application\/ld+json\" class=\"yoast-schema-graph\">{\"@context\":\"https:\\\/\\\/schema.org\",\"@graph\":[{\"@type\":\"Article\",\"@id\":\"https:\\\/\\\/www.livemag.it\\\/index.php\\\/2026\\\/03\\\/13\\\/sala-anche-se-vince-il-no-al-referendum-meloni-fa-bene-ad-andare-avanti\\\/#article\",\"isPartOf\":{\"@id\":\"https:\\\/\\\/www.livemag.it\\\/index.php\\\/2026\\\/03\\\/13\\\/sala-anche-se-vince-il-no-al-referendum-meloni-fa-bene-ad-andare-avanti\\\/\"},\"author\":{\"name\":\"italpress\",\"@id\":\"https:\\\/\\\/www.livemag.it\\\/#\\\/schema\\\/person\\\/b62c5f44451fdcdaeb0afe6c2424e73c\"},\"headline\":\"Sala &#8220;Anche se vince il No al Referendum Meloni fa bene ad andare avanti&#8221;\",\"datePublished\":\"2026-03-13T11:03:07+00:00\",\"mainEntityOfPage\":{\"@id\":\"https:\\\/\\\/www.livemag.it\\\/index.php\\\/2026\\\/03\\\/13\\\/sala-anche-se-vince-il-no-al-referendum-meloni-fa-bene-ad-andare-avanti\\\/\"},\"wordCount\":174,\"publisher\":{\"@id\":\"https:\\\/\\\/www.livemag.it\\\/#organization\"},\"image\":{\"@id\":\"https:\\\/\\\/www.livemag.it\\\/index.php\\\/2026\\\/03\\\/13\\\/sala-anche-se-vince-il-no-al-referendum-meloni-fa-bene-ad-andare-avanti\\\/#primaryimage\"},\"thumbnailUrl\":\"https:\\\/\\\/www.livemag.it\\\/wp-content\\\/uploads\\\/2026\\\/03\\\/O0qr.jpg\",\"articleSection\":[\"Video\"],\"inLanguage\":\"it-IT\"},{\"@type\":\"WebPage\",\"@id\":\"https:\\\/\\\/www.livemag.it\\\/index.php\\\/2026\\\/03\\\/13\\\/sala-anche-se-vince-il-no-al-referendum-meloni-fa-bene-ad-andare-avanti\\\/\",\"url\":\"https:\\\/\\\/www.livemag.it\\\/index.php\\\/2026\\\/03\\\/13\\\/sala-anche-se-vince-il-no-al-referendum-meloni-fa-bene-ad-andare-avanti\\\/\",\"name\":\"Sala \\\"Anche se vince il No al Referendum Meloni fa bene ad andare avanti\\\" - Live Magazine\",\"isPartOf\":{\"@id\":\"https:\\\/\\\/www.livemag.it\\\/#website\"},\"primaryImageOfPage\":{\"@id\":\"https:\\\/\\\/www.livemag.it\\\/index.php\\\/2026\\\/03\\\/13\\\/sala-anche-se-vince-il-no-al-referendum-meloni-fa-bene-ad-andare-avanti\\\/#primaryimage\"},\"image\":{\"@id\":\"https:\\\/\\\/www.livemag.it\\\/index.php\\\/2026\\\/03\\\/13\\\/sala-anche-se-vince-il-no-al-referendum-meloni-fa-bene-ad-andare-avanti\\\/#primaryimage\"},\"thumbnailUrl\":\"https:\\\/\\\/www.livemag.it\\\/wp-content\\\/uploads\\\/2026\\\/03\\\/O0qr.jpg\",\"datePublished\":\"2026-03-13T11:03:07+00:00\",\"breadcrumb\":{\"@id\":\"https:\\\/\\\/www.livemag.it\\\/index.php\\\/2026\\\/03\\\/13\\\/sala-anche-se-vince-il-no-al-referendum-meloni-fa-bene-ad-andare-avanti\\\/#breadcrumb\"},\"inLanguage\":\"it-IT\",\"potentialAction\":[{\"@type\":\"ReadAction\",\"target\":[\"https:\\\/\\\/www.livemag.it\\\/index.php\\\/2026\\\/03\\\/13\\\/sala-anche-se-vince-il-no-al-referendum-meloni-fa-bene-ad-andare-avanti\\\/\"]}]},{\"@type\":\"ImageObject\",\"inLanguage\":\"it-IT\",\"@id\":\"https:\\\/\\\/www.livemag.it\\\/index.php\\\/2026\\\/03\\\/13\\\/sala-anche-se-vince-il-no-al-referendum-meloni-fa-bene-ad-andare-avanti\\\/#primaryimage\",\"url\":\"https:\\\/\\\/www.livemag.it\\\/wp-content\\\/uploads\\\/2026\\\/03\\\/O0qr.jpg\",\"contentUrl\":\"https:\\\/\\\/www.livemag.it\\\/wp-content\\\/uploads\\\/2026\\\/03\\\/O0qr.jpg\",\"width\":1920,\"height\":1080},{\"@type\":\"BreadcrumbList\",\"@id\":\"https:\\\/\\\/www.livemag.it\\\/index.php\\\/2026\\\/03\\\/13\\\/sala-anche-se-vince-il-no-al-referendum-meloni-fa-bene-ad-andare-avanti\\\/#breadcrumb\",\"itemListElement\":[{\"@type\":\"ListItem\",\"position\":1,\"name\":\"Home\",\"item\":\"https:\\\/\\\/www.livemag.it\\\/\"},{\"@type\":\"ListItem\",\"position\":2,\"name\":\"Sala &#8220;Anche se vince il No al Referendum Meloni fa bene ad andare avanti&#8221;\"}]},{\"@type\":\"WebSite\",\"@id\":\"https:\\\/\\\/www.livemag.it\\\/#website\",\"url\":\"https:\\\/\\\/www.livemag.it\\\/\",\"name\":\"Live Magazine\",\"description\":\"Varie ed eventi\",\"publisher\":{\"@id\":\"https:\\\/\\\/www.livemag.it\\\/#organization\"},\"potentialAction\":[{\"@type\":\"SearchAction\",\"target\":{\"@type\":\"EntryPoint\",\"urlTemplate\":\"https:\\\/\\\/www.livemag.it\\\/?s={search_term_string}\"},\"query-input\":{\"@type\":\"PropertyValueSpecification\",\"valueRequired\":true,\"valueName\":\"search_term_string\"}}],\"inLanguage\":\"it-IT\"},{\"@type\":\"Organization\",\"@id\":\"https:\\\/\\\/www.livemag.it\\\/#organization\",\"name\":\"LiveMag\",\"alternateName\":\"LiveMag News ed eventi\",\"url\":\"https:\\\/\\\/www.livemag.it\\\/\",\"logo\":{\"@type\":\"ImageObject\",\"inLanguage\":\"it-IT\",\"@id\":\"https:\\\/\\\/www.livemag.it\\\/#\\\/schema\\\/logo\\\/image\\\/\",\"url\":\"https:\\\/\\\/www.livemag.it\\\/wp-content\\\/uploads\\\/2024\\\/02\\\/immagine-sito.jpg\",\"contentUrl\":\"https:\\\/\\\/www.livemag.it\\\/wp-content\\\/uploads\\\/2024\\\/02\\\/immagine-sito.jpg\",\"width\":696,\"height\":696,\"caption\":\"LiveMag\"},\"image\":{\"@id\":\"https:\\\/\\\/www.livemag.it\\\/#\\\/schema\\\/logo\\\/image\\\/\"},\"sameAs\":[\"https:\\\/\\\/www.facebook.com\\\/LiveMag\\\/\",\"https:\\\/\\\/x.com\\\/LiveNotizie\",\"https:\\\/\\\/www.instagram.com\\\/livemag\\\/\"]},{\"@type\":\"Person\",\"@id\":\"https:\\\/\\\/www.livemag.it\\\/#\\\/schema\\\/person\\\/b62c5f44451fdcdaeb0afe6c2424e73c\",\"name\":\"italpress\",\"image\":{\"@type\":\"ImageObject\",\"inLanguage\":\"it-IT\",\"@id\":\"https:\\\/\\\/secure.gravatar.com\\\/avatar\\\/b6a21695fc713ce7ee312cf57c97e2e641feb365be72d8745574d3c3e2b59066?s=96&r=g\",\"url\":\"https:\\\/\\\/secure.gravatar.com\\\/avatar\\\/b6a21695fc713ce7ee312cf57c97e2e641feb365be72d8745574d3c3e2b59066?s=96&r=g\",\"contentUrl\":\"https:\\\/\\\/secure.gravatar.com\\\/avatar\\\/b6a21695fc713ce7ee312cf57c97e2e641feb365be72d8745574d3c3e2b59066?s=96&r=g\",\"caption\":\"italpress\"},\"description\":\"Italpress \u00e8 un'agenzia di stampa italiana a carattere nazionale.\",\"url\":\"https:\\\/\\\/www.livemag.it\\\/index.php\\\/author\\\/italpress\\\/\"}]}<\/script>\n<!-- \/ Yoast SEO plugin. -->","yoast_head_json":{"title":"Sala \"Anche se vince il No al Referendum Meloni fa bene ad andare avanti\" - Live Magazine","robots":{"index":"index","follow":"follow","max-snippet":"max-snippet:-1","max-image-preview":"max-image-preview:large","max-video-preview":"max-video-preview:-1"},"canonical":"https:\/\/www.livemag.it\/index.php\/2026\/03\/13\/sala-anche-se-vince-il-no-al-referendum-meloni-fa-bene-ad-andare-avanti\/","og_locale":"it_IT","og_type":"article","og_title":"Sala \"Anche se vince il No al Referendum Meloni fa bene ad andare avanti\" - Live Magazine","og_description":"MILANO (ITALPRESS) &#8211; In merito al referendum sulla giustizia, &#8220;Meloni fa assolutamente bene a dire che andr\u00e0 avanti comunque e io credo che debba andare avanti comunque: se le nostre regole impongono per un cambiamento della costituzione di fare giustamente un referendum non \u00e8 che poi se non va bene ci si deve dimettere&#8221;. Lo [&hellip;]","og_url":"https:\/\/www.livemag.it\/index.php\/2026\/03\/13\/sala-anche-se-vince-il-no-al-referendum-meloni-fa-bene-ad-andare-avanti\/","og_site_name":"Live Magazine","article_publisher":"https:\/\/www.facebook.com\/LiveMag\/","article_published_time":"2026-03-13T11:03:07+00:00","og_image":[{"width":1200,"height":675,"url":"https:\/\/www.livemag.it\/wp-content\/uploads\/2024\/02\/ograph.jpg","type":"image\/jpeg"}],"author":"italpress","twitter_card":"summary_large_image","twitter_creator":"@LiveNotizie","twitter_site":"@LiveNotizie","twitter_misc":{"Scritto da":"italpress","Tempo di lettura stimato":"1 minuto"},"schema":{"@context":"https:\/\/schema.org","@graph":[{"@type":"Article","@id":"https:\/\/www.livemag.it\/index.php\/2026\/03\/13\/sala-anche-se-vince-il-no-al-referendum-meloni-fa-bene-ad-andare-avanti\/#article","isPartOf":{"@id":"https:\/\/www.livemag.it\/index.php\/2026\/03\/13\/sala-anche-se-vince-il-no-al-referendum-meloni-fa-bene-ad-andare-avanti\/"},"author":{"name":"italpress","@id":"https:\/\/www.livemag.it\/#\/schema\/person\/b62c5f44451fdcdaeb0afe6c2424e73c"},"headline":"Sala &#8220;Anche se vince il No al Referendum Meloni fa bene ad andare avanti&#8221;","datePublished":"2026-03-13T11:03:07+00:00","mainEntityOfPage":{"@id":"https:\/\/www.livemag.it\/index.php\/2026\/03\/13\/sala-anche-se-vince-il-no-al-referendum-meloni-fa-bene-ad-andare-avanti\/"},"wordCount":174,"publisher":{"@id":"https:\/\/www.livemag.it\/#organization"},"image":{"@id":"https:\/\/www.livemag.it\/index.php\/2026\/03\/13\/sala-anche-se-vince-il-no-al-referendum-meloni-fa-bene-ad-andare-avanti\/#primaryimage"},"thumbnailUrl":"https:\/\/www.livemag.it\/wp-content\/uploads\/2026\/03\/O0qr.jpg","articleSection":["Video"],"inLanguage":"it-IT"},{"@type":"WebPage","@id":"https:\/\/www.livemag.it\/index.php\/2026\/03\/13\/sala-anche-se-vince-il-no-al-referendum-meloni-fa-bene-ad-andare-avanti\/","url":"https:\/\/www.livemag.it\/index.php\/2026\/03\/13\/sala-anche-se-vince-il-no-al-referendum-meloni-fa-bene-ad-andare-avanti\/","name":"Sala \"Anche se vince il No al Referendum Meloni fa bene ad andare avanti\" - Live Magazine","isPartOf":{"@id":"https:\/\/www.livemag.it\/#website"},"primaryImageOfPage":{"@id":"https:\/\/www.livemag.it\/index.php\/2026\/03\/13\/sala-anche-se-vince-il-no-al-referendum-meloni-fa-bene-ad-andare-avanti\/#primaryimage"},"image":{"@id":"https:\/\/www.livemag.it\/index.php\/2026\/03\/13\/sala-anche-se-vince-il-no-al-referendum-meloni-fa-bene-ad-andare-avanti\/#primaryimage"},"thumbnailUrl":"https:\/\/www.livemag.it\/wp-content\/uploads\/2026\/03\/O0qr.jpg","datePublished":"2026-03-13T11:03:07+00:00","breadcrumb":{"@id":"https:\/\/www.livemag.it\/index.php\/2026\/03\/13\/sala-anche-se-vince-il-no-al-referendum-meloni-fa-bene-ad-andare-avanti\/#breadcrumb"},"inLanguage":"it-IT","potentialAction":[{"@type":"ReadAction","target":["https:\/\/www.livemag.it\/index.php\/2026\/03\/13\/sala-anche-se-vince-il-no-al-referendum-meloni-fa-bene-ad-andare-avanti\/"]}]},{"@type":"ImageObject","inLanguage":"it-IT","@id":"https:\/\/www.livemag.it\/index.php\/2026\/03\/13\/sala-anche-se-vince-il-no-al-referendum-meloni-fa-bene-ad-andare-avanti\/#primaryimage","url":"https:\/\/www.livemag.it\/wp-content\/uploads\/2026\/03\/O0qr.jpg","contentUrl":"https:\/\/www.livemag.it\/wp-content\/uploads\/2026\/03\/O0qr.jpg","width":1920,"height":1080},{"@type":"BreadcrumbList","@id":"https:\/\/www.livemag.it\/index.php\/2026\/03\/13\/sala-anche-se-vince-il-no-al-referendum-meloni-fa-bene-ad-andare-avanti\/#breadcrumb","itemListElement":[{"@type":"ListItem","position":1,"name":"Home","item":"https:\/\/www.livemag.it\/"},{"@type":"ListItem","position":2,"name":"Sala &#8220;Anche se vince il No al Referendum Meloni fa bene ad andare avanti&#8221;"}]},{"@type":"WebSite","@id":"https:\/\/www.livemag.it\/#website","url":"https:\/\/www.livemag.it\/","name":"Live Magazine","description":"Varie ed eventi","publisher":{"@id":"https:\/\/www.livemag.it\/#organization"},"potentialAction":[{"@type":"SearchAction","target":{"@type":"EntryPoint","urlTemplate":"https:\/\/www.livemag.it\/?s={search_term_string}"},"query-input":{"@type":"PropertyValueSpecification","valueRequired":true,"valueName":"search_term_string"}}],"inLanguage":"it-IT"},{"@type":"Organization","@id":"https:\/\/www.livemag.it\/#organization","name":"LiveMag","alternateName":"LiveMag News ed eventi","url":"https:\/\/www.livemag.it\/","logo":{"@type":"ImageObject","inLanguage":"it-IT","@id":"https:\/\/www.livemag.it\/#\/schema\/logo\/image\/","url":"https:\/\/www.livemag.it\/wp-content\/uploads\/2024\/02\/immagine-sito.jpg","contentUrl":"https:\/\/www.livemag.it\/wp-content\/uploads\/2024\/02\/immagine-sito.jpg","width":696,"height":696,"caption":"LiveMag"},"image":{"@id":"https:\/\/www.livemag.it\/#\/schema\/logo\/image\/"},"sameAs":["https:\/\/www.facebook.com\/LiveMag\/","https:\/\/x.com\/LiveNotizie","https:\/\/www.instagram.com\/livemag\/"]},{"@type":"Person","@id":"https:\/\/www.livemag.it\/#\/schema\/person\/b62c5f44451fdcdaeb0afe6c2424e73c","name":"italpress","image":{"@type":"ImageObject","inLanguage":"it-IT","@id":"https:\/\/secure.gravatar.com\/avatar\/b6a21695fc713ce7ee312cf57c97e2e641feb365be72d8745574d3c3e2b59066?s=96&r=g","url":"https:\/\/secure.gravatar.com\/avatar\/b6a21695fc713ce7ee312cf57c97e2e641feb365be72d8745574d3c3e2b59066?s=96&r=g","contentUrl":"https:\/\/secure.gravatar.com\/avatar\/b6a21695fc713ce7ee312cf57c97e2e641feb365be72d8745574d3c3e2b59066?s=96&r=g","caption":"italpress"},"description":"Italpress \u00e8 un'agenzia di stampa italiana a carattere nazionale.","url":"https:\/\/www.livemag.it\/index.php\/author\/italpress\/"}]}},"jetpack_featured_media_url":"https:\/\/www.livemag.it\/wp-content\/uploads\/2026\/03\/O0qr.jpg","_links":{"self":[{"href":"https:\/\/www.livemag.it\/index.php\/wp-json\/wp\/v2\/posts\/71534","targetHints":{"allow":["GET"]}}],"collection":[{"href":"https:\/\/www.livemag.it\/index.php\/wp-json\/wp\/v2\/posts"}],"about":[{"href":"https:\/\/www.livemag.it\/index.php\/wp-json\/wp\/v2\/types\/post"}],"author":[{"embeddable":true,"href":"https:\/\/www.livemag.it\/index.php\/wp-json\/wp\/v2\/users\/16"}],"replies":[{"embeddable":true,"href":"https:\/\/www.livemag.it\/index.php\/wp-json\/wp\/v2\/comments?post=71534"}],"version-history":[{"count":0,"href":"https:\/\/www.livemag.it\/index.php\/wp-json\/wp\/v2\/posts\/71534\/revisions"}],"wp:featuredmedia":[{"embeddable":true,"href":"https:\/\/www.livemag.it\/index.php\/wp-json\/wp\/v2\/media\/71535"}],"wp:attachment":[{"href":"https:\/\/www.livemag.it\/index.php\/wp-json\/wp\/v2\/media?parent=71534"}],"wp:term":[{"taxonomy":"category","embeddable":true,"href":"https:\/\/www.livemag.it\/index.php\/wp-json\/wp\/v2\/categories?post=71534"},{"taxonomy":"post_tag","embeddable":true,"href":"https:\/\/www.livemag.it\/index.php\/wp-json\/wp\/v2\/tags?post=71534"}],"curies":[{"name":"wp","href":"https:\/\/api.w.org\/{rel}","templated":true}]}}