{"id":71530,"date":"2026-03-13T12:03:00","date_gmt":"2026-03-13T11:03:00","guid":{"rendered":"https:\/\/www.livemag.it\/index.php\/2026\/03\/13\/cirio-riforma-della-giustizia-fondamentale-per-democrazia-e-liberta-del-paese\/"},"modified":"2026-03-13T12:03:00","modified_gmt":"2026-03-13T11:03:00","slug":"cirio-riforma-della-giustizia-fondamentale-per-democrazia-e-liberta-del-paese","status":"publish","type":"post","link":"https:\/\/www.livemag.it\/index.php\/2026\/03\/13\/cirio-riforma-della-giustizia-fondamentale-per-democrazia-e-liberta-del-paese\/","title":{"rendered":"<div>Cirio &#8220;Riforma della giustizia fondamentale per democrazia e libert\u00e0 del Paese&#8221;<\/div>"},"content":{"rendered":"<p>    <video-js id=\"videojs69f1db5227810\" class=\"vjs-big-play-centered\" controls preload=\"auto\" playsinline data-setup='{\"fluid\": true}'>\r\n        <source src=\"https:\/\/video.italpress.com\/play\/mp4\/video\/KVmx\" type=\"video\/mp4\" \/>\r\n    <\/video-js>\r\n           <br \/>\n<\/p>\n<div> TORINO (ITALPRESS) &#8211; &#8220;Riteniamo che la tappa del 22 e 23 marzo sia fondamentale per la democrazia e la libert\u00e0 del nostro Paese. \u00c8 un&#8217;occasione in cui crediamo molto, lo facciamo con il profondo rispetto che ha sempre contraddistinto le azioni di Forza Italia per le posizioni di tutti, ma anche con la consapevolezza che questo referendum nel merito fa bene al nostro Paese, rispetta la nostra Costituzione, rispetta la magistratura ed \u00e8 un&#8217;iniziativa che va nella direzione di avere anche un Paese pi\u00f9 moderno. Oltre agli aspetti legati alla libert\u00e0 e alla democrazia per avere una giustizia pi\u00f9 giusta, non dimentichiamo che una giustizia pi\u00f9 efficiente ed efficace \u00e8 anche un&#8217;occasione di rilancio per l&#8217;economia di un Paese, \u00e8 provato tecnicamente quanto il Pil di un Paese dipenda anche dalla sua capacit\u00e0 di garantire una giustizia giusta&#8221;. Cos\u00ec il vicesegretario nazionale di Forza Italia e presidente della Regione Piemonte, Alberto Cirio, sul referendum giustizia durante un punto stampa organizzato oggi alla stazione Porta Nuova di Torino. &#8220;Viviamo questo momento con positivit\u00e0, siamo convinti che in Italia si stia facendo un ragionamento anche di merito &#8211; ha aggiunto Cirio &#8211; Assistiamo a un tentativo della sinistra di dare soltanto un significato politico a questo referendum, vedendolo come un&#8217;occasione per cercare una spallata al Governo di centrodestra e al Governo Meloni. Noi crediamo che questo sia un errore profondo, questa \u00e8 una riforma nel merito giusta, a maggior ragione ribadiamo che questo referendum con i destini del Governo non ha nulla a che fare, questo referendum ha a che fare con i destini della libert\u00e0 di tutti i cittadini italiani, che \u00e8 l&#8217;unica cosa che ci interessa davvero&#8221;.<\/p>\n<p>xn3\/tvi\/mca1<\/p><\/div>\n","protected":false},"excerpt":{"rendered":"<p>TORINO (ITALPRESS) &#8211; &#8220;Riteniamo che la tappa del 22 e 23 marzo sia fondamentale per la democrazia e la libert\u00e0 del nostro Paese. \u00c8 un&#8217;occasione in cui crediamo molto, lo facciamo con il profondo rispetto che ha sempre contraddistinto le azioni di Forza Italia per le posizioni di tutti, ma anche con la consapevolezza che [&hellip;]<\/p>\n","protected":false},"author":16,"featured_media":71531,"comment_status":"closed","ping_status":"closed","sticky":false,"template":"","format":"video","meta":{"jnews-multi-image_gallery":[],"jnews_single_post":[],"jnews_primary_category":[],"jnews_social_meta":[],"jnews_override_counter":[],"jnews_post_split":[],"footnotes":""},"categories":[1171],"tags":[],"class_list":["post-71530","post","type-post","status-publish","format-video","has-post-thumbnail","hentry","category-video","post_format-post-format-video"],"yoast_head":"<!-- This site is optimized with the Yoast SEO plugin v27.5 - https:\/\/yoast.com\/product\/yoast-seo-wordpress\/ -->\n<title>Cirio &quot;Riforma della giustizia fondamentale per democrazia e libert\u00e0 del Paese&quot; - Live Magazine<\/title>\n<meta name=\"robots\" content=\"index, follow, max-snippet:-1, max-image-preview:large, max-video-preview:-1\" \/>\n<link rel=\"canonical\" href=\"https:\/\/www.livemag.it\/index.php\/2026\/03\/13\/cirio-riforma-della-giustizia-fondamentale-per-democrazia-e-liberta-del-paese\/\" \/>\n<meta property=\"og:locale\" content=\"it_IT\" \/>\n<meta property=\"og:type\" content=\"article\" \/>\n<meta property=\"og:title\" content=\"Cirio &quot;Riforma della giustizia fondamentale per democrazia e libert\u00e0 del Paese&quot; - Live Magazine\" \/>\n<meta property=\"og:description\" content=\"TORINO (ITALPRESS) &#8211; &#8220;Riteniamo che la tappa del 22 e 23 marzo sia fondamentale per la democrazia e la libert\u00e0 del nostro Paese. \u00c8 un&#8217;occasione in cui crediamo molto, lo facciamo con il profondo rispetto che ha sempre contraddistinto le azioni di Forza Italia per le posizioni di tutti, ma anche con la consapevolezza che [&hellip;]\" \/>\n<meta property=\"og:url\" content=\"https:\/\/www.livemag.it\/index.php\/2026\/03\/13\/cirio-riforma-della-giustizia-fondamentale-per-democrazia-e-liberta-del-paese\/\" \/>\n<meta property=\"og:site_name\" content=\"Live Magazine\" \/>\n<meta property=\"article:publisher\" content=\"https:\/\/www.facebook.com\/LiveMag\/\" \/>\n<meta property=\"article:published_time\" content=\"2026-03-13T11:03:00+00:00\" \/>\n<meta property=\"og:image\" content=\"https:\/\/www.livemag.it\/wp-content\/uploads\/2024\/02\/ograph.jpg\" \/>\n\t<meta property=\"og:image:width\" content=\"1200\" \/>\n\t<meta property=\"og:image:height\" content=\"675\" \/>\n\t<meta property=\"og:image:type\" content=\"image\/jpeg\" \/>\n<meta name=\"author\" content=\"italpress\" \/>\n<meta name=\"twitter:card\" content=\"summary_large_image\" \/>\n<meta name=\"twitter:creator\" content=\"@LiveNotizie\" \/>\n<meta name=\"twitter:site\" content=\"@LiveNotizie\" \/>\n<meta name=\"twitter:label1\" content=\"Scritto da\" \/>\n\t<meta name=\"twitter:data1\" content=\"italpress\" \/>\n\t<meta name=\"twitter:label2\" content=\"Tempo di lettura stimato\" \/>\n\t<meta name=\"twitter:data2\" content=\"1 minuto\" \/>\n<script type=\"application\/ld+json\" class=\"yoast-schema-graph\">{\"@context\":\"https:\\\/\\\/schema.org\",\"@graph\":[{\"@type\":\"Article\",\"@id\":\"https:\\\/\\\/www.livemag.it\\\/index.php\\\/2026\\\/03\\\/13\\\/cirio-riforma-della-giustizia-fondamentale-per-democrazia-e-liberta-del-paese\\\/#article\",\"isPartOf\":{\"@id\":\"https:\\\/\\\/www.livemag.it\\\/index.php\\\/2026\\\/03\\\/13\\\/cirio-riforma-della-giustizia-fondamentale-per-democrazia-e-liberta-del-paese\\\/\"},\"author\":{\"name\":\"italpress\",\"@id\":\"https:\\\/\\\/www.livemag.it\\\/#\\\/schema\\\/person\\\/b62c5f44451fdcdaeb0afe6c2424e73c\"},\"headline\":\"Cirio &#8220;Riforma della giustizia fondamentale per democrazia e libert\u00e0 del Paese&#8221;\",\"datePublished\":\"2026-03-13T11:03:00+00:00\",\"mainEntityOfPage\":{\"@id\":\"https:\\\/\\\/www.livemag.it\\\/index.php\\\/2026\\\/03\\\/13\\\/cirio-riforma-della-giustizia-fondamentale-per-democrazia-e-liberta-del-paese\\\/\"},\"wordCount\":300,\"publisher\":{\"@id\":\"https:\\\/\\\/www.livemag.it\\\/#organization\"},\"image\":{\"@id\":\"https:\\\/\\\/www.livemag.it\\\/index.php\\\/2026\\\/03\\\/13\\\/cirio-riforma-della-giustizia-fondamentale-per-democrazia-e-liberta-del-paese\\\/#primaryimage\"},\"thumbnailUrl\":\"https:\\\/\\\/www.livemag.it\\\/wp-content\\\/uploads\\\/2026\\\/03\\\/KVmx.jpg\",\"articleSection\":[\"Video\"],\"inLanguage\":\"it-IT\"},{\"@type\":\"WebPage\",\"@id\":\"https:\\\/\\\/www.livemag.it\\\/index.php\\\/2026\\\/03\\\/13\\\/cirio-riforma-della-giustizia-fondamentale-per-democrazia-e-liberta-del-paese\\\/\",\"url\":\"https:\\\/\\\/www.livemag.it\\\/index.php\\\/2026\\\/03\\\/13\\\/cirio-riforma-della-giustizia-fondamentale-per-democrazia-e-liberta-del-paese\\\/\",\"name\":\"Cirio \\\"Riforma della giustizia fondamentale per democrazia e libert\u00e0 del Paese\\\" - Live Magazine\",\"isPartOf\":{\"@id\":\"https:\\\/\\\/www.livemag.it\\\/#website\"},\"primaryImageOfPage\":{\"@id\":\"https:\\\/\\\/www.livemag.it\\\/index.php\\\/2026\\\/03\\\/13\\\/cirio-riforma-della-giustizia-fondamentale-per-democrazia-e-liberta-del-paese\\\/#primaryimage\"},\"image\":{\"@id\":\"https:\\\/\\\/www.livemag.it\\\/index.php\\\/2026\\\/03\\\/13\\\/cirio-riforma-della-giustizia-fondamentale-per-democrazia-e-liberta-del-paese\\\/#primaryimage\"},\"thumbnailUrl\":\"https:\\\/\\\/www.livemag.it\\\/wp-content\\\/uploads\\\/2026\\\/03\\\/KVmx.jpg\",\"datePublished\":\"2026-03-13T11:03:00+00:00\",\"breadcrumb\":{\"@id\":\"https:\\\/\\\/www.livemag.it\\\/index.php\\\/2026\\\/03\\\/13\\\/cirio-riforma-della-giustizia-fondamentale-per-democrazia-e-liberta-del-paese\\\/#breadcrumb\"},\"inLanguage\":\"it-IT\",\"potentialAction\":[{\"@type\":\"ReadAction\",\"target\":[\"https:\\\/\\\/www.livemag.it\\\/index.php\\\/2026\\\/03\\\/13\\\/cirio-riforma-della-giustizia-fondamentale-per-democrazia-e-liberta-del-paese\\\/\"]}]},{\"@type\":\"ImageObject\",\"inLanguage\":\"it-IT\",\"@id\":\"https:\\\/\\\/www.livemag.it\\\/index.php\\\/2026\\\/03\\\/13\\\/cirio-riforma-della-giustizia-fondamentale-per-democrazia-e-liberta-del-paese\\\/#primaryimage\",\"url\":\"https:\\\/\\\/www.livemag.it\\\/wp-content\\\/uploads\\\/2026\\\/03\\\/KVmx.jpg\",\"contentUrl\":\"https:\\\/\\\/www.livemag.it\\\/wp-content\\\/uploads\\\/2026\\\/03\\\/KVmx.jpg\",\"width\":1920,\"height\":1080},{\"@type\":\"BreadcrumbList\",\"@id\":\"https:\\\/\\\/www.livemag.it\\\/index.php\\\/2026\\\/03\\\/13\\\/cirio-riforma-della-giustizia-fondamentale-per-democrazia-e-liberta-del-paese\\\/#breadcrumb\",\"itemListElement\":[{\"@type\":\"ListItem\",\"position\":1,\"name\":\"Home\",\"item\":\"https:\\\/\\\/www.livemag.it\\\/\"},{\"@type\":\"ListItem\",\"position\":2,\"name\":\"Cirio &#8220;Riforma della giustizia fondamentale per democrazia e libert\u00e0 del Paese&#8221;\"}]},{\"@type\":\"WebSite\",\"@id\":\"https:\\\/\\\/www.livemag.it\\\/#website\",\"url\":\"https:\\\/\\\/www.livemag.it\\\/\",\"name\":\"Live Magazine\",\"description\":\"Varie ed eventi\",\"publisher\":{\"@id\":\"https:\\\/\\\/www.livemag.it\\\/#organization\"},\"potentialAction\":[{\"@type\":\"SearchAction\",\"target\":{\"@type\":\"EntryPoint\",\"urlTemplate\":\"https:\\\/\\\/www.livemag.it\\\/?s={search_term_string}\"},\"query-input\":{\"@type\":\"PropertyValueSpecification\",\"valueRequired\":true,\"valueName\":\"search_term_string\"}}],\"inLanguage\":\"it-IT\"},{\"@type\":\"Organization\",\"@id\":\"https:\\\/\\\/www.livemag.it\\\/#organization\",\"name\":\"LiveMag\",\"alternateName\":\"LiveMag News ed eventi\",\"url\":\"https:\\\/\\\/www.livemag.it\\\/\",\"logo\":{\"@type\":\"ImageObject\",\"inLanguage\":\"it-IT\",\"@id\":\"https:\\\/\\\/www.livemag.it\\\/#\\\/schema\\\/logo\\\/image\\\/\",\"url\":\"https:\\\/\\\/www.livemag.it\\\/wp-content\\\/uploads\\\/2024\\\/02\\\/immagine-sito.jpg\",\"contentUrl\":\"https:\\\/\\\/www.livemag.it\\\/wp-content\\\/uploads\\\/2024\\\/02\\\/immagine-sito.jpg\",\"width\":696,\"height\":696,\"caption\":\"LiveMag\"},\"image\":{\"@id\":\"https:\\\/\\\/www.livemag.it\\\/#\\\/schema\\\/logo\\\/image\\\/\"},\"sameAs\":[\"https:\\\/\\\/www.facebook.com\\\/LiveMag\\\/\",\"https:\\\/\\\/x.com\\\/LiveNotizie\",\"https:\\\/\\\/www.instagram.com\\\/livemag\\\/\"]},{\"@type\":\"Person\",\"@id\":\"https:\\\/\\\/www.livemag.it\\\/#\\\/schema\\\/person\\\/b62c5f44451fdcdaeb0afe6c2424e73c\",\"name\":\"italpress\",\"image\":{\"@type\":\"ImageObject\",\"inLanguage\":\"it-IT\",\"@id\":\"https:\\\/\\\/secure.gravatar.com\\\/avatar\\\/b6a21695fc713ce7ee312cf57c97e2e641feb365be72d8745574d3c3e2b59066?s=96&r=g\",\"url\":\"https:\\\/\\\/secure.gravatar.com\\\/avatar\\\/b6a21695fc713ce7ee312cf57c97e2e641feb365be72d8745574d3c3e2b59066?s=96&r=g\",\"contentUrl\":\"https:\\\/\\\/secure.gravatar.com\\\/avatar\\\/b6a21695fc713ce7ee312cf57c97e2e641feb365be72d8745574d3c3e2b59066?s=96&r=g\",\"caption\":\"italpress\"},\"description\":\"Italpress \u00e8 un'agenzia di stampa italiana a carattere nazionale.\",\"url\":\"https:\\\/\\\/www.livemag.it\\\/index.php\\\/author\\\/italpress\\\/\"}]}<\/script>\n<!-- \/ Yoast SEO plugin. -->","yoast_head_json":{"title":"Cirio \"Riforma della giustizia fondamentale per democrazia e libert\u00e0 del Paese\" - Live Magazine","robots":{"index":"index","follow":"follow","max-snippet":"max-snippet:-1","max-image-preview":"max-image-preview:large","max-video-preview":"max-video-preview:-1"},"canonical":"https:\/\/www.livemag.it\/index.php\/2026\/03\/13\/cirio-riforma-della-giustizia-fondamentale-per-democrazia-e-liberta-del-paese\/","og_locale":"it_IT","og_type":"article","og_title":"Cirio \"Riforma della giustizia fondamentale per democrazia e libert\u00e0 del Paese\" - Live Magazine","og_description":"TORINO (ITALPRESS) &#8211; &#8220;Riteniamo che la tappa del 22 e 23 marzo sia fondamentale per la democrazia e la libert\u00e0 del nostro Paese. \u00c8 un&#8217;occasione in cui crediamo molto, lo facciamo con il profondo rispetto che ha sempre contraddistinto le azioni di Forza Italia per le posizioni di tutti, ma anche con la consapevolezza che [&hellip;]","og_url":"https:\/\/www.livemag.it\/index.php\/2026\/03\/13\/cirio-riforma-della-giustizia-fondamentale-per-democrazia-e-liberta-del-paese\/","og_site_name":"Live Magazine","article_publisher":"https:\/\/www.facebook.com\/LiveMag\/","article_published_time":"2026-03-13T11:03:00+00:00","og_image":[{"width":1200,"height":675,"url":"https:\/\/www.livemag.it\/wp-content\/uploads\/2024\/02\/ograph.jpg","type":"image\/jpeg"}],"author":"italpress","twitter_card":"summary_large_image","twitter_creator":"@LiveNotizie","twitter_site":"@LiveNotizie","twitter_misc":{"Scritto da":"italpress","Tempo di lettura stimato":"1 minuto"},"schema":{"@context":"https:\/\/schema.org","@graph":[{"@type":"Article","@id":"https:\/\/www.livemag.it\/index.php\/2026\/03\/13\/cirio-riforma-della-giustizia-fondamentale-per-democrazia-e-liberta-del-paese\/#article","isPartOf":{"@id":"https:\/\/www.livemag.it\/index.php\/2026\/03\/13\/cirio-riforma-della-giustizia-fondamentale-per-democrazia-e-liberta-del-paese\/"},"author":{"name":"italpress","@id":"https:\/\/www.livemag.it\/#\/schema\/person\/b62c5f44451fdcdaeb0afe6c2424e73c"},"headline":"Cirio &#8220;Riforma della giustizia fondamentale per democrazia e libert\u00e0 del Paese&#8221;","datePublished":"2026-03-13T11:03:00+00:00","mainEntityOfPage":{"@id":"https:\/\/www.livemag.it\/index.php\/2026\/03\/13\/cirio-riforma-della-giustizia-fondamentale-per-democrazia-e-liberta-del-paese\/"},"wordCount":300,"publisher":{"@id":"https:\/\/www.livemag.it\/#organization"},"image":{"@id":"https:\/\/www.livemag.it\/index.php\/2026\/03\/13\/cirio-riforma-della-giustizia-fondamentale-per-democrazia-e-liberta-del-paese\/#primaryimage"},"thumbnailUrl":"https:\/\/www.livemag.it\/wp-content\/uploads\/2026\/03\/KVmx.jpg","articleSection":["Video"],"inLanguage":"it-IT"},{"@type":"WebPage","@id":"https:\/\/www.livemag.it\/index.php\/2026\/03\/13\/cirio-riforma-della-giustizia-fondamentale-per-democrazia-e-liberta-del-paese\/","url":"https:\/\/www.livemag.it\/index.php\/2026\/03\/13\/cirio-riforma-della-giustizia-fondamentale-per-democrazia-e-liberta-del-paese\/","name":"Cirio \"Riforma della giustizia fondamentale per democrazia e libert\u00e0 del Paese\" - Live Magazine","isPartOf":{"@id":"https:\/\/www.livemag.it\/#website"},"primaryImageOfPage":{"@id":"https:\/\/www.livemag.it\/index.php\/2026\/03\/13\/cirio-riforma-della-giustizia-fondamentale-per-democrazia-e-liberta-del-paese\/#primaryimage"},"image":{"@id":"https:\/\/www.livemag.it\/index.php\/2026\/03\/13\/cirio-riforma-della-giustizia-fondamentale-per-democrazia-e-liberta-del-paese\/#primaryimage"},"thumbnailUrl":"https:\/\/www.livemag.it\/wp-content\/uploads\/2026\/03\/KVmx.jpg","datePublished":"2026-03-13T11:03:00+00:00","breadcrumb":{"@id":"https:\/\/www.livemag.it\/index.php\/2026\/03\/13\/cirio-riforma-della-giustizia-fondamentale-per-democrazia-e-liberta-del-paese\/#breadcrumb"},"inLanguage":"it-IT","potentialAction":[{"@type":"ReadAction","target":["https:\/\/www.livemag.it\/index.php\/2026\/03\/13\/cirio-riforma-della-giustizia-fondamentale-per-democrazia-e-liberta-del-paese\/"]}]},{"@type":"ImageObject","inLanguage":"it-IT","@id":"https:\/\/www.livemag.it\/index.php\/2026\/03\/13\/cirio-riforma-della-giustizia-fondamentale-per-democrazia-e-liberta-del-paese\/#primaryimage","url":"https:\/\/www.livemag.it\/wp-content\/uploads\/2026\/03\/KVmx.jpg","contentUrl":"https:\/\/www.livemag.it\/wp-content\/uploads\/2026\/03\/KVmx.jpg","width":1920,"height":1080},{"@type":"BreadcrumbList","@id":"https:\/\/www.livemag.it\/index.php\/2026\/03\/13\/cirio-riforma-della-giustizia-fondamentale-per-democrazia-e-liberta-del-paese\/#breadcrumb","itemListElement":[{"@type":"ListItem","position":1,"name":"Home","item":"https:\/\/www.livemag.it\/"},{"@type":"ListItem","position":2,"name":"Cirio &#8220;Riforma della giustizia fondamentale per democrazia e libert\u00e0 del Paese&#8221;"}]},{"@type":"WebSite","@id":"https:\/\/www.livemag.it\/#website","url":"https:\/\/www.livemag.it\/","name":"Live Magazine","description":"Varie ed eventi","publisher":{"@id":"https:\/\/www.livemag.it\/#organization"},"potentialAction":[{"@type":"SearchAction","target":{"@type":"EntryPoint","urlTemplate":"https:\/\/www.livemag.it\/?s={search_term_string}"},"query-input":{"@type":"PropertyValueSpecification","valueRequired":true,"valueName":"search_term_string"}}],"inLanguage":"it-IT"},{"@type":"Organization","@id":"https:\/\/www.livemag.it\/#organization","name":"LiveMag","alternateName":"LiveMag News ed eventi","url":"https:\/\/www.livemag.it\/","logo":{"@type":"ImageObject","inLanguage":"it-IT","@id":"https:\/\/www.livemag.it\/#\/schema\/logo\/image\/","url":"https:\/\/www.livemag.it\/wp-content\/uploads\/2024\/02\/immagine-sito.jpg","contentUrl":"https:\/\/www.livemag.it\/wp-content\/uploads\/2024\/02\/immagine-sito.jpg","width":696,"height":696,"caption":"LiveMag"},"image":{"@id":"https:\/\/www.livemag.it\/#\/schema\/logo\/image\/"},"sameAs":["https:\/\/www.facebook.com\/LiveMag\/","https:\/\/x.com\/LiveNotizie","https:\/\/www.instagram.com\/livemag\/"]},{"@type":"Person","@id":"https:\/\/www.livemag.it\/#\/schema\/person\/b62c5f44451fdcdaeb0afe6c2424e73c","name":"italpress","image":{"@type":"ImageObject","inLanguage":"it-IT","@id":"https:\/\/secure.gravatar.com\/avatar\/b6a21695fc713ce7ee312cf57c97e2e641feb365be72d8745574d3c3e2b59066?s=96&r=g","url":"https:\/\/secure.gravatar.com\/avatar\/b6a21695fc713ce7ee312cf57c97e2e641feb365be72d8745574d3c3e2b59066?s=96&r=g","contentUrl":"https:\/\/secure.gravatar.com\/avatar\/b6a21695fc713ce7ee312cf57c97e2e641feb365be72d8745574d3c3e2b59066?s=96&r=g","caption":"italpress"},"description":"Italpress \u00e8 un'agenzia di stampa italiana a carattere nazionale.","url":"https:\/\/www.livemag.it\/index.php\/author\/italpress\/"}]}},"jetpack_featured_media_url":"https:\/\/www.livemag.it\/wp-content\/uploads\/2026\/03\/KVmx.jpg","_links":{"self":[{"href":"https:\/\/www.livemag.it\/index.php\/wp-json\/wp\/v2\/posts\/71530","targetHints":{"allow":["GET"]}}],"collection":[{"href":"https:\/\/www.livemag.it\/index.php\/wp-json\/wp\/v2\/posts"}],"about":[{"href":"https:\/\/www.livemag.it\/index.php\/wp-json\/wp\/v2\/types\/post"}],"author":[{"embeddable":true,"href":"https:\/\/www.livemag.it\/index.php\/wp-json\/wp\/v2\/users\/16"}],"replies":[{"embeddable":true,"href":"https:\/\/www.livemag.it\/index.php\/wp-json\/wp\/v2\/comments?post=71530"}],"version-history":[{"count":0,"href":"https:\/\/www.livemag.it\/index.php\/wp-json\/wp\/v2\/posts\/71530\/revisions"}],"wp:featuredmedia":[{"embeddable":true,"href":"https:\/\/www.livemag.it\/index.php\/wp-json\/wp\/v2\/media\/71531"}],"wp:attachment":[{"href":"https:\/\/www.livemag.it\/index.php\/wp-json\/wp\/v2\/media?parent=71530"}],"wp:term":[{"taxonomy":"category","embeddable":true,"href":"https:\/\/www.livemag.it\/index.php\/wp-json\/wp\/v2\/categories?post=71530"},{"taxonomy":"post_tag","embeddable":true,"href":"https:\/\/www.livemag.it\/index.php\/wp-json\/wp\/v2\/tags?post=71530"}],"curies":[{"name":"wp","href":"https:\/\/api.w.org\/{rel}","templated":true}]}}