{"id":71510,"date":"2026-03-13T00:02:51","date_gmt":"2026-03-12T23:02:51","guid":{"rendered":"https:\/\/www.livemag.it\/index.php\/2026\/03\/13\/referendum-meloni-con-la-separazione-delle-carriere-avviciniamo-italia-a-ue\/"},"modified":"2026-03-13T00:02:51","modified_gmt":"2026-03-12T23:02:51","slug":"referendum-meloni-con-la-separazione-delle-carriere-avviciniamo-italia-a-ue","status":"publish","type":"post","link":"https:\/\/www.livemag.it\/index.php\/2026\/03\/13\/referendum-meloni-con-la-separazione-delle-carriere-avviciniamo-italia-a-ue\/","title":{"rendered":"Referendum, Meloni \u201cCon la separazione delle carriere avviciniamo Italia a Ue\u201d"},"content":{"rendered":"<div>\n<p>MILANO (ITALPRESS) \u2013 Il governo viene accusato \u201cdi deriva<br \/>illiberale, questo non torna perch\u00e8 la separazione delle carriere<br \/>\u00e8 in vigore in 21 dei 27 paesi Ue. O sono tutti scivolati verso<br \/>la deriva illiberale o sono tutti avanti e noi siamo rimasti<br \/>indietro. Ci accusano di essere anti europeisti ma ci attaccano se vogliamo avvicinare l\u2019Italia al resto d\u2019Europa\u201d. Lo ha detto la premier Giorgia Meloni, intervenendo all\u2019evento sul referendum<br \/>della giustizia al Teatro Franco Parenti di Milano, promosso dai<br \/>gruppi parlamentari di Fdi di Camera e Senato. <br \/>\u201cNon facciamo questa riforma perch\u00e8 ce l\u2019abbiamo con qualcuno, qui nessuno ha in mente di liberarci della magistratura. Quello che noi abbiamo in mente \u00e8 sistemare quello che non funziona, anche per i magistrati, ma soprattutto per i cittadini, perch\u00e8 quello che non funziona lo pagano gli italiani. Noi a loro abbiamo promesso una nazione migliore\u201d, ha spiegato la presidente del Consiglio.<br \/>\u201cLa riforma della giustizia \u00e8 sostenuta con convinzione da tantissimi magistrati, perch\u00e8 serve a restituire alla magistratura quel prestigio umiliato da logiche correntiste e<br \/>restituire ai cittadini la fiducia nella giustizia\u201d, ha aggiunto.<br \/>\u201cQuesto referendum \u00e8 un\u2019occasione straordinaria, non dovete voltarvi dall\u2019altra parte, non stavolta, non restate a casa, vi riguarda tutti. Noi ce la stiamo mettendo tutta per modernizzare questo Paese per\u00f2 questa volta non ce la facciamo da soli, abbiamo bisogno di voi \u2013 ha proseguito Meloni -. Perch\u00e8 quel segno, quella croce sul si, \u00e8 pi\u00f9 di una croce sul foglio, \u00e8 l\u2019idea del Paese in cui crediamo, il futuro che vogliamo lasciare ai nostri figli. Insieme possiamo aprire una pagina nuova per la giustizia italiana, per la nostra nazione. Quando gli italiani decidono di scrivere il proprio futuro non c\u2019\u00e8 niente che li possa fermare\u201d. Lo ha detto la presidente del Consiglio Giorgia Meloni, intervenendo all\u2019evento sul referendum della giustizia al Teatro Franco Parenti di Milano, promosso dai gruppi parlamentari di Fdi di Camera e Senato. \u201cVotate no contro la Meloni? Intanto non c\u2019\u00e8 nessuna possibilit\u00e0 che io mi dimetta, voglio arrivare alla fine della legislatura \u2013 ha aggiunto poi la premier -. Voglio farmi giudicare sul complesso del mio lavoro: quindi se non amate questo governo ma vi piace la riforma potete votare si. Avrete comunque occasione di mandare a casa questo governo alle prossime politiche, intanto per\u00f2 avrete una giustizia riformata e pi\u00f9 moderna\u201d. Questa riforma \u201cnon serve al governo, serve a tutti i cittadini, anche quelli che non votano e non mi detestano\u201d, ha concluso.<\/p>\n<p>\u2013 Foto IPA Agency \u2013<\/p>\n<p>(ITALPRESS).<\/p>\n<\/div>\n","protected":false},"excerpt":{"rendered":"<p>MILANO (ITALPRESS) \u2013 Il governo viene accusato \u201cdi derivailliberale, questo non torna perch\u00e8 la separazione delle carriere\u00e8 in vigore in 21 dei 27 paesi Ue. O sono tutti scivolati versola deriva illiberale o sono tutti avanti e noi siamo rimastiindietro. Ci accusano di essere anti europeisti ma ci attaccano se vogliamo avvicinare l\u2019Italia al resto [&hellip;]<\/p>\n","protected":false},"author":16,"featured_media":71511,"comment_status":"closed","ping_status":"closed","sticky":false,"template":"","format":"standard","meta":{"jnews-multi-image_gallery":[],"jnews_single_post":[],"jnews_primary_category":[],"jnews_social_meta":[],"jnews_override_counter":[],"jnews_post_split":[],"footnotes":""},"categories":[1129],"tags":[],"class_list":["post-71510","post","type-post","status-publish","format-standard","has-post-thumbnail","hentry","category-mondo"],"yoast_head":"<!-- This site is optimized with the Yoast SEO plugin v27.5 - https:\/\/yoast.com\/product\/yoast-seo-wordpress\/ -->\n<title>Referendum, Meloni \u201cCon la separazione delle carriere avviciniamo Italia a Ue\u201d - Live Magazine<\/title>\n<meta name=\"robots\" content=\"index, follow, max-snippet:-1, max-image-preview:large, max-video-preview:-1\" \/>\n<link rel=\"canonical\" href=\"https:\/\/www.livemag.it\/index.php\/2026\/03\/13\/referendum-meloni-con-la-separazione-delle-carriere-avviciniamo-italia-a-ue\/\" \/>\n<meta property=\"og:locale\" content=\"it_IT\" \/>\n<meta property=\"og:type\" content=\"article\" \/>\n<meta property=\"og:title\" content=\"Referendum, Meloni \u201cCon la separazione delle carriere avviciniamo Italia a Ue\u201d - Live Magazine\" \/>\n<meta property=\"og:description\" content=\"MILANO (ITALPRESS) \u2013 Il governo viene accusato \u201cdi derivailliberale, questo non torna perch\u00e8 la separazione delle carriere\u00e8 in vigore in 21 dei 27 paesi Ue. O sono tutti scivolati versola deriva illiberale o sono tutti avanti e noi siamo rimastiindietro. Ci accusano di essere anti europeisti ma ci attaccano se vogliamo avvicinare l\u2019Italia al resto [&hellip;]\" \/>\n<meta property=\"og:url\" content=\"https:\/\/www.livemag.it\/index.php\/2026\/03\/13\/referendum-meloni-con-la-separazione-delle-carriere-avviciniamo-italia-a-ue\/\" \/>\n<meta property=\"og:site_name\" content=\"Live Magazine\" \/>\n<meta property=\"article:publisher\" content=\"https:\/\/www.facebook.com\/LiveMag\/\" \/>\n<meta property=\"article:published_time\" content=\"2026-03-12T23:02:51+00:00\" \/>\n<meta property=\"og:image\" content=\"https:\/\/www.livemag.it\/wp-content\/uploads\/2024\/02\/ograph.jpg\" \/>\n\t<meta property=\"og:image:width\" content=\"1200\" \/>\n\t<meta property=\"og:image:height\" content=\"675\" \/>\n\t<meta property=\"og:image:type\" content=\"image\/jpeg\" \/>\n<meta name=\"author\" content=\"italpress\" \/>\n<meta name=\"twitter:card\" content=\"summary_large_image\" \/>\n<meta name=\"twitter:creator\" content=\"@LiveNotizie\" \/>\n<meta name=\"twitter:site\" content=\"@LiveNotizie\" \/>\n<meta name=\"twitter:label1\" content=\"Scritto da\" \/>\n\t<meta name=\"twitter:data1\" content=\"italpress\" \/>\n\t<meta name=\"twitter:label2\" content=\"Tempo di lettura stimato\" \/>\n\t<meta name=\"twitter:data2\" content=\"2 minuti\" \/>\n<script type=\"application\/ld+json\" class=\"yoast-schema-graph\">{\"@context\":\"https:\\\/\\\/schema.org\",\"@graph\":[{\"@type\":\"Article\",\"@id\":\"https:\\\/\\\/www.livemag.it\\\/index.php\\\/2026\\\/03\\\/13\\\/referendum-meloni-con-la-separazione-delle-carriere-avviciniamo-italia-a-ue\\\/#article\",\"isPartOf\":{\"@id\":\"https:\\\/\\\/www.livemag.it\\\/index.php\\\/2026\\\/03\\\/13\\\/referendum-meloni-con-la-separazione-delle-carriere-avviciniamo-italia-a-ue\\\/\"},\"author\":{\"name\":\"italpress\",\"@id\":\"https:\\\/\\\/www.livemag.it\\\/#\\\/schema\\\/person\\\/b62c5f44451fdcdaeb0afe6c2424e73c\"},\"headline\":\"Referendum, Meloni \u201cCon la separazione delle carriere avviciniamo Italia a Ue\u201d\",\"datePublished\":\"2026-03-12T23:02:51+00:00\",\"mainEntityOfPage\":{\"@id\":\"https:\\\/\\\/www.livemag.it\\\/index.php\\\/2026\\\/03\\\/13\\\/referendum-meloni-con-la-separazione-delle-carriere-avviciniamo-italia-a-ue\\\/\"},\"wordCount\":419,\"publisher\":{\"@id\":\"https:\\\/\\\/www.livemag.it\\\/#organization\"},\"image\":{\"@id\":\"https:\\\/\\\/www.livemag.it\\\/index.php\\\/2026\\\/03\\\/13\\\/referendum-meloni-con-la-separazione-delle-carriere-avviciniamo-italia-a-ue\\\/#primaryimage\"},\"thumbnailUrl\":\"https:\\\/\\\/www.livemag.it\\\/wp-content\\\/uploads\\\/2026\\\/03\\\/20260312_3004.jpg\",\"articleSection\":[\"Mondo\"],\"inLanguage\":\"it-IT\"},{\"@type\":\"WebPage\",\"@id\":\"https:\\\/\\\/www.livemag.it\\\/index.php\\\/2026\\\/03\\\/13\\\/referendum-meloni-con-la-separazione-delle-carriere-avviciniamo-italia-a-ue\\\/\",\"url\":\"https:\\\/\\\/www.livemag.it\\\/index.php\\\/2026\\\/03\\\/13\\\/referendum-meloni-con-la-separazione-delle-carriere-avviciniamo-italia-a-ue\\\/\",\"name\":\"Referendum, Meloni \u201cCon la separazione delle carriere avviciniamo Italia a Ue\u201d - Live Magazine\",\"isPartOf\":{\"@id\":\"https:\\\/\\\/www.livemag.it\\\/#website\"},\"primaryImageOfPage\":{\"@id\":\"https:\\\/\\\/www.livemag.it\\\/index.php\\\/2026\\\/03\\\/13\\\/referendum-meloni-con-la-separazione-delle-carriere-avviciniamo-italia-a-ue\\\/#primaryimage\"},\"image\":{\"@id\":\"https:\\\/\\\/www.livemag.it\\\/index.php\\\/2026\\\/03\\\/13\\\/referendum-meloni-con-la-separazione-delle-carriere-avviciniamo-italia-a-ue\\\/#primaryimage\"},\"thumbnailUrl\":\"https:\\\/\\\/www.livemag.it\\\/wp-content\\\/uploads\\\/2026\\\/03\\\/20260312_3004.jpg\",\"datePublished\":\"2026-03-12T23:02:51+00:00\",\"breadcrumb\":{\"@id\":\"https:\\\/\\\/www.livemag.it\\\/index.php\\\/2026\\\/03\\\/13\\\/referendum-meloni-con-la-separazione-delle-carriere-avviciniamo-italia-a-ue\\\/#breadcrumb\"},\"inLanguage\":\"it-IT\",\"potentialAction\":[{\"@type\":\"ReadAction\",\"target\":[\"https:\\\/\\\/www.livemag.it\\\/index.php\\\/2026\\\/03\\\/13\\\/referendum-meloni-con-la-separazione-delle-carriere-avviciniamo-italia-a-ue\\\/\"]}]},{\"@type\":\"ImageObject\",\"inLanguage\":\"it-IT\",\"@id\":\"https:\\\/\\\/www.livemag.it\\\/index.php\\\/2026\\\/03\\\/13\\\/referendum-meloni-con-la-separazione-delle-carriere-avviciniamo-italia-a-ue\\\/#primaryimage\",\"url\":\"https:\\\/\\\/www.livemag.it\\\/wp-content\\\/uploads\\\/2026\\\/03\\\/20260312_3004.jpg\",\"contentUrl\":\"https:\\\/\\\/www.livemag.it\\\/wp-content\\\/uploads\\\/2026\\\/03\\\/20260312_3004.jpg\",\"width\":1200,\"height\":800},{\"@type\":\"BreadcrumbList\",\"@id\":\"https:\\\/\\\/www.livemag.it\\\/index.php\\\/2026\\\/03\\\/13\\\/referendum-meloni-con-la-separazione-delle-carriere-avviciniamo-italia-a-ue\\\/#breadcrumb\",\"itemListElement\":[{\"@type\":\"ListItem\",\"position\":1,\"name\":\"Home\",\"item\":\"https:\\\/\\\/www.livemag.it\\\/\"},{\"@type\":\"ListItem\",\"position\":2,\"name\":\"Referendum, Meloni \u201cCon la separazione delle carriere avviciniamo Italia a Ue\u201d\"}]},{\"@type\":\"WebSite\",\"@id\":\"https:\\\/\\\/www.livemag.it\\\/#website\",\"url\":\"https:\\\/\\\/www.livemag.it\\\/\",\"name\":\"Live Magazine\",\"description\":\"Varie ed eventi\",\"publisher\":{\"@id\":\"https:\\\/\\\/www.livemag.it\\\/#organization\"},\"potentialAction\":[{\"@type\":\"SearchAction\",\"target\":{\"@type\":\"EntryPoint\",\"urlTemplate\":\"https:\\\/\\\/www.livemag.it\\\/?s={search_term_string}\"},\"query-input\":{\"@type\":\"PropertyValueSpecification\",\"valueRequired\":true,\"valueName\":\"search_term_string\"}}],\"inLanguage\":\"it-IT\"},{\"@type\":\"Organization\",\"@id\":\"https:\\\/\\\/www.livemag.it\\\/#organization\",\"name\":\"LiveMag\",\"alternateName\":\"LiveMag News ed eventi\",\"url\":\"https:\\\/\\\/www.livemag.it\\\/\",\"logo\":{\"@type\":\"ImageObject\",\"inLanguage\":\"it-IT\",\"@id\":\"https:\\\/\\\/www.livemag.it\\\/#\\\/schema\\\/logo\\\/image\\\/\",\"url\":\"https:\\\/\\\/www.livemag.it\\\/wp-content\\\/uploads\\\/2024\\\/02\\\/immagine-sito.jpg\",\"contentUrl\":\"https:\\\/\\\/www.livemag.it\\\/wp-content\\\/uploads\\\/2024\\\/02\\\/immagine-sito.jpg\",\"width\":696,\"height\":696,\"caption\":\"LiveMag\"},\"image\":{\"@id\":\"https:\\\/\\\/www.livemag.it\\\/#\\\/schema\\\/logo\\\/image\\\/\"},\"sameAs\":[\"https:\\\/\\\/www.facebook.com\\\/LiveMag\\\/\",\"https:\\\/\\\/x.com\\\/LiveNotizie\",\"https:\\\/\\\/www.instagram.com\\\/livemag\\\/\"]},{\"@type\":\"Person\",\"@id\":\"https:\\\/\\\/www.livemag.it\\\/#\\\/schema\\\/person\\\/b62c5f44451fdcdaeb0afe6c2424e73c\",\"name\":\"italpress\",\"image\":{\"@type\":\"ImageObject\",\"inLanguage\":\"it-IT\",\"@id\":\"https:\\\/\\\/secure.gravatar.com\\\/avatar\\\/b6a21695fc713ce7ee312cf57c97e2e641feb365be72d8745574d3c3e2b59066?s=96&r=g\",\"url\":\"https:\\\/\\\/secure.gravatar.com\\\/avatar\\\/b6a21695fc713ce7ee312cf57c97e2e641feb365be72d8745574d3c3e2b59066?s=96&r=g\",\"contentUrl\":\"https:\\\/\\\/secure.gravatar.com\\\/avatar\\\/b6a21695fc713ce7ee312cf57c97e2e641feb365be72d8745574d3c3e2b59066?s=96&r=g\",\"caption\":\"italpress\"},\"description\":\"Italpress \u00e8 un'agenzia di stampa italiana a carattere nazionale.\",\"url\":\"https:\\\/\\\/www.livemag.it\\\/index.php\\\/author\\\/italpress\\\/\"}]}<\/script>\n<!-- \/ Yoast SEO plugin. -->","yoast_head_json":{"title":"Referendum, Meloni \u201cCon la separazione delle carriere avviciniamo Italia a Ue\u201d - Live Magazine","robots":{"index":"index","follow":"follow","max-snippet":"max-snippet:-1","max-image-preview":"max-image-preview:large","max-video-preview":"max-video-preview:-1"},"canonical":"https:\/\/www.livemag.it\/index.php\/2026\/03\/13\/referendum-meloni-con-la-separazione-delle-carriere-avviciniamo-italia-a-ue\/","og_locale":"it_IT","og_type":"article","og_title":"Referendum, Meloni \u201cCon la separazione delle carriere avviciniamo Italia a Ue\u201d - Live Magazine","og_description":"MILANO (ITALPRESS) \u2013 Il governo viene accusato \u201cdi derivailliberale, questo non torna perch\u00e8 la separazione delle carriere\u00e8 in vigore in 21 dei 27 paesi Ue. O sono tutti scivolati versola deriva illiberale o sono tutti avanti e noi siamo rimastiindietro. Ci accusano di essere anti europeisti ma ci attaccano se vogliamo avvicinare l\u2019Italia al resto [&hellip;]","og_url":"https:\/\/www.livemag.it\/index.php\/2026\/03\/13\/referendum-meloni-con-la-separazione-delle-carriere-avviciniamo-italia-a-ue\/","og_site_name":"Live Magazine","article_publisher":"https:\/\/www.facebook.com\/LiveMag\/","article_published_time":"2026-03-12T23:02:51+00:00","og_image":[{"width":1200,"height":675,"url":"https:\/\/www.livemag.it\/wp-content\/uploads\/2024\/02\/ograph.jpg","type":"image\/jpeg"}],"author":"italpress","twitter_card":"summary_large_image","twitter_creator":"@LiveNotizie","twitter_site":"@LiveNotizie","twitter_misc":{"Scritto da":"italpress","Tempo di lettura stimato":"2 minuti"},"schema":{"@context":"https:\/\/schema.org","@graph":[{"@type":"Article","@id":"https:\/\/www.livemag.it\/index.php\/2026\/03\/13\/referendum-meloni-con-la-separazione-delle-carriere-avviciniamo-italia-a-ue\/#article","isPartOf":{"@id":"https:\/\/www.livemag.it\/index.php\/2026\/03\/13\/referendum-meloni-con-la-separazione-delle-carriere-avviciniamo-italia-a-ue\/"},"author":{"name":"italpress","@id":"https:\/\/www.livemag.it\/#\/schema\/person\/b62c5f44451fdcdaeb0afe6c2424e73c"},"headline":"Referendum, Meloni \u201cCon la separazione delle carriere avviciniamo Italia a Ue\u201d","datePublished":"2026-03-12T23:02:51+00:00","mainEntityOfPage":{"@id":"https:\/\/www.livemag.it\/index.php\/2026\/03\/13\/referendum-meloni-con-la-separazione-delle-carriere-avviciniamo-italia-a-ue\/"},"wordCount":419,"publisher":{"@id":"https:\/\/www.livemag.it\/#organization"},"image":{"@id":"https:\/\/www.livemag.it\/index.php\/2026\/03\/13\/referendum-meloni-con-la-separazione-delle-carriere-avviciniamo-italia-a-ue\/#primaryimage"},"thumbnailUrl":"https:\/\/www.livemag.it\/wp-content\/uploads\/2026\/03\/20260312_3004.jpg","articleSection":["Mondo"],"inLanguage":"it-IT"},{"@type":"WebPage","@id":"https:\/\/www.livemag.it\/index.php\/2026\/03\/13\/referendum-meloni-con-la-separazione-delle-carriere-avviciniamo-italia-a-ue\/","url":"https:\/\/www.livemag.it\/index.php\/2026\/03\/13\/referendum-meloni-con-la-separazione-delle-carriere-avviciniamo-italia-a-ue\/","name":"Referendum, Meloni \u201cCon la separazione delle carriere avviciniamo Italia a Ue\u201d - Live Magazine","isPartOf":{"@id":"https:\/\/www.livemag.it\/#website"},"primaryImageOfPage":{"@id":"https:\/\/www.livemag.it\/index.php\/2026\/03\/13\/referendum-meloni-con-la-separazione-delle-carriere-avviciniamo-italia-a-ue\/#primaryimage"},"image":{"@id":"https:\/\/www.livemag.it\/index.php\/2026\/03\/13\/referendum-meloni-con-la-separazione-delle-carriere-avviciniamo-italia-a-ue\/#primaryimage"},"thumbnailUrl":"https:\/\/www.livemag.it\/wp-content\/uploads\/2026\/03\/20260312_3004.jpg","datePublished":"2026-03-12T23:02:51+00:00","breadcrumb":{"@id":"https:\/\/www.livemag.it\/index.php\/2026\/03\/13\/referendum-meloni-con-la-separazione-delle-carriere-avviciniamo-italia-a-ue\/#breadcrumb"},"inLanguage":"it-IT","potentialAction":[{"@type":"ReadAction","target":["https:\/\/www.livemag.it\/index.php\/2026\/03\/13\/referendum-meloni-con-la-separazione-delle-carriere-avviciniamo-italia-a-ue\/"]}]},{"@type":"ImageObject","inLanguage":"it-IT","@id":"https:\/\/www.livemag.it\/index.php\/2026\/03\/13\/referendum-meloni-con-la-separazione-delle-carriere-avviciniamo-italia-a-ue\/#primaryimage","url":"https:\/\/www.livemag.it\/wp-content\/uploads\/2026\/03\/20260312_3004.jpg","contentUrl":"https:\/\/www.livemag.it\/wp-content\/uploads\/2026\/03\/20260312_3004.jpg","width":1200,"height":800},{"@type":"BreadcrumbList","@id":"https:\/\/www.livemag.it\/index.php\/2026\/03\/13\/referendum-meloni-con-la-separazione-delle-carriere-avviciniamo-italia-a-ue\/#breadcrumb","itemListElement":[{"@type":"ListItem","position":1,"name":"Home","item":"https:\/\/www.livemag.it\/"},{"@type":"ListItem","position":2,"name":"Referendum, Meloni \u201cCon la separazione delle carriere avviciniamo Italia a Ue\u201d"}]},{"@type":"WebSite","@id":"https:\/\/www.livemag.it\/#website","url":"https:\/\/www.livemag.it\/","name":"Live Magazine","description":"Varie ed eventi","publisher":{"@id":"https:\/\/www.livemag.it\/#organization"},"potentialAction":[{"@type":"SearchAction","target":{"@type":"EntryPoint","urlTemplate":"https:\/\/www.livemag.it\/?s={search_term_string}"},"query-input":{"@type":"PropertyValueSpecification","valueRequired":true,"valueName":"search_term_string"}}],"inLanguage":"it-IT"},{"@type":"Organization","@id":"https:\/\/www.livemag.it\/#organization","name":"LiveMag","alternateName":"LiveMag News ed eventi","url":"https:\/\/www.livemag.it\/","logo":{"@type":"ImageObject","inLanguage":"it-IT","@id":"https:\/\/www.livemag.it\/#\/schema\/logo\/image\/","url":"https:\/\/www.livemag.it\/wp-content\/uploads\/2024\/02\/immagine-sito.jpg","contentUrl":"https:\/\/www.livemag.it\/wp-content\/uploads\/2024\/02\/immagine-sito.jpg","width":696,"height":696,"caption":"LiveMag"},"image":{"@id":"https:\/\/www.livemag.it\/#\/schema\/logo\/image\/"},"sameAs":["https:\/\/www.facebook.com\/LiveMag\/","https:\/\/x.com\/LiveNotizie","https:\/\/www.instagram.com\/livemag\/"]},{"@type":"Person","@id":"https:\/\/www.livemag.it\/#\/schema\/person\/b62c5f44451fdcdaeb0afe6c2424e73c","name":"italpress","image":{"@type":"ImageObject","inLanguage":"it-IT","@id":"https:\/\/secure.gravatar.com\/avatar\/b6a21695fc713ce7ee312cf57c97e2e641feb365be72d8745574d3c3e2b59066?s=96&r=g","url":"https:\/\/secure.gravatar.com\/avatar\/b6a21695fc713ce7ee312cf57c97e2e641feb365be72d8745574d3c3e2b59066?s=96&r=g","contentUrl":"https:\/\/secure.gravatar.com\/avatar\/b6a21695fc713ce7ee312cf57c97e2e641feb365be72d8745574d3c3e2b59066?s=96&r=g","caption":"italpress"},"description":"Italpress \u00e8 un'agenzia di stampa italiana a carattere nazionale.","url":"https:\/\/www.livemag.it\/index.php\/author\/italpress\/"}]}},"jetpack_featured_media_url":"https:\/\/www.livemag.it\/wp-content\/uploads\/2026\/03\/20260312_3004.jpg","_links":{"self":[{"href":"https:\/\/www.livemag.it\/index.php\/wp-json\/wp\/v2\/posts\/71510","targetHints":{"allow":["GET"]}}],"collection":[{"href":"https:\/\/www.livemag.it\/index.php\/wp-json\/wp\/v2\/posts"}],"about":[{"href":"https:\/\/www.livemag.it\/index.php\/wp-json\/wp\/v2\/types\/post"}],"author":[{"embeddable":true,"href":"https:\/\/www.livemag.it\/index.php\/wp-json\/wp\/v2\/users\/16"}],"replies":[{"embeddable":true,"href":"https:\/\/www.livemag.it\/index.php\/wp-json\/wp\/v2\/comments?post=71510"}],"version-history":[{"count":0,"href":"https:\/\/www.livemag.it\/index.php\/wp-json\/wp\/v2\/posts\/71510\/revisions"}],"wp:featuredmedia":[{"embeddable":true,"href":"https:\/\/www.livemag.it\/index.php\/wp-json\/wp\/v2\/media\/71511"}],"wp:attachment":[{"href":"https:\/\/www.livemag.it\/index.php\/wp-json\/wp\/v2\/media?parent=71510"}],"wp:term":[{"taxonomy":"category","embeddable":true,"href":"https:\/\/www.livemag.it\/index.php\/wp-json\/wp\/v2\/categories?post=71510"},{"taxonomy":"post_tag","embeddable":true,"href":"https:\/\/www.livemag.it\/index.php\/wp-json\/wp\/v2\/tags?post=71510"}],"curies":[{"name":"wp","href":"https:\/\/api.w.org\/{rel}","templated":true}]}}