{"id":71486,"date":"2026-03-12T18:05:35","date_gmt":"2026-03-12T17:05:35","guid":{"rendered":"https:\/\/www.livemag.it\/index.php\/2026\/03\/12\/giornata-della-libera-professione-da-inarcassa-due-richieste-al-governo\/"},"modified":"2026-03-12T18:05:35","modified_gmt":"2026-03-12T17:05:35","slug":"giornata-della-libera-professione-da-inarcassa-due-richieste-al-governo","status":"publish","type":"post","link":"https:\/\/www.livemag.it\/index.php\/2026\/03\/12\/giornata-della-libera-professione-da-inarcassa-due-richieste-al-governo\/","title":{"rendered":"Giornata della Libera Professione, da Inarcassa due richieste al Governo"},"content":{"rendered":"<div>\n<p>ROMA (ITALPRESS) \u2013 E\u2019 una fotografia nitida quella che Inarcassa e Fondazione Inarcassa hanno presentato a Roma, nella seconda edizione della Giornata della Libera Professione. I dati parlano chiaro: gli ingegneri e gli architetti che operano in forma di Societ\u00e0 tra Professionisti (StP) realizzano un reddito medio 2,1 volte superiore rispetto a chi lavora individualmente. Tra i pi\u00f9 giovani, la forbice si allarga ancora: per gli ingegneri under 35, il reddito medio in StP \u00e8 3,46 volte pi\u00f9 alto; per i giovani architetti, 2,59 volte. Eppure, nonostante questi numeri, le StP rappresentano appena lo 0,8% del totale dei professionisti iscritti a Inarcassa: 1.336 realt\u00e0 aggregate contro 172.807 liberi professionisti individuali.<br \/>Il convegno per la seconda edizione della Giornata della Libera Professione, ospitato al Centro Congressi Roma Eventi \u201cFontana di Trevi\u201d ha riunito parlamentari, rappresentanti del Governo e vertici delle principali associazioni di categoria e i presidenti delle sigle co-organizzatrici del convegno, attive nella costruzione delle tematiche e delle istanze da rivolgere alle istituzioni: CNAPPC, CNI, Federarchitetti, Inarsind, ASSO Ingegneri e Architetti, ALA, AIDIA. Per i saluti istituzionali \u00e8 intervenuto il Ministro del Lavoro e delle Politiche Sociali Marina Calderone, che ha riconosciuto il peso strategico dei liberi professionisti e ha illustrato le misure gi\u00e0 in campo \u2013 il rafforzamento dell\u2019equo compenso, la riforma degli ordinamenti professionali, il nuovo Codice degli incentivi che abbatte le barriere nell\u2019accesso al sostegno pubblico per i lavoratori autonomi \u2013 e ha indicato la direzione: \u201cDobbiamo puntare sulla qualit\u00e0 e sulla pluralit\u00e0 delle forme di lavoro. Il futuro del lavoro italiano sar\u00e0 sempre pi\u00f9 plurale\u201d.<br \/>Ad aprire i lavori \u00e8 stato il Presidente di Inarcassa, Massimo Garbari, che ha inquadrato i risultati dello studio in una prospettiva di sistema. Presentando i dati, ha sottolineato come i risultati suggeriscano \u201cinequivocabilmente che una StP ha un elevato potenziale di sviluppo della professione e della carriera professionale\u201d. Tuttavia, anche se \u201cnon possiamo affermare con assoluta certezza che la partecipazione a una STP generi automaticamente redditi pi\u00f9 elevati rispetto ad altre forme di esercizio, ci\u00f2 che \u00e8 certo \u00e8 che lavorare insieme consente di affrontare meglio le sfide, di competere meglio sui mercati e di sostenere la transizione ecologica e digitale\u201d.<br \/>Lo studio, realizzato da Fondazione Inarcassa con Ref Ricerche e Cbe su dati relativi all\u2019anno di imposta 2023, \u00e8 il primo a misurare con questa granularit\u00e0 il valore economico dell\u2019aggregazione professionale. La distribuzione per fasce d\u2019et\u00e0 dei soci StP \u00e8 sostanzialmente omogenea, con una leggera prevalenza nella fascia 36-45 anni. Il divario reddituale rispetto ai colleghi individuali \u00e8 per\u00f2 consistente in tutte le fasce: il caso pi\u00f9 eclatante riguarda gli ingegneri under 35, che in StP raggiungono un reddito medio di oltre 123.000 euro, contro i 31.500 circa dei colleghi che lavorano da soli. Tra gli architetti, il picco si registra nella fascia 46-55 anni, dove i soci StP arrivano a oltre 126.000 euro.<br \/>Geograficamente, il fenomeno \u00e8 ancora concentrato al Nord: il 55% delle StP ha sede nelle regioni settentrionali, che producono il 64% del fatturato complessivo del settore. Il Centro pesa per il 26% delle strutture e il 22% del fatturato; il Sud per il 19% e il 14%. Il volume include anche un confronto con i principali modelli aggregativi europei e i risultati di un sondaggio su oltre 2.000 professionisti: l\u201988% manifesta un interesse medio-alto verso le forme aggregate, e il 68% le associa all\u2019opportunit\u00e0 di ampliare le occasioni di lavoro e le competenze.<\/p>\n<p>\u2013 foto ufficio stampa Inarcassa \u2013<br \/>(ITALPRESS).<\/p>\n<\/div>\n","protected":false},"excerpt":{"rendered":"<p>ROMA (ITALPRESS) \u2013 E\u2019 una fotografia nitida quella che Inarcassa e Fondazione Inarcassa hanno presentato a Roma, nella seconda edizione della Giornata della Libera Professione. I dati parlano chiaro: gli ingegneri e gli architetti che operano in forma di Societ\u00e0 tra Professionisti (StP) realizzano un reddito medio 2,1 volte superiore rispetto a chi lavora individualmente. [&hellip;]<\/p>\n","protected":false},"author":16,"featured_media":71487,"comment_status":"closed","ping_status":"closed","sticky":false,"template":"","format":"standard","meta":{"jnews-multi-image_gallery":[],"jnews_single_post":[],"jnews_primary_category":[],"jnews_social_meta":[],"jnews_override_counter":[],"jnews_post_split":[],"footnotes":""},"categories":[1129],"tags":[],"class_list":["post-71486","post","type-post","status-publish","format-standard","has-post-thumbnail","hentry","category-mondo"],"yoast_head":"<!-- This site is optimized with the Yoast SEO plugin v27.5 - https:\/\/yoast.com\/product\/yoast-seo-wordpress\/ -->\n<title>Giornata della Libera Professione, da Inarcassa due richieste al Governo - Live Magazine<\/title>\n<meta name=\"robots\" content=\"index, follow, max-snippet:-1, max-image-preview:large, max-video-preview:-1\" \/>\n<link rel=\"canonical\" href=\"https:\/\/www.livemag.it\/index.php\/2026\/03\/12\/giornata-della-libera-professione-da-inarcassa-due-richieste-al-governo\/\" \/>\n<meta property=\"og:locale\" content=\"it_IT\" \/>\n<meta property=\"og:type\" content=\"article\" \/>\n<meta property=\"og:title\" content=\"Giornata della Libera Professione, da Inarcassa due richieste al Governo - Live Magazine\" \/>\n<meta property=\"og:description\" content=\"ROMA (ITALPRESS) \u2013 E\u2019 una fotografia nitida quella che Inarcassa e Fondazione Inarcassa hanno presentato a Roma, nella seconda edizione della Giornata della Libera Professione. I dati parlano chiaro: gli ingegneri e gli architetti che operano in forma di Societ\u00e0 tra Professionisti (StP) realizzano un reddito medio 2,1 volte superiore rispetto a chi lavora individualmente. [&hellip;]\" \/>\n<meta property=\"og:url\" content=\"https:\/\/www.livemag.it\/index.php\/2026\/03\/12\/giornata-della-libera-professione-da-inarcassa-due-richieste-al-governo\/\" \/>\n<meta property=\"og:site_name\" content=\"Live Magazine\" \/>\n<meta property=\"article:publisher\" content=\"https:\/\/www.facebook.com\/LiveMag\/\" \/>\n<meta property=\"article:published_time\" content=\"2026-03-12T17:05:35+00:00\" \/>\n<meta property=\"og:image\" content=\"https:\/\/www.livemag.it\/wp-content\/uploads\/2024\/02\/ograph.jpg\" \/>\n\t<meta property=\"og:image:width\" content=\"1200\" \/>\n\t<meta property=\"og:image:height\" content=\"675\" \/>\n\t<meta property=\"og:image:type\" content=\"image\/jpeg\" \/>\n<meta name=\"author\" content=\"italpress\" \/>\n<meta name=\"twitter:card\" content=\"summary_large_image\" \/>\n<meta name=\"twitter:creator\" content=\"@LiveNotizie\" \/>\n<meta name=\"twitter:site\" content=\"@LiveNotizie\" \/>\n<meta name=\"twitter:label1\" content=\"Scritto da\" \/>\n\t<meta name=\"twitter:data1\" content=\"italpress\" \/>\n\t<meta name=\"twitter:label2\" content=\"Tempo di lettura stimato\" \/>\n\t<meta name=\"twitter:data2\" content=\"3 minuti\" \/>\n<script type=\"application\/ld+json\" class=\"yoast-schema-graph\">{\"@context\":\"https:\\\/\\\/schema.org\",\"@graph\":[{\"@type\":\"Article\",\"@id\":\"https:\\\/\\\/www.livemag.it\\\/index.php\\\/2026\\\/03\\\/12\\\/giornata-della-libera-professione-da-inarcassa-due-richieste-al-governo\\\/#article\",\"isPartOf\":{\"@id\":\"https:\\\/\\\/www.livemag.it\\\/index.php\\\/2026\\\/03\\\/12\\\/giornata-della-libera-professione-da-inarcassa-due-richieste-al-governo\\\/\"},\"author\":{\"name\":\"italpress\",\"@id\":\"https:\\\/\\\/www.livemag.it\\\/#\\\/schema\\\/person\\\/b62c5f44451fdcdaeb0afe6c2424e73c\"},\"headline\":\"Giornata della Libera Professione, da Inarcassa due richieste al Governo\",\"datePublished\":\"2026-03-12T17:05:35+00:00\",\"mainEntityOfPage\":{\"@id\":\"https:\\\/\\\/www.livemag.it\\\/index.php\\\/2026\\\/03\\\/12\\\/giornata-della-libera-professione-da-inarcassa-due-richieste-al-governo\\\/\"},\"wordCount\":557,\"publisher\":{\"@id\":\"https:\\\/\\\/www.livemag.it\\\/#organization\"},\"image\":{\"@id\":\"https:\\\/\\\/www.livemag.it\\\/index.php\\\/2026\\\/03\\\/12\\\/giornata-della-libera-professione-da-inarcassa-due-richieste-al-governo\\\/#primaryimage\"},\"thumbnailUrl\":\"https:\\\/\\\/www.livemag.it\\\/wp-content\\\/uploads\\\/2026\\\/03\\\/20260312_2254.jpg\",\"articleSection\":[\"Mondo\"],\"inLanguage\":\"it-IT\"},{\"@type\":\"WebPage\",\"@id\":\"https:\\\/\\\/www.livemag.it\\\/index.php\\\/2026\\\/03\\\/12\\\/giornata-della-libera-professione-da-inarcassa-due-richieste-al-governo\\\/\",\"url\":\"https:\\\/\\\/www.livemag.it\\\/index.php\\\/2026\\\/03\\\/12\\\/giornata-della-libera-professione-da-inarcassa-due-richieste-al-governo\\\/\",\"name\":\"Giornata della Libera Professione, da Inarcassa due richieste al Governo - Live Magazine\",\"isPartOf\":{\"@id\":\"https:\\\/\\\/www.livemag.it\\\/#website\"},\"primaryImageOfPage\":{\"@id\":\"https:\\\/\\\/www.livemag.it\\\/index.php\\\/2026\\\/03\\\/12\\\/giornata-della-libera-professione-da-inarcassa-due-richieste-al-governo\\\/#primaryimage\"},\"image\":{\"@id\":\"https:\\\/\\\/www.livemag.it\\\/index.php\\\/2026\\\/03\\\/12\\\/giornata-della-libera-professione-da-inarcassa-due-richieste-al-governo\\\/#primaryimage\"},\"thumbnailUrl\":\"https:\\\/\\\/www.livemag.it\\\/wp-content\\\/uploads\\\/2026\\\/03\\\/20260312_2254.jpg\",\"datePublished\":\"2026-03-12T17:05:35+00:00\",\"breadcrumb\":{\"@id\":\"https:\\\/\\\/www.livemag.it\\\/index.php\\\/2026\\\/03\\\/12\\\/giornata-della-libera-professione-da-inarcassa-due-richieste-al-governo\\\/#breadcrumb\"},\"inLanguage\":\"it-IT\",\"potentialAction\":[{\"@type\":\"ReadAction\",\"target\":[\"https:\\\/\\\/www.livemag.it\\\/index.php\\\/2026\\\/03\\\/12\\\/giornata-della-libera-professione-da-inarcassa-due-richieste-al-governo\\\/\"]}]},{\"@type\":\"ImageObject\",\"inLanguage\":\"it-IT\",\"@id\":\"https:\\\/\\\/www.livemag.it\\\/index.php\\\/2026\\\/03\\\/12\\\/giornata-della-libera-professione-da-inarcassa-due-richieste-al-governo\\\/#primaryimage\",\"url\":\"https:\\\/\\\/www.livemag.it\\\/wp-content\\\/uploads\\\/2026\\\/03\\\/20260312_2254.jpg\",\"contentUrl\":\"https:\\\/\\\/www.livemag.it\\\/wp-content\\\/uploads\\\/2026\\\/03\\\/20260312_2254.jpg\",\"width\":800,\"height\":575},{\"@type\":\"BreadcrumbList\",\"@id\":\"https:\\\/\\\/www.livemag.it\\\/index.php\\\/2026\\\/03\\\/12\\\/giornata-della-libera-professione-da-inarcassa-due-richieste-al-governo\\\/#breadcrumb\",\"itemListElement\":[{\"@type\":\"ListItem\",\"position\":1,\"name\":\"Home\",\"item\":\"https:\\\/\\\/www.livemag.it\\\/\"},{\"@type\":\"ListItem\",\"position\":2,\"name\":\"Giornata della Libera Professione, da Inarcassa due richieste al Governo\"}]},{\"@type\":\"WebSite\",\"@id\":\"https:\\\/\\\/www.livemag.it\\\/#website\",\"url\":\"https:\\\/\\\/www.livemag.it\\\/\",\"name\":\"Live Magazine\",\"description\":\"Varie ed eventi\",\"publisher\":{\"@id\":\"https:\\\/\\\/www.livemag.it\\\/#organization\"},\"potentialAction\":[{\"@type\":\"SearchAction\",\"target\":{\"@type\":\"EntryPoint\",\"urlTemplate\":\"https:\\\/\\\/www.livemag.it\\\/?s={search_term_string}\"},\"query-input\":{\"@type\":\"PropertyValueSpecification\",\"valueRequired\":true,\"valueName\":\"search_term_string\"}}],\"inLanguage\":\"it-IT\"},{\"@type\":\"Organization\",\"@id\":\"https:\\\/\\\/www.livemag.it\\\/#organization\",\"name\":\"LiveMag\",\"alternateName\":\"LiveMag News ed eventi\",\"url\":\"https:\\\/\\\/www.livemag.it\\\/\",\"logo\":{\"@type\":\"ImageObject\",\"inLanguage\":\"it-IT\",\"@id\":\"https:\\\/\\\/www.livemag.it\\\/#\\\/schema\\\/logo\\\/image\\\/\",\"url\":\"https:\\\/\\\/www.livemag.it\\\/wp-content\\\/uploads\\\/2024\\\/02\\\/immagine-sito.jpg\",\"contentUrl\":\"https:\\\/\\\/www.livemag.it\\\/wp-content\\\/uploads\\\/2024\\\/02\\\/immagine-sito.jpg\",\"width\":696,\"height\":696,\"caption\":\"LiveMag\"},\"image\":{\"@id\":\"https:\\\/\\\/www.livemag.it\\\/#\\\/schema\\\/logo\\\/image\\\/\"},\"sameAs\":[\"https:\\\/\\\/www.facebook.com\\\/LiveMag\\\/\",\"https:\\\/\\\/x.com\\\/LiveNotizie\",\"https:\\\/\\\/www.instagram.com\\\/livemag\\\/\"]},{\"@type\":\"Person\",\"@id\":\"https:\\\/\\\/www.livemag.it\\\/#\\\/schema\\\/person\\\/b62c5f44451fdcdaeb0afe6c2424e73c\",\"name\":\"italpress\",\"image\":{\"@type\":\"ImageObject\",\"inLanguage\":\"it-IT\",\"@id\":\"https:\\\/\\\/secure.gravatar.com\\\/avatar\\\/b6a21695fc713ce7ee312cf57c97e2e641feb365be72d8745574d3c3e2b59066?s=96&r=g\",\"url\":\"https:\\\/\\\/secure.gravatar.com\\\/avatar\\\/b6a21695fc713ce7ee312cf57c97e2e641feb365be72d8745574d3c3e2b59066?s=96&r=g\",\"contentUrl\":\"https:\\\/\\\/secure.gravatar.com\\\/avatar\\\/b6a21695fc713ce7ee312cf57c97e2e641feb365be72d8745574d3c3e2b59066?s=96&r=g\",\"caption\":\"italpress\"},\"description\":\"Italpress \u00e8 un'agenzia di stampa italiana a carattere nazionale.\",\"url\":\"https:\\\/\\\/www.livemag.it\\\/index.php\\\/author\\\/italpress\\\/\"}]}<\/script>\n<!-- \/ Yoast SEO plugin. -->","yoast_head_json":{"title":"Giornata della Libera Professione, da Inarcassa due richieste al Governo - Live Magazine","robots":{"index":"index","follow":"follow","max-snippet":"max-snippet:-1","max-image-preview":"max-image-preview:large","max-video-preview":"max-video-preview:-1"},"canonical":"https:\/\/www.livemag.it\/index.php\/2026\/03\/12\/giornata-della-libera-professione-da-inarcassa-due-richieste-al-governo\/","og_locale":"it_IT","og_type":"article","og_title":"Giornata della Libera Professione, da Inarcassa due richieste al Governo - Live Magazine","og_description":"ROMA (ITALPRESS) \u2013 E\u2019 una fotografia nitida quella che Inarcassa e Fondazione Inarcassa hanno presentato a Roma, nella seconda edizione della Giornata della Libera Professione. I dati parlano chiaro: gli ingegneri e gli architetti che operano in forma di Societ\u00e0 tra Professionisti (StP) realizzano un reddito medio 2,1 volte superiore rispetto a chi lavora individualmente. [&hellip;]","og_url":"https:\/\/www.livemag.it\/index.php\/2026\/03\/12\/giornata-della-libera-professione-da-inarcassa-due-richieste-al-governo\/","og_site_name":"Live Magazine","article_publisher":"https:\/\/www.facebook.com\/LiveMag\/","article_published_time":"2026-03-12T17:05:35+00:00","og_image":[{"width":1200,"height":675,"url":"https:\/\/www.livemag.it\/wp-content\/uploads\/2024\/02\/ograph.jpg","type":"image\/jpeg"}],"author":"italpress","twitter_card":"summary_large_image","twitter_creator":"@LiveNotizie","twitter_site":"@LiveNotizie","twitter_misc":{"Scritto da":"italpress","Tempo di lettura stimato":"3 minuti"},"schema":{"@context":"https:\/\/schema.org","@graph":[{"@type":"Article","@id":"https:\/\/www.livemag.it\/index.php\/2026\/03\/12\/giornata-della-libera-professione-da-inarcassa-due-richieste-al-governo\/#article","isPartOf":{"@id":"https:\/\/www.livemag.it\/index.php\/2026\/03\/12\/giornata-della-libera-professione-da-inarcassa-due-richieste-al-governo\/"},"author":{"name":"italpress","@id":"https:\/\/www.livemag.it\/#\/schema\/person\/b62c5f44451fdcdaeb0afe6c2424e73c"},"headline":"Giornata della Libera Professione, da Inarcassa due richieste al Governo","datePublished":"2026-03-12T17:05:35+00:00","mainEntityOfPage":{"@id":"https:\/\/www.livemag.it\/index.php\/2026\/03\/12\/giornata-della-libera-professione-da-inarcassa-due-richieste-al-governo\/"},"wordCount":557,"publisher":{"@id":"https:\/\/www.livemag.it\/#organization"},"image":{"@id":"https:\/\/www.livemag.it\/index.php\/2026\/03\/12\/giornata-della-libera-professione-da-inarcassa-due-richieste-al-governo\/#primaryimage"},"thumbnailUrl":"https:\/\/www.livemag.it\/wp-content\/uploads\/2026\/03\/20260312_2254.jpg","articleSection":["Mondo"],"inLanguage":"it-IT"},{"@type":"WebPage","@id":"https:\/\/www.livemag.it\/index.php\/2026\/03\/12\/giornata-della-libera-professione-da-inarcassa-due-richieste-al-governo\/","url":"https:\/\/www.livemag.it\/index.php\/2026\/03\/12\/giornata-della-libera-professione-da-inarcassa-due-richieste-al-governo\/","name":"Giornata della Libera Professione, da Inarcassa due richieste al Governo - Live Magazine","isPartOf":{"@id":"https:\/\/www.livemag.it\/#website"},"primaryImageOfPage":{"@id":"https:\/\/www.livemag.it\/index.php\/2026\/03\/12\/giornata-della-libera-professione-da-inarcassa-due-richieste-al-governo\/#primaryimage"},"image":{"@id":"https:\/\/www.livemag.it\/index.php\/2026\/03\/12\/giornata-della-libera-professione-da-inarcassa-due-richieste-al-governo\/#primaryimage"},"thumbnailUrl":"https:\/\/www.livemag.it\/wp-content\/uploads\/2026\/03\/20260312_2254.jpg","datePublished":"2026-03-12T17:05:35+00:00","breadcrumb":{"@id":"https:\/\/www.livemag.it\/index.php\/2026\/03\/12\/giornata-della-libera-professione-da-inarcassa-due-richieste-al-governo\/#breadcrumb"},"inLanguage":"it-IT","potentialAction":[{"@type":"ReadAction","target":["https:\/\/www.livemag.it\/index.php\/2026\/03\/12\/giornata-della-libera-professione-da-inarcassa-due-richieste-al-governo\/"]}]},{"@type":"ImageObject","inLanguage":"it-IT","@id":"https:\/\/www.livemag.it\/index.php\/2026\/03\/12\/giornata-della-libera-professione-da-inarcassa-due-richieste-al-governo\/#primaryimage","url":"https:\/\/www.livemag.it\/wp-content\/uploads\/2026\/03\/20260312_2254.jpg","contentUrl":"https:\/\/www.livemag.it\/wp-content\/uploads\/2026\/03\/20260312_2254.jpg","width":800,"height":575},{"@type":"BreadcrumbList","@id":"https:\/\/www.livemag.it\/index.php\/2026\/03\/12\/giornata-della-libera-professione-da-inarcassa-due-richieste-al-governo\/#breadcrumb","itemListElement":[{"@type":"ListItem","position":1,"name":"Home","item":"https:\/\/www.livemag.it\/"},{"@type":"ListItem","position":2,"name":"Giornata della Libera Professione, da Inarcassa due richieste al Governo"}]},{"@type":"WebSite","@id":"https:\/\/www.livemag.it\/#website","url":"https:\/\/www.livemag.it\/","name":"Live Magazine","description":"Varie ed eventi","publisher":{"@id":"https:\/\/www.livemag.it\/#organization"},"potentialAction":[{"@type":"SearchAction","target":{"@type":"EntryPoint","urlTemplate":"https:\/\/www.livemag.it\/?s={search_term_string}"},"query-input":{"@type":"PropertyValueSpecification","valueRequired":true,"valueName":"search_term_string"}}],"inLanguage":"it-IT"},{"@type":"Organization","@id":"https:\/\/www.livemag.it\/#organization","name":"LiveMag","alternateName":"LiveMag News ed eventi","url":"https:\/\/www.livemag.it\/","logo":{"@type":"ImageObject","inLanguage":"it-IT","@id":"https:\/\/www.livemag.it\/#\/schema\/logo\/image\/","url":"https:\/\/www.livemag.it\/wp-content\/uploads\/2024\/02\/immagine-sito.jpg","contentUrl":"https:\/\/www.livemag.it\/wp-content\/uploads\/2024\/02\/immagine-sito.jpg","width":696,"height":696,"caption":"LiveMag"},"image":{"@id":"https:\/\/www.livemag.it\/#\/schema\/logo\/image\/"},"sameAs":["https:\/\/www.facebook.com\/LiveMag\/","https:\/\/x.com\/LiveNotizie","https:\/\/www.instagram.com\/livemag\/"]},{"@type":"Person","@id":"https:\/\/www.livemag.it\/#\/schema\/person\/b62c5f44451fdcdaeb0afe6c2424e73c","name":"italpress","image":{"@type":"ImageObject","inLanguage":"it-IT","@id":"https:\/\/secure.gravatar.com\/avatar\/b6a21695fc713ce7ee312cf57c97e2e641feb365be72d8745574d3c3e2b59066?s=96&r=g","url":"https:\/\/secure.gravatar.com\/avatar\/b6a21695fc713ce7ee312cf57c97e2e641feb365be72d8745574d3c3e2b59066?s=96&r=g","contentUrl":"https:\/\/secure.gravatar.com\/avatar\/b6a21695fc713ce7ee312cf57c97e2e641feb365be72d8745574d3c3e2b59066?s=96&r=g","caption":"italpress"},"description":"Italpress \u00e8 un'agenzia di stampa italiana a carattere nazionale.","url":"https:\/\/www.livemag.it\/index.php\/author\/italpress\/"}]}},"jetpack_featured_media_url":"https:\/\/www.livemag.it\/wp-content\/uploads\/2026\/03\/20260312_2254.jpg","_links":{"self":[{"href":"https:\/\/www.livemag.it\/index.php\/wp-json\/wp\/v2\/posts\/71486","targetHints":{"allow":["GET"]}}],"collection":[{"href":"https:\/\/www.livemag.it\/index.php\/wp-json\/wp\/v2\/posts"}],"about":[{"href":"https:\/\/www.livemag.it\/index.php\/wp-json\/wp\/v2\/types\/post"}],"author":[{"embeddable":true,"href":"https:\/\/www.livemag.it\/index.php\/wp-json\/wp\/v2\/users\/16"}],"replies":[{"embeddable":true,"href":"https:\/\/www.livemag.it\/index.php\/wp-json\/wp\/v2\/comments?post=71486"}],"version-history":[{"count":0,"href":"https:\/\/www.livemag.it\/index.php\/wp-json\/wp\/v2\/posts\/71486\/revisions"}],"wp:featuredmedia":[{"embeddable":true,"href":"https:\/\/www.livemag.it\/index.php\/wp-json\/wp\/v2\/media\/71487"}],"wp:attachment":[{"href":"https:\/\/www.livemag.it\/index.php\/wp-json\/wp\/v2\/media?parent=71486"}],"wp:term":[{"taxonomy":"category","embeddable":true,"href":"https:\/\/www.livemag.it\/index.php\/wp-json\/wp\/v2\/categories?post=71486"},{"taxonomy":"post_tag","embeddable":true,"href":"https:\/\/www.livemag.it\/index.php\/wp-json\/wp\/v2\/tags?post=71486"}],"curies":[{"name":"wp","href":"https:\/\/api.w.org\/{rel}","templated":true}]}}