{"id":71484,"date":"2026-03-12T18:05:32","date_gmt":"2026-03-12T17:05:32","guid":{"rendered":"https:\/\/www.livemag.it\/index.php\/2026\/03\/12\/cyber-index-pmi-cresce-la-consapevolezza-digitale-delle-imprese\/"},"modified":"2026-03-12T18:05:32","modified_gmt":"2026-03-12T17:05:32","slug":"cyber-index-pmi-cresce-la-consapevolezza-digitale-delle-imprese","status":"publish","type":"post","link":"https:\/\/www.livemag.it\/index.php\/2026\/03\/12\/cyber-index-pmi-cresce-la-consapevolezza-digitale-delle-imprese\/","title":{"rendered":"Cyber Index PMI, cresce la consapevolezza digitale delle imprese"},"content":{"rendered":"<div>\n<p>ROMA (ITALPRESS) \u2013 E\u2019 stato presentato, presso la sede romana di Generali, il terzo Rapporto Cyber Index PMI, l\u2019indice che valuta il livello di consapevolezza e maturit\u00e0 delle piccole e medie imprese italiane nella gestione dei rischi digitali. Cyber Index PMI \u00e8 un\u2019iniziativa promossa da Confindustria e Generali, con il contributo scientifico degli Osservatori Digital Innovation del Politecnico di Milano e la partnership istituzionale dell\u2019Agenzia per la Cybersicurezza Nazionale, con l\u2019obiettivo di monitorare nel tempo l\u2019evoluzione della postura di sicurezza del tessuto imprenditoriale italiano, intesa come capacit\u00e0 di governare il rischio cyber attraverso scelte strategiche, assetti organizzativi, processi e strumenti adeguati.<br \/>\nMassimo Monacelli, General Manager di Generali Italia, sottolinea: \u2018Vogliamo essere protagonisti nell\u2019ambito delle trasformazioni che fanno parte della nostra societ\u00e0 e della nostra economia e lo facciamo vicino alle piccole e medie imprese italiane, che per noi sono un partner fondamentale. Il Cyber Index non \u00e8 solo uno studio scientifico: ha l\u2019ambizione di essere uno strumento pragmatico e concreto attraverso il quale promuovere la cultura del rischio digitale in Itali\u00e0.<br \/>\nBarbara Lucini, Responsabile Country Sustainability &amp; Social Responsibility di Generali Italia ha dichiarato: \u2018Le piccole e medie imprese italiane rappresentano una componente essenziale del tessuto economico e sociale del Paese: sostenerne la capacit\u00e0 di affrontare le sfide legate alla trasformazione tecnologica significa rafforzare la solidit\u00e0 e la continuit\u00e0 del sistema produttivo nel lungo periodo. In questo contesto, Generali interpreta il proprio ruolo di Partner del Paese come un impegno concreto ad affiancare le imprese, non solo attraverso soluzioni assicurative, ma anche favorendo consapevolezza, prevenzione e capacit\u00e0 di risposta di fronte alle minacce digitali. Con il Cyber Index PMI mettiamo a disposizione competenze, esperienza e strumenti per aiutare le aziende a comprendere la propria esposizione, a gestire i rischi legati all\u2019operativit\u00e0 digitale e a integrare prevenzione, protezione e copertura assicurativa in un approccio responsabile e orientato al lungo period\u00f2.<br \/>\nFausto Bianchi, Presidente di Piccola Industria, Confindustria ha dichiarato: \u2018Se vogliamo che le PMI italiane colmino il gap di produttivit\u00e0 che scontano con i principali partner europei, la trasformazione digitale \u00e8 un passo necessario. Digitalizzare senza proteggersi, per\u00f2, espone le imprese a rischi concreti: oggi chi non garantisce standard minimi di sicurezza informatica rischia di essere escluso dalle filiere produttive. Confindustria lavora su pi\u00f9 fronti: dialoghiamo con le istituzioni nazionali ed europee per un\u2019adozione efficace di normative cogenti come il NIS2 e il Cyber Resilience Act e informiamo le PMI sui fondi e sulle agevolazioni disponibili per la messa in sicurezza. Sostenere le piccole imprese in questo percorso non \u00e8 solo una priorit\u00e0 di Piccola Industria, ma una condizione essenziale per la competitivit\u00e0 dell\u2019intero sistema Paes\u00e8.<br \/>\nPietro Labriola, Delegato del Presidente di Confindustria per la Transizione Digitale ha dichiarato: \u2018La sovranit\u00e0 digitale europea si costruisce anche attraverso le scelte quotidiane delle imprese. Servono pi\u00f9 trasparenza lungo la filiera tecnologica, requisiti minimi di sicurezza nei contratti e criteri di procurement che valorizzino soluzioni verificabili, affidabili e resilienti. E\u2019 una questione di fiducia industriale e di autonomia tecnologica. In questo contesto la cybersecurity diventa una leva strategica per la competitivit\u00e0 e un presidio fondamentale di sicurezza economica e nazionale. Per questo l\u2019Italia deve puntare su regole chiare e stabili, su incentivi che orientino gli investimenti e su un modello di collaborazione pubblico-privato capace di rafforzare e proteggere l\u2019intero ecosistema produttivo. Il Cyber Index PMI mostra che la consapevolezza sta crescendo, ma il salto di qualit\u00e0 passa dall\u2019esecuzione: governance, gestione del rischio e competenze. Come Confindustria vogliamo accompagnare le imprese in questo percorso con strumenti operativi, standard di riferimento e iniziative concrete che rendano la sicurezza accessibile a tutto il sistema produttivo, soprattutto alle realt\u00e0 pi\u00f9 piccol\u00e8.<br \/>\nRemo Marini, Group Chief Security Officer di Assicurazioni Generali ha dichiarato: \u2018Oggi la sicurezza informatica non \u00e8 pi\u00f9 solo un tema tecnologico, ma una condizione essenziale per la competitivit\u00e0 delle imprese. Con la rapida diffusione dell\u2019intelligenza artificiale, che sta ridefinendo sia le opportunit\u00e0 sia le minacce nel cyberspazio \u2013 amplificando la capacit\u00e0 dei criminali informatici di automatizzare e rendere pi\u00f9 sofisticati gli attacchi, di generare campagne di phishing sempre pi\u00f9 credibili e individuare nuove vulnerabilit\u00e0 \u2013 rafforzare la cultura cyber tra le PMI significa proteggere la crescita e la resilienza dell\u2019intero sistema economico.\u2019<br \/>\nAlessandro Piva, Direttore dell\u2019Osservatorio Cybersecurity &amp; Data Protection del Politecnico di Milano ha dichiarato: \u2018Il 2025 ha rappresentato un vero punto di svolta nelle relazioni geopolitiche e nel progresso tecnologico rendendo le minacce cyber ancor pi\u00f9 sofisticate e complesse da gestire. Lo scenario rischia di inasprirsi ulteriormente nonostante il livello record che ha gi\u00e0 raggiunto: negli ultimi 3 anni quasi una PMI su quattro ha subito una violazione informatica. Il livello di consapevolezza e preparazione delle imprese migliora, ma ancora non ha raggiunto i risultati sperati. E\u2019 importante reagire come sistema Italia e Europa per garantire un livello comune di preparazione sufficiente ad affrontare un rischio che diventa sempre pi\u00f9 operativo. La Direttiva NIS2 sta trasformando la cybersecurity da questione tecnica a priorit\u00e0 strategica e con tutta probabilit\u00e0 assisteremo a un ulteriore accelerazione degli investimenti. Ma \u00e8 necessario comunque continuare ad accompagnare la piccola e media impresa nel percorso di trasformazione, supportandole nell\u2019introduzione di competenze e tecnologie per affrontare concretamente i rischi cyber\u2019.<br \/>\nNel terzo anno di rilevazione, le piccole e medie imprese italiane raggiungono un livello di consapevolezza in materia di sicurezza digitale pari a 55 punti su 100, segnando un incremento di 3 punti rispetto al 2024 e di 4 punti rispetto al 2023, su un campione di oltre 1.500 imprese. Un percorso di maturazione che, pur non raggiungendo la soglia di sufficienza fissata a 60 su 100, evidenzia una marcata polarizzazione tra un nucleo ristretto di imprese pi\u00f9 mature e una vasta platea ancora esposta ai rischi. Cyber Index PMI \u00e8 elaborato sulla base di tre dimensioni:<br \/>\napproccio strategico, che riguarda il coinvolgimento del management, la definizione di investimenti dedicati e la formalizzazione delle responsabilit\u00e0 in materia di sicurezza digitale; identificazione, ovvero la capacit\u00e0 di comprendere il fenomeno cyber, individuare le minacce, mappare gli asset e valutare i rischi in modo strutturato; attuazione, che misura l\u2019introduzione di strumenti, processi e soluzioni operative per mitigare il rischio e rispondere agli incidenti.<br \/>\nIl Rapporto evidenzia un progresso significativo sull\u2019approccio strategico, che raggiunge la piena sufficienza, grazie a una maggiore attenzione alla governance del rischio e alla pianificazione degli investimenti da parte delle PMI italiane, con un punteggio medio di 62 su 100 (+6 punti percentuali rispetto al 2024). Permangono invece alcune criticit\u00e0 nelle fasi successive del percorso. Nonostante una crescente consapevolezza del rischio, molte PMI faticano a tradurre la strategia in priorit\u00e0 operative, soprattutto per la mancanza di adeguate attivit\u00e0 di identificazione, che registrano un punteggio medio di 47 su 100 (+2 punti rispetto al 2024). La dimensione dell\u2019attuazione si attesta infine su 57 su 100, un valore stabile rispetto all\u2019anno precedente, indicando che l\u2019introduzione di misure concrete di protezione procede pi\u00f9 lentamente rispetto alla definizione delle strategie.<br \/>\nI rispondenti, rappresentativi dell\u2019intera popolazione di PMI italiane, possono essere raggruppati in 4 livelli di maturit\u00e0:<br \/>\nil 16% \u00e8 considerato maturo: ha un approccio strategico alla materia, \u00e8 pienamente consapevole dei rischi ed \u00e8 in grado di mettere in campo le corrette leve di attuazione con iniziative che riguardano persone, processi e tecnologie; il 32% pu\u00f2 essere definito consapevole: \u00e8 in grado di comprendere le implicazioni dei rischi cyber ma con una capacit\u00e0 operativa spesso ridotta per poter agire correttamente; il 38% \u00e8 informato: non pienamente consapevole dei rischi cyber e degli strumenti da mettere in atto, ha un approccio \u2018artigianal\u00e8; il 14% pu\u00f2 essere definito principiante: poco consapevole dei rischi cyber e con una quasi nulla implementazione delle misure di protezione.<br \/>\nPer la prima volta, le imprese mature superano numericamente le principianti, queste ultime in calo di 6 punti rispetto alla prima rilevazione, ma il 70% delle PMI resta concentrato nei livelli intermedi, caratterizzati da una conoscenza del rischio che non si traduce ancora in una capacit\u00e0 di difesa efficace.<br \/>\n-foto ufficio stampa Generali \u2013<br \/>\n(ITALPRESS).<\/p>\n<\/div>\n","protected":false},"excerpt":{"rendered":"<p>ROMA (ITALPRESS) \u2013 E\u2019 stato presentato, presso la sede romana di Generali, il terzo Rapporto Cyber Index PMI, l\u2019indice che valuta il livello di consapevolezza e maturit\u00e0 delle piccole e medie imprese italiane nella gestione dei rischi digitali. Cyber Index PMI \u00e8 un\u2019iniziativa promossa da Confindustria e Generali, con il contributo scientifico degli Osservatori Digital [&hellip;]<\/p>\n","protected":false},"author":16,"featured_media":71485,"comment_status":"closed","ping_status":"closed","sticky":false,"template":"","format":"standard","meta":{"jnews-multi-image_gallery":[],"jnews_single_post":[],"jnews_primary_category":[],"jnews_social_meta":[],"jnews_override_counter":[],"jnews_post_split":[],"footnotes":""},"categories":[1129],"tags":[],"class_list":["post-71484","post","type-post","status-publish","format-standard","has-post-thumbnail","hentry","category-mondo"],"yoast_head":"<!-- This site is optimized with the Yoast SEO plugin v27.5 - https:\/\/yoast.com\/product\/yoast-seo-wordpress\/ -->\n<title>Cyber Index PMI, cresce la consapevolezza digitale delle imprese - Live Magazine<\/title>\n<meta name=\"robots\" content=\"index, follow, max-snippet:-1, max-image-preview:large, max-video-preview:-1\" \/>\n<link rel=\"canonical\" href=\"https:\/\/www.livemag.it\/index.php\/2026\/03\/12\/cyber-index-pmi-cresce-la-consapevolezza-digitale-delle-imprese\/\" \/>\n<meta property=\"og:locale\" content=\"it_IT\" \/>\n<meta property=\"og:type\" content=\"article\" \/>\n<meta property=\"og:title\" content=\"Cyber Index PMI, cresce la consapevolezza digitale delle imprese - Live Magazine\" \/>\n<meta property=\"og:description\" content=\"ROMA (ITALPRESS) \u2013 E\u2019 stato presentato, presso la sede romana di Generali, il terzo Rapporto Cyber Index PMI, l\u2019indice che valuta il livello di consapevolezza e maturit\u00e0 delle piccole e medie imprese italiane nella gestione dei rischi digitali. Cyber Index PMI \u00e8 un\u2019iniziativa promossa da Confindustria e Generali, con il contributo scientifico degli Osservatori Digital [&hellip;]\" \/>\n<meta property=\"og:url\" content=\"https:\/\/www.livemag.it\/index.php\/2026\/03\/12\/cyber-index-pmi-cresce-la-consapevolezza-digitale-delle-imprese\/\" \/>\n<meta property=\"og:site_name\" content=\"Live Magazine\" \/>\n<meta property=\"article:publisher\" content=\"https:\/\/www.facebook.com\/LiveMag\/\" \/>\n<meta property=\"article:published_time\" content=\"2026-03-12T17:05:32+00:00\" \/>\n<meta property=\"og:image\" content=\"https:\/\/www.livemag.it\/wp-content\/uploads\/2024\/02\/ograph.jpg\" \/>\n\t<meta property=\"og:image:width\" content=\"1200\" \/>\n\t<meta property=\"og:image:height\" content=\"675\" \/>\n\t<meta property=\"og:image:type\" content=\"image\/jpeg\" \/>\n<meta name=\"author\" content=\"italpress\" \/>\n<meta name=\"twitter:card\" content=\"summary_large_image\" \/>\n<meta name=\"twitter:creator\" content=\"@LiveNotizie\" \/>\n<meta name=\"twitter:site\" content=\"@LiveNotizie\" \/>\n<meta name=\"twitter:label1\" content=\"Scritto da\" \/>\n\t<meta name=\"twitter:data1\" content=\"italpress\" \/>\n\t<meta name=\"twitter:label2\" content=\"Tempo di lettura stimato\" \/>\n\t<meta name=\"twitter:data2\" content=\"7 minuti\" \/>\n<script type=\"application\/ld+json\" class=\"yoast-schema-graph\">{\"@context\":\"https:\\\/\\\/schema.org\",\"@graph\":[{\"@type\":\"Article\",\"@id\":\"https:\\\/\\\/www.livemag.it\\\/index.php\\\/2026\\\/03\\\/12\\\/cyber-index-pmi-cresce-la-consapevolezza-digitale-delle-imprese\\\/#article\",\"isPartOf\":{\"@id\":\"https:\\\/\\\/www.livemag.it\\\/index.php\\\/2026\\\/03\\\/12\\\/cyber-index-pmi-cresce-la-consapevolezza-digitale-delle-imprese\\\/\"},\"author\":{\"name\":\"italpress\",\"@id\":\"https:\\\/\\\/www.livemag.it\\\/#\\\/schema\\\/person\\\/b62c5f44451fdcdaeb0afe6c2424e73c\"},\"headline\":\"Cyber Index PMI, cresce la consapevolezza digitale delle imprese\",\"datePublished\":\"2026-03-12T17:05:32+00:00\",\"mainEntityOfPage\":{\"@id\":\"https:\\\/\\\/www.livemag.it\\\/index.php\\\/2026\\\/03\\\/12\\\/cyber-index-pmi-cresce-la-consapevolezza-digitale-delle-imprese\\\/\"},\"wordCount\":1310,\"publisher\":{\"@id\":\"https:\\\/\\\/www.livemag.it\\\/#organization\"},\"image\":{\"@id\":\"https:\\\/\\\/www.livemag.it\\\/index.php\\\/2026\\\/03\\\/12\\\/cyber-index-pmi-cresce-la-consapevolezza-digitale-delle-imprese\\\/#primaryimage\"},\"thumbnailUrl\":\"https:\\\/\\\/www.livemag.it\\\/wp-content\\\/uploads\\\/2026\\\/03\\\/20260312_1340.jpg\",\"articleSection\":[\"Mondo\"],\"inLanguage\":\"it-IT\"},{\"@type\":\"WebPage\",\"@id\":\"https:\\\/\\\/www.livemag.it\\\/index.php\\\/2026\\\/03\\\/12\\\/cyber-index-pmi-cresce-la-consapevolezza-digitale-delle-imprese\\\/\",\"url\":\"https:\\\/\\\/www.livemag.it\\\/index.php\\\/2026\\\/03\\\/12\\\/cyber-index-pmi-cresce-la-consapevolezza-digitale-delle-imprese\\\/\",\"name\":\"Cyber Index PMI, cresce la consapevolezza digitale delle imprese - Live Magazine\",\"isPartOf\":{\"@id\":\"https:\\\/\\\/www.livemag.it\\\/#website\"},\"primaryImageOfPage\":{\"@id\":\"https:\\\/\\\/www.livemag.it\\\/index.php\\\/2026\\\/03\\\/12\\\/cyber-index-pmi-cresce-la-consapevolezza-digitale-delle-imprese\\\/#primaryimage\"},\"image\":{\"@id\":\"https:\\\/\\\/www.livemag.it\\\/index.php\\\/2026\\\/03\\\/12\\\/cyber-index-pmi-cresce-la-consapevolezza-digitale-delle-imprese\\\/#primaryimage\"},\"thumbnailUrl\":\"https:\\\/\\\/www.livemag.it\\\/wp-content\\\/uploads\\\/2026\\\/03\\\/20260312_1340.jpg\",\"datePublished\":\"2026-03-12T17:05:32+00:00\",\"breadcrumb\":{\"@id\":\"https:\\\/\\\/www.livemag.it\\\/index.php\\\/2026\\\/03\\\/12\\\/cyber-index-pmi-cresce-la-consapevolezza-digitale-delle-imprese\\\/#breadcrumb\"},\"inLanguage\":\"it-IT\",\"potentialAction\":[{\"@type\":\"ReadAction\",\"target\":[\"https:\\\/\\\/www.livemag.it\\\/index.php\\\/2026\\\/03\\\/12\\\/cyber-index-pmi-cresce-la-consapevolezza-digitale-delle-imprese\\\/\"]}]},{\"@type\":\"ImageObject\",\"inLanguage\":\"it-IT\",\"@id\":\"https:\\\/\\\/www.livemag.it\\\/index.php\\\/2026\\\/03\\\/12\\\/cyber-index-pmi-cresce-la-consapevolezza-digitale-delle-imprese\\\/#primaryimage\",\"url\":\"https:\\\/\\\/www.livemag.it\\\/wp-content\\\/uploads\\\/2026\\\/03\\\/20260312_1340.jpg\",\"contentUrl\":\"https:\\\/\\\/www.livemag.it\\\/wp-content\\\/uploads\\\/2026\\\/03\\\/20260312_1340.jpg\",\"width\":1439,\"height\":912},{\"@type\":\"BreadcrumbList\",\"@id\":\"https:\\\/\\\/www.livemag.it\\\/index.php\\\/2026\\\/03\\\/12\\\/cyber-index-pmi-cresce-la-consapevolezza-digitale-delle-imprese\\\/#breadcrumb\",\"itemListElement\":[{\"@type\":\"ListItem\",\"position\":1,\"name\":\"Home\",\"item\":\"https:\\\/\\\/www.livemag.it\\\/\"},{\"@type\":\"ListItem\",\"position\":2,\"name\":\"Cyber Index PMI, cresce la consapevolezza digitale delle imprese\"}]},{\"@type\":\"WebSite\",\"@id\":\"https:\\\/\\\/www.livemag.it\\\/#website\",\"url\":\"https:\\\/\\\/www.livemag.it\\\/\",\"name\":\"Live Magazine\",\"description\":\"Varie ed eventi\",\"publisher\":{\"@id\":\"https:\\\/\\\/www.livemag.it\\\/#organization\"},\"potentialAction\":[{\"@type\":\"SearchAction\",\"target\":{\"@type\":\"EntryPoint\",\"urlTemplate\":\"https:\\\/\\\/www.livemag.it\\\/?s={search_term_string}\"},\"query-input\":{\"@type\":\"PropertyValueSpecification\",\"valueRequired\":true,\"valueName\":\"search_term_string\"}}],\"inLanguage\":\"it-IT\"},{\"@type\":\"Organization\",\"@id\":\"https:\\\/\\\/www.livemag.it\\\/#organization\",\"name\":\"LiveMag\",\"alternateName\":\"LiveMag News ed eventi\",\"url\":\"https:\\\/\\\/www.livemag.it\\\/\",\"logo\":{\"@type\":\"ImageObject\",\"inLanguage\":\"it-IT\",\"@id\":\"https:\\\/\\\/www.livemag.it\\\/#\\\/schema\\\/logo\\\/image\\\/\",\"url\":\"https:\\\/\\\/www.livemag.it\\\/wp-content\\\/uploads\\\/2024\\\/02\\\/immagine-sito.jpg\",\"contentUrl\":\"https:\\\/\\\/www.livemag.it\\\/wp-content\\\/uploads\\\/2024\\\/02\\\/immagine-sito.jpg\",\"width\":696,\"height\":696,\"caption\":\"LiveMag\"},\"image\":{\"@id\":\"https:\\\/\\\/www.livemag.it\\\/#\\\/schema\\\/logo\\\/image\\\/\"},\"sameAs\":[\"https:\\\/\\\/www.facebook.com\\\/LiveMag\\\/\",\"https:\\\/\\\/x.com\\\/LiveNotizie\",\"https:\\\/\\\/www.instagram.com\\\/livemag\\\/\"]},{\"@type\":\"Person\",\"@id\":\"https:\\\/\\\/www.livemag.it\\\/#\\\/schema\\\/person\\\/b62c5f44451fdcdaeb0afe6c2424e73c\",\"name\":\"italpress\",\"image\":{\"@type\":\"ImageObject\",\"inLanguage\":\"it-IT\",\"@id\":\"https:\\\/\\\/secure.gravatar.com\\\/avatar\\\/b6a21695fc713ce7ee312cf57c97e2e641feb365be72d8745574d3c3e2b59066?s=96&r=g\",\"url\":\"https:\\\/\\\/secure.gravatar.com\\\/avatar\\\/b6a21695fc713ce7ee312cf57c97e2e641feb365be72d8745574d3c3e2b59066?s=96&r=g\",\"contentUrl\":\"https:\\\/\\\/secure.gravatar.com\\\/avatar\\\/b6a21695fc713ce7ee312cf57c97e2e641feb365be72d8745574d3c3e2b59066?s=96&r=g\",\"caption\":\"italpress\"},\"description\":\"Italpress \u00e8 un'agenzia di stampa italiana a carattere nazionale.\",\"url\":\"https:\\\/\\\/www.livemag.it\\\/index.php\\\/author\\\/italpress\\\/\"}]}<\/script>\n<!-- \/ Yoast SEO plugin. -->","yoast_head_json":{"title":"Cyber Index PMI, cresce la consapevolezza digitale delle imprese - Live Magazine","robots":{"index":"index","follow":"follow","max-snippet":"max-snippet:-1","max-image-preview":"max-image-preview:large","max-video-preview":"max-video-preview:-1"},"canonical":"https:\/\/www.livemag.it\/index.php\/2026\/03\/12\/cyber-index-pmi-cresce-la-consapevolezza-digitale-delle-imprese\/","og_locale":"it_IT","og_type":"article","og_title":"Cyber Index PMI, cresce la consapevolezza digitale delle imprese - Live Magazine","og_description":"ROMA (ITALPRESS) \u2013 E\u2019 stato presentato, presso la sede romana di Generali, il terzo Rapporto Cyber Index PMI, l\u2019indice che valuta il livello di consapevolezza e maturit\u00e0 delle piccole e medie imprese italiane nella gestione dei rischi digitali. Cyber Index PMI \u00e8 un\u2019iniziativa promossa da Confindustria e Generali, con il contributo scientifico degli Osservatori Digital [&hellip;]","og_url":"https:\/\/www.livemag.it\/index.php\/2026\/03\/12\/cyber-index-pmi-cresce-la-consapevolezza-digitale-delle-imprese\/","og_site_name":"Live Magazine","article_publisher":"https:\/\/www.facebook.com\/LiveMag\/","article_published_time":"2026-03-12T17:05:32+00:00","og_image":[{"width":1200,"height":675,"url":"https:\/\/www.livemag.it\/wp-content\/uploads\/2024\/02\/ograph.jpg","type":"image\/jpeg"}],"author":"italpress","twitter_card":"summary_large_image","twitter_creator":"@LiveNotizie","twitter_site":"@LiveNotizie","twitter_misc":{"Scritto da":"italpress","Tempo di lettura stimato":"7 minuti"},"schema":{"@context":"https:\/\/schema.org","@graph":[{"@type":"Article","@id":"https:\/\/www.livemag.it\/index.php\/2026\/03\/12\/cyber-index-pmi-cresce-la-consapevolezza-digitale-delle-imprese\/#article","isPartOf":{"@id":"https:\/\/www.livemag.it\/index.php\/2026\/03\/12\/cyber-index-pmi-cresce-la-consapevolezza-digitale-delle-imprese\/"},"author":{"name":"italpress","@id":"https:\/\/www.livemag.it\/#\/schema\/person\/b62c5f44451fdcdaeb0afe6c2424e73c"},"headline":"Cyber Index PMI, cresce la consapevolezza digitale delle imprese","datePublished":"2026-03-12T17:05:32+00:00","mainEntityOfPage":{"@id":"https:\/\/www.livemag.it\/index.php\/2026\/03\/12\/cyber-index-pmi-cresce-la-consapevolezza-digitale-delle-imprese\/"},"wordCount":1310,"publisher":{"@id":"https:\/\/www.livemag.it\/#organization"},"image":{"@id":"https:\/\/www.livemag.it\/index.php\/2026\/03\/12\/cyber-index-pmi-cresce-la-consapevolezza-digitale-delle-imprese\/#primaryimage"},"thumbnailUrl":"https:\/\/www.livemag.it\/wp-content\/uploads\/2026\/03\/20260312_1340.jpg","articleSection":["Mondo"],"inLanguage":"it-IT"},{"@type":"WebPage","@id":"https:\/\/www.livemag.it\/index.php\/2026\/03\/12\/cyber-index-pmi-cresce-la-consapevolezza-digitale-delle-imprese\/","url":"https:\/\/www.livemag.it\/index.php\/2026\/03\/12\/cyber-index-pmi-cresce-la-consapevolezza-digitale-delle-imprese\/","name":"Cyber Index PMI, cresce la consapevolezza digitale delle imprese - Live Magazine","isPartOf":{"@id":"https:\/\/www.livemag.it\/#website"},"primaryImageOfPage":{"@id":"https:\/\/www.livemag.it\/index.php\/2026\/03\/12\/cyber-index-pmi-cresce-la-consapevolezza-digitale-delle-imprese\/#primaryimage"},"image":{"@id":"https:\/\/www.livemag.it\/index.php\/2026\/03\/12\/cyber-index-pmi-cresce-la-consapevolezza-digitale-delle-imprese\/#primaryimage"},"thumbnailUrl":"https:\/\/www.livemag.it\/wp-content\/uploads\/2026\/03\/20260312_1340.jpg","datePublished":"2026-03-12T17:05:32+00:00","breadcrumb":{"@id":"https:\/\/www.livemag.it\/index.php\/2026\/03\/12\/cyber-index-pmi-cresce-la-consapevolezza-digitale-delle-imprese\/#breadcrumb"},"inLanguage":"it-IT","potentialAction":[{"@type":"ReadAction","target":["https:\/\/www.livemag.it\/index.php\/2026\/03\/12\/cyber-index-pmi-cresce-la-consapevolezza-digitale-delle-imprese\/"]}]},{"@type":"ImageObject","inLanguage":"it-IT","@id":"https:\/\/www.livemag.it\/index.php\/2026\/03\/12\/cyber-index-pmi-cresce-la-consapevolezza-digitale-delle-imprese\/#primaryimage","url":"https:\/\/www.livemag.it\/wp-content\/uploads\/2026\/03\/20260312_1340.jpg","contentUrl":"https:\/\/www.livemag.it\/wp-content\/uploads\/2026\/03\/20260312_1340.jpg","width":1439,"height":912},{"@type":"BreadcrumbList","@id":"https:\/\/www.livemag.it\/index.php\/2026\/03\/12\/cyber-index-pmi-cresce-la-consapevolezza-digitale-delle-imprese\/#breadcrumb","itemListElement":[{"@type":"ListItem","position":1,"name":"Home","item":"https:\/\/www.livemag.it\/"},{"@type":"ListItem","position":2,"name":"Cyber Index PMI, cresce la consapevolezza digitale delle imprese"}]},{"@type":"WebSite","@id":"https:\/\/www.livemag.it\/#website","url":"https:\/\/www.livemag.it\/","name":"Live Magazine","description":"Varie ed eventi","publisher":{"@id":"https:\/\/www.livemag.it\/#organization"},"potentialAction":[{"@type":"SearchAction","target":{"@type":"EntryPoint","urlTemplate":"https:\/\/www.livemag.it\/?s={search_term_string}"},"query-input":{"@type":"PropertyValueSpecification","valueRequired":true,"valueName":"search_term_string"}}],"inLanguage":"it-IT"},{"@type":"Organization","@id":"https:\/\/www.livemag.it\/#organization","name":"LiveMag","alternateName":"LiveMag News ed eventi","url":"https:\/\/www.livemag.it\/","logo":{"@type":"ImageObject","inLanguage":"it-IT","@id":"https:\/\/www.livemag.it\/#\/schema\/logo\/image\/","url":"https:\/\/www.livemag.it\/wp-content\/uploads\/2024\/02\/immagine-sito.jpg","contentUrl":"https:\/\/www.livemag.it\/wp-content\/uploads\/2024\/02\/immagine-sito.jpg","width":696,"height":696,"caption":"LiveMag"},"image":{"@id":"https:\/\/www.livemag.it\/#\/schema\/logo\/image\/"},"sameAs":["https:\/\/www.facebook.com\/LiveMag\/","https:\/\/x.com\/LiveNotizie","https:\/\/www.instagram.com\/livemag\/"]},{"@type":"Person","@id":"https:\/\/www.livemag.it\/#\/schema\/person\/b62c5f44451fdcdaeb0afe6c2424e73c","name":"italpress","image":{"@type":"ImageObject","inLanguage":"it-IT","@id":"https:\/\/secure.gravatar.com\/avatar\/b6a21695fc713ce7ee312cf57c97e2e641feb365be72d8745574d3c3e2b59066?s=96&r=g","url":"https:\/\/secure.gravatar.com\/avatar\/b6a21695fc713ce7ee312cf57c97e2e641feb365be72d8745574d3c3e2b59066?s=96&r=g","contentUrl":"https:\/\/secure.gravatar.com\/avatar\/b6a21695fc713ce7ee312cf57c97e2e641feb365be72d8745574d3c3e2b59066?s=96&r=g","caption":"italpress"},"description":"Italpress \u00e8 un'agenzia di stampa italiana a carattere nazionale.","url":"https:\/\/www.livemag.it\/index.php\/author\/italpress\/"}]}},"jetpack_featured_media_url":"https:\/\/www.livemag.it\/wp-content\/uploads\/2026\/03\/20260312_1340.jpg","_links":{"self":[{"href":"https:\/\/www.livemag.it\/index.php\/wp-json\/wp\/v2\/posts\/71484","targetHints":{"allow":["GET"]}}],"collection":[{"href":"https:\/\/www.livemag.it\/index.php\/wp-json\/wp\/v2\/posts"}],"about":[{"href":"https:\/\/www.livemag.it\/index.php\/wp-json\/wp\/v2\/types\/post"}],"author":[{"embeddable":true,"href":"https:\/\/www.livemag.it\/index.php\/wp-json\/wp\/v2\/users\/16"}],"replies":[{"embeddable":true,"href":"https:\/\/www.livemag.it\/index.php\/wp-json\/wp\/v2\/comments?post=71484"}],"version-history":[{"count":0,"href":"https:\/\/www.livemag.it\/index.php\/wp-json\/wp\/v2\/posts\/71484\/revisions"}],"wp:featuredmedia":[{"embeddable":true,"href":"https:\/\/www.livemag.it\/index.php\/wp-json\/wp\/v2\/media\/71485"}],"wp:attachment":[{"href":"https:\/\/www.livemag.it\/index.php\/wp-json\/wp\/v2\/media?parent=71484"}],"wp:term":[{"taxonomy":"category","embeddable":true,"href":"https:\/\/www.livemag.it\/index.php\/wp-json\/wp\/v2\/categories?post=71484"},{"taxonomy":"post_tag","embeddable":true,"href":"https:\/\/www.livemag.it\/index.php\/wp-json\/wp\/v2\/tags?post=71484"}],"curies":[{"name":"wp","href":"https:\/\/api.w.org\/{rel}","templated":true}]}}