{"id":71461,"date":"2026-03-12T15:03:03","date_gmt":"2026-03-12T14:03:03","guid":{"rendered":"https:\/\/www.livemag.it\/index.php\/2026\/03\/12\/automotive-nuove-generazioni-e-startup-al-centro-dellevento-top-dealers-italia\/"},"modified":"2026-03-12T15:03:03","modified_gmt":"2026-03-12T14:03:03","slug":"automotive-nuove-generazioni-e-startup-al-centro-dellevento-top-dealers-italia","status":"publish","type":"post","link":"https:\/\/www.livemag.it\/index.php\/2026\/03\/12\/automotive-nuove-generazioni-e-startup-al-centro-dellevento-top-dealers-italia\/","title":{"rendered":"Automotive, nuove generazioni e startup al centro dell\u2019evento Top Dealers Italia"},"content":{"rendered":"<div>\n<p>MILANO (ITALPRESS) \u2013 L\u2019ecosistema della distribuzione automobilistica italiana si \u00e8 riunito nella nuova sede di Tomasi Auto Milano per il primo evento 2026 di Top Dealers Italia, progetto editoriale e di networking che riunisce concessionari e partner dell\u2019innovazione automotive.<br \/>La giornata, organizzata da Caval Service, ha alternato momenti istituzionali, due talk show dedicati alle nuove generazioni dei dealer e alle startup automotive, oltre alla premiazione dei Green Top Dealers Italia 2026 e alla presentazione delle prime new entry della Guida Top Dealers Italia 2027.<br \/>L\u2019evento \u00e8 stato presentato da Ivana Gabriella Cenci. Ad aprire i lavori sono stati i saluti dei padroni di casa con Franco Tomasi, amministratore delegato di Tomasi Auto, mentre a nome dei patrocinatori (ANIASA, ASCONAUTO, Motus-E, UIGA e UNRAE), \u00e8 intervenuto Roberto Pietrantonio, presidente UNRAE, che ha sottolineato il ruolo centrale dei dealer come punto di contatto tra case automobilistiche e clienti.<br \/>Il talk show della mattinata \u00e8 stato moderato da Carlo Valente, che ha affrontato il tema delle nuove generazioni dei Top Dealers Italia nelle concessionarie italiane. Protagoniste una decina di giovani imprenditrici e un giovane imprenditore, chiamati simbolicamente a convincere Leonardo Mocarelli a proseguire la tradizione familiare che con lui arriverebbe alla quarta generazione. L\u2019obiettivo \u00e8 stato raggiunto grazie al contributo dei molti giovani dealer presenti in sala, confermando anche la crescente presenza femminile nel settore.<br \/>Dal confronto \u00e8 emersa l\u2019evoluzione del ruolo del concessionario, sempre pi\u00f9 orientato alla consulenza di mobilit\u00e0 e alla capacit\u00e0 di guidare il cliente tra diverse alimentazioni, formule di acquisto e servizi.<br \/>Nel pomeriggio spazio alle startup automotive pi\u00f9 innovative con gli interventi di Carlo Trolli (Friends of NADA), Giancarlo Vergine (Over Ventures) ed Edoardo Pasqualetti (Azimut), seguiti da testimonianze operative su piattaforme digitali, servizi di remarketing e strumenti basati sull\u2019intelligenza artificiale.<br \/>Uno dei momenti pi\u00f9 attesi \u00e8 stata la premiazione degli 11 Green Top Dealers Italia 2026, riconoscimento dedicato ai gruppi pi\u00f9 attenti alla sostenibilit\u00e0: Autoclub Group, Autoequipe Roma, Birindelli, Comer Sud, De Bona Motors, Gruppo Picca, International Motors, Rattix, Renord, Sicav 2000 \u2013 Nuova Auto Alpina, Stefauto 1952.<br \/>Nel finale dell\u2019evento sono state annunciate le prime new entry della Guida Top Dealers Italia 2027: Autoelite, Autouno Group, Barbuscia, Bonoldi, Car Room, Gruppo Catone e Prezioso Group.<br \/>Il prossimo appuntamento \u00e8 fissato per il 1\u00b0 ottobre 2026 a Milano Linate, nella nuova sede di Ambrostore, dove verr\u00e0 presentata la nuova edizione della guida Top Dealers Italia.<br \/>Tra i protagonisti dell\u2019evento anche BCA, ConformGest e TIVALE, con soluzioni dedicate alla distribuzione automotive.<br \/>BCA, fondata nel 1946 nel Regno Unito, \u00e8 una delle principali aziende europee di remarketing automotive: opera in 16 Paesi e gestisce oltre 1,5 milioni di veicoli l\u2019anno, offrendo ai concessionari quotazioni professionali e aste digitali.<br \/>ConformGest S.p.A., fondata nel 2008 da Diego Pinzano e Corrado Pinzano, \u00e8 specializzata nelle garanzie per auto usate e supporta i dealer nella gestione della Garanzia Convenzionale e della Garanzia Legale di Conformit\u00e0, con una rete nazionale di officine. Il progetto \u201cAcquisto Sicuro\u201d, sviluppato con Adiconsum, rafforza la tutela per chi acquista un\u2019auto usata.<br \/>TIVALE, nato nel 2019 da Davide Mistrangeli e Gianpiero Micale (Equs), propone un programma di Garanzia di Riacquisto che certifica il valore futuro dell\u2019auto e aiuta i concessionari a proporre formule di rinnovo programmato. Per il cliente significa conoscere in anticipo il valore dell\u2019auto e pianificare con maggiore serenit\u00e0 il cambio vettura.<\/p>\n<p>\u2013 foto ufficio stampa Top Dealers Italia \u2013<br \/>(ITALPRESS).<\/p>\n<\/div>\n","protected":false},"excerpt":{"rendered":"<p>MILANO (ITALPRESS) \u2013 L\u2019ecosistema della distribuzione automobilistica italiana si \u00e8 riunito nella nuova sede di Tomasi Auto Milano per il primo evento 2026 di Top Dealers Italia, progetto editoriale e di networking che riunisce concessionari e partner dell\u2019innovazione automotive.La giornata, organizzata da Caval Service, ha alternato momenti istituzionali, due talk show dedicati alle nuove generazioni [&hellip;]<\/p>\n","protected":false},"author":16,"featured_media":71462,"comment_status":"closed","ping_status":"closed","sticky":false,"template":"","format":"standard","meta":{"jnews-multi-image_gallery":[],"jnews_single_post":[],"jnews_primary_category":[],"jnews_social_meta":[],"jnews_override_counter":[],"jnews_post_split":[],"footnotes":""},"categories":[1129],"tags":[],"class_list":["post-71461","post","type-post","status-publish","format-standard","has-post-thumbnail","hentry","category-mondo"],"yoast_head":"<!-- This site is optimized with the Yoast SEO plugin v27.5 - https:\/\/yoast.com\/product\/yoast-seo-wordpress\/ -->\n<title>Automotive, nuove generazioni e startup al centro dell\u2019evento Top Dealers Italia - Live Magazine<\/title>\n<meta name=\"robots\" content=\"index, follow, max-snippet:-1, max-image-preview:large, max-video-preview:-1\" \/>\n<link rel=\"canonical\" href=\"https:\/\/www.livemag.it\/index.php\/2026\/03\/12\/automotive-nuove-generazioni-e-startup-al-centro-dellevento-top-dealers-italia\/\" \/>\n<meta property=\"og:locale\" content=\"it_IT\" \/>\n<meta property=\"og:type\" content=\"article\" \/>\n<meta property=\"og:title\" content=\"Automotive, nuove generazioni e startup al centro dell\u2019evento Top Dealers Italia - Live Magazine\" \/>\n<meta property=\"og:description\" content=\"MILANO (ITALPRESS) \u2013 L\u2019ecosistema della distribuzione automobilistica italiana si \u00e8 riunito nella nuova sede di Tomasi Auto Milano per il primo evento 2026 di Top Dealers Italia, progetto editoriale e di networking che riunisce concessionari e partner dell\u2019innovazione automotive.La giornata, organizzata da Caval Service, ha alternato momenti istituzionali, due talk show dedicati alle nuove generazioni [&hellip;]\" \/>\n<meta property=\"og:url\" content=\"https:\/\/www.livemag.it\/index.php\/2026\/03\/12\/automotive-nuove-generazioni-e-startup-al-centro-dellevento-top-dealers-italia\/\" \/>\n<meta property=\"og:site_name\" content=\"Live Magazine\" \/>\n<meta property=\"article:publisher\" content=\"https:\/\/www.facebook.com\/LiveMag\/\" \/>\n<meta property=\"article:published_time\" content=\"2026-03-12T14:03:03+00:00\" \/>\n<meta property=\"og:image\" content=\"https:\/\/www.livemag.it\/wp-content\/uploads\/2024\/02\/ograph.jpg\" \/>\n\t<meta property=\"og:image:width\" content=\"1200\" \/>\n\t<meta property=\"og:image:height\" content=\"675\" \/>\n\t<meta property=\"og:image:type\" content=\"image\/jpeg\" \/>\n<meta name=\"author\" content=\"italpress\" \/>\n<meta name=\"twitter:card\" content=\"summary_large_image\" \/>\n<meta name=\"twitter:creator\" content=\"@LiveNotizie\" \/>\n<meta name=\"twitter:site\" content=\"@LiveNotizie\" \/>\n<meta name=\"twitter:label1\" content=\"Scritto da\" \/>\n\t<meta name=\"twitter:data1\" content=\"italpress\" \/>\n\t<meta name=\"twitter:label2\" content=\"Tempo di lettura stimato\" \/>\n\t<meta name=\"twitter:data2\" content=\"3 minuti\" \/>\n<script type=\"application\/ld+json\" class=\"yoast-schema-graph\">{\"@context\":\"https:\\\/\\\/schema.org\",\"@graph\":[{\"@type\":\"Article\",\"@id\":\"https:\\\/\\\/www.livemag.it\\\/index.php\\\/2026\\\/03\\\/12\\\/automotive-nuove-generazioni-e-startup-al-centro-dellevento-top-dealers-italia\\\/#article\",\"isPartOf\":{\"@id\":\"https:\\\/\\\/www.livemag.it\\\/index.php\\\/2026\\\/03\\\/12\\\/automotive-nuove-generazioni-e-startup-al-centro-dellevento-top-dealers-italia\\\/\"},\"author\":{\"name\":\"italpress\",\"@id\":\"https:\\\/\\\/www.livemag.it\\\/#\\\/schema\\\/person\\\/b62c5f44451fdcdaeb0afe6c2424e73c\"},\"headline\":\"Automotive, nuove generazioni e startup al centro dell\u2019evento Top Dealers Italia\",\"datePublished\":\"2026-03-12T14:03:03+00:00\",\"mainEntityOfPage\":{\"@id\":\"https:\\\/\\\/www.livemag.it\\\/index.php\\\/2026\\\/03\\\/12\\\/automotive-nuove-generazioni-e-startup-al-centro-dellevento-top-dealers-italia\\\/\"},\"wordCount\":561,\"publisher\":{\"@id\":\"https:\\\/\\\/www.livemag.it\\\/#organization\"},\"image\":{\"@id\":\"https:\\\/\\\/www.livemag.it\\\/index.php\\\/2026\\\/03\\\/12\\\/automotive-nuove-generazioni-e-startup-al-centro-dellevento-top-dealers-italia\\\/#primaryimage\"},\"thumbnailUrl\":\"https:\\\/\\\/www.livemag.it\\\/wp-content\\\/uploads\\\/2026\\\/03\\\/20260312_0763.jpg\",\"articleSection\":[\"Mondo\"],\"inLanguage\":\"it-IT\"},{\"@type\":\"WebPage\",\"@id\":\"https:\\\/\\\/www.livemag.it\\\/index.php\\\/2026\\\/03\\\/12\\\/automotive-nuove-generazioni-e-startup-al-centro-dellevento-top-dealers-italia\\\/\",\"url\":\"https:\\\/\\\/www.livemag.it\\\/index.php\\\/2026\\\/03\\\/12\\\/automotive-nuove-generazioni-e-startup-al-centro-dellevento-top-dealers-italia\\\/\",\"name\":\"Automotive, nuove generazioni e startup al centro dell\u2019evento Top Dealers Italia - Live Magazine\",\"isPartOf\":{\"@id\":\"https:\\\/\\\/www.livemag.it\\\/#website\"},\"primaryImageOfPage\":{\"@id\":\"https:\\\/\\\/www.livemag.it\\\/index.php\\\/2026\\\/03\\\/12\\\/automotive-nuove-generazioni-e-startup-al-centro-dellevento-top-dealers-italia\\\/#primaryimage\"},\"image\":{\"@id\":\"https:\\\/\\\/www.livemag.it\\\/index.php\\\/2026\\\/03\\\/12\\\/automotive-nuove-generazioni-e-startup-al-centro-dellevento-top-dealers-italia\\\/#primaryimage\"},\"thumbnailUrl\":\"https:\\\/\\\/www.livemag.it\\\/wp-content\\\/uploads\\\/2026\\\/03\\\/20260312_0763.jpg\",\"datePublished\":\"2026-03-12T14:03:03+00:00\",\"breadcrumb\":{\"@id\":\"https:\\\/\\\/www.livemag.it\\\/index.php\\\/2026\\\/03\\\/12\\\/automotive-nuove-generazioni-e-startup-al-centro-dellevento-top-dealers-italia\\\/#breadcrumb\"},\"inLanguage\":\"it-IT\",\"potentialAction\":[{\"@type\":\"ReadAction\",\"target\":[\"https:\\\/\\\/www.livemag.it\\\/index.php\\\/2026\\\/03\\\/12\\\/automotive-nuove-generazioni-e-startup-al-centro-dellevento-top-dealers-italia\\\/\"]}]},{\"@type\":\"ImageObject\",\"inLanguage\":\"it-IT\",\"@id\":\"https:\\\/\\\/www.livemag.it\\\/index.php\\\/2026\\\/03\\\/12\\\/automotive-nuove-generazioni-e-startup-al-centro-dellevento-top-dealers-italia\\\/#primaryimage\",\"url\":\"https:\\\/\\\/www.livemag.it\\\/wp-content\\\/uploads\\\/2026\\\/03\\\/20260312_0763.jpg\",\"contentUrl\":\"https:\\\/\\\/www.livemag.it\\\/wp-content\\\/uploads\\\/2026\\\/03\\\/20260312_0763.jpg\",\"width\":1024,\"height\":668},{\"@type\":\"BreadcrumbList\",\"@id\":\"https:\\\/\\\/www.livemag.it\\\/index.php\\\/2026\\\/03\\\/12\\\/automotive-nuove-generazioni-e-startup-al-centro-dellevento-top-dealers-italia\\\/#breadcrumb\",\"itemListElement\":[{\"@type\":\"ListItem\",\"position\":1,\"name\":\"Home\",\"item\":\"https:\\\/\\\/www.livemag.it\\\/\"},{\"@type\":\"ListItem\",\"position\":2,\"name\":\"Automotive, nuove generazioni e startup al centro dell\u2019evento Top Dealers Italia\"}]},{\"@type\":\"WebSite\",\"@id\":\"https:\\\/\\\/www.livemag.it\\\/#website\",\"url\":\"https:\\\/\\\/www.livemag.it\\\/\",\"name\":\"Live Magazine\",\"description\":\"Varie ed eventi\",\"publisher\":{\"@id\":\"https:\\\/\\\/www.livemag.it\\\/#organization\"},\"potentialAction\":[{\"@type\":\"SearchAction\",\"target\":{\"@type\":\"EntryPoint\",\"urlTemplate\":\"https:\\\/\\\/www.livemag.it\\\/?s={search_term_string}\"},\"query-input\":{\"@type\":\"PropertyValueSpecification\",\"valueRequired\":true,\"valueName\":\"search_term_string\"}}],\"inLanguage\":\"it-IT\"},{\"@type\":\"Organization\",\"@id\":\"https:\\\/\\\/www.livemag.it\\\/#organization\",\"name\":\"LiveMag\",\"alternateName\":\"LiveMag News ed eventi\",\"url\":\"https:\\\/\\\/www.livemag.it\\\/\",\"logo\":{\"@type\":\"ImageObject\",\"inLanguage\":\"it-IT\",\"@id\":\"https:\\\/\\\/www.livemag.it\\\/#\\\/schema\\\/logo\\\/image\\\/\",\"url\":\"https:\\\/\\\/www.livemag.it\\\/wp-content\\\/uploads\\\/2024\\\/02\\\/immagine-sito.jpg\",\"contentUrl\":\"https:\\\/\\\/www.livemag.it\\\/wp-content\\\/uploads\\\/2024\\\/02\\\/immagine-sito.jpg\",\"width\":696,\"height\":696,\"caption\":\"LiveMag\"},\"image\":{\"@id\":\"https:\\\/\\\/www.livemag.it\\\/#\\\/schema\\\/logo\\\/image\\\/\"},\"sameAs\":[\"https:\\\/\\\/www.facebook.com\\\/LiveMag\\\/\",\"https:\\\/\\\/x.com\\\/LiveNotizie\",\"https:\\\/\\\/www.instagram.com\\\/livemag\\\/\"]},{\"@type\":\"Person\",\"@id\":\"https:\\\/\\\/www.livemag.it\\\/#\\\/schema\\\/person\\\/b62c5f44451fdcdaeb0afe6c2424e73c\",\"name\":\"italpress\",\"image\":{\"@type\":\"ImageObject\",\"inLanguage\":\"it-IT\",\"@id\":\"https:\\\/\\\/secure.gravatar.com\\\/avatar\\\/b6a21695fc713ce7ee312cf57c97e2e641feb365be72d8745574d3c3e2b59066?s=96&r=g\",\"url\":\"https:\\\/\\\/secure.gravatar.com\\\/avatar\\\/b6a21695fc713ce7ee312cf57c97e2e641feb365be72d8745574d3c3e2b59066?s=96&r=g\",\"contentUrl\":\"https:\\\/\\\/secure.gravatar.com\\\/avatar\\\/b6a21695fc713ce7ee312cf57c97e2e641feb365be72d8745574d3c3e2b59066?s=96&r=g\",\"caption\":\"italpress\"},\"description\":\"Italpress \u00e8 un'agenzia di stampa italiana a carattere nazionale.\",\"url\":\"https:\\\/\\\/www.livemag.it\\\/index.php\\\/author\\\/italpress\\\/\"}]}<\/script>\n<!-- \/ Yoast SEO plugin. -->","yoast_head_json":{"title":"Automotive, nuove generazioni e startup al centro dell\u2019evento Top Dealers Italia - Live Magazine","robots":{"index":"index","follow":"follow","max-snippet":"max-snippet:-1","max-image-preview":"max-image-preview:large","max-video-preview":"max-video-preview:-1"},"canonical":"https:\/\/www.livemag.it\/index.php\/2026\/03\/12\/automotive-nuove-generazioni-e-startup-al-centro-dellevento-top-dealers-italia\/","og_locale":"it_IT","og_type":"article","og_title":"Automotive, nuove generazioni e startup al centro dell\u2019evento Top Dealers Italia - Live Magazine","og_description":"MILANO (ITALPRESS) \u2013 L\u2019ecosistema della distribuzione automobilistica italiana si \u00e8 riunito nella nuova sede di Tomasi Auto Milano per il primo evento 2026 di Top Dealers Italia, progetto editoriale e di networking che riunisce concessionari e partner dell\u2019innovazione automotive.La giornata, organizzata da Caval Service, ha alternato momenti istituzionali, due talk show dedicati alle nuove generazioni [&hellip;]","og_url":"https:\/\/www.livemag.it\/index.php\/2026\/03\/12\/automotive-nuove-generazioni-e-startup-al-centro-dellevento-top-dealers-italia\/","og_site_name":"Live Magazine","article_publisher":"https:\/\/www.facebook.com\/LiveMag\/","article_published_time":"2026-03-12T14:03:03+00:00","og_image":[{"width":1200,"height":675,"url":"https:\/\/www.livemag.it\/wp-content\/uploads\/2024\/02\/ograph.jpg","type":"image\/jpeg"}],"author":"italpress","twitter_card":"summary_large_image","twitter_creator":"@LiveNotizie","twitter_site":"@LiveNotizie","twitter_misc":{"Scritto da":"italpress","Tempo di lettura stimato":"3 minuti"},"schema":{"@context":"https:\/\/schema.org","@graph":[{"@type":"Article","@id":"https:\/\/www.livemag.it\/index.php\/2026\/03\/12\/automotive-nuove-generazioni-e-startup-al-centro-dellevento-top-dealers-italia\/#article","isPartOf":{"@id":"https:\/\/www.livemag.it\/index.php\/2026\/03\/12\/automotive-nuove-generazioni-e-startup-al-centro-dellevento-top-dealers-italia\/"},"author":{"name":"italpress","@id":"https:\/\/www.livemag.it\/#\/schema\/person\/b62c5f44451fdcdaeb0afe6c2424e73c"},"headline":"Automotive, nuove generazioni e startup al centro dell\u2019evento Top Dealers Italia","datePublished":"2026-03-12T14:03:03+00:00","mainEntityOfPage":{"@id":"https:\/\/www.livemag.it\/index.php\/2026\/03\/12\/automotive-nuove-generazioni-e-startup-al-centro-dellevento-top-dealers-italia\/"},"wordCount":561,"publisher":{"@id":"https:\/\/www.livemag.it\/#organization"},"image":{"@id":"https:\/\/www.livemag.it\/index.php\/2026\/03\/12\/automotive-nuove-generazioni-e-startup-al-centro-dellevento-top-dealers-italia\/#primaryimage"},"thumbnailUrl":"https:\/\/www.livemag.it\/wp-content\/uploads\/2026\/03\/20260312_0763.jpg","articleSection":["Mondo"],"inLanguage":"it-IT"},{"@type":"WebPage","@id":"https:\/\/www.livemag.it\/index.php\/2026\/03\/12\/automotive-nuove-generazioni-e-startup-al-centro-dellevento-top-dealers-italia\/","url":"https:\/\/www.livemag.it\/index.php\/2026\/03\/12\/automotive-nuove-generazioni-e-startup-al-centro-dellevento-top-dealers-italia\/","name":"Automotive, nuove generazioni e startup al centro dell\u2019evento Top Dealers Italia - Live Magazine","isPartOf":{"@id":"https:\/\/www.livemag.it\/#website"},"primaryImageOfPage":{"@id":"https:\/\/www.livemag.it\/index.php\/2026\/03\/12\/automotive-nuove-generazioni-e-startup-al-centro-dellevento-top-dealers-italia\/#primaryimage"},"image":{"@id":"https:\/\/www.livemag.it\/index.php\/2026\/03\/12\/automotive-nuove-generazioni-e-startup-al-centro-dellevento-top-dealers-italia\/#primaryimage"},"thumbnailUrl":"https:\/\/www.livemag.it\/wp-content\/uploads\/2026\/03\/20260312_0763.jpg","datePublished":"2026-03-12T14:03:03+00:00","breadcrumb":{"@id":"https:\/\/www.livemag.it\/index.php\/2026\/03\/12\/automotive-nuove-generazioni-e-startup-al-centro-dellevento-top-dealers-italia\/#breadcrumb"},"inLanguage":"it-IT","potentialAction":[{"@type":"ReadAction","target":["https:\/\/www.livemag.it\/index.php\/2026\/03\/12\/automotive-nuove-generazioni-e-startup-al-centro-dellevento-top-dealers-italia\/"]}]},{"@type":"ImageObject","inLanguage":"it-IT","@id":"https:\/\/www.livemag.it\/index.php\/2026\/03\/12\/automotive-nuove-generazioni-e-startup-al-centro-dellevento-top-dealers-italia\/#primaryimage","url":"https:\/\/www.livemag.it\/wp-content\/uploads\/2026\/03\/20260312_0763.jpg","contentUrl":"https:\/\/www.livemag.it\/wp-content\/uploads\/2026\/03\/20260312_0763.jpg","width":1024,"height":668},{"@type":"BreadcrumbList","@id":"https:\/\/www.livemag.it\/index.php\/2026\/03\/12\/automotive-nuove-generazioni-e-startup-al-centro-dellevento-top-dealers-italia\/#breadcrumb","itemListElement":[{"@type":"ListItem","position":1,"name":"Home","item":"https:\/\/www.livemag.it\/"},{"@type":"ListItem","position":2,"name":"Automotive, nuove generazioni e startup al centro dell\u2019evento Top Dealers Italia"}]},{"@type":"WebSite","@id":"https:\/\/www.livemag.it\/#website","url":"https:\/\/www.livemag.it\/","name":"Live Magazine","description":"Varie ed eventi","publisher":{"@id":"https:\/\/www.livemag.it\/#organization"},"potentialAction":[{"@type":"SearchAction","target":{"@type":"EntryPoint","urlTemplate":"https:\/\/www.livemag.it\/?s={search_term_string}"},"query-input":{"@type":"PropertyValueSpecification","valueRequired":true,"valueName":"search_term_string"}}],"inLanguage":"it-IT"},{"@type":"Organization","@id":"https:\/\/www.livemag.it\/#organization","name":"LiveMag","alternateName":"LiveMag News ed eventi","url":"https:\/\/www.livemag.it\/","logo":{"@type":"ImageObject","inLanguage":"it-IT","@id":"https:\/\/www.livemag.it\/#\/schema\/logo\/image\/","url":"https:\/\/www.livemag.it\/wp-content\/uploads\/2024\/02\/immagine-sito.jpg","contentUrl":"https:\/\/www.livemag.it\/wp-content\/uploads\/2024\/02\/immagine-sito.jpg","width":696,"height":696,"caption":"LiveMag"},"image":{"@id":"https:\/\/www.livemag.it\/#\/schema\/logo\/image\/"},"sameAs":["https:\/\/www.facebook.com\/LiveMag\/","https:\/\/x.com\/LiveNotizie","https:\/\/www.instagram.com\/livemag\/"]},{"@type":"Person","@id":"https:\/\/www.livemag.it\/#\/schema\/person\/b62c5f44451fdcdaeb0afe6c2424e73c","name":"italpress","image":{"@type":"ImageObject","inLanguage":"it-IT","@id":"https:\/\/secure.gravatar.com\/avatar\/b6a21695fc713ce7ee312cf57c97e2e641feb365be72d8745574d3c3e2b59066?s=96&r=g","url":"https:\/\/secure.gravatar.com\/avatar\/b6a21695fc713ce7ee312cf57c97e2e641feb365be72d8745574d3c3e2b59066?s=96&r=g","contentUrl":"https:\/\/secure.gravatar.com\/avatar\/b6a21695fc713ce7ee312cf57c97e2e641feb365be72d8745574d3c3e2b59066?s=96&r=g","caption":"italpress"},"description":"Italpress \u00e8 un'agenzia di stampa italiana a carattere nazionale.","url":"https:\/\/www.livemag.it\/index.php\/author\/italpress\/"}]}},"jetpack_featured_media_url":"https:\/\/www.livemag.it\/wp-content\/uploads\/2026\/03\/20260312_0763.jpg","_links":{"self":[{"href":"https:\/\/www.livemag.it\/index.php\/wp-json\/wp\/v2\/posts\/71461","targetHints":{"allow":["GET"]}}],"collection":[{"href":"https:\/\/www.livemag.it\/index.php\/wp-json\/wp\/v2\/posts"}],"about":[{"href":"https:\/\/www.livemag.it\/index.php\/wp-json\/wp\/v2\/types\/post"}],"author":[{"embeddable":true,"href":"https:\/\/www.livemag.it\/index.php\/wp-json\/wp\/v2\/users\/16"}],"replies":[{"embeddable":true,"href":"https:\/\/www.livemag.it\/index.php\/wp-json\/wp\/v2\/comments?post=71461"}],"version-history":[{"count":0,"href":"https:\/\/www.livemag.it\/index.php\/wp-json\/wp\/v2\/posts\/71461\/revisions"}],"wp:featuredmedia":[{"embeddable":true,"href":"https:\/\/www.livemag.it\/index.php\/wp-json\/wp\/v2\/media\/71462"}],"wp:attachment":[{"href":"https:\/\/www.livemag.it\/index.php\/wp-json\/wp\/v2\/media?parent=71461"}],"wp:term":[{"taxonomy":"category","embeddable":true,"href":"https:\/\/www.livemag.it\/index.php\/wp-json\/wp\/v2\/categories?post=71461"},{"taxonomy":"post_tag","embeddable":true,"href":"https:\/\/www.livemag.it\/index.php\/wp-json\/wp\/v2\/tags?post=71461"}],"curies":[{"name":"wp","href":"https:\/\/api.w.org\/{rel}","templated":true}]}}