{"id":71444,"date":"2026-03-12T12:03:04","date_gmt":"2026-03-12T11:03:04","guid":{"rendered":"https:\/\/www.livemag.it\/index.php\/2026\/03\/12\/iran-meloni-linvito-al-confronto-resta-valido-lopposizione-non-usi-pretesti\/"},"modified":"2026-03-12T12:03:04","modified_gmt":"2026-03-12T11:03:04","slug":"iran-meloni-linvito-al-confronto-resta-valido-lopposizione-non-usi-pretesti","status":"publish","type":"post","link":"https:\/\/www.livemag.it\/index.php\/2026\/03\/12\/iran-meloni-linvito-al-confronto-resta-valido-lopposizione-non-usi-pretesti\/","title":{"rendered":"Iran, Meloni \u201cL\u2019invito al confronto resta valido, l\u2019opposizione non usi pretesti\u201d"},"content":{"rendered":"<div>\n<p>ROMA (ITALPRESS) \u2013 \u201cMi corre l\u2019obbligo, per ristabilire quanto accaduto, di rispondere alle dichiarazioni della segretaria del Partito Democratico, Elly Schlein, relativamente all\u2019appello all\u2019unit\u00e0 che ho rivolto ieri, in aula, alle opposizioni\u201d. Lo afferma il presidente del Consiglio, Giorgia Meloni. \u201cIl mio \u2013 aggiunge \u2013 \u00e8 stato un appello al dialogo sincero e pubblico, a fronte del quale l\u2019opposizione ha risposto con accuse, ironie e perfino insulti personali. \u201cServa\u201d, \u201cridicola\u201d, \u201cimbarazzante\u201d, \u201cpericolo per l\u2019umanit\u00e0\u201d, \u201cpersona che striscia per non inciampare\u201d e molti altri. Questi sono stati i toni utilizzati da esponenti dell\u2019opposizione, che mi sembrano ben lontani da un clima di confronto costruttivo. Altri, invece, sempre nell\u2019opposizione, hanno cominciato ad accampare condizioni surreali per sedersi al tavolo, chiarendo come non vi fosse alcuna disponibilit\u00e0 ad avviare questo confronto\u201d.<br \/>\nSecondo la premier \u201ci toni che io ho utilizzato nella replica, invece, sono rimasti rispettosi. Mi sono limitata a chiedere all\u2019opposizione conto della differenza tra le posizioni che chiedono di assumere a noi, oggi, e quelle che assumevano quando non erano all\u2019opposizione. Nessuna clava, nessuna mancanza di rispetto, nessun insulto. Questa \u00e8 la realt\u00e0 che chiunque pu\u00f2 verificare riguardando il dibattito parlamentare. Se non vi \u00e8 disponibilit\u00e0 da parte dell\u2019opposizione a un coordinamento sulla crisi lo rispetto, ma non se ne dia la responsabilit\u00e0 a me\u201d.<br \/>\n\u201cA dimostrazione di quello che dico, confermo che il mio invito resta valido. Se l\u2019opposizione ha cambiato idea e intende davvero collaborare nell\u2019interesse dell\u2019Italia, lo dica chiaramente invece di accampare pretesti o condizioni. In questo caso, il governo \u00e8 pronto ad aprire un tavolo di confronto\u201d, conclude Meloni.<\/p>\n<p>\u2013 foto Ipa Agency \u2013<br \/>\n(ITALPRESS).<\/p>\n<\/div>\n","protected":false},"excerpt":{"rendered":"<p>ROMA (ITALPRESS) \u2013 \u201cMi corre l\u2019obbligo, per ristabilire quanto accaduto, di rispondere alle dichiarazioni della segretaria del Partito Democratico, Elly Schlein, relativamente all\u2019appello all\u2019unit\u00e0 che ho rivolto ieri, in aula, alle opposizioni\u201d. Lo afferma il presidente del Consiglio, Giorgia Meloni. \u201cIl mio \u2013 aggiunge \u2013 \u00e8 stato un appello al dialogo sincero e pubblico, a [&hellip;]<\/p>\n","protected":false},"author":16,"featured_media":71445,"comment_status":"closed","ping_status":"closed","sticky":false,"template":"","format":"standard","meta":{"jnews-multi-image_gallery":[],"jnews_single_post":[],"jnews_primary_category":[],"jnews_social_meta":[],"jnews_override_counter":[],"jnews_post_split":[],"footnotes":""},"categories":[1129],"tags":[],"class_list":["post-71444","post","type-post","status-publish","format-standard","has-post-thumbnail","hentry","category-mondo"],"yoast_head":"<!-- This site is optimized with the Yoast SEO plugin v27.4 - https:\/\/yoast.com\/product\/yoast-seo-wordpress\/ -->\n<title>Iran, Meloni \u201cL\u2019invito al confronto resta valido, l\u2019opposizione non usi pretesti\u201d - Live Magazine<\/title>\n<meta name=\"robots\" content=\"index, follow, max-snippet:-1, max-image-preview:large, max-video-preview:-1\" \/>\n<link rel=\"canonical\" href=\"https:\/\/www.livemag.it\/index.php\/2026\/03\/12\/iran-meloni-linvito-al-confronto-resta-valido-lopposizione-non-usi-pretesti\/\" \/>\n<meta property=\"og:locale\" content=\"it_IT\" \/>\n<meta property=\"og:type\" content=\"article\" \/>\n<meta property=\"og:title\" content=\"Iran, Meloni \u201cL\u2019invito al confronto resta valido, l\u2019opposizione non usi pretesti\u201d - Live Magazine\" \/>\n<meta property=\"og:description\" content=\"ROMA (ITALPRESS) \u2013 \u201cMi corre l\u2019obbligo, per ristabilire quanto accaduto, di rispondere alle dichiarazioni della segretaria del Partito Democratico, Elly Schlein, relativamente all\u2019appello all\u2019unit\u00e0 che ho rivolto ieri, in aula, alle opposizioni\u201d. Lo afferma il presidente del Consiglio, Giorgia Meloni. \u201cIl mio \u2013 aggiunge \u2013 \u00e8 stato un appello al dialogo sincero e pubblico, a [&hellip;]\" \/>\n<meta property=\"og:url\" content=\"https:\/\/www.livemag.it\/index.php\/2026\/03\/12\/iran-meloni-linvito-al-confronto-resta-valido-lopposizione-non-usi-pretesti\/\" \/>\n<meta property=\"og:site_name\" content=\"Live Magazine\" \/>\n<meta property=\"article:publisher\" content=\"https:\/\/www.facebook.com\/LiveMag\/\" \/>\n<meta property=\"article:published_time\" content=\"2026-03-12T11:03:04+00:00\" \/>\n<meta property=\"og:image\" content=\"https:\/\/www.livemag.it\/wp-content\/uploads\/2024\/02\/ograph.jpg\" \/>\n\t<meta property=\"og:image:width\" content=\"1200\" \/>\n\t<meta property=\"og:image:height\" content=\"675\" \/>\n\t<meta property=\"og:image:type\" content=\"image\/jpeg\" \/>\n<meta name=\"author\" content=\"italpress\" \/>\n<meta name=\"twitter:card\" content=\"summary_large_image\" \/>\n<meta name=\"twitter:creator\" content=\"@LiveNotizie\" \/>\n<meta name=\"twitter:site\" content=\"@LiveNotizie\" \/>\n<meta name=\"twitter:label1\" content=\"Scritto da\" \/>\n\t<meta name=\"twitter:data1\" content=\"italpress\" \/>\n\t<meta name=\"twitter:label2\" content=\"Tempo di lettura stimato\" \/>\n\t<meta name=\"twitter:data2\" content=\"1 minuto\" \/>\n<script type=\"application\/ld+json\" class=\"yoast-schema-graph\">{\"@context\":\"https:\\\/\\\/schema.org\",\"@graph\":[{\"@type\":\"Article\",\"@id\":\"https:\\\/\\\/www.livemag.it\\\/index.php\\\/2026\\\/03\\\/12\\\/iran-meloni-linvito-al-confronto-resta-valido-lopposizione-non-usi-pretesti\\\/#article\",\"isPartOf\":{\"@id\":\"https:\\\/\\\/www.livemag.it\\\/index.php\\\/2026\\\/03\\\/12\\\/iran-meloni-linvito-al-confronto-resta-valido-lopposizione-non-usi-pretesti\\\/\"},\"author\":{\"name\":\"italpress\",\"@id\":\"https:\\\/\\\/www.livemag.it\\\/#\\\/schema\\\/person\\\/b62c5f44451fdcdaeb0afe6c2424e73c\"},\"headline\":\"Iran, Meloni \u201cL\u2019invito al confronto resta valido, l\u2019opposizione non usi pretesti\u201d\",\"datePublished\":\"2026-03-12T11:03:04+00:00\",\"mainEntityOfPage\":{\"@id\":\"https:\\\/\\\/www.livemag.it\\\/index.php\\\/2026\\\/03\\\/12\\\/iran-meloni-linvito-al-confronto-resta-valido-lopposizione-non-usi-pretesti\\\/\"},\"wordCount\":285,\"publisher\":{\"@id\":\"https:\\\/\\\/www.livemag.it\\\/#organization\"},\"image\":{\"@id\":\"https:\\\/\\\/www.livemag.it\\\/index.php\\\/2026\\\/03\\\/12\\\/iran-meloni-linvito-al-confronto-resta-valido-lopposizione-non-usi-pretesti\\\/#primaryimage\"},\"thumbnailUrl\":\"https:\\\/\\\/www.livemag.it\\\/wp-content\\\/uploads\\\/2026\\\/03\\\/20260312_0388.jpg\",\"articleSection\":[\"Mondo\"],\"inLanguage\":\"it-IT\"},{\"@type\":\"WebPage\",\"@id\":\"https:\\\/\\\/www.livemag.it\\\/index.php\\\/2026\\\/03\\\/12\\\/iran-meloni-linvito-al-confronto-resta-valido-lopposizione-non-usi-pretesti\\\/\",\"url\":\"https:\\\/\\\/www.livemag.it\\\/index.php\\\/2026\\\/03\\\/12\\\/iran-meloni-linvito-al-confronto-resta-valido-lopposizione-non-usi-pretesti\\\/\",\"name\":\"Iran, Meloni \u201cL\u2019invito al confronto resta valido, l\u2019opposizione non usi pretesti\u201d - Live Magazine\",\"isPartOf\":{\"@id\":\"https:\\\/\\\/www.livemag.it\\\/#website\"},\"primaryImageOfPage\":{\"@id\":\"https:\\\/\\\/www.livemag.it\\\/index.php\\\/2026\\\/03\\\/12\\\/iran-meloni-linvito-al-confronto-resta-valido-lopposizione-non-usi-pretesti\\\/#primaryimage\"},\"image\":{\"@id\":\"https:\\\/\\\/www.livemag.it\\\/index.php\\\/2026\\\/03\\\/12\\\/iran-meloni-linvito-al-confronto-resta-valido-lopposizione-non-usi-pretesti\\\/#primaryimage\"},\"thumbnailUrl\":\"https:\\\/\\\/www.livemag.it\\\/wp-content\\\/uploads\\\/2026\\\/03\\\/20260312_0388.jpg\",\"datePublished\":\"2026-03-12T11:03:04+00:00\",\"breadcrumb\":{\"@id\":\"https:\\\/\\\/www.livemag.it\\\/index.php\\\/2026\\\/03\\\/12\\\/iran-meloni-linvito-al-confronto-resta-valido-lopposizione-non-usi-pretesti\\\/#breadcrumb\"},\"inLanguage\":\"it-IT\",\"potentialAction\":[{\"@type\":\"ReadAction\",\"target\":[\"https:\\\/\\\/www.livemag.it\\\/index.php\\\/2026\\\/03\\\/12\\\/iran-meloni-linvito-al-confronto-resta-valido-lopposizione-non-usi-pretesti\\\/\"]}]},{\"@type\":\"ImageObject\",\"inLanguage\":\"it-IT\",\"@id\":\"https:\\\/\\\/www.livemag.it\\\/index.php\\\/2026\\\/03\\\/12\\\/iran-meloni-linvito-al-confronto-resta-valido-lopposizione-non-usi-pretesti\\\/#primaryimage\",\"url\":\"https:\\\/\\\/www.livemag.it\\\/wp-content\\\/uploads\\\/2026\\\/03\\\/20260312_0388.jpg\",\"contentUrl\":\"https:\\\/\\\/www.livemag.it\\\/wp-content\\\/uploads\\\/2026\\\/03\\\/20260312_0388.jpg\",\"width\":1200,\"height\":800},{\"@type\":\"BreadcrumbList\",\"@id\":\"https:\\\/\\\/www.livemag.it\\\/index.php\\\/2026\\\/03\\\/12\\\/iran-meloni-linvito-al-confronto-resta-valido-lopposizione-non-usi-pretesti\\\/#breadcrumb\",\"itemListElement\":[{\"@type\":\"ListItem\",\"position\":1,\"name\":\"Home\",\"item\":\"https:\\\/\\\/www.livemag.it\\\/\"},{\"@type\":\"ListItem\",\"position\":2,\"name\":\"Iran, Meloni \u201cL\u2019invito al confronto resta valido, l\u2019opposizione non usi pretesti\u201d\"}]},{\"@type\":\"WebSite\",\"@id\":\"https:\\\/\\\/www.livemag.it\\\/#website\",\"url\":\"https:\\\/\\\/www.livemag.it\\\/\",\"name\":\"Live Magazine\",\"description\":\"Varie ed eventi\",\"publisher\":{\"@id\":\"https:\\\/\\\/www.livemag.it\\\/#organization\"},\"potentialAction\":[{\"@type\":\"SearchAction\",\"target\":{\"@type\":\"EntryPoint\",\"urlTemplate\":\"https:\\\/\\\/www.livemag.it\\\/?s={search_term_string}\"},\"query-input\":{\"@type\":\"PropertyValueSpecification\",\"valueRequired\":true,\"valueName\":\"search_term_string\"}}],\"inLanguage\":\"it-IT\"},{\"@type\":\"Organization\",\"@id\":\"https:\\\/\\\/www.livemag.it\\\/#organization\",\"name\":\"LiveMag\",\"alternateName\":\"LiveMag News ed eventi\",\"url\":\"https:\\\/\\\/www.livemag.it\\\/\",\"logo\":{\"@type\":\"ImageObject\",\"inLanguage\":\"it-IT\",\"@id\":\"https:\\\/\\\/www.livemag.it\\\/#\\\/schema\\\/logo\\\/image\\\/\",\"url\":\"https:\\\/\\\/www.livemag.it\\\/wp-content\\\/uploads\\\/2024\\\/02\\\/immagine-sito.jpg\",\"contentUrl\":\"https:\\\/\\\/www.livemag.it\\\/wp-content\\\/uploads\\\/2024\\\/02\\\/immagine-sito.jpg\",\"width\":696,\"height\":696,\"caption\":\"LiveMag\"},\"image\":{\"@id\":\"https:\\\/\\\/www.livemag.it\\\/#\\\/schema\\\/logo\\\/image\\\/\"},\"sameAs\":[\"https:\\\/\\\/www.facebook.com\\\/LiveMag\\\/\",\"https:\\\/\\\/x.com\\\/LiveNotizie\",\"https:\\\/\\\/www.instagram.com\\\/livemag\\\/\"]},{\"@type\":\"Person\",\"@id\":\"https:\\\/\\\/www.livemag.it\\\/#\\\/schema\\\/person\\\/b62c5f44451fdcdaeb0afe6c2424e73c\",\"name\":\"italpress\",\"image\":{\"@type\":\"ImageObject\",\"inLanguage\":\"it-IT\",\"@id\":\"https:\\\/\\\/secure.gravatar.com\\\/avatar\\\/b6a21695fc713ce7ee312cf57c97e2e641feb365be72d8745574d3c3e2b59066?s=96&r=g\",\"url\":\"https:\\\/\\\/secure.gravatar.com\\\/avatar\\\/b6a21695fc713ce7ee312cf57c97e2e641feb365be72d8745574d3c3e2b59066?s=96&r=g\",\"contentUrl\":\"https:\\\/\\\/secure.gravatar.com\\\/avatar\\\/b6a21695fc713ce7ee312cf57c97e2e641feb365be72d8745574d3c3e2b59066?s=96&r=g\",\"caption\":\"italpress\"},\"description\":\"Italpress \u00e8 un'agenzia di stampa italiana a carattere nazionale.\",\"url\":\"https:\\\/\\\/www.livemag.it\\\/index.php\\\/author\\\/italpress\\\/\"}]}<\/script>\n<!-- \/ Yoast SEO plugin. -->","yoast_head_json":{"title":"Iran, Meloni \u201cL\u2019invito al confronto resta valido, l\u2019opposizione non usi pretesti\u201d - Live Magazine","robots":{"index":"index","follow":"follow","max-snippet":"max-snippet:-1","max-image-preview":"max-image-preview:large","max-video-preview":"max-video-preview:-1"},"canonical":"https:\/\/www.livemag.it\/index.php\/2026\/03\/12\/iran-meloni-linvito-al-confronto-resta-valido-lopposizione-non-usi-pretesti\/","og_locale":"it_IT","og_type":"article","og_title":"Iran, Meloni \u201cL\u2019invito al confronto resta valido, l\u2019opposizione non usi pretesti\u201d - Live Magazine","og_description":"ROMA (ITALPRESS) \u2013 \u201cMi corre l\u2019obbligo, per ristabilire quanto accaduto, di rispondere alle dichiarazioni della segretaria del Partito Democratico, Elly Schlein, relativamente all\u2019appello all\u2019unit\u00e0 che ho rivolto ieri, in aula, alle opposizioni\u201d. Lo afferma il presidente del Consiglio, Giorgia Meloni. \u201cIl mio \u2013 aggiunge \u2013 \u00e8 stato un appello al dialogo sincero e pubblico, a [&hellip;]","og_url":"https:\/\/www.livemag.it\/index.php\/2026\/03\/12\/iran-meloni-linvito-al-confronto-resta-valido-lopposizione-non-usi-pretesti\/","og_site_name":"Live Magazine","article_publisher":"https:\/\/www.facebook.com\/LiveMag\/","article_published_time":"2026-03-12T11:03:04+00:00","og_image":[{"width":1200,"height":675,"url":"https:\/\/www.livemag.it\/wp-content\/uploads\/2024\/02\/ograph.jpg","type":"image\/jpeg"}],"author":"italpress","twitter_card":"summary_large_image","twitter_creator":"@LiveNotizie","twitter_site":"@LiveNotizie","twitter_misc":{"Scritto da":"italpress","Tempo di lettura stimato":"1 minuto"},"schema":{"@context":"https:\/\/schema.org","@graph":[{"@type":"Article","@id":"https:\/\/www.livemag.it\/index.php\/2026\/03\/12\/iran-meloni-linvito-al-confronto-resta-valido-lopposizione-non-usi-pretesti\/#article","isPartOf":{"@id":"https:\/\/www.livemag.it\/index.php\/2026\/03\/12\/iran-meloni-linvito-al-confronto-resta-valido-lopposizione-non-usi-pretesti\/"},"author":{"name":"italpress","@id":"https:\/\/www.livemag.it\/#\/schema\/person\/b62c5f44451fdcdaeb0afe6c2424e73c"},"headline":"Iran, Meloni \u201cL\u2019invito al confronto resta valido, l\u2019opposizione non usi pretesti\u201d","datePublished":"2026-03-12T11:03:04+00:00","mainEntityOfPage":{"@id":"https:\/\/www.livemag.it\/index.php\/2026\/03\/12\/iran-meloni-linvito-al-confronto-resta-valido-lopposizione-non-usi-pretesti\/"},"wordCount":285,"publisher":{"@id":"https:\/\/www.livemag.it\/#organization"},"image":{"@id":"https:\/\/www.livemag.it\/index.php\/2026\/03\/12\/iran-meloni-linvito-al-confronto-resta-valido-lopposizione-non-usi-pretesti\/#primaryimage"},"thumbnailUrl":"https:\/\/www.livemag.it\/wp-content\/uploads\/2026\/03\/20260312_0388.jpg","articleSection":["Mondo"],"inLanguage":"it-IT"},{"@type":"WebPage","@id":"https:\/\/www.livemag.it\/index.php\/2026\/03\/12\/iran-meloni-linvito-al-confronto-resta-valido-lopposizione-non-usi-pretesti\/","url":"https:\/\/www.livemag.it\/index.php\/2026\/03\/12\/iran-meloni-linvito-al-confronto-resta-valido-lopposizione-non-usi-pretesti\/","name":"Iran, Meloni \u201cL\u2019invito al confronto resta valido, l\u2019opposizione non usi pretesti\u201d - Live Magazine","isPartOf":{"@id":"https:\/\/www.livemag.it\/#website"},"primaryImageOfPage":{"@id":"https:\/\/www.livemag.it\/index.php\/2026\/03\/12\/iran-meloni-linvito-al-confronto-resta-valido-lopposizione-non-usi-pretesti\/#primaryimage"},"image":{"@id":"https:\/\/www.livemag.it\/index.php\/2026\/03\/12\/iran-meloni-linvito-al-confronto-resta-valido-lopposizione-non-usi-pretesti\/#primaryimage"},"thumbnailUrl":"https:\/\/www.livemag.it\/wp-content\/uploads\/2026\/03\/20260312_0388.jpg","datePublished":"2026-03-12T11:03:04+00:00","breadcrumb":{"@id":"https:\/\/www.livemag.it\/index.php\/2026\/03\/12\/iran-meloni-linvito-al-confronto-resta-valido-lopposizione-non-usi-pretesti\/#breadcrumb"},"inLanguage":"it-IT","potentialAction":[{"@type":"ReadAction","target":["https:\/\/www.livemag.it\/index.php\/2026\/03\/12\/iran-meloni-linvito-al-confronto-resta-valido-lopposizione-non-usi-pretesti\/"]}]},{"@type":"ImageObject","inLanguage":"it-IT","@id":"https:\/\/www.livemag.it\/index.php\/2026\/03\/12\/iran-meloni-linvito-al-confronto-resta-valido-lopposizione-non-usi-pretesti\/#primaryimage","url":"https:\/\/www.livemag.it\/wp-content\/uploads\/2026\/03\/20260312_0388.jpg","contentUrl":"https:\/\/www.livemag.it\/wp-content\/uploads\/2026\/03\/20260312_0388.jpg","width":1200,"height":800},{"@type":"BreadcrumbList","@id":"https:\/\/www.livemag.it\/index.php\/2026\/03\/12\/iran-meloni-linvito-al-confronto-resta-valido-lopposizione-non-usi-pretesti\/#breadcrumb","itemListElement":[{"@type":"ListItem","position":1,"name":"Home","item":"https:\/\/www.livemag.it\/"},{"@type":"ListItem","position":2,"name":"Iran, Meloni \u201cL\u2019invito al confronto resta valido, l\u2019opposizione non usi pretesti\u201d"}]},{"@type":"WebSite","@id":"https:\/\/www.livemag.it\/#website","url":"https:\/\/www.livemag.it\/","name":"Live Magazine","description":"Varie ed eventi","publisher":{"@id":"https:\/\/www.livemag.it\/#organization"},"potentialAction":[{"@type":"SearchAction","target":{"@type":"EntryPoint","urlTemplate":"https:\/\/www.livemag.it\/?s={search_term_string}"},"query-input":{"@type":"PropertyValueSpecification","valueRequired":true,"valueName":"search_term_string"}}],"inLanguage":"it-IT"},{"@type":"Organization","@id":"https:\/\/www.livemag.it\/#organization","name":"LiveMag","alternateName":"LiveMag News ed eventi","url":"https:\/\/www.livemag.it\/","logo":{"@type":"ImageObject","inLanguage":"it-IT","@id":"https:\/\/www.livemag.it\/#\/schema\/logo\/image\/","url":"https:\/\/www.livemag.it\/wp-content\/uploads\/2024\/02\/immagine-sito.jpg","contentUrl":"https:\/\/www.livemag.it\/wp-content\/uploads\/2024\/02\/immagine-sito.jpg","width":696,"height":696,"caption":"LiveMag"},"image":{"@id":"https:\/\/www.livemag.it\/#\/schema\/logo\/image\/"},"sameAs":["https:\/\/www.facebook.com\/LiveMag\/","https:\/\/x.com\/LiveNotizie","https:\/\/www.instagram.com\/livemag\/"]},{"@type":"Person","@id":"https:\/\/www.livemag.it\/#\/schema\/person\/b62c5f44451fdcdaeb0afe6c2424e73c","name":"italpress","image":{"@type":"ImageObject","inLanguage":"it-IT","@id":"https:\/\/secure.gravatar.com\/avatar\/b6a21695fc713ce7ee312cf57c97e2e641feb365be72d8745574d3c3e2b59066?s=96&r=g","url":"https:\/\/secure.gravatar.com\/avatar\/b6a21695fc713ce7ee312cf57c97e2e641feb365be72d8745574d3c3e2b59066?s=96&r=g","contentUrl":"https:\/\/secure.gravatar.com\/avatar\/b6a21695fc713ce7ee312cf57c97e2e641feb365be72d8745574d3c3e2b59066?s=96&r=g","caption":"italpress"},"description":"Italpress \u00e8 un'agenzia di stampa italiana a carattere nazionale.","url":"https:\/\/www.livemag.it\/index.php\/author\/italpress\/"}]}},"jetpack_featured_media_url":"https:\/\/www.livemag.it\/wp-content\/uploads\/2026\/03\/20260312_0388.jpg","_links":{"self":[{"href":"https:\/\/www.livemag.it\/index.php\/wp-json\/wp\/v2\/posts\/71444","targetHints":{"allow":["GET"]}}],"collection":[{"href":"https:\/\/www.livemag.it\/index.php\/wp-json\/wp\/v2\/posts"}],"about":[{"href":"https:\/\/www.livemag.it\/index.php\/wp-json\/wp\/v2\/types\/post"}],"author":[{"embeddable":true,"href":"https:\/\/www.livemag.it\/index.php\/wp-json\/wp\/v2\/users\/16"}],"replies":[{"embeddable":true,"href":"https:\/\/www.livemag.it\/index.php\/wp-json\/wp\/v2\/comments?post=71444"}],"version-history":[{"count":0,"href":"https:\/\/www.livemag.it\/index.php\/wp-json\/wp\/v2\/posts\/71444\/revisions"}],"wp:featuredmedia":[{"embeddable":true,"href":"https:\/\/www.livemag.it\/index.php\/wp-json\/wp\/v2\/media\/71445"}],"wp:attachment":[{"href":"https:\/\/www.livemag.it\/index.php\/wp-json\/wp\/v2\/media?parent=71444"}],"wp:term":[{"taxonomy":"category","embeddable":true,"href":"https:\/\/www.livemag.it\/index.php\/wp-json\/wp\/v2\/categories?post=71444"},{"taxonomy":"post_tag","embeddable":true,"href":"https:\/\/www.livemag.it\/index.php\/wp-json\/wp\/v2\/tags?post=71444"}],"curies":[{"name":"wp","href":"https:\/\/api.w.org\/{rel}","templated":true}]}}