{"id":71438,"date":"2026-03-12T12:02:58","date_gmt":"2026-03-12T11:02:58","guid":{"rendered":"https:\/\/www.livemag.it\/index.php\/2026\/03\/12\/iran-schlein-lappello-allunita-di-meloni-e-durato-due-ore-noi-ci-siamo\/"},"modified":"2026-03-12T12:02:58","modified_gmt":"2026-03-12T11:02:58","slug":"iran-schlein-lappello-allunita-di-meloni-e-durato-due-ore-noi-ci-siamo","status":"publish","type":"post","link":"https:\/\/www.livemag.it\/index.php\/2026\/03\/12\/iran-schlein-lappello-allunita-di-meloni-e-durato-due-ore-noi-ci-siamo\/","title":{"rendered":"Iran, Schlein \u201cL\u2019appello all\u2019unit\u00e0 di Meloni \u00e8 durato due ore, noi ci siamo\u201d"},"content":{"rendered":"<div>\n<p>ROMA (ITALPRESS) \u2013 \u201cL\u2019appello all\u2019unit\u00e0 di Meloni \u00e8 durato un paio d\u2019ore ed \u00e8 arrivato 12 giorni in ritardo. Nel mio intervento le ho chiesto di posare la clava perch\u00e8 nelle repliche \u00e8 tornata ad attaccare le opposizioni\u201d. Cos\u00ec la segretaria del Pd, Elly Schlein, a Rtl 102.5. \u201cIo sono in costante contatto, anche in queste ore, con il governo, con Crosetto e con Tajani. Noi ci siamo in qualsiasi momento, il numero ce l\u2019ha. Ma ripeto \u2013 ribadisce -, si tratta di un appello arrivato un p\u00f2 in ritardo e dopo poco ha cambiato orientamento altrimenti non sarebbe arrivata alla Camera attaccando le opposizioni. Noi siamo disponibili, abbiamo dimostrato di essere pronti a fare la nostra parte perch\u00e8 su questo tema abbiamo proposto di attivare il meccanismo delle accise mobili. Avevo apprezzato l\u2019apertura di Meloni ma purtroppo non ancora l\u2019hanno attivata, le ho chiesto di sbrigarsi\u201d.<\/p>\n<p>\u2013 foto Ipa Agency \u2013<br \/>(ITALPRESS).<\/p>\n<\/div>\n","protected":false},"excerpt":{"rendered":"<p>ROMA (ITALPRESS) \u2013 \u201cL\u2019appello all\u2019unit\u00e0 di Meloni \u00e8 durato un paio d\u2019ore ed \u00e8 arrivato 12 giorni in ritardo. Nel mio intervento le ho chiesto di posare la clava perch\u00e8 nelle repliche \u00e8 tornata ad attaccare le opposizioni\u201d. Cos\u00ec la segretaria del Pd, Elly Schlein, a Rtl 102.5. \u201cIo sono in costante contatto, anche in [&hellip;]<\/p>\n","protected":false},"author":16,"featured_media":71439,"comment_status":"closed","ping_status":"closed","sticky":false,"template":"","format":"standard","meta":{"jnews-multi-image_gallery":[],"jnews_single_post":[],"jnews_primary_category":[],"jnews_social_meta":[],"jnews_override_counter":[],"jnews_post_split":[],"footnotes":""},"categories":[1129],"tags":[],"class_list":["post-71438","post","type-post","status-publish","format-standard","has-post-thumbnail","hentry","category-mondo"],"yoast_head":"<!-- This site is optimized with the Yoast SEO plugin v27.4 - https:\/\/yoast.com\/product\/yoast-seo-wordpress\/ -->\n<title>Iran, Schlein \u201cL\u2019appello all\u2019unit\u00e0 di Meloni \u00e8 durato due ore, noi ci siamo\u201d - Live Magazine<\/title>\n<meta name=\"robots\" content=\"index, follow, max-snippet:-1, max-image-preview:large, max-video-preview:-1\" \/>\n<link rel=\"canonical\" href=\"https:\/\/www.livemag.it\/index.php\/2026\/03\/12\/iran-schlein-lappello-allunita-di-meloni-e-durato-due-ore-noi-ci-siamo\/\" \/>\n<meta property=\"og:locale\" content=\"it_IT\" \/>\n<meta property=\"og:type\" content=\"article\" \/>\n<meta property=\"og:title\" content=\"Iran, Schlein \u201cL\u2019appello all\u2019unit\u00e0 di Meloni \u00e8 durato due ore, noi ci siamo\u201d - Live Magazine\" \/>\n<meta property=\"og:description\" content=\"ROMA (ITALPRESS) \u2013 \u201cL\u2019appello all\u2019unit\u00e0 di Meloni \u00e8 durato un paio d\u2019ore ed \u00e8 arrivato 12 giorni in ritardo. Nel mio intervento le ho chiesto di posare la clava perch\u00e8 nelle repliche \u00e8 tornata ad attaccare le opposizioni\u201d. Cos\u00ec la segretaria del Pd, Elly Schlein, a Rtl 102.5. \u201cIo sono in costante contatto, anche in [&hellip;]\" \/>\n<meta property=\"og:url\" content=\"https:\/\/www.livemag.it\/index.php\/2026\/03\/12\/iran-schlein-lappello-allunita-di-meloni-e-durato-due-ore-noi-ci-siamo\/\" \/>\n<meta property=\"og:site_name\" content=\"Live Magazine\" \/>\n<meta property=\"article:publisher\" content=\"https:\/\/www.facebook.com\/LiveMag\/\" \/>\n<meta property=\"article:published_time\" content=\"2026-03-12T11:02:58+00:00\" \/>\n<meta property=\"og:image\" content=\"https:\/\/www.livemag.it\/wp-content\/uploads\/2024\/02\/ograph.jpg\" \/>\n\t<meta property=\"og:image:width\" content=\"1200\" \/>\n\t<meta property=\"og:image:height\" content=\"675\" \/>\n\t<meta property=\"og:image:type\" content=\"image\/jpeg\" \/>\n<meta name=\"author\" content=\"italpress\" \/>\n<meta name=\"twitter:card\" content=\"summary_large_image\" \/>\n<meta name=\"twitter:creator\" content=\"@LiveNotizie\" \/>\n<meta name=\"twitter:site\" content=\"@LiveNotizie\" \/>\n<meta name=\"twitter:label1\" content=\"Scritto da\" \/>\n\t<meta name=\"twitter:data1\" content=\"italpress\" \/>\n\t<meta name=\"twitter:label2\" content=\"Tempo di lettura stimato\" \/>\n\t<meta name=\"twitter:data2\" content=\"1 minuto\" \/>\n<script type=\"application\/ld+json\" class=\"yoast-schema-graph\">{\"@context\":\"https:\\\/\\\/schema.org\",\"@graph\":[{\"@type\":\"Article\",\"@id\":\"https:\\\/\\\/www.livemag.it\\\/index.php\\\/2026\\\/03\\\/12\\\/iran-schlein-lappello-allunita-di-meloni-e-durato-due-ore-noi-ci-siamo\\\/#article\",\"isPartOf\":{\"@id\":\"https:\\\/\\\/www.livemag.it\\\/index.php\\\/2026\\\/03\\\/12\\\/iran-schlein-lappello-allunita-di-meloni-e-durato-due-ore-noi-ci-siamo\\\/\"},\"author\":{\"name\":\"italpress\",\"@id\":\"https:\\\/\\\/www.livemag.it\\\/#\\\/schema\\\/person\\\/b62c5f44451fdcdaeb0afe6c2424e73c\"},\"headline\":\"Iran, Schlein \u201cL\u2019appello all\u2019unit\u00e0 di Meloni \u00e8 durato due ore, noi ci siamo\u201d\",\"datePublished\":\"2026-03-12T11:02:58+00:00\",\"mainEntityOfPage\":{\"@id\":\"https:\\\/\\\/www.livemag.it\\\/index.php\\\/2026\\\/03\\\/12\\\/iran-schlein-lappello-allunita-di-meloni-e-durato-due-ore-noi-ci-siamo\\\/\"},\"wordCount\":164,\"publisher\":{\"@id\":\"https:\\\/\\\/www.livemag.it\\\/#organization\"},\"image\":{\"@id\":\"https:\\\/\\\/www.livemag.it\\\/index.php\\\/2026\\\/03\\\/12\\\/iran-schlein-lappello-allunita-di-meloni-e-durato-due-ore-noi-ci-siamo\\\/#primaryimage\"},\"thumbnailUrl\":\"https:\\\/\\\/www.livemag.it\\\/wp-content\\\/uploads\\\/2026\\\/03\\\/20260312_0362.jpg\",\"articleSection\":[\"Mondo\"],\"inLanguage\":\"it-IT\"},{\"@type\":\"WebPage\",\"@id\":\"https:\\\/\\\/www.livemag.it\\\/index.php\\\/2026\\\/03\\\/12\\\/iran-schlein-lappello-allunita-di-meloni-e-durato-due-ore-noi-ci-siamo\\\/\",\"url\":\"https:\\\/\\\/www.livemag.it\\\/index.php\\\/2026\\\/03\\\/12\\\/iran-schlein-lappello-allunita-di-meloni-e-durato-due-ore-noi-ci-siamo\\\/\",\"name\":\"Iran, Schlein \u201cL\u2019appello all\u2019unit\u00e0 di Meloni \u00e8 durato due ore, noi ci siamo\u201d - Live Magazine\",\"isPartOf\":{\"@id\":\"https:\\\/\\\/www.livemag.it\\\/#website\"},\"primaryImageOfPage\":{\"@id\":\"https:\\\/\\\/www.livemag.it\\\/index.php\\\/2026\\\/03\\\/12\\\/iran-schlein-lappello-allunita-di-meloni-e-durato-due-ore-noi-ci-siamo\\\/#primaryimage\"},\"image\":{\"@id\":\"https:\\\/\\\/www.livemag.it\\\/index.php\\\/2026\\\/03\\\/12\\\/iran-schlein-lappello-allunita-di-meloni-e-durato-due-ore-noi-ci-siamo\\\/#primaryimage\"},\"thumbnailUrl\":\"https:\\\/\\\/www.livemag.it\\\/wp-content\\\/uploads\\\/2026\\\/03\\\/20260312_0362.jpg\",\"datePublished\":\"2026-03-12T11:02:58+00:00\",\"breadcrumb\":{\"@id\":\"https:\\\/\\\/www.livemag.it\\\/index.php\\\/2026\\\/03\\\/12\\\/iran-schlein-lappello-allunita-di-meloni-e-durato-due-ore-noi-ci-siamo\\\/#breadcrumb\"},\"inLanguage\":\"it-IT\",\"potentialAction\":[{\"@type\":\"ReadAction\",\"target\":[\"https:\\\/\\\/www.livemag.it\\\/index.php\\\/2026\\\/03\\\/12\\\/iran-schlein-lappello-allunita-di-meloni-e-durato-due-ore-noi-ci-siamo\\\/\"]}]},{\"@type\":\"ImageObject\",\"inLanguage\":\"it-IT\",\"@id\":\"https:\\\/\\\/www.livemag.it\\\/index.php\\\/2026\\\/03\\\/12\\\/iran-schlein-lappello-allunita-di-meloni-e-durato-due-ore-noi-ci-siamo\\\/#primaryimage\",\"url\":\"https:\\\/\\\/www.livemag.it\\\/wp-content\\\/uploads\\\/2026\\\/03\\\/20260312_0362.jpg\",\"contentUrl\":\"https:\\\/\\\/www.livemag.it\\\/wp-content\\\/uploads\\\/2026\\\/03\\\/20260312_0362.jpg\",\"width\":1024,\"height\":682},{\"@type\":\"BreadcrumbList\",\"@id\":\"https:\\\/\\\/www.livemag.it\\\/index.php\\\/2026\\\/03\\\/12\\\/iran-schlein-lappello-allunita-di-meloni-e-durato-due-ore-noi-ci-siamo\\\/#breadcrumb\",\"itemListElement\":[{\"@type\":\"ListItem\",\"position\":1,\"name\":\"Home\",\"item\":\"https:\\\/\\\/www.livemag.it\\\/\"},{\"@type\":\"ListItem\",\"position\":2,\"name\":\"Iran, Schlein \u201cL\u2019appello all\u2019unit\u00e0 di Meloni \u00e8 durato due ore, noi ci siamo\u201d\"}]},{\"@type\":\"WebSite\",\"@id\":\"https:\\\/\\\/www.livemag.it\\\/#website\",\"url\":\"https:\\\/\\\/www.livemag.it\\\/\",\"name\":\"Live Magazine\",\"description\":\"Varie ed eventi\",\"publisher\":{\"@id\":\"https:\\\/\\\/www.livemag.it\\\/#organization\"},\"potentialAction\":[{\"@type\":\"SearchAction\",\"target\":{\"@type\":\"EntryPoint\",\"urlTemplate\":\"https:\\\/\\\/www.livemag.it\\\/?s={search_term_string}\"},\"query-input\":{\"@type\":\"PropertyValueSpecification\",\"valueRequired\":true,\"valueName\":\"search_term_string\"}}],\"inLanguage\":\"it-IT\"},{\"@type\":\"Organization\",\"@id\":\"https:\\\/\\\/www.livemag.it\\\/#organization\",\"name\":\"LiveMag\",\"alternateName\":\"LiveMag News ed eventi\",\"url\":\"https:\\\/\\\/www.livemag.it\\\/\",\"logo\":{\"@type\":\"ImageObject\",\"inLanguage\":\"it-IT\",\"@id\":\"https:\\\/\\\/www.livemag.it\\\/#\\\/schema\\\/logo\\\/image\\\/\",\"url\":\"https:\\\/\\\/www.livemag.it\\\/wp-content\\\/uploads\\\/2024\\\/02\\\/immagine-sito.jpg\",\"contentUrl\":\"https:\\\/\\\/www.livemag.it\\\/wp-content\\\/uploads\\\/2024\\\/02\\\/immagine-sito.jpg\",\"width\":696,\"height\":696,\"caption\":\"LiveMag\"},\"image\":{\"@id\":\"https:\\\/\\\/www.livemag.it\\\/#\\\/schema\\\/logo\\\/image\\\/\"},\"sameAs\":[\"https:\\\/\\\/www.facebook.com\\\/LiveMag\\\/\",\"https:\\\/\\\/x.com\\\/LiveNotizie\",\"https:\\\/\\\/www.instagram.com\\\/livemag\\\/\"]},{\"@type\":\"Person\",\"@id\":\"https:\\\/\\\/www.livemag.it\\\/#\\\/schema\\\/person\\\/b62c5f44451fdcdaeb0afe6c2424e73c\",\"name\":\"italpress\",\"image\":{\"@type\":\"ImageObject\",\"inLanguage\":\"it-IT\",\"@id\":\"https:\\\/\\\/secure.gravatar.com\\\/avatar\\\/b6a21695fc713ce7ee312cf57c97e2e641feb365be72d8745574d3c3e2b59066?s=96&r=g\",\"url\":\"https:\\\/\\\/secure.gravatar.com\\\/avatar\\\/b6a21695fc713ce7ee312cf57c97e2e641feb365be72d8745574d3c3e2b59066?s=96&r=g\",\"contentUrl\":\"https:\\\/\\\/secure.gravatar.com\\\/avatar\\\/b6a21695fc713ce7ee312cf57c97e2e641feb365be72d8745574d3c3e2b59066?s=96&r=g\",\"caption\":\"italpress\"},\"description\":\"Italpress \u00e8 un'agenzia di stampa italiana a carattere nazionale.\",\"url\":\"https:\\\/\\\/www.livemag.it\\\/index.php\\\/author\\\/italpress\\\/\"}]}<\/script>\n<!-- \/ Yoast SEO plugin. -->","yoast_head_json":{"title":"Iran, Schlein \u201cL\u2019appello all\u2019unit\u00e0 di Meloni \u00e8 durato due ore, noi ci siamo\u201d - Live Magazine","robots":{"index":"index","follow":"follow","max-snippet":"max-snippet:-1","max-image-preview":"max-image-preview:large","max-video-preview":"max-video-preview:-1"},"canonical":"https:\/\/www.livemag.it\/index.php\/2026\/03\/12\/iran-schlein-lappello-allunita-di-meloni-e-durato-due-ore-noi-ci-siamo\/","og_locale":"it_IT","og_type":"article","og_title":"Iran, Schlein \u201cL\u2019appello all\u2019unit\u00e0 di Meloni \u00e8 durato due ore, noi ci siamo\u201d - Live Magazine","og_description":"ROMA (ITALPRESS) \u2013 \u201cL\u2019appello all\u2019unit\u00e0 di Meloni \u00e8 durato un paio d\u2019ore ed \u00e8 arrivato 12 giorni in ritardo. Nel mio intervento le ho chiesto di posare la clava perch\u00e8 nelle repliche \u00e8 tornata ad attaccare le opposizioni\u201d. Cos\u00ec la segretaria del Pd, Elly Schlein, a Rtl 102.5. \u201cIo sono in costante contatto, anche in [&hellip;]","og_url":"https:\/\/www.livemag.it\/index.php\/2026\/03\/12\/iran-schlein-lappello-allunita-di-meloni-e-durato-due-ore-noi-ci-siamo\/","og_site_name":"Live Magazine","article_publisher":"https:\/\/www.facebook.com\/LiveMag\/","article_published_time":"2026-03-12T11:02:58+00:00","og_image":[{"width":1200,"height":675,"url":"https:\/\/www.livemag.it\/wp-content\/uploads\/2024\/02\/ograph.jpg","type":"image\/jpeg"}],"author":"italpress","twitter_card":"summary_large_image","twitter_creator":"@LiveNotizie","twitter_site":"@LiveNotizie","twitter_misc":{"Scritto da":"italpress","Tempo di lettura stimato":"1 minuto"},"schema":{"@context":"https:\/\/schema.org","@graph":[{"@type":"Article","@id":"https:\/\/www.livemag.it\/index.php\/2026\/03\/12\/iran-schlein-lappello-allunita-di-meloni-e-durato-due-ore-noi-ci-siamo\/#article","isPartOf":{"@id":"https:\/\/www.livemag.it\/index.php\/2026\/03\/12\/iran-schlein-lappello-allunita-di-meloni-e-durato-due-ore-noi-ci-siamo\/"},"author":{"name":"italpress","@id":"https:\/\/www.livemag.it\/#\/schema\/person\/b62c5f44451fdcdaeb0afe6c2424e73c"},"headline":"Iran, Schlein \u201cL\u2019appello all\u2019unit\u00e0 di Meloni \u00e8 durato due ore, noi ci siamo\u201d","datePublished":"2026-03-12T11:02:58+00:00","mainEntityOfPage":{"@id":"https:\/\/www.livemag.it\/index.php\/2026\/03\/12\/iran-schlein-lappello-allunita-di-meloni-e-durato-due-ore-noi-ci-siamo\/"},"wordCount":164,"publisher":{"@id":"https:\/\/www.livemag.it\/#organization"},"image":{"@id":"https:\/\/www.livemag.it\/index.php\/2026\/03\/12\/iran-schlein-lappello-allunita-di-meloni-e-durato-due-ore-noi-ci-siamo\/#primaryimage"},"thumbnailUrl":"https:\/\/www.livemag.it\/wp-content\/uploads\/2026\/03\/20260312_0362.jpg","articleSection":["Mondo"],"inLanguage":"it-IT"},{"@type":"WebPage","@id":"https:\/\/www.livemag.it\/index.php\/2026\/03\/12\/iran-schlein-lappello-allunita-di-meloni-e-durato-due-ore-noi-ci-siamo\/","url":"https:\/\/www.livemag.it\/index.php\/2026\/03\/12\/iran-schlein-lappello-allunita-di-meloni-e-durato-due-ore-noi-ci-siamo\/","name":"Iran, Schlein \u201cL\u2019appello all\u2019unit\u00e0 di Meloni \u00e8 durato due ore, noi ci siamo\u201d - Live Magazine","isPartOf":{"@id":"https:\/\/www.livemag.it\/#website"},"primaryImageOfPage":{"@id":"https:\/\/www.livemag.it\/index.php\/2026\/03\/12\/iran-schlein-lappello-allunita-di-meloni-e-durato-due-ore-noi-ci-siamo\/#primaryimage"},"image":{"@id":"https:\/\/www.livemag.it\/index.php\/2026\/03\/12\/iran-schlein-lappello-allunita-di-meloni-e-durato-due-ore-noi-ci-siamo\/#primaryimage"},"thumbnailUrl":"https:\/\/www.livemag.it\/wp-content\/uploads\/2026\/03\/20260312_0362.jpg","datePublished":"2026-03-12T11:02:58+00:00","breadcrumb":{"@id":"https:\/\/www.livemag.it\/index.php\/2026\/03\/12\/iran-schlein-lappello-allunita-di-meloni-e-durato-due-ore-noi-ci-siamo\/#breadcrumb"},"inLanguage":"it-IT","potentialAction":[{"@type":"ReadAction","target":["https:\/\/www.livemag.it\/index.php\/2026\/03\/12\/iran-schlein-lappello-allunita-di-meloni-e-durato-due-ore-noi-ci-siamo\/"]}]},{"@type":"ImageObject","inLanguage":"it-IT","@id":"https:\/\/www.livemag.it\/index.php\/2026\/03\/12\/iran-schlein-lappello-allunita-di-meloni-e-durato-due-ore-noi-ci-siamo\/#primaryimage","url":"https:\/\/www.livemag.it\/wp-content\/uploads\/2026\/03\/20260312_0362.jpg","contentUrl":"https:\/\/www.livemag.it\/wp-content\/uploads\/2026\/03\/20260312_0362.jpg","width":1024,"height":682},{"@type":"BreadcrumbList","@id":"https:\/\/www.livemag.it\/index.php\/2026\/03\/12\/iran-schlein-lappello-allunita-di-meloni-e-durato-due-ore-noi-ci-siamo\/#breadcrumb","itemListElement":[{"@type":"ListItem","position":1,"name":"Home","item":"https:\/\/www.livemag.it\/"},{"@type":"ListItem","position":2,"name":"Iran, Schlein \u201cL\u2019appello all\u2019unit\u00e0 di Meloni \u00e8 durato due ore, noi ci siamo\u201d"}]},{"@type":"WebSite","@id":"https:\/\/www.livemag.it\/#website","url":"https:\/\/www.livemag.it\/","name":"Live Magazine","description":"Varie ed eventi","publisher":{"@id":"https:\/\/www.livemag.it\/#organization"},"potentialAction":[{"@type":"SearchAction","target":{"@type":"EntryPoint","urlTemplate":"https:\/\/www.livemag.it\/?s={search_term_string}"},"query-input":{"@type":"PropertyValueSpecification","valueRequired":true,"valueName":"search_term_string"}}],"inLanguage":"it-IT"},{"@type":"Organization","@id":"https:\/\/www.livemag.it\/#organization","name":"LiveMag","alternateName":"LiveMag News ed eventi","url":"https:\/\/www.livemag.it\/","logo":{"@type":"ImageObject","inLanguage":"it-IT","@id":"https:\/\/www.livemag.it\/#\/schema\/logo\/image\/","url":"https:\/\/www.livemag.it\/wp-content\/uploads\/2024\/02\/immagine-sito.jpg","contentUrl":"https:\/\/www.livemag.it\/wp-content\/uploads\/2024\/02\/immagine-sito.jpg","width":696,"height":696,"caption":"LiveMag"},"image":{"@id":"https:\/\/www.livemag.it\/#\/schema\/logo\/image\/"},"sameAs":["https:\/\/www.facebook.com\/LiveMag\/","https:\/\/x.com\/LiveNotizie","https:\/\/www.instagram.com\/livemag\/"]},{"@type":"Person","@id":"https:\/\/www.livemag.it\/#\/schema\/person\/b62c5f44451fdcdaeb0afe6c2424e73c","name":"italpress","image":{"@type":"ImageObject","inLanguage":"it-IT","@id":"https:\/\/secure.gravatar.com\/avatar\/b6a21695fc713ce7ee312cf57c97e2e641feb365be72d8745574d3c3e2b59066?s=96&r=g","url":"https:\/\/secure.gravatar.com\/avatar\/b6a21695fc713ce7ee312cf57c97e2e641feb365be72d8745574d3c3e2b59066?s=96&r=g","contentUrl":"https:\/\/secure.gravatar.com\/avatar\/b6a21695fc713ce7ee312cf57c97e2e641feb365be72d8745574d3c3e2b59066?s=96&r=g","caption":"italpress"},"description":"Italpress \u00e8 un'agenzia di stampa italiana a carattere nazionale.","url":"https:\/\/www.livemag.it\/index.php\/author\/italpress\/"}]}},"jetpack_featured_media_url":"https:\/\/www.livemag.it\/wp-content\/uploads\/2026\/03\/20260312_0362.jpg","_links":{"self":[{"href":"https:\/\/www.livemag.it\/index.php\/wp-json\/wp\/v2\/posts\/71438","targetHints":{"allow":["GET"]}}],"collection":[{"href":"https:\/\/www.livemag.it\/index.php\/wp-json\/wp\/v2\/posts"}],"about":[{"href":"https:\/\/www.livemag.it\/index.php\/wp-json\/wp\/v2\/types\/post"}],"author":[{"embeddable":true,"href":"https:\/\/www.livemag.it\/index.php\/wp-json\/wp\/v2\/users\/16"}],"replies":[{"embeddable":true,"href":"https:\/\/www.livemag.it\/index.php\/wp-json\/wp\/v2\/comments?post=71438"}],"version-history":[{"count":0,"href":"https:\/\/www.livemag.it\/index.php\/wp-json\/wp\/v2\/posts\/71438\/revisions"}],"wp:featuredmedia":[{"embeddable":true,"href":"https:\/\/www.livemag.it\/index.php\/wp-json\/wp\/v2\/media\/71439"}],"wp:attachment":[{"href":"https:\/\/www.livemag.it\/index.php\/wp-json\/wp\/v2\/media?parent=71438"}],"wp:term":[{"taxonomy":"category","embeddable":true,"href":"https:\/\/www.livemag.it\/index.php\/wp-json\/wp\/v2\/categories?post=71438"},{"taxonomy":"post_tag","embeddable":true,"href":"https:\/\/www.livemag.it\/index.php\/wp-json\/wp\/v2\/tags?post=71438"}],"curies":[{"name":"wp","href":"https:\/\/api.w.org\/{rel}","templated":true}]}}