{"id":71424,"date":"2026-03-12T00:02:58","date_gmt":"2026-03-11T23:02:58","guid":{"rendered":"https:\/\/www.livemag.it\/index.php\/2026\/03\/12\/gasperini-campionato-o-europa-league-roma-a-bologna-senza-fare-calcoli\/"},"modified":"2026-03-12T00:02:58","modified_gmt":"2026-03-11T23:02:58","slug":"gasperini-campionato-o-europa-league-roma-a-bologna-senza-fare-calcoli","status":"publish","type":"post","link":"https:\/\/www.livemag.it\/index.php\/2026\/03\/12\/gasperini-campionato-o-europa-league-roma-a-bologna-senza-fare-calcoli\/","title":{"rendered":"Gasperini \u201cCampionato o Europa League? Roma a Bologna senza fare calcoli\u201d"},"content":{"rendered":"<div>\n<p>ROMA (ITALPRESS) \u2013 <em>\u201cOgni partita \u00e8 importantissima: domani lo \u00e8 per l\u2019Europa League, quella di domenica col Como lo sar\u00e0 per il campionato. Non faremo calcoli, puntiamo a dare il massimo in ogni gara\u201d<\/em>. Mette le cose in chiaro il tecnico della <strong>Roma,<\/strong> Gian Piero <strong>Gasperini,<\/strong> in conferenza stampa alla vigilia del match contro il Bologna, valido per l\u2019andata degli ottavi di finale di Europa League al Dall\u2019Ara. <em>\u201cLa priorit\u00e0 va a tutte le competizioni<\/em> \u2013 ha aggiunto -. <em>Non abbiamo mai pensato di lasciare qualcosa. Non vedo come si possa fare delle scelte: si cerca di superare tutti i turni possibili in Europa e di fare il massimo in campionato in ogni partita\u201d<\/em>. Torna tra i disponibili Mario Hermoso che si \u00e8 lasciato alle spalle le recenti noie muscolari:<em> \u201cNel momento in cui \u00e8 convocato, \u00e8 disponibile per giocare. Potrebbe partire dall\u2019inizio, con la previsione di dover fare una sostituzione visto che \u00e8 assente da molto tempo\u201d,<\/em> ha spiegato Gasperini. Ieri, intanto, l\u2019Atalanta \u2013 ultima squadra di serie A rimasta in Champions \u2013 \u00e8 stata travolta dal Bayern Monaco 6-1. <em>\u201cI problemi delle italiane in Europa? Quest\u2019anno va ancora peggio e va in sintonia con i problemi della Nazionale che speriamo possa raggiungere i Mondiali \u2013<\/em> l\u2019analisi di Gasperini \u2013 <em>Non \u00e8 una casualit\u00e0, abbiamo qualche difficolt\u00e0 e probabilmente siamo tutti coinvolti\u201d<\/em>. Secondo l\u2019ex tecnico della Dea le cause <em>\u201cnon possono essere una sostituzione o un modulo, ma \u00e8 un problema pi\u00f9 profondo che deriva dai settori giovanili e dal modo in cui vengono costruite le squadre. Se la realt\u00e0 \u00e8 questa, ci sono problemi che vanno affrontati e che coinvolgono tutti\u201d.<\/em><\/p>\n<p>In conferenza stampa anche Mile <strong>Svilar:<\/strong><em> \u201cIl Bologna \u00e8 una bella squadra, la affronteremo al massimo. Le notti europee danno emozioni speciali e ovviamente cercheremo di fare un passo dopo l\u2019altro: vogliamo passare questo turno e poi vedremo. Di stimoli ne ho tantissimi, nessuno mi deve dare motivazione o ambizione<\/em> \u2013 ha aggiunto l\u2019estremo difensore giallorosso -. <em>Si pu\u00f2 migliorare sempre su tutto. Analizzando la partita con il mister, ci sono sempre punti dove possiamo fare meglio. Possiamo migliorare fino alla fine della carriera\u201d, <\/em>ha detto Svilar che ha rivelato di aver mandato un messaggio privato sui social per incoraggiare Antonin Kinsky, il portiere del Tottenham sostituito al 17\u2032 del match con l\u2019Atletico Madrid dopo aver subito tre gol<em>: \u201cSono cose che succedono, gli errori dei portieri sono evidenti, perch\u00e8 quando sbagli prendi gol. E\u2019 un peccato, ma deve andare avanti con forza. Qualche anno fa \u00e8 successo anche a me, ci vuole un p\u00f2 per lasciarlo alle spalle ma col lavoro si dimentica l\u2019errore\u201d<\/em>, ha aggiunto.<\/p>\n<p>\u2013 foto Ipa Agency \u2013<\/p>\n<p>(ITALPRESS).<\/p>\n<\/div>\n","protected":false},"excerpt":{"rendered":"<p>ROMA (ITALPRESS) \u2013 \u201cOgni partita \u00e8 importantissima: domani lo \u00e8 per l\u2019Europa League, quella di domenica col Como lo sar\u00e0 per il campionato. Non faremo calcoli, puntiamo a dare il massimo in ogni gara\u201d. Mette le cose in chiaro il tecnico della Roma, Gian Piero Gasperini, in conferenza stampa alla vigilia del match contro il [&hellip;]<\/p>\n","protected":false},"author":16,"featured_media":71425,"comment_status":"closed","ping_status":"closed","sticky":false,"template":"","format":"standard","meta":{"jnews-multi-image_gallery":[],"jnews_single_post":[],"jnews_primary_category":[],"jnews_social_meta":[],"jnews_override_counter":[],"jnews_post_split":[],"footnotes":""},"categories":[1129],"tags":[],"class_list":["post-71424","post","type-post","status-publish","format-standard","has-post-thumbnail","hentry","category-mondo"],"yoast_head":"<!-- This site is optimized with the Yoast SEO plugin v27.4 - https:\/\/yoast.com\/product\/yoast-seo-wordpress\/ -->\n<title>Gasperini \u201cCampionato o Europa League? Roma a Bologna senza fare calcoli\u201d - Live Magazine<\/title>\n<meta name=\"robots\" content=\"index, follow, max-snippet:-1, max-image-preview:large, max-video-preview:-1\" \/>\n<link rel=\"canonical\" href=\"https:\/\/www.livemag.it\/index.php\/2026\/03\/12\/gasperini-campionato-o-europa-league-roma-a-bologna-senza-fare-calcoli\/\" \/>\n<meta property=\"og:locale\" content=\"it_IT\" \/>\n<meta property=\"og:type\" content=\"article\" \/>\n<meta property=\"og:title\" content=\"Gasperini \u201cCampionato o Europa League? Roma a Bologna senza fare calcoli\u201d - Live Magazine\" \/>\n<meta property=\"og:description\" content=\"ROMA (ITALPRESS) \u2013 \u201cOgni partita \u00e8 importantissima: domani lo \u00e8 per l\u2019Europa League, quella di domenica col Como lo sar\u00e0 per il campionato. Non faremo calcoli, puntiamo a dare il massimo in ogni gara\u201d. Mette le cose in chiaro il tecnico della Roma, Gian Piero Gasperini, in conferenza stampa alla vigilia del match contro il [&hellip;]\" \/>\n<meta property=\"og:url\" content=\"https:\/\/www.livemag.it\/index.php\/2026\/03\/12\/gasperini-campionato-o-europa-league-roma-a-bologna-senza-fare-calcoli\/\" \/>\n<meta property=\"og:site_name\" content=\"Live Magazine\" \/>\n<meta property=\"article:publisher\" content=\"https:\/\/www.facebook.com\/LiveMag\/\" \/>\n<meta property=\"article:published_time\" content=\"2026-03-11T23:02:58+00:00\" \/>\n<meta property=\"og:image\" content=\"https:\/\/www.livemag.it\/wp-content\/uploads\/2024\/02\/ograph.jpg\" \/>\n\t<meta property=\"og:image:width\" content=\"1200\" \/>\n\t<meta property=\"og:image:height\" content=\"675\" \/>\n\t<meta property=\"og:image:type\" content=\"image\/jpeg\" \/>\n<meta name=\"author\" content=\"italpress\" \/>\n<meta name=\"twitter:card\" content=\"summary_large_image\" \/>\n<meta name=\"twitter:creator\" content=\"@LiveNotizie\" \/>\n<meta name=\"twitter:site\" content=\"@LiveNotizie\" \/>\n<meta name=\"twitter:label1\" content=\"Scritto da\" \/>\n\t<meta name=\"twitter:data1\" content=\"italpress\" \/>\n\t<meta name=\"twitter:label2\" content=\"Tempo di lettura stimato\" \/>\n\t<meta name=\"twitter:data2\" content=\"2 minuti\" \/>\n<script type=\"application\/ld+json\" class=\"yoast-schema-graph\">{\"@context\":\"https:\\\/\\\/schema.org\",\"@graph\":[{\"@type\":\"Article\",\"@id\":\"https:\\\/\\\/www.livemag.it\\\/index.php\\\/2026\\\/03\\\/12\\\/gasperini-campionato-o-europa-league-roma-a-bologna-senza-fare-calcoli\\\/#article\",\"isPartOf\":{\"@id\":\"https:\\\/\\\/www.livemag.it\\\/index.php\\\/2026\\\/03\\\/12\\\/gasperini-campionato-o-europa-league-roma-a-bologna-senza-fare-calcoli\\\/\"},\"author\":{\"name\":\"italpress\",\"@id\":\"https:\\\/\\\/www.livemag.it\\\/#\\\/schema\\\/person\\\/b62c5f44451fdcdaeb0afe6c2424e73c\"},\"headline\":\"Gasperini \u201cCampionato o Europa League? Roma a Bologna senza fare calcoli\u201d\",\"datePublished\":\"2026-03-11T23:02:58+00:00\",\"mainEntityOfPage\":{\"@id\":\"https:\\\/\\\/www.livemag.it\\\/index.php\\\/2026\\\/03\\\/12\\\/gasperini-campionato-o-europa-league-roma-a-bologna-senza-fare-calcoli\\\/\"},\"wordCount\":447,\"publisher\":{\"@id\":\"https:\\\/\\\/www.livemag.it\\\/#organization\"},\"image\":{\"@id\":\"https:\\\/\\\/www.livemag.it\\\/index.php\\\/2026\\\/03\\\/12\\\/gasperini-campionato-o-europa-league-roma-a-bologna-senza-fare-calcoli\\\/#primaryimage\"},\"thumbnailUrl\":\"https:\\\/\\\/www.livemag.it\\\/wp-content\\\/uploads\\\/2026\\\/03\\\/20260311_2937.jpg\",\"articleSection\":[\"Mondo\"],\"inLanguage\":\"it-IT\"},{\"@type\":\"WebPage\",\"@id\":\"https:\\\/\\\/www.livemag.it\\\/index.php\\\/2026\\\/03\\\/12\\\/gasperini-campionato-o-europa-league-roma-a-bologna-senza-fare-calcoli\\\/\",\"url\":\"https:\\\/\\\/www.livemag.it\\\/index.php\\\/2026\\\/03\\\/12\\\/gasperini-campionato-o-europa-league-roma-a-bologna-senza-fare-calcoli\\\/\",\"name\":\"Gasperini \u201cCampionato o Europa League? Roma a Bologna senza fare calcoli\u201d - Live Magazine\",\"isPartOf\":{\"@id\":\"https:\\\/\\\/www.livemag.it\\\/#website\"},\"primaryImageOfPage\":{\"@id\":\"https:\\\/\\\/www.livemag.it\\\/index.php\\\/2026\\\/03\\\/12\\\/gasperini-campionato-o-europa-league-roma-a-bologna-senza-fare-calcoli\\\/#primaryimage\"},\"image\":{\"@id\":\"https:\\\/\\\/www.livemag.it\\\/index.php\\\/2026\\\/03\\\/12\\\/gasperini-campionato-o-europa-league-roma-a-bologna-senza-fare-calcoli\\\/#primaryimage\"},\"thumbnailUrl\":\"https:\\\/\\\/www.livemag.it\\\/wp-content\\\/uploads\\\/2026\\\/03\\\/20260311_2937.jpg\",\"datePublished\":\"2026-03-11T23:02:58+00:00\",\"breadcrumb\":{\"@id\":\"https:\\\/\\\/www.livemag.it\\\/index.php\\\/2026\\\/03\\\/12\\\/gasperini-campionato-o-europa-league-roma-a-bologna-senza-fare-calcoli\\\/#breadcrumb\"},\"inLanguage\":\"it-IT\",\"potentialAction\":[{\"@type\":\"ReadAction\",\"target\":[\"https:\\\/\\\/www.livemag.it\\\/index.php\\\/2026\\\/03\\\/12\\\/gasperini-campionato-o-europa-league-roma-a-bologna-senza-fare-calcoli\\\/\"]}]},{\"@type\":\"ImageObject\",\"inLanguage\":\"it-IT\",\"@id\":\"https:\\\/\\\/www.livemag.it\\\/index.php\\\/2026\\\/03\\\/12\\\/gasperini-campionato-o-europa-league-roma-a-bologna-senza-fare-calcoli\\\/#primaryimage\",\"url\":\"https:\\\/\\\/www.livemag.it\\\/wp-content\\\/uploads\\\/2026\\\/03\\\/20260311_2937.jpg\",\"contentUrl\":\"https:\\\/\\\/www.livemag.it\\\/wp-content\\\/uploads\\\/2026\\\/03\\\/20260311_2937.jpg\",\"width\":1200,\"height\":800},{\"@type\":\"BreadcrumbList\",\"@id\":\"https:\\\/\\\/www.livemag.it\\\/index.php\\\/2026\\\/03\\\/12\\\/gasperini-campionato-o-europa-league-roma-a-bologna-senza-fare-calcoli\\\/#breadcrumb\",\"itemListElement\":[{\"@type\":\"ListItem\",\"position\":1,\"name\":\"Home\",\"item\":\"https:\\\/\\\/www.livemag.it\\\/\"},{\"@type\":\"ListItem\",\"position\":2,\"name\":\"Gasperini \u201cCampionato o Europa League? Roma a Bologna senza fare calcoli\u201d\"}]},{\"@type\":\"WebSite\",\"@id\":\"https:\\\/\\\/www.livemag.it\\\/#website\",\"url\":\"https:\\\/\\\/www.livemag.it\\\/\",\"name\":\"Live Magazine\",\"description\":\"Varie ed eventi\",\"publisher\":{\"@id\":\"https:\\\/\\\/www.livemag.it\\\/#organization\"},\"potentialAction\":[{\"@type\":\"SearchAction\",\"target\":{\"@type\":\"EntryPoint\",\"urlTemplate\":\"https:\\\/\\\/www.livemag.it\\\/?s={search_term_string}\"},\"query-input\":{\"@type\":\"PropertyValueSpecification\",\"valueRequired\":true,\"valueName\":\"search_term_string\"}}],\"inLanguage\":\"it-IT\"},{\"@type\":\"Organization\",\"@id\":\"https:\\\/\\\/www.livemag.it\\\/#organization\",\"name\":\"LiveMag\",\"alternateName\":\"LiveMag News ed eventi\",\"url\":\"https:\\\/\\\/www.livemag.it\\\/\",\"logo\":{\"@type\":\"ImageObject\",\"inLanguage\":\"it-IT\",\"@id\":\"https:\\\/\\\/www.livemag.it\\\/#\\\/schema\\\/logo\\\/image\\\/\",\"url\":\"https:\\\/\\\/www.livemag.it\\\/wp-content\\\/uploads\\\/2024\\\/02\\\/immagine-sito.jpg\",\"contentUrl\":\"https:\\\/\\\/www.livemag.it\\\/wp-content\\\/uploads\\\/2024\\\/02\\\/immagine-sito.jpg\",\"width\":696,\"height\":696,\"caption\":\"LiveMag\"},\"image\":{\"@id\":\"https:\\\/\\\/www.livemag.it\\\/#\\\/schema\\\/logo\\\/image\\\/\"},\"sameAs\":[\"https:\\\/\\\/www.facebook.com\\\/LiveMag\\\/\",\"https:\\\/\\\/x.com\\\/LiveNotizie\",\"https:\\\/\\\/www.instagram.com\\\/livemag\\\/\"]},{\"@type\":\"Person\",\"@id\":\"https:\\\/\\\/www.livemag.it\\\/#\\\/schema\\\/person\\\/b62c5f44451fdcdaeb0afe6c2424e73c\",\"name\":\"italpress\",\"image\":{\"@type\":\"ImageObject\",\"inLanguage\":\"it-IT\",\"@id\":\"https:\\\/\\\/secure.gravatar.com\\\/avatar\\\/b6a21695fc713ce7ee312cf57c97e2e641feb365be72d8745574d3c3e2b59066?s=96&r=g\",\"url\":\"https:\\\/\\\/secure.gravatar.com\\\/avatar\\\/b6a21695fc713ce7ee312cf57c97e2e641feb365be72d8745574d3c3e2b59066?s=96&r=g\",\"contentUrl\":\"https:\\\/\\\/secure.gravatar.com\\\/avatar\\\/b6a21695fc713ce7ee312cf57c97e2e641feb365be72d8745574d3c3e2b59066?s=96&r=g\",\"caption\":\"italpress\"},\"description\":\"Italpress \u00e8 un'agenzia di stampa italiana a carattere nazionale.\",\"url\":\"https:\\\/\\\/www.livemag.it\\\/index.php\\\/author\\\/italpress\\\/\"}]}<\/script>\n<!-- \/ Yoast SEO plugin. -->","yoast_head_json":{"title":"Gasperini \u201cCampionato o Europa League? Roma a Bologna senza fare calcoli\u201d - Live Magazine","robots":{"index":"index","follow":"follow","max-snippet":"max-snippet:-1","max-image-preview":"max-image-preview:large","max-video-preview":"max-video-preview:-1"},"canonical":"https:\/\/www.livemag.it\/index.php\/2026\/03\/12\/gasperini-campionato-o-europa-league-roma-a-bologna-senza-fare-calcoli\/","og_locale":"it_IT","og_type":"article","og_title":"Gasperini \u201cCampionato o Europa League? Roma a Bologna senza fare calcoli\u201d - Live Magazine","og_description":"ROMA (ITALPRESS) \u2013 \u201cOgni partita \u00e8 importantissima: domani lo \u00e8 per l\u2019Europa League, quella di domenica col Como lo sar\u00e0 per il campionato. Non faremo calcoli, puntiamo a dare il massimo in ogni gara\u201d. Mette le cose in chiaro il tecnico della Roma, Gian Piero Gasperini, in conferenza stampa alla vigilia del match contro il [&hellip;]","og_url":"https:\/\/www.livemag.it\/index.php\/2026\/03\/12\/gasperini-campionato-o-europa-league-roma-a-bologna-senza-fare-calcoli\/","og_site_name":"Live Magazine","article_publisher":"https:\/\/www.facebook.com\/LiveMag\/","article_published_time":"2026-03-11T23:02:58+00:00","og_image":[{"width":1200,"height":675,"url":"https:\/\/www.livemag.it\/wp-content\/uploads\/2024\/02\/ograph.jpg","type":"image\/jpeg"}],"author":"italpress","twitter_card":"summary_large_image","twitter_creator":"@LiveNotizie","twitter_site":"@LiveNotizie","twitter_misc":{"Scritto da":"italpress","Tempo di lettura stimato":"2 minuti"},"schema":{"@context":"https:\/\/schema.org","@graph":[{"@type":"Article","@id":"https:\/\/www.livemag.it\/index.php\/2026\/03\/12\/gasperini-campionato-o-europa-league-roma-a-bologna-senza-fare-calcoli\/#article","isPartOf":{"@id":"https:\/\/www.livemag.it\/index.php\/2026\/03\/12\/gasperini-campionato-o-europa-league-roma-a-bologna-senza-fare-calcoli\/"},"author":{"name":"italpress","@id":"https:\/\/www.livemag.it\/#\/schema\/person\/b62c5f44451fdcdaeb0afe6c2424e73c"},"headline":"Gasperini \u201cCampionato o Europa League? Roma a Bologna senza fare calcoli\u201d","datePublished":"2026-03-11T23:02:58+00:00","mainEntityOfPage":{"@id":"https:\/\/www.livemag.it\/index.php\/2026\/03\/12\/gasperini-campionato-o-europa-league-roma-a-bologna-senza-fare-calcoli\/"},"wordCount":447,"publisher":{"@id":"https:\/\/www.livemag.it\/#organization"},"image":{"@id":"https:\/\/www.livemag.it\/index.php\/2026\/03\/12\/gasperini-campionato-o-europa-league-roma-a-bologna-senza-fare-calcoli\/#primaryimage"},"thumbnailUrl":"https:\/\/www.livemag.it\/wp-content\/uploads\/2026\/03\/20260311_2937.jpg","articleSection":["Mondo"],"inLanguage":"it-IT"},{"@type":"WebPage","@id":"https:\/\/www.livemag.it\/index.php\/2026\/03\/12\/gasperini-campionato-o-europa-league-roma-a-bologna-senza-fare-calcoli\/","url":"https:\/\/www.livemag.it\/index.php\/2026\/03\/12\/gasperini-campionato-o-europa-league-roma-a-bologna-senza-fare-calcoli\/","name":"Gasperini \u201cCampionato o Europa League? Roma a Bologna senza fare calcoli\u201d - Live Magazine","isPartOf":{"@id":"https:\/\/www.livemag.it\/#website"},"primaryImageOfPage":{"@id":"https:\/\/www.livemag.it\/index.php\/2026\/03\/12\/gasperini-campionato-o-europa-league-roma-a-bologna-senza-fare-calcoli\/#primaryimage"},"image":{"@id":"https:\/\/www.livemag.it\/index.php\/2026\/03\/12\/gasperini-campionato-o-europa-league-roma-a-bologna-senza-fare-calcoli\/#primaryimage"},"thumbnailUrl":"https:\/\/www.livemag.it\/wp-content\/uploads\/2026\/03\/20260311_2937.jpg","datePublished":"2026-03-11T23:02:58+00:00","breadcrumb":{"@id":"https:\/\/www.livemag.it\/index.php\/2026\/03\/12\/gasperini-campionato-o-europa-league-roma-a-bologna-senza-fare-calcoli\/#breadcrumb"},"inLanguage":"it-IT","potentialAction":[{"@type":"ReadAction","target":["https:\/\/www.livemag.it\/index.php\/2026\/03\/12\/gasperini-campionato-o-europa-league-roma-a-bologna-senza-fare-calcoli\/"]}]},{"@type":"ImageObject","inLanguage":"it-IT","@id":"https:\/\/www.livemag.it\/index.php\/2026\/03\/12\/gasperini-campionato-o-europa-league-roma-a-bologna-senza-fare-calcoli\/#primaryimage","url":"https:\/\/www.livemag.it\/wp-content\/uploads\/2026\/03\/20260311_2937.jpg","contentUrl":"https:\/\/www.livemag.it\/wp-content\/uploads\/2026\/03\/20260311_2937.jpg","width":1200,"height":800},{"@type":"BreadcrumbList","@id":"https:\/\/www.livemag.it\/index.php\/2026\/03\/12\/gasperini-campionato-o-europa-league-roma-a-bologna-senza-fare-calcoli\/#breadcrumb","itemListElement":[{"@type":"ListItem","position":1,"name":"Home","item":"https:\/\/www.livemag.it\/"},{"@type":"ListItem","position":2,"name":"Gasperini \u201cCampionato o Europa League? Roma a Bologna senza fare calcoli\u201d"}]},{"@type":"WebSite","@id":"https:\/\/www.livemag.it\/#website","url":"https:\/\/www.livemag.it\/","name":"Live Magazine","description":"Varie ed eventi","publisher":{"@id":"https:\/\/www.livemag.it\/#organization"},"potentialAction":[{"@type":"SearchAction","target":{"@type":"EntryPoint","urlTemplate":"https:\/\/www.livemag.it\/?s={search_term_string}"},"query-input":{"@type":"PropertyValueSpecification","valueRequired":true,"valueName":"search_term_string"}}],"inLanguage":"it-IT"},{"@type":"Organization","@id":"https:\/\/www.livemag.it\/#organization","name":"LiveMag","alternateName":"LiveMag News ed eventi","url":"https:\/\/www.livemag.it\/","logo":{"@type":"ImageObject","inLanguage":"it-IT","@id":"https:\/\/www.livemag.it\/#\/schema\/logo\/image\/","url":"https:\/\/www.livemag.it\/wp-content\/uploads\/2024\/02\/immagine-sito.jpg","contentUrl":"https:\/\/www.livemag.it\/wp-content\/uploads\/2024\/02\/immagine-sito.jpg","width":696,"height":696,"caption":"LiveMag"},"image":{"@id":"https:\/\/www.livemag.it\/#\/schema\/logo\/image\/"},"sameAs":["https:\/\/www.facebook.com\/LiveMag\/","https:\/\/x.com\/LiveNotizie","https:\/\/www.instagram.com\/livemag\/"]},{"@type":"Person","@id":"https:\/\/www.livemag.it\/#\/schema\/person\/b62c5f44451fdcdaeb0afe6c2424e73c","name":"italpress","image":{"@type":"ImageObject","inLanguage":"it-IT","@id":"https:\/\/secure.gravatar.com\/avatar\/b6a21695fc713ce7ee312cf57c97e2e641feb365be72d8745574d3c3e2b59066?s=96&r=g","url":"https:\/\/secure.gravatar.com\/avatar\/b6a21695fc713ce7ee312cf57c97e2e641feb365be72d8745574d3c3e2b59066?s=96&r=g","contentUrl":"https:\/\/secure.gravatar.com\/avatar\/b6a21695fc713ce7ee312cf57c97e2e641feb365be72d8745574d3c3e2b59066?s=96&r=g","caption":"italpress"},"description":"Italpress \u00e8 un'agenzia di stampa italiana a carattere nazionale.","url":"https:\/\/www.livemag.it\/index.php\/author\/italpress\/"}]}},"jetpack_featured_media_url":"https:\/\/www.livemag.it\/wp-content\/uploads\/2026\/03\/20260311_2937.jpg","_links":{"self":[{"href":"https:\/\/www.livemag.it\/index.php\/wp-json\/wp\/v2\/posts\/71424","targetHints":{"allow":["GET"]}}],"collection":[{"href":"https:\/\/www.livemag.it\/index.php\/wp-json\/wp\/v2\/posts"}],"about":[{"href":"https:\/\/www.livemag.it\/index.php\/wp-json\/wp\/v2\/types\/post"}],"author":[{"embeddable":true,"href":"https:\/\/www.livemag.it\/index.php\/wp-json\/wp\/v2\/users\/16"}],"replies":[{"embeddable":true,"href":"https:\/\/www.livemag.it\/index.php\/wp-json\/wp\/v2\/comments?post=71424"}],"version-history":[{"count":0,"href":"https:\/\/www.livemag.it\/index.php\/wp-json\/wp\/v2\/posts\/71424\/revisions"}],"wp:featuredmedia":[{"embeddable":true,"href":"https:\/\/www.livemag.it\/index.php\/wp-json\/wp\/v2\/media\/71425"}],"wp:attachment":[{"href":"https:\/\/www.livemag.it\/index.php\/wp-json\/wp\/v2\/media?parent=71424"}],"wp:term":[{"taxonomy":"category","embeddable":true,"href":"https:\/\/www.livemag.it\/index.php\/wp-json\/wp\/v2\/categories?post=71424"},{"taxonomy":"post_tag","embeddable":true,"href":"https:\/\/www.livemag.it\/index.php\/wp-json\/wp\/v2\/tags?post=71424"}],"curies":[{"name":"wp","href":"https:\/\/api.w.org\/{rel}","templated":true}]}}