{"id":71402,"date":"2026-03-11T18:13:17","date_gmt":"2026-03-11T17:13:17","guid":{"rendered":"https:\/\/www.livemag.it\/index.php\/2026\/03\/11\/iran-e-crisi-in-medio-oriente-a-roma-una-tavola-rotonda-sul-futuro-della-regione\/"},"modified":"2026-03-11T18:13:17","modified_gmt":"2026-03-11T17:13:17","slug":"iran-e-crisi-in-medio-oriente-a-roma-una-tavola-rotonda-sul-futuro-della-regione","status":"publish","type":"post","link":"https:\/\/www.livemag.it\/index.php\/2026\/03\/11\/iran-e-crisi-in-medio-oriente-a-roma-una-tavola-rotonda-sul-futuro-della-regione\/","title":{"rendered":"Iran e crisi in Medio Oriente, a Roma una tavola rotonda sul futuro della regione"},"content":{"rendered":"<div>\n<p>ROMA (ITALPRESS) \u2013 \u201cIran: legge e rivoluzione\u201d \u00e8 stato il tema al centro della tavola rotonda che si \u00e8 svolta presso la sede di Fondazione Lottomatica a Roma, dedicata all\u2019analisi delle dinamiche politiche e geopolitiche che riguardano l\u2019Iran e, pi\u00f9 in generale, gli equilibri del Medio Oriente.<br \/>L\u2019appuntamento ha preso spunto dalla presentazione di due recenti pubblicazioni: \u201cL\u2019Iran degli ayatollah\u201d di Pier Luigi Petrillo e \u201cI figli dell\u2019odio\u201d di Cecilia Sala, offrendo l\u2019occasione per un confronto su uno scenario internazionale sempre pi\u00f9 complesso e in continua evoluzione.<br \/>Negli ultimi mesi il Medio Oriente \u00e8 infatti tornato al centro dell\u2019attenzione internazionale, con sviluppi che coinvolgono diversi attori regionali e globali e che stanno contribuendo a ridefinire gli equilibri geopolitici dell\u2019area. Il quadro si \u00e8 ulteriormente complicato nelle ultime settimane, con l\u2019escalation culminata nello scoppio di un nuovo conflitto in seguito all\u2019attacco condotto da forze israelo-americane e alla successiva risposta dell\u2019Iran, alimentando il timore di una ulteriore destabilizzazione regionale.<br \/>In questo contesto, l\u2019incontro ha rappresentato un momento di riflessione e approfondimento sul ruolo dell\u2019Iran e sulle trasformazioni politiche e sociali che attraversano la regione.<br \/>Nel corso della discussione sono stati affrontati alcuni dei principali temi legati all\u2019Iran contemporaneo: l\u2019evoluzione del sistema politico della Repubblica islamica, il rapporto tra istituzioni e autorit\u00e0 religiosa, le trasformazioni della societ\u00e0 iraniana e il ruolo del Paese nei delicati equilibri geopolitici del Medio Oriente.<br \/>I due volumi presentati offrono prospettive complementari su questi aspetti. L\u2019Iran degli ayatollah, di Pier Luigi Petrillo, analizza il funzionamento delle istituzioni della Repubblica islamica e le dinamiche del sistema politico iraniano a partire dalla rivoluzione del 1979. I figli dell\u2019odio, di Cecilia Sala, propone invece un reportage sul Medio Oriente contemporaneo attraverso le storie e le esperienze delle nuove generazioni cresciute all\u2019interno dei conflitti della regione. All\u2019analisi delle due prospettive \u00e8 seguito un momento di confronto sul futuro dell\u2019Iran e sugli scenari di riassetto dell\u2019intera regione mediorientale dopo il conflitto. La discussione ha toccato anche il ruolo dell\u2019Europa e dei principali attori internazionali, oltre alle possibili conseguenze delle tensioni geopolitiche sugli equilibri economici globali e sui mercati energetici.<br \/>\u201cNel mio ultimo libro parlo di una rivoluzione post-islamica, nella quale la religione \u00e8 un feticcio, qualcosa dietro al quale la politica nasconde delle scelte che con la religione non hanno niente a che fare \u2013 le parole di Pier Luigi Petrillo -. L\u2019elezione come Guida Suprema del secondo genito di Khamenei sembra confermarlo. Non \u00e8 una guida spirituale, non ha le caratteristiche per assumere quell\u2019incarico, per\u00f2 \u00e8 stato nominato lo stesso\u201d.<br \/>Con la scelta di Mojtaba Khamenei come nuova guida suprema \u201cil segnale che gli uomini di regime vogliono dare \u00e8 proprio che non cambia nulla \u2013 ha detto Cecilia Sala -. E\u2019 una vittoria dei Pasdaran dell\u2019ala militare del regime, a cui questa nuova guida suprema Khamenei-Giovane \u00e8 molto legato da anni\u201d.<br \/>\u201cAbbiamo pensato che si potessero cogliere le opportunit\u00e0 che ci davano due libri molto interessanti come quelli di Pier Luigi Petrillo e Cecilia Sala \u2013 ha detto Riccardo Capecchi, Presidente di Fondazione Lottomatica -. Metterli insieme ha consentito di affrontare un tema di grande attualit\u00e0. La possibilit\u00e0 di affrontare e di ragionare sulla contrapposizione in corso ha bisogno di comprensione e chi conosce le cose pu\u00f2 aiutare a darci degli stimoli importanti\u201d.<br \/>L\u2019incontro ha visto la partecipazione di rappresentanti del mondo delle istituzioni, del giornalismo e della ricerca, contribuendo a un confronto articolato sulle prospettive della regione e sulle dinamiche che stanno ridefinendo gli equilibri internazionali.<br \/>\u201cLa volont\u00e0 \u00e8 quella che all\u2019interno del perimetro europeo si possa arrivare ad un abbassamento del livello di tensione, perch\u00e8 ovviamente ci preoccupa molto quanto sta accadendo in Medio Oriente\u201d; il commento di Giangiacomo Calovini Capogruppo Fratelli d\u2019Italia Commissione Affari esteri della Camera.<br \/>\u201cNoi come Partito Democratico abbiamo chiesto al Governo di prendere le distanze da un intervento che \u00e8 una palese violazione del diritto internazionale \u2013 ha detto Antonio Misiani (Pd), Vicepresidente della Commissione Bilancio del Senato -. Nessuno di noi ha alcun rimpianto per Ali Khamenei, n\u00e8 alcuna simpatia per un regime teocratico oppressivo che schiaccia la libert\u00e0 degli iraniani da molti decenni. Riteniamo che l\u2019idea di operare un regime change con le bombe e con i missili, sia un\u2019illusione, una soluzione non praticabile e che quanto sta avvenendo rischia di aggravare ulteriormente una situazione di incertezza e di instabilit\u00e0 in un\u2019area delicatissima\u201d.<br \/>\u201cCredo che libert\u00e0 e democrazia non debbano essere un privilegio per una certa parte del mondo, ma un\u2019opportunit\u00e0 per tutti, per lo meno per chi nel mondo ne fa richiesta \u2013 ha affermato Luigi Marattin, deputato del Partito Liberaldemocratico e Membro della Camera dei Deputati -. Non tutti chiedono democrazia, gli iraniani s\u00ec e io desidero quello\u201d.<br \/>\u201cIo credo che si debba sicuramente considerare un intervento dello Stato \u2013 ha detto Marco Osnato (FdI), Presidente della Commissione Finanze della Camera, riguardo all\u2019aumento dei prezzi in relazione al conflitto -, ma credo che si debba anche aspettare qualche ora in pi\u00f9, perch\u00e8 evidentemente la situazione \u00e8 molto fluida ed \u00e8 difficile essere certi che quello che sta succedendo adesso sia quello che succeder\u00e0 domani\u201d.<br \/>-foto ufficio stampa Fondazione Lottomatica-<br \/>(ITALPRESS).<\/p>\n<\/div>\n","protected":false},"excerpt":{"rendered":"<p>ROMA (ITALPRESS) \u2013 \u201cIran: legge e rivoluzione\u201d \u00e8 stato il tema al centro della tavola rotonda che si \u00e8 svolta presso la sede di Fondazione Lottomatica a Roma, dedicata all\u2019analisi delle dinamiche politiche e geopolitiche che riguardano l\u2019Iran e, pi\u00f9 in generale, gli equilibri del Medio Oriente.L\u2019appuntamento ha preso spunto dalla presentazione di due recenti [&hellip;]<\/p>\n","protected":false},"author":16,"featured_media":71403,"comment_status":"closed","ping_status":"closed","sticky":false,"template":"","format":"standard","meta":{"jnews-multi-image_gallery":[],"jnews_single_post":[],"jnews_primary_category":[],"jnews_social_meta":[],"jnews_override_counter":[],"jnews_post_split":[],"footnotes":""},"categories":[1129],"tags":[],"class_list":["post-71402","post","type-post","status-publish","format-standard","has-post-thumbnail","hentry","category-mondo"],"yoast_head":"<!-- This site is optimized with the Yoast SEO plugin v27.4 - https:\/\/yoast.com\/product\/yoast-seo-wordpress\/ -->\n<title>Iran e crisi in Medio Oriente, a Roma una tavola rotonda sul futuro della regione - Live Magazine<\/title>\n<meta name=\"robots\" content=\"index, follow, max-snippet:-1, max-image-preview:large, max-video-preview:-1\" \/>\n<link rel=\"canonical\" href=\"https:\/\/www.livemag.it\/index.php\/2026\/03\/11\/iran-e-crisi-in-medio-oriente-a-roma-una-tavola-rotonda-sul-futuro-della-regione\/\" \/>\n<meta property=\"og:locale\" content=\"it_IT\" \/>\n<meta property=\"og:type\" content=\"article\" \/>\n<meta property=\"og:title\" content=\"Iran e crisi in Medio Oriente, a Roma una tavola rotonda sul futuro della regione - Live Magazine\" \/>\n<meta property=\"og:description\" content=\"ROMA (ITALPRESS) \u2013 \u201cIran: legge e rivoluzione\u201d \u00e8 stato il tema al centro della tavola rotonda che si \u00e8 svolta presso la sede di Fondazione Lottomatica a Roma, dedicata all\u2019analisi delle dinamiche politiche e geopolitiche che riguardano l\u2019Iran e, pi\u00f9 in generale, gli equilibri del Medio Oriente.L\u2019appuntamento ha preso spunto dalla presentazione di due recenti [&hellip;]\" \/>\n<meta property=\"og:url\" content=\"https:\/\/www.livemag.it\/index.php\/2026\/03\/11\/iran-e-crisi-in-medio-oriente-a-roma-una-tavola-rotonda-sul-futuro-della-regione\/\" \/>\n<meta property=\"og:site_name\" content=\"Live Magazine\" \/>\n<meta property=\"article:publisher\" content=\"https:\/\/www.facebook.com\/LiveMag\/\" \/>\n<meta property=\"article:published_time\" content=\"2026-03-11T17:13:17+00:00\" \/>\n<meta property=\"og:image\" content=\"https:\/\/www.livemag.it\/wp-content\/uploads\/2024\/02\/ograph.jpg\" \/>\n\t<meta property=\"og:image:width\" content=\"1200\" \/>\n\t<meta property=\"og:image:height\" content=\"675\" \/>\n\t<meta property=\"og:image:type\" content=\"image\/jpeg\" \/>\n<meta name=\"author\" content=\"italpress\" \/>\n<meta name=\"twitter:card\" content=\"summary_large_image\" \/>\n<meta name=\"twitter:creator\" content=\"@LiveNotizie\" \/>\n<meta name=\"twitter:site\" content=\"@LiveNotizie\" \/>\n<meta name=\"twitter:label1\" content=\"Scritto da\" \/>\n\t<meta name=\"twitter:data1\" content=\"italpress\" \/>\n\t<meta name=\"twitter:label2\" content=\"Tempo di lettura stimato\" \/>\n\t<meta name=\"twitter:data2\" content=\"4 minuti\" \/>\n<script type=\"application\/ld+json\" class=\"yoast-schema-graph\">{\"@context\":\"https:\\\/\\\/schema.org\",\"@graph\":[{\"@type\":\"Article\",\"@id\":\"https:\\\/\\\/www.livemag.it\\\/index.php\\\/2026\\\/03\\\/11\\\/iran-e-crisi-in-medio-oriente-a-roma-una-tavola-rotonda-sul-futuro-della-regione\\\/#article\",\"isPartOf\":{\"@id\":\"https:\\\/\\\/www.livemag.it\\\/index.php\\\/2026\\\/03\\\/11\\\/iran-e-crisi-in-medio-oriente-a-roma-una-tavola-rotonda-sul-futuro-della-regione\\\/\"},\"author\":{\"name\":\"italpress\",\"@id\":\"https:\\\/\\\/www.livemag.it\\\/#\\\/schema\\\/person\\\/b62c5f44451fdcdaeb0afe6c2424e73c\"},\"headline\":\"Iran e crisi in Medio Oriente, a Roma una tavola rotonda sul futuro della regione\",\"datePublished\":\"2026-03-11T17:13:17+00:00\",\"mainEntityOfPage\":{\"@id\":\"https:\\\/\\\/www.livemag.it\\\/index.php\\\/2026\\\/03\\\/11\\\/iran-e-crisi-in-medio-oriente-a-roma-una-tavola-rotonda-sul-futuro-della-regione\\\/\"},\"wordCount\":876,\"publisher\":{\"@id\":\"https:\\\/\\\/www.livemag.it\\\/#organization\"},\"image\":{\"@id\":\"https:\\\/\\\/www.livemag.it\\\/index.php\\\/2026\\\/03\\\/11\\\/iran-e-crisi-in-medio-oriente-a-roma-una-tavola-rotonda-sul-futuro-della-regione\\\/#primaryimage\"},\"thumbnailUrl\":\"https:\\\/\\\/www.livemag.it\\\/wp-content\\\/uploads\\\/2026\\\/03\\\/20260311_1504-2.jpg\",\"articleSection\":[\"Mondo\"],\"inLanguage\":\"it-IT\"},{\"@type\":\"WebPage\",\"@id\":\"https:\\\/\\\/www.livemag.it\\\/index.php\\\/2026\\\/03\\\/11\\\/iran-e-crisi-in-medio-oriente-a-roma-una-tavola-rotonda-sul-futuro-della-regione\\\/\",\"url\":\"https:\\\/\\\/www.livemag.it\\\/index.php\\\/2026\\\/03\\\/11\\\/iran-e-crisi-in-medio-oriente-a-roma-una-tavola-rotonda-sul-futuro-della-regione\\\/\",\"name\":\"Iran e crisi in Medio Oriente, a Roma una tavola rotonda sul futuro della regione - Live Magazine\",\"isPartOf\":{\"@id\":\"https:\\\/\\\/www.livemag.it\\\/#website\"},\"primaryImageOfPage\":{\"@id\":\"https:\\\/\\\/www.livemag.it\\\/index.php\\\/2026\\\/03\\\/11\\\/iran-e-crisi-in-medio-oriente-a-roma-una-tavola-rotonda-sul-futuro-della-regione\\\/#primaryimage\"},\"image\":{\"@id\":\"https:\\\/\\\/www.livemag.it\\\/index.php\\\/2026\\\/03\\\/11\\\/iran-e-crisi-in-medio-oriente-a-roma-una-tavola-rotonda-sul-futuro-della-regione\\\/#primaryimage\"},\"thumbnailUrl\":\"https:\\\/\\\/www.livemag.it\\\/wp-content\\\/uploads\\\/2026\\\/03\\\/20260311_1504-2.jpg\",\"datePublished\":\"2026-03-11T17:13:17+00:00\",\"breadcrumb\":{\"@id\":\"https:\\\/\\\/www.livemag.it\\\/index.php\\\/2026\\\/03\\\/11\\\/iran-e-crisi-in-medio-oriente-a-roma-una-tavola-rotonda-sul-futuro-della-regione\\\/#breadcrumb\"},\"inLanguage\":\"it-IT\",\"potentialAction\":[{\"@type\":\"ReadAction\",\"target\":[\"https:\\\/\\\/www.livemag.it\\\/index.php\\\/2026\\\/03\\\/11\\\/iran-e-crisi-in-medio-oriente-a-roma-una-tavola-rotonda-sul-futuro-della-regione\\\/\"]}]},{\"@type\":\"ImageObject\",\"inLanguage\":\"it-IT\",\"@id\":\"https:\\\/\\\/www.livemag.it\\\/index.php\\\/2026\\\/03\\\/11\\\/iran-e-crisi-in-medio-oriente-a-roma-una-tavola-rotonda-sul-futuro-della-regione\\\/#primaryimage\",\"url\":\"https:\\\/\\\/www.livemag.it\\\/wp-content\\\/uploads\\\/2026\\\/03\\\/20260311_1504-2.jpg\",\"contentUrl\":\"https:\\\/\\\/www.livemag.it\\\/wp-content\\\/uploads\\\/2026\\\/03\\\/20260311_1504-2.jpg\",\"width\":1200,\"height\":801},{\"@type\":\"BreadcrumbList\",\"@id\":\"https:\\\/\\\/www.livemag.it\\\/index.php\\\/2026\\\/03\\\/11\\\/iran-e-crisi-in-medio-oriente-a-roma-una-tavola-rotonda-sul-futuro-della-regione\\\/#breadcrumb\",\"itemListElement\":[{\"@type\":\"ListItem\",\"position\":1,\"name\":\"Home\",\"item\":\"https:\\\/\\\/www.livemag.it\\\/\"},{\"@type\":\"ListItem\",\"position\":2,\"name\":\"Iran e crisi in Medio Oriente, a Roma una tavola rotonda sul futuro della regione\"}]},{\"@type\":\"WebSite\",\"@id\":\"https:\\\/\\\/www.livemag.it\\\/#website\",\"url\":\"https:\\\/\\\/www.livemag.it\\\/\",\"name\":\"Live Magazine\",\"description\":\"Varie ed eventi\",\"publisher\":{\"@id\":\"https:\\\/\\\/www.livemag.it\\\/#organization\"},\"potentialAction\":[{\"@type\":\"SearchAction\",\"target\":{\"@type\":\"EntryPoint\",\"urlTemplate\":\"https:\\\/\\\/www.livemag.it\\\/?s={search_term_string}\"},\"query-input\":{\"@type\":\"PropertyValueSpecification\",\"valueRequired\":true,\"valueName\":\"search_term_string\"}}],\"inLanguage\":\"it-IT\"},{\"@type\":\"Organization\",\"@id\":\"https:\\\/\\\/www.livemag.it\\\/#organization\",\"name\":\"LiveMag\",\"alternateName\":\"LiveMag News ed eventi\",\"url\":\"https:\\\/\\\/www.livemag.it\\\/\",\"logo\":{\"@type\":\"ImageObject\",\"inLanguage\":\"it-IT\",\"@id\":\"https:\\\/\\\/www.livemag.it\\\/#\\\/schema\\\/logo\\\/image\\\/\",\"url\":\"https:\\\/\\\/www.livemag.it\\\/wp-content\\\/uploads\\\/2024\\\/02\\\/immagine-sito.jpg\",\"contentUrl\":\"https:\\\/\\\/www.livemag.it\\\/wp-content\\\/uploads\\\/2024\\\/02\\\/immagine-sito.jpg\",\"width\":696,\"height\":696,\"caption\":\"LiveMag\"},\"image\":{\"@id\":\"https:\\\/\\\/www.livemag.it\\\/#\\\/schema\\\/logo\\\/image\\\/\"},\"sameAs\":[\"https:\\\/\\\/www.facebook.com\\\/LiveMag\\\/\",\"https:\\\/\\\/x.com\\\/LiveNotizie\",\"https:\\\/\\\/www.instagram.com\\\/livemag\\\/\"]},{\"@type\":\"Person\",\"@id\":\"https:\\\/\\\/www.livemag.it\\\/#\\\/schema\\\/person\\\/b62c5f44451fdcdaeb0afe6c2424e73c\",\"name\":\"italpress\",\"image\":{\"@type\":\"ImageObject\",\"inLanguage\":\"it-IT\",\"@id\":\"https:\\\/\\\/secure.gravatar.com\\\/avatar\\\/b6a21695fc713ce7ee312cf57c97e2e641feb365be72d8745574d3c3e2b59066?s=96&r=g\",\"url\":\"https:\\\/\\\/secure.gravatar.com\\\/avatar\\\/b6a21695fc713ce7ee312cf57c97e2e641feb365be72d8745574d3c3e2b59066?s=96&r=g\",\"contentUrl\":\"https:\\\/\\\/secure.gravatar.com\\\/avatar\\\/b6a21695fc713ce7ee312cf57c97e2e641feb365be72d8745574d3c3e2b59066?s=96&r=g\",\"caption\":\"italpress\"},\"description\":\"Italpress \u00e8 un'agenzia di stampa italiana a carattere nazionale.\",\"url\":\"https:\\\/\\\/www.livemag.it\\\/index.php\\\/author\\\/italpress\\\/\"}]}<\/script>\n<!-- \/ Yoast SEO plugin. -->","yoast_head_json":{"title":"Iran e crisi in Medio Oriente, a Roma una tavola rotonda sul futuro della regione - Live Magazine","robots":{"index":"index","follow":"follow","max-snippet":"max-snippet:-1","max-image-preview":"max-image-preview:large","max-video-preview":"max-video-preview:-1"},"canonical":"https:\/\/www.livemag.it\/index.php\/2026\/03\/11\/iran-e-crisi-in-medio-oriente-a-roma-una-tavola-rotonda-sul-futuro-della-regione\/","og_locale":"it_IT","og_type":"article","og_title":"Iran e crisi in Medio Oriente, a Roma una tavola rotonda sul futuro della regione - Live Magazine","og_description":"ROMA (ITALPRESS) \u2013 \u201cIran: legge e rivoluzione\u201d \u00e8 stato il tema al centro della tavola rotonda che si \u00e8 svolta presso la sede di Fondazione Lottomatica a Roma, dedicata all\u2019analisi delle dinamiche politiche e geopolitiche che riguardano l\u2019Iran e, pi\u00f9 in generale, gli equilibri del Medio Oriente.L\u2019appuntamento ha preso spunto dalla presentazione di due recenti [&hellip;]","og_url":"https:\/\/www.livemag.it\/index.php\/2026\/03\/11\/iran-e-crisi-in-medio-oriente-a-roma-una-tavola-rotonda-sul-futuro-della-regione\/","og_site_name":"Live Magazine","article_publisher":"https:\/\/www.facebook.com\/LiveMag\/","article_published_time":"2026-03-11T17:13:17+00:00","og_image":[{"width":1200,"height":675,"url":"https:\/\/www.livemag.it\/wp-content\/uploads\/2024\/02\/ograph.jpg","type":"image\/jpeg"}],"author":"italpress","twitter_card":"summary_large_image","twitter_creator":"@LiveNotizie","twitter_site":"@LiveNotizie","twitter_misc":{"Scritto da":"italpress","Tempo di lettura stimato":"4 minuti"},"schema":{"@context":"https:\/\/schema.org","@graph":[{"@type":"Article","@id":"https:\/\/www.livemag.it\/index.php\/2026\/03\/11\/iran-e-crisi-in-medio-oriente-a-roma-una-tavola-rotonda-sul-futuro-della-regione\/#article","isPartOf":{"@id":"https:\/\/www.livemag.it\/index.php\/2026\/03\/11\/iran-e-crisi-in-medio-oriente-a-roma-una-tavola-rotonda-sul-futuro-della-regione\/"},"author":{"name":"italpress","@id":"https:\/\/www.livemag.it\/#\/schema\/person\/b62c5f44451fdcdaeb0afe6c2424e73c"},"headline":"Iran e crisi in Medio Oriente, a Roma una tavola rotonda sul futuro della regione","datePublished":"2026-03-11T17:13:17+00:00","mainEntityOfPage":{"@id":"https:\/\/www.livemag.it\/index.php\/2026\/03\/11\/iran-e-crisi-in-medio-oriente-a-roma-una-tavola-rotonda-sul-futuro-della-regione\/"},"wordCount":876,"publisher":{"@id":"https:\/\/www.livemag.it\/#organization"},"image":{"@id":"https:\/\/www.livemag.it\/index.php\/2026\/03\/11\/iran-e-crisi-in-medio-oriente-a-roma-una-tavola-rotonda-sul-futuro-della-regione\/#primaryimage"},"thumbnailUrl":"https:\/\/www.livemag.it\/wp-content\/uploads\/2026\/03\/20260311_1504-2.jpg","articleSection":["Mondo"],"inLanguage":"it-IT"},{"@type":"WebPage","@id":"https:\/\/www.livemag.it\/index.php\/2026\/03\/11\/iran-e-crisi-in-medio-oriente-a-roma-una-tavola-rotonda-sul-futuro-della-regione\/","url":"https:\/\/www.livemag.it\/index.php\/2026\/03\/11\/iran-e-crisi-in-medio-oriente-a-roma-una-tavola-rotonda-sul-futuro-della-regione\/","name":"Iran e crisi in Medio Oriente, a Roma una tavola rotonda sul futuro della regione - Live Magazine","isPartOf":{"@id":"https:\/\/www.livemag.it\/#website"},"primaryImageOfPage":{"@id":"https:\/\/www.livemag.it\/index.php\/2026\/03\/11\/iran-e-crisi-in-medio-oriente-a-roma-una-tavola-rotonda-sul-futuro-della-regione\/#primaryimage"},"image":{"@id":"https:\/\/www.livemag.it\/index.php\/2026\/03\/11\/iran-e-crisi-in-medio-oriente-a-roma-una-tavola-rotonda-sul-futuro-della-regione\/#primaryimage"},"thumbnailUrl":"https:\/\/www.livemag.it\/wp-content\/uploads\/2026\/03\/20260311_1504-2.jpg","datePublished":"2026-03-11T17:13:17+00:00","breadcrumb":{"@id":"https:\/\/www.livemag.it\/index.php\/2026\/03\/11\/iran-e-crisi-in-medio-oriente-a-roma-una-tavola-rotonda-sul-futuro-della-regione\/#breadcrumb"},"inLanguage":"it-IT","potentialAction":[{"@type":"ReadAction","target":["https:\/\/www.livemag.it\/index.php\/2026\/03\/11\/iran-e-crisi-in-medio-oriente-a-roma-una-tavola-rotonda-sul-futuro-della-regione\/"]}]},{"@type":"ImageObject","inLanguage":"it-IT","@id":"https:\/\/www.livemag.it\/index.php\/2026\/03\/11\/iran-e-crisi-in-medio-oriente-a-roma-una-tavola-rotonda-sul-futuro-della-regione\/#primaryimage","url":"https:\/\/www.livemag.it\/wp-content\/uploads\/2026\/03\/20260311_1504-2.jpg","contentUrl":"https:\/\/www.livemag.it\/wp-content\/uploads\/2026\/03\/20260311_1504-2.jpg","width":1200,"height":801},{"@type":"BreadcrumbList","@id":"https:\/\/www.livemag.it\/index.php\/2026\/03\/11\/iran-e-crisi-in-medio-oriente-a-roma-una-tavola-rotonda-sul-futuro-della-regione\/#breadcrumb","itemListElement":[{"@type":"ListItem","position":1,"name":"Home","item":"https:\/\/www.livemag.it\/"},{"@type":"ListItem","position":2,"name":"Iran e crisi in Medio Oriente, a Roma una tavola rotonda sul futuro della regione"}]},{"@type":"WebSite","@id":"https:\/\/www.livemag.it\/#website","url":"https:\/\/www.livemag.it\/","name":"Live Magazine","description":"Varie ed eventi","publisher":{"@id":"https:\/\/www.livemag.it\/#organization"},"potentialAction":[{"@type":"SearchAction","target":{"@type":"EntryPoint","urlTemplate":"https:\/\/www.livemag.it\/?s={search_term_string}"},"query-input":{"@type":"PropertyValueSpecification","valueRequired":true,"valueName":"search_term_string"}}],"inLanguage":"it-IT"},{"@type":"Organization","@id":"https:\/\/www.livemag.it\/#organization","name":"LiveMag","alternateName":"LiveMag News ed eventi","url":"https:\/\/www.livemag.it\/","logo":{"@type":"ImageObject","inLanguage":"it-IT","@id":"https:\/\/www.livemag.it\/#\/schema\/logo\/image\/","url":"https:\/\/www.livemag.it\/wp-content\/uploads\/2024\/02\/immagine-sito.jpg","contentUrl":"https:\/\/www.livemag.it\/wp-content\/uploads\/2024\/02\/immagine-sito.jpg","width":696,"height":696,"caption":"LiveMag"},"image":{"@id":"https:\/\/www.livemag.it\/#\/schema\/logo\/image\/"},"sameAs":["https:\/\/www.facebook.com\/LiveMag\/","https:\/\/x.com\/LiveNotizie","https:\/\/www.instagram.com\/livemag\/"]},{"@type":"Person","@id":"https:\/\/www.livemag.it\/#\/schema\/person\/b62c5f44451fdcdaeb0afe6c2424e73c","name":"italpress","image":{"@type":"ImageObject","inLanguage":"it-IT","@id":"https:\/\/secure.gravatar.com\/avatar\/b6a21695fc713ce7ee312cf57c97e2e641feb365be72d8745574d3c3e2b59066?s=96&r=g","url":"https:\/\/secure.gravatar.com\/avatar\/b6a21695fc713ce7ee312cf57c97e2e641feb365be72d8745574d3c3e2b59066?s=96&r=g","contentUrl":"https:\/\/secure.gravatar.com\/avatar\/b6a21695fc713ce7ee312cf57c97e2e641feb365be72d8745574d3c3e2b59066?s=96&r=g","caption":"italpress"},"description":"Italpress \u00e8 un'agenzia di stampa italiana a carattere nazionale.","url":"https:\/\/www.livemag.it\/index.php\/author\/italpress\/"}]}},"jetpack_featured_media_url":"https:\/\/www.livemag.it\/wp-content\/uploads\/2026\/03\/20260311_1504-2.jpg","_links":{"self":[{"href":"https:\/\/www.livemag.it\/index.php\/wp-json\/wp\/v2\/posts\/71402","targetHints":{"allow":["GET"]}}],"collection":[{"href":"https:\/\/www.livemag.it\/index.php\/wp-json\/wp\/v2\/posts"}],"about":[{"href":"https:\/\/www.livemag.it\/index.php\/wp-json\/wp\/v2\/types\/post"}],"author":[{"embeddable":true,"href":"https:\/\/www.livemag.it\/index.php\/wp-json\/wp\/v2\/users\/16"}],"replies":[{"embeddable":true,"href":"https:\/\/www.livemag.it\/index.php\/wp-json\/wp\/v2\/comments?post=71402"}],"version-history":[{"count":0,"href":"https:\/\/www.livemag.it\/index.php\/wp-json\/wp\/v2\/posts\/71402\/revisions"}],"wp:featuredmedia":[{"embeddable":true,"href":"https:\/\/www.livemag.it\/index.php\/wp-json\/wp\/v2\/media\/71403"}],"wp:attachment":[{"href":"https:\/\/www.livemag.it\/index.php\/wp-json\/wp\/v2\/media?parent=71402"}],"wp:term":[{"taxonomy":"category","embeddable":true,"href":"https:\/\/www.livemag.it\/index.php\/wp-json\/wp\/v2\/categories?post=71402"},{"taxonomy":"post_tag","embeddable":true,"href":"https:\/\/www.livemag.it\/index.php\/wp-json\/wp\/v2\/tags?post=71402"}],"curies":[{"name":"wp","href":"https:\/\/api.w.org\/{rel}","templated":true}]}}