{"id":71380,"date":"2026-03-11T15:06:34","date_gmt":"2026-03-11T14:06:34","guid":{"rendered":"https:\/\/www.livemag.it\/index.php\/2026\/03\/11\/vanoli-concentrati-sul-rakow-avanti-lucidi-e-a-testa-alta\/"},"modified":"2026-03-11T15:06:34","modified_gmt":"2026-03-11T14:06:34","slug":"vanoli-concentrati-sul-rakow-avanti-lucidi-e-a-testa-alta","status":"publish","type":"post","link":"https:\/\/www.livemag.it\/index.php\/2026\/03\/11\/vanoli-concentrati-sul-rakow-avanti-lucidi-e-a-testa-alta\/","title":{"rendered":"Vanoli \u201cConcentrati sul Rakow, avanti lucidi e a testa alta\u201d"},"content":{"rendered":"<div>\n<p>FIRENZE (ITALPRESS) \u2013 <em><strong>\u201cNon dobbiamo pensare alla sfida di luned\u00ec contro la Cremonese, ma a questa partita che per noi \u00e8 importante.<\/strong> Teniamo alla Conference, dobbiamo onorare questa competizione fino in fondo e con grande impegno\u201d<\/em>. Cos\u00ec il<strong> tecnico della Fiorentina, Paolo Vanoli, alla vigilia dell\u2019andata degli ottavi di finale di Conference contro il Rakow<\/strong>, in programma domani sera al Franchi.<\/p>\n<p><em><strong>\u201cSappiamo che affrontiamo una squadra che ha fatto bene in Europa,<\/strong> una formazione forte fisicamente che ha evitato i playoff e ha preso pochi gol, dobbiamo concentrarci su questa partita che pu\u00f2 darci anche spunti utili per la partita di luned\u00ec, ma la testa deve essere al Rakow\u201d,<\/em> ha aggiunto l\u2019allenatore viola che, ai microfoni di Sky Sport, torna sul pareggio casalingo contro il Parma.<em> \u201cAbbiamo un blasone importante, lo sappiamo, siamo usciti da questa partita delusi perch\u00e8 volevamo la vittoria, ma dobbiamo andare avanti a testa alta e con lucidit\u00e0, perch\u00e8 anche il punto pu\u00f2 diventare fondamentale cos\u00ec come fondamentale sar\u00e0 ogni partita da qui alla fine, tutti sappiamo che la Fiorentina merita di pi\u00f9, ma oggi questa \u00e8 la situazione e dobbiamo dare tutto per uscirne\u201d.<br \/>\n<\/em><br \/>\nVanoli si sofferma anche sulle condizioni di <strong>Kean<\/strong>. \u201c<em>Moise sta continuando il suo percorso, valuteremo giorno dopo giorno, il suo \u00e8 un infortunio particolare, lo stiamo gestendo bene e l\u2019obiettivo \u00e8 averlo con noi a Cremona. Per quanto riguarda domani, devo mettere in campo la migliore formazione possibile per una sfida che si gioca in 180 minuti\u201d.<\/em><\/p>\n<p>Ultime battute sul <strong>pubblico viola<\/strong>. <em>\u201cI nostri tifosi ci sono sempre stati vicini, il loro sfogo, la loro delusione, pu\u00f2 essere un incitamento per noi, dobbiamo essere bravi a trasportare la loro energia in campo. Anche quando sono arrivato io, avevamo 4 punti in classifica, ma loro ci sono stati vicini\u201d.<br \/>\n<\/em><br \/>\n\u2013 Foto Ipa Agency \u2013<br \/>\n(ITALPRESS).<\/p>\n<\/div>\n","protected":false},"excerpt":{"rendered":"<p>FIRENZE (ITALPRESS) \u2013 \u201cNon dobbiamo pensare alla sfida di luned\u00ec contro la Cremonese, ma a questa partita che per noi \u00e8 importante. Teniamo alla Conference, dobbiamo onorare questa competizione fino in fondo e con grande impegno\u201d. Cos\u00ec il tecnico della Fiorentina, Paolo Vanoli, alla vigilia dell\u2019andata degli ottavi di finale di Conference contro il Rakow, [&hellip;]<\/p>\n","protected":false},"author":16,"featured_media":71381,"comment_status":"closed","ping_status":"closed","sticky":false,"template":"","format":"standard","meta":{"jnews-multi-image_gallery":[],"jnews_single_post":[],"jnews_primary_category":[],"jnews_social_meta":[],"jnews_override_counter":[],"jnews_post_split":[],"footnotes":""},"categories":[1129],"tags":[],"class_list":["post-71380","post","type-post","status-publish","format-standard","has-post-thumbnail","hentry","category-mondo"],"yoast_head":"<!-- This site is optimized with the Yoast SEO plugin v27.4 - https:\/\/yoast.com\/product\/yoast-seo-wordpress\/ -->\n<title>Vanoli \u201cConcentrati sul Rakow, avanti lucidi e a testa alta\u201d - Live Magazine<\/title>\n<meta name=\"robots\" content=\"index, follow, max-snippet:-1, max-image-preview:large, max-video-preview:-1\" \/>\n<link rel=\"canonical\" href=\"https:\/\/www.livemag.it\/index.php\/2026\/03\/11\/vanoli-concentrati-sul-rakow-avanti-lucidi-e-a-testa-alta\/\" \/>\n<meta property=\"og:locale\" content=\"it_IT\" \/>\n<meta property=\"og:type\" content=\"article\" \/>\n<meta property=\"og:title\" content=\"Vanoli \u201cConcentrati sul Rakow, avanti lucidi e a testa alta\u201d - Live Magazine\" \/>\n<meta property=\"og:description\" content=\"FIRENZE (ITALPRESS) \u2013 \u201cNon dobbiamo pensare alla sfida di luned\u00ec contro la Cremonese, ma a questa partita che per noi \u00e8 importante. Teniamo alla Conference, dobbiamo onorare questa competizione fino in fondo e con grande impegno\u201d. Cos\u00ec il tecnico della Fiorentina, Paolo Vanoli, alla vigilia dell\u2019andata degli ottavi di finale di Conference contro il Rakow, [&hellip;]\" \/>\n<meta property=\"og:url\" content=\"https:\/\/www.livemag.it\/index.php\/2026\/03\/11\/vanoli-concentrati-sul-rakow-avanti-lucidi-e-a-testa-alta\/\" \/>\n<meta property=\"og:site_name\" content=\"Live Magazine\" \/>\n<meta property=\"article:publisher\" content=\"https:\/\/www.facebook.com\/LiveMag\/\" \/>\n<meta property=\"article:published_time\" content=\"2026-03-11T14:06:34+00:00\" \/>\n<meta property=\"og:image\" content=\"https:\/\/www.livemag.it\/wp-content\/uploads\/2024\/02\/ograph.jpg\" \/>\n\t<meta property=\"og:image:width\" content=\"1200\" \/>\n\t<meta property=\"og:image:height\" content=\"675\" \/>\n\t<meta property=\"og:image:type\" content=\"image\/jpeg\" \/>\n<meta name=\"author\" content=\"italpress\" \/>\n<meta name=\"twitter:card\" content=\"summary_large_image\" \/>\n<meta name=\"twitter:creator\" content=\"@LiveNotizie\" \/>\n<meta name=\"twitter:site\" content=\"@LiveNotizie\" \/>\n<meta name=\"twitter:label1\" content=\"Scritto da\" \/>\n\t<meta name=\"twitter:data1\" content=\"italpress\" \/>\n\t<meta name=\"twitter:label2\" content=\"Tempo di lettura stimato\" \/>\n\t<meta name=\"twitter:data2\" content=\"1 minuto\" \/>\n<script type=\"application\/ld+json\" class=\"yoast-schema-graph\">{\"@context\":\"https:\\\/\\\/schema.org\",\"@graph\":[{\"@type\":\"Article\",\"@id\":\"https:\\\/\\\/www.livemag.it\\\/index.php\\\/2026\\\/03\\\/11\\\/vanoli-concentrati-sul-rakow-avanti-lucidi-e-a-testa-alta\\\/#article\",\"isPartOf\":{\"@id\":\"https:\\\/\\\/www.livemag.it\\\/index.php\\\/2026\\\/03\\\/11\\\/vanoli-concentrati-sul-rakow-avanti-lucidi-e-a-testa-alta\\\/\"},\"author\":{\"name\":\"italpress\",\"@id\":\"https:\\\/\\\/www.livemag.it\\\/#\\\/schema\\\/person\\\/b62c5f44451fdcdaeb0afe6c2424e73c\"},\"headline\":\"Vanoli \u201cConcentrati sul Rakow, avanti lucidi e a testa alta\u201d\",\"datePublished\":\"2026-03-11T14:06:34+00:00\",\"mainEntityOfPage\":{\"@id\":\"https:\\\/\\\/www.livemag.it\\\/index.php\\\/2026\\\/03\\\/11\\\/vanoli-concentrati-sul-rakow-avanti-lucidi-e-a-testa-alta\\\/\"},\"wordCount\":307,\"publisher\":{\"@id\":\"https:\\\/\\\/www.livemag.it\\\/#organization\"},\"image\":{\"@id\":\"https:\\\/\\\/www.livemag.it\\\/index.php\\\/2026\\\/03\\\/11\\\/vanoli-concentrati-sul-rakow-avanti-lucidi-e-a-testa-alta\\\/#primaryimage\"},\"thumbnailUrl\":\"https:\\\/\\\/www.livemag.it\\\/wp-content\\\/uploads\\\/2026\\\/03\\\/20260311_0641.jpg\",\"articleSection\":[\"Mondo\"],\"inLanguage\":\"it-IT\"},{\"@type\":\"WebPage\",\"@id\":\"https:\\\/\\\/www.livemag.it\\\/index.php\\\/2026\\\/03\\\/11\\\/vanoli-concentrati-sul-rakow-avanti-lucidi-e-a-testa-alta\\\/\",\"url\":\"https:\\\/\\\/www.livemag.it\\\/index.php\\\/2026\\\/03\\\/11\\\/vanoli-concentrati-sul-rakow-avanti-lucidi-e-a-testa-alta\\\/\",\"name\":\"Vanoli \u201cConcentrati sul Rakow, avanti lucidi e a testa alta\u201d - Live Magazine\",\"isPartOf\":{\"@id\":\"https:\\\/\\\/www.livemag.it\\\/#website\"},\"primaryImageOfPage\":{\"@id\":\"https:\\\/\\\/www.livemag.it\\\/index.php\\\/2026\\\/03\\\/11\\\/vanoli-concentrati-sul-rakow-avanti-lucidi-e-a-testa-alta\\\/#primaryimage\"},\"image\":{\"@id\":\"https:\\\/\\\/www.livemag.it\\\/index.php\\\/2026\\\/03\\\/11\\\/vanoli-concentrati-sul-rakow-avanti-lucidi-e-a-testa-alta\\\/#primaryimage\"},\"thumbnailUrl\":\"https:\\\/\\\/www.livemag.it\\\/wp-content\\\/uploads\\\/2026\\\/03\\\/20260311_0641.jpg\",\"datePublished\":\"2026-03-11T14:06:34+00:00\",\"breadcrumb\":{\"@id\":\"https:\\\/\\\/www.livemag.it\\\/index.php\\\/2026\\\/03\\\/11\\\/vanoli-concentrati-sul-rakow-avanti-lucidi-e-a-testa-alta\\\/#breadcrumb\"},\"inLanguage\":\"it-IT\",\"potentialAction\":[{\"@type\":\"ReadAction\",\"target\":[\"https:\\\/\\\/www.livemag.it\\\/index.php\\\/2026\\\/03\\\/11\\\/vanoli-concentrati-sul-rakow-avanti-lucidi-e-a-testa-alta\\\/\"]}]},{\"@type\":\"ImageObject\",\"inLanguage\":\"it-IT\",\"@id\":\"https:\\\/\\\/www.livemag.it\\\/index.php\\\/2026\\\/03\\\/11\\\/vanoli-concentrati-sul-rakow-avanti-lucidi-e-a-testa-alta\\\/#primaryimage\",\"url\":\"https:\\\/\\\/www.livemag.it\\\/wp-content\\\/uploads\\\/2026\\\/03\\\/20260311_0641.jpg\",\"contentUrl\":\"https:\\\/\\\/www.livemag.it\\\/wp-content\\\/uploads\\\/2026\\\/03\\\/20260311_0641.jpg\",\"width\":1200,\"height\":800},{\"@type\":\"BreadcrumbList\",\"@id\":\"https:\\\/\\\/www.livemag.it\\\/index.php\\\/2026\\\/03\\\/11\\\/vanoli-concentrati-sul-rakow-avanti-lucidi-e-a-testa-alta\\\/#breadcrumb\",\"itemListElement\":[{\"@type\":\"ListItem\",\"position\":1,\"name\":\"Home\",\"item\":\"https:\\\/\\\/www.livemag.it\\\/\"},{\"@type\":\"ListItem\",\"position\":2,\"name\":\"Vanoli \u201cConcentrati sul Rakow, avanti lucidi e a testa alta\u201d\"}]},{\"@type\":\"WebSite\",\"@id\":\"https:\\\/\\\/www.livemag.it\\\/#website\",\"url\":\"https:\\\/\\\/www.livemag.it\\\/\",\"name\":\"Live Magazine\",\"description\":\"Varie ed eventi\",\"publisher\":{\"@id\":\"https:\\\/\\\/www.livemag.it\\\/#organization\"},\"potentialAction\":[{\"@type\":\"SearchAction\",\"target\":{\"@type\":\"EntryPoint\",\"urlTemplate\":\"https:\\\/\\\/www.livemag.it\\\/?s={search_term_string}\"},\"query-input\":{\"@type\":\"PropertyValueSpecification\",\"valueRequired\":true,\"valueName\":\"search_term_string\"}}],\"inLanguage\":\"it-IT\"},{\"@type\":\"Organization\",\"@id\":\"https:\\\/\\\/www.livemag.it\\\/#organization\",\"name\":\"LiveMag\",\"alternateName\":\"LiveMag News ed eventi\",\"url\":\"https:\\\/\\\/www.livemag.it\\\/\",\"logo\":{\"@type\":\"ImageObject\",\"inLanguage\":\"it-IT\",\"@id\":\"https:\\\/\\\/www.livemag.it\\\/#\\\/schema\\\/logo\\\/image\\\/\",\"url\":\"https:\\\/\\\/www.livemag.it\\\/wp-content\\\/uploads\\\/2024\\\/02\\\/immagine-sito.jpg\",\"contentUrl\":\"https:\\\/\\\/www.livemag.it\\\/wp-content\\\/uploads\\\/2024\\\/02\\\/immagine-sito.jpg\",\"width\":696,\"height\":696,\"caption\":\"LiveMag\"},\"image\":{\"@id\":\"https:\\\/\\\/www.livemag.it\\\/#\\\/schema\\\/logo\\\/image\\\/\"},\"sameAs\":[\"https:\\\/\\\/www.facebook.com\\\/LiveMag\\\/\",\"https:\\\/\\\/x.com\\\/LiveNotizie\",\"https:\\\/\\\/www.instagram.com\\\/livemag\\\/\"]},{\"@type\":\"Person\",\"@id\":\"https:\\\/\\\/www.livemag.it\\\/#\\\/schema\\\/person\\\/b62c5f44451fdcdaeb0afe6c2424e73c\",\"name\":\"italpress\",\"image\":{\"@type\":\"ImageObject\",\"inLanguage\":\"it-IT\",\"@id\":\"https:\\\/\\\/secure.gravatar.com\\\/avatar\\\/b6a21695fc713ce7ee312cf57c97e2e641feb365be72d8745574d3c3e2b59066?s=96&r=g\",\"url\":\"https:\\\/\\\/secure.gravatar.com\\\/avatar\\\/b6a21695fc713ce7ee312cf57c97e2e641feb365be72d8745574d3c3e2b59066?s=96&r=g\",\"contentUrl\":\"https:\\\/\\\/secure.gravatar.com\\\/avatar\\\/b6a21695fc713ce7ee312cf57c97e2e641feb365be72d8745574d3c3e2b59066?s=96&r=g\",\"caption\":\"italpress\"},\"description\":\"Italpress \u00e8 un'agenzia di stampa italiana a carattere nazionale.\",\"url\":\"https:\\\/\\\/www.livemag.it\\\/index.php\\\/author\\\/italpress\\\/\"}]}<\/script>\n<!-- \/ Yoast SEO plugin. -->","yoast_head_json":{"title":"Vanoli \u201cConcentrati sul Rakow, avanti lucidi e a testa alta\u201d - Live Magazine","robots":{"index":"index","follow":"follow","max-snippet":"max-snippet:-1","max-image-preview":"max-image-preview:large","max-video-preview":"max-video-preview:-1"},"canonical":"https:\/\/www.livemag.it\/index.php\/2026\/03\/11\/vanoli-concentrati-sul-rakow-avanti-lucidi-e-a-testa-alta\/","og_locale":"it_IT","og_type":"article","og_title":"Vanoli \u201cConcentrati sul Rakow, avanti lucidi e a testa alta\u201d - Live Magazine","og_description":"FIRENZE (ITALPRESS) \u2013 \u201cNon dobbiamo pensare alla sfida di luned\u00ec contro la Cremonese, ma a questa partita che per noi \u00e8 importante. Teniamo alla Conference, dobbiamo onorare questa competizione fino in fondo e con grande impegno\u201d. Cos\u00ec il tecnico della Fiorentina, Paolo Vanoli, alla vigilia dell\u2019andata degli ottavi di finale di Conference contro il Rakow, [&hellip;]","og_url":"https:\/\/www.livemag.it\/index.php\/2026\/03\/11\/vanoli-concentrati-sul-rakow-avanti-lucidi-e-a-testa-alta\/","og_site_name":"Live Magazine","article_publisher":"https:\/\/www.facebook.com\/LiveMag\/","article_published_time":"2026-03-11T14:06:34+00:00","og_image":[{"width":1200,"height":675,"url":"https:\/\/www.livemag.it\/wp-content\/uploads\/2024\/02\/ograph.jpg","type":"image\/jpeg"}],"author":"italpress","twitter_card":"summary_large_image","twitter_creator":"@LiveNotizie","twitter_site":"@LiveNotizie","twitter_misc":{"Scritto da":"italpress","Tempo di lettura stimato":"1 minuto"},"schema":{"@context":"https:\/\/schema.org","@graph":[{"@type":"Article","@id":"https:\/\/www.livemag.it\/index.php\/2026\/03\/11\/vanoli-concentrati-sul-rakow-avanti-lucidi-e-a-testa-alta\/#article","isPartOf":{"@id":"https:\/\/www.livemag.it\/index.php\/2026\/03\/11\/vanoli-concentrati-sul-rakow-avanti-lucidi-e-a-testa-alta\/"},"author":{"name":"italpress","@id":"https:\/\/www.livemag.it\/#\/schema\/person\/b62c5f44451fdcdaeb0afe6c2424e73c"},"headline":"Vanoli \u201cConcentrati sul Rakow, avanti lucidi e a testa alta\u201d","datePublished":"2026-03-11T14:06:34+00:00","mainEntityOfPage":{"@id":"https:\/\/www.livemag.it\/index.php\/2026\/03\/11\/vanoli-concentrati-sul-rakow-avanti-lucidi-e-a-testa-alta\/"},"wordCount":307,"publisher":{"@id":"https:\/\/www.livemag.it\/#organization"},"image":{"@id":"https:\/\/www.livemag.it\/index.php\/2026\/03\/11\/vanoli-concentrati-sul-rakow-avanti-lucidi-e-a-testa-alta\/#primaryimage"},"thumbnailUrl":"https:\/\/www.livemag.it\/wp-content\/uploads\/2026\/03\/20260311_0641.jpg","articleSection":["Mondo"],"inLanguage":"it-IT"},{"@type":"WebPage","@id":"https:\/\/www.livemag.it\/index.php\/2026\/03\/11\/vanoli-concentrati-sul-rakow-avanti-lucidi-e-a-testa-alta\/","url":"https:\/\/www.livemag.it\/index.php\/2026\/03\/11\/vanoli-concentrati-sul-rakow-avanti-lucidi-e-a-testa-alta\/","name":"Vanoli \u201cConcentrati sul Rakow, avanti lucidi e a testa alta\u201d - Live Magazine","isPartOf":{"@id":"https:\/\/www.livemag.it\/#website"},"primaryImageOfPage":{"@id":"https:\/\/www.livemag.it\/index.php\/2026\/03\/11\/vanoli-concentrati-sul-rakow-avanti-lucidi-e-a-testa-alta\/#primaryimage"},"image":{"@id":"https:\/\/www.livemag.it\/index.php\/2026\/03\/11\/vanoli-concentrati-sul-rakow-avanti-lucidi-e-a-testa-alta\/#primaryimage"},"thumbnailUrl":"https:\/\/www.livemag.it\/wp-content\/uploads\/2026\/03\/20260311_0641.jpg","datePublished":"2026-03-11T14:06:34+00:00","breadcrumb":{"@id":"https:\/\/www.livemag.it\/index.php\/2026\/03\/11\/vanoli-concentrati-sul-rakow-avanti-lucidi-e-a-testa-alta\/#breadcrumb"},"inLanguage":"it-IT","potentialAction":[{"@type":"ReadAction","target":["https:\/\/www.livemag.it\/index.php\/2026\/03\/11\/vanoli-concentrati-sul-rakow-avanti-lucidi-e-a-testa-alta\/"]}]},{"@type":"ImageObject","inLanguage":"it-IT","@id":"https:\/\/www.livemag.it\/index.php\/2026\/03\/11\/vanoli-concentrati-sul-rakow-avanti-lucidi-e-a-testa-alta\/#primaryimage","url":"https:\/\/www.livemag.it\/wp-content\/uploads\/2026\/03\/20260311_0641.jpg","contentUrl":"https:\/\/www.livemag.it\/wp-content\/uploads\/2026\/03\/20260311_0641.jpg","width":1200,"height":800},{"@type":"BreadcrumbList","@id":"https:\/\/www.livemag.it\/index.php\/2026\/03\/11\/vanoli-concentrati-sul-rakow-avanti-lucidi-e-a-testa-alta\/#breadcrumb","itemListElement":[{"@type":"ListItem","position":1,"name":"Home","item":"https:\/\/www.livemag.it\/"},{"@type":"ListItem","position":2,"name":"Vanoli \u201cConcentrati sul Rakow, avanti lucidi e a testa alta\u201d"}]},{"@type":"WebSite","@id":"https:\/\/www.livemag.it\/#website","url":"https:\/\/www.livemag.it\/","name":"Live Magazine","description":"Varie ed eventi","publisher":{"@id":"https:\/\/www.livemag.it\/#organization"},"potentialAction":[{"@type":"SearchAction","target":{"@type":"EntryPoint","urlTemplate":"https:\/\/www.livemag.it\/?s={search_term_string}"},"query-input":{"@type":"PropertyValueSpecification","valueRequired":true,"valueName":"search_term_string"}}],"inLanguage":"it-IT"},{"@type":"Organization","@id":"https:\/\/www.livemag.it\/#organization","name":"LiveMag","alternateName":"LiveMag News ed eventi","url":"https:\/\/www.livemag.it\/","logo":{"@type":"ImageObject","inLanguage":"it-IT","@id":"https:\/\/www.livemag.it\/#\/schema\/logo\/image\/","url":"https:\/\/www.livemag.it\/wp-content\/uploads\/2024\/02\/immagine-sito.jpg","contentUrl":"https:\/\/www.livemag.it\/wp-content\/uploads\/2024\/02\/immagine-sito.jpg","width":696,"height":696,"caption":"LiveMag"},"image":{"@id":"https:\/\/www.livemag.it\/#\/schema\/logo\/image\/"},"sameAs":["https:\/\/www.facebook.com\/LiveMag\/","https:\/\/x.com\/LiveNotizie","https:\/\/www.instagram.com\/livemag\/"]},{"@type":"Person","@id":"https:\/\/www.livemag.it\/#\/schema\/person\/b62c5f44451fdcdaeb0afe6c2424e73c","name":"italpress","image":{"@type":"ImageObject","inLanguage":"it-IT","@id":"https:\/\/secure.gravatar.com\/avatar\/b6a21695fc713ce7ee312cf57c97e2e641feb365be72d8745574d3c3e2b59066?s=96&r=g","url":"https:\/\/secure.gravatar.com\/avatar\/b6a21695fc713ce7ee312cf57c97e2e641feb365be72d8745574d3c3e2b59066?s=96&r=g","contentUrl":"https:\/\/secure.gravatar.com\/avatar\/b6a21695fc713ce7ee312cf57c97e2e641feb365be72d8745574d3c3e2b59066?s=96&r=g","caption":"italpress"},"description":"Italpress \u00e8 un'agenzia di stampa italiana a carattere nazionale.","url":"https:\/\/www.livemag.it\/index.php\/author\/italpress\/"}]}},"jetpack_featured_media_url":"https:\/\/www.livemag.it\/wp-content\/uploads\/2026\/03\/20260311_0641.jpg","_links":{"self":[{"href":"https:\/\/www.livemag.it\/index.php\/wp-json\/wp\/v2\/posts\/71380","targetHints":{"allow":["GET"]}}],"collection":[{"href":"https:\/\/www.livemag.it\/index.php\/wp-json\/wp\/v2\/posts"}],"about":[{"href":"https:\/\/www.livemag.it\/index.php\/wp-json\/wp\/v2\/types\/post"}],"author":[{"embeddable":true,"href":"https:\/\/www.livemag.it\/index.php\/wp-json\/wp\/v2\/users\/16"}],"replies":[{"embeddable":true,"href":"https:\/\/www.livemag.it\/index.php\/wp-json\/wp\/v2\/comments?post=71380"}],"version-history":[{"count":0,"href":"https:\/\/www.livemag.it\/index.php\/wp-json\/wp\/v2\/posts\/71380\/revisions"}],"wp:featuredmedia":[{"embeddable":true,"href":"https:\/\/www.livemag.it\/index.php\/wp-json\/wp\/v2\/media\/71381"}],"wp:attachment":[{"href":"https:\/\/www.livemag.it\/index.php\/wp-json\/wp\/v2\/media?parent=71380"}],"wp:term":[{"taxonomy":"category","embeddable":true,"href":"https:\/\/www.livemag.it\/index.php\/wp-json\/wp\/v2\/categories?post=71380"},{"taxonomy":"post_tag","embeddable":true,"href":"https:\/\/www.livemag.it\/index.php\/wp-json\/wp\/v2\/tags?post=71380"}],"curies":[{"name":"wp","href":"https:\/\/api.w.org\/{rel}","templated":true}]}}