{"id":71378,"date":"2026-03-11T15:03:50","date_gmt":"2026-03-11T14:03:50","guid":{"rendered":"https:\/\/www.livemag.it\/index.php\/2026\/03\/11\/sal-da-vinci-mia-vittoria-a-sanremo-per-chi-lotta-per-realizzare-sogni\/"},"modified":"2026-03-11T15:03:50","modified_gmt":"2026-03-11T14:03:50","slug":"sal-da-vinci-mia-vittoria-a-sanremo-per-chi-lotta-per-realizzare-sogni","status":"publish","type":"post","link":"https:\/\/www.livemag.it\/index.php\/2026\/03\/11\/sal-da-vinci-mia-vittoria-a-sanremo-per-chi-lotta-per-realizzare-sogni\/","title":{"rendered":"<div>Sal Da Vinci &#8220;Mia vittoria a Sanremo per chi lotta per realizzare sogni&#8221;<\/div>"},"content":{"rendered":"<p>    <video-js id=\"videojs69ee9cf96f0b2\" class=\"vjs-big-play-centered\" controls preload=\"auto\" playsinline data-setup='{\"fluid\": true}'>\r\n        <source src=\"https:\/\/video.italpress.com\/play\/mp4\/video\/0rA5\" type=\"video\/mp4\" \/>\r\n    <\/video-js>\r\n           <br \/>\n<\/p>\n<div> NAPOLI (ITALPRESS) &#8211; \u201cSono fasciato in questo momento da questo grande affetto, io devo ringraziare la mia terra perch\u00e9 se sono cos\u00ec \u00e8 grazie alla mia terra che mi ha sempre sostenuto e accompagnato. Sono molto legato a Napoli e parlo sempre di Napoli, ognuno ha la sua citt\u00e0 del cuore e Napoli \u00e8 un patrimonio del mondo ed \u00e8 una citt\u00e0 italiana quindi quando parlo di Napoli parlo dell\u2019Italia tutta\u201d. Cos\u00ec Sal Da Vinci, nel corso del suo intervento al Maschio Angioino di Napoli, dove ha ricevuto dalle mani del sindaco partenopeo, Gaetano Manfredi, la medaglia con la targa della citt\u00e0 per celebrare la sua vittoria al Festival di Sanremo. \u201cSono molto lusingato &#8211; racconta l\u2019artista -. Io non so se merito questo grande riconoscimento, ma quel premio ricevuto, o meglio la vittoria, non \u00e8 la mia: io sono stato solamente un trasmettitore, \u00e8 la vittoria di tutte quelle persone che nella vita, nonostante le avversit\u00e0 e le problematiche che si presentano lotta per realizzare il sogno. Il mio premio, come questo riconoscimento (la targa con la medaglia di Napoli ndr), profuma di sogni realizzati. Lo dedico a tutti, nessuno escluso: non esistono gli esseri umani di Serie A e di Serie B, esistono gli essere umani\u201d.  xc9\/vbo\/mca3<\/div>\n","protected":false},"excerpt":{"rendered":"<p>NAPOLI (ITALPRESS) &#8211; \u201cSono fasciato in questo momento da questo grande affetto, io devo ringraziare la mia terra perch\u00e9 se sono cos\u00ec \u00e8 grazie alla mia terra che mi ha sempre sostenuto e accompagnato. Sono molto legato a Napoli e parlo sempre di Napoli, ognuno ha la sua citt\u00e0 del cuore e Napoli \u00e8 un [&hellip;]<\/p>\n","protected":false},"author":16,"featured_media":71379,"comment_status":"closed","ping_status":"closed","sticky":false,"template":"","format":"video","meta":{"jnews-multi-image_gallery":[],"jnews_single_post":[],"jnews_primary_category":[],"jnews_social_meta":[],"jnews_override_counter":[],"jnews_post_split":[],"footnotes":""},"categories":[1171],"tags":[],"class_list":["post-71378","post","type-post","status-publish","format-video","has-post-thumbnail","hentry","category-video","post_format-post-format-video"],"yoast_head":"<!-- This site is optimized with the Yoast SEO plugin v27.4 - https:\/\/yoast.com\/product\/yoast-seo-wordpress\/ -->\n<title>Sal Da Vinci &quot;Mia vittoria a Sanremo per chi lotta per realizzare sogni&quot; - Live Magazine<\/title>\n<meta name=\"robots\" content=\"index, follow, max-snippet:-1, max-image-preview:large, max-video-preview:-1\" \/>\n<link rel=\"canonical\" href=\"https:\/\/www.livemag.it\/index.php\/2026\/03\/11\/sal-da-vinci-mia-vittoria-a-sanremo-per-chi-lotta-per-realizzare-sogni\/\" \/>\n<meta property=\"og:locale\" content=\"it_IT\" \/>\n<meta property=\"og:type\" content=\"article\" \/>\n<meta property=\"og:title\" content=\"Sal Da Vinci &quot;Mia vittoria a Sanremo per chi lotta per realizzare sogni&quot; - Live Magazine\" \/>\n<meta property=\"og:description\" content=\"NAPOLI (ITALPRESS) &#8211; \u201cSono fasciato in questo momento da questo grande affetto, io devo ringraziare la mia terra perch\u00e9 se sono cos\u00ec \u00e8 grazie alla mia terra che mi ha sempre sostenuto e accompagnato. Sono molto legato a Napoli e parlo sempre di Napoli, ognuno ha la sua citt\u00e0 del cuore e Napoli \u00e8 un [&hellip;]\" \/>\n<meta property=\"og:url\" content=\"https:\/\/www.livemag.it\/index.php\/2026\/03\/11\/sal-da-vinci-mia-vittoria-a-sanremo-per-chi-lotta-per-realizzare-sogni\/\" \/>\n<meta property=\"og:site_name\" content=\"Live Magazine\" \/>\n<meta property=\"article:publisher\" content=\"https:\/\/www.facebook.com\/LiveMag\/\" \/>\n<meta property=\"article:published_time\" content=\"2026-03-11T14:03:50+00:00\" \/>\n<meta property=\"og:image\" content=\"https:\/\/www.livemag.it\/wp-content\/uploads\/2024\/02\/ograph.jpg\" \/>\n\t<meta property=\"og:image:width\" content=\"1200\" \/>\n\t<meta property=\"og:image:height\" content=\"675\" \/>\n\t<meta property=\"og:image:type\" content=\"image\/jpeg\" \/>\n<meta name=\"author\" content=\"italpress\" \/>\n<meta name=\"twitter:card\" content=\"summary_large_image\" \/>\n<meta name=\"twitter:creator\" content=\"@LiveNotizie\" \/>\n<meta name=\"twitter:site\" content=\"@LiveNotizie\" \/>\n<meta name=\"twitter:label1\" content=\"Scritto da\" \/>\n\t<meta name=\"twitter:data1\" content=\"italpress\" \/>\n\t<meta name=\"twitter:label2\" content=\"Tempo di lettura stimato\" \/>\n\t<meta name=\"twitter:data2\" content=\"1 minuto\" \/>\n<script type=\"application\/ld+json\" class=\"yoast-schema-graph\">{\"@context\":\"https:\\\/\\\/schema.org\",\"@graph\":[{\"@type\":\"Article\",\"@id\":\"https:\\\/\\\/www.livemag.it\\\/index.php\\\/2026\\\/03\\\/11\\\/sal-da-vinci-mia-vittoria-a-sanremo-per-chi-lotta-per-realizzare-sogni\\\/#article\",\"isPartOf\":{\"@id\":\"https:\\\/\\\/www.livemag.it\\\/index.php\\\/2026\\\/03\\\/11\\\/sal-da-vinci-mia-vittoria-a-sanremo-per-chi-lotta-per-realizzare-sogni\\\/\"},\"author\":{\"name\":\"italpress\",\"@id\":\"https:\\\/\\\/www.livemag.it\\\/#\\\/schema\\\/person\\\/b62c5f44451fdcdaeb0afe6c2424e73c\"},\"headline\":\"Sal Da Vinci &#8220;Mia vittoria a Sanremo per chi lotta per realizzare sogni&#8221;\",\"datePublished\":\"2026-03-11T14:03:50+00:00\",\"mainEntityOfPage\":{\"@id\":\"https:\\\/\\\/www.livemag.it\\\/index.php\\\/2026\\\/03\\\/11\\\/sal-da-vinci-mia-vittoria-a-sanremo-per-chi-lotta-per-realizzare-sogni\\\/\"},\"wordCount\":232,\"publisher\":{\"@id\":\"https:\\\/\\\/www.livemag.it\\\/#organization\"},\"image\":{\"@id\":\"https:\\\/\\\/www.livemag.it\\\/index.php\\\/2026\\\/03\\\/11\\\/sal-da-vinci-mia-vittoria-a-sanremo-per-chi-lotta-per-realizzare-sogni\\\/#primaryimage\"},\"thumbnailUrl\":\"https:\\\/\\\/www.livemag.it\\\/wp-content\\\/uploads\\\/2026\\\/03\\\/0rA5.jpg\",\"articleSection\":[\"Video\"],\"inLanguage\":\"it-IT\"},{\"@type\":\"WebPage\",\"@id\":\"https:\\\/\\\/www.livemag.it\\\/index.php\\\/2026\\\/03\\\/11\\\/sal-da-vinci-mia-vittoria-a-sanremo-per-chi-lotta-per-realizzare-sogni\\\/\",\"url\":\"https:\\\/\\\/www.livemag.it\\\/index.php\\\/2026\\\/03\\\/11\\\/sal-da-vinci-mia-vittoria-a-sanremo-per-chi-lotta-per-realizzare-sogni\\\/\",\"name\":\"Sal Da Vinci \\\"Mia vittoria a Sanremo per chi lotta per realizzare sogni\\\" - Live Magazine\",\"isPartOf\":{\"@id\":\"https:\\\/\\\/www.livemag.it\\\/#website\"},\"primaryImageOfPage\":{\"@id\":\"https:\\\/\\\/www.livemag.it\\\/index.php\\\/2026\\\/03\\\/11\\\/sal-da-vinci-mia-vittoria-a-sanremo-per-chi-lotta-per-realizzare-sogni\\\/#primaryimage\"},\"image\":{\"@id\":\"https:\\\/\\\/www.livemag.it\\\/index.php\\\/2026\\\/03\\\/11\\\/sal-da-vinci-mia-vittoria-a-sanremo-per-chi-lotta-per-realizzare-sogni\\\/#primaryimage\"},\"thumbnailUrl\":\"https:\\\/\\\/www.livemag.it\\\/wp-content\\\/uploads\\\/2026\\\/03\\\/0rA5.jpg\",\"datePublished\":\"2026-03-11T14:03:50+00:00\",\"breadcrumb\":{\"@id\":\"https:\\\/\\\/www.livemag.it\\\/index.php\\\/2026\\\/03\\\/11\\\/sal-da-vinci-mia-vittoria-a-sanremo-per-chi-lotta-per-realizzare-sogni\\\/#breadcrumb\"},\"inLanguage\":\"it-IT\",\"potentialAction\":[{\"@type\":\"ReadAction\",\"target\":[\"https:\\\/\\\/www.livemag.it\\\/index.php\\\/2026\\\/03\\\/11\\\/sal-da-vinci-mia-vittoria-a-sanremo-per-chi-lotta-per-realizzare-sogni\\\/\"]}]},{\"@type\":\"ImageObject\",\"inLanguage\":\"it-IT\",\"@id\":\"https:\\\/\\\/www.livemag.it\\\/index.php\\\/2026\\\/03\\\/11\\\/sal-da-vinci-mia-vittoria-a-sanremo-per-chi-lotta-per-realizzare-sogni\\\/#primaryimage\",\"url\":\"https:\\\/\\\/www.livemag.it\\\/wp-content\\\/uploads\\\/2026\\\/03\\\/0rA5.jpg\",\"contentUrl\":\"https:\\\/\\\/www.livemag.it\\\/wp-content\\\/uploads\\\/2026\\\/03\\\/0rA5.jpg\",\"width\":1920,\"height\":1080},{\"@type\":\"BreadcrumbList\",\"@id\":\"https:\\\/\\\/www.livemag.it\\\/index.php\\\/2026\\\/03\\\/11\\\/sal-da-vinci-mia-vittoria-a-sanremo-per-chi-lotta-per-realizzare-sogni\\\/#breadcrumb\",\"itemListElement\":[{\"@type\":\"ListItem\",\"position\":1,\"name\":\"Home\",\"item\":\"https:\\\/\\\/www.livemag.it\\\/\"},{\"@type\":\"ListItem\",\"position\":2,\"name\":\"Sal Da Vinci &#8220;Mia vittoria a Sanremo per chi lotta per realizzare sogni&#8221;\"}]},{\"@type\":\"WebSite\",\"@id\":\"https:\\\/\\\/www.livemag.it\\\/#website\",\"url\":\"https:\\\/\\\/www.livemag.it\\\/\",\"name\":\"Live Magazine\",\"description\":\"Varie ed eventi\",\"publisher\":{\"@id\":\"https:\\\/\\\/www.livemag.it\\\/#organization\"},\"potentialAction\":[{\"@type\":\"SearchAction\",\"target\":{\"@type\":\"EntryPoint\",\"urlTemplate\":\"https:\\\/\\\/www.livemag.it\\\/?s={search_term_string}\"},\"query-input\":{\"@type\":\"PropertyValueSpecification\",\"valueRequired\":true,\"valueName\":\"search_term_string\"}}],\"inLanguage\":\"it-IT\"},{\"@type\":\"Organization\",\"@id\":\"https:\\\/\\\/www.livemag.it\\\/#organization\",\"name\":\"LiveMag\",\"alternateName\":\"LiveMag News ed eventi\",\"url\":\"https:\\\/\\\/www.livemag.it\\\/\",\"logo\":{\"@type\":\"ImageObject\",\"inLanguage\":\"it-IT\",\"@id\":\"https:\\\/\\\/www.livemag.it\\\/#\\\/schema\\\/logo\\\/image\\\/\",\"url\":\"https:\\\/\\\/www.livemag.it\\\/wp-content\\\/uploads\\\/2024\\\/02\\\/immagine-sito.jpg\",\"contentUrl\":\"https:\\\/\\\/www.livemag.it\\\/wp-content\\\/uploads\\\/2024\\\/02\\\/immagine-sito.jpg\",\"width\":696,\"height\":696,\"caption\":\"LiveMag\"},\"image\":{\"@id\":\"https:\\\/\\\/www.livemag.it\\\/#\\\/schema\\\/logo\\\/image\\\/\"},\"sameAs\":[\"https:\\\/\\\/www.facebook.com\\\/LiveMag\\\/\",\"https:\\\/\\\/x.com\\\/LiveNotizie\",\"https:\\\/\\\/www.instagram.com\\\/livemag\\\/\"]},{\"@type\":\"Person\",\"@id\":\"https:\\\/\\\/www.livemag.it\\\/#\\\/schema\\\/person\\\/b62c5f44451fdcdaeb0afe6c2424e73c\",\"name\":\"italpress\",\"image\":{\"@type\":\"ImageObject\",\"inLanguage\":\"it-IT\",\"@id\":\"https:\\\/\\\/secure.gravatar.com\\\/avatar\\\/b6a21695fc713ce7ee312cf57c97e2e641feb365be72d8745574d3c3e2b59066?s=96&r=g\",\"url\":\"https:\\\/\\\/secure.gravatar.com\\\/avatar\\\/b6a21695fc713ce7ee312cf57c97e2e641feb365be72d8745574d3c3e2b59066?s=96&r=g\",\"contentUrl\":\"https:\\\/\\\/secure.gravatar.com\\\/avatar\\\/b6a21695fc713ce7ee312cf57c97e2e641feb365be72d8745574d3c3e2b59066?s=96&r=g\",\"caption\":\"italpress\"},\"description\":\"Italpress \u00e8 un'agenzia di stampa italiana a carattere nazionale.\",\"url\":\"https:\\\/\\\/www.livemag.it\\\/index.php\\\/author\\\/italpress\\\/\"}]}<\/script>\n<!-- \/ Yoast SEO plugin. -->","yoast_head_json":{"title":"Sal Da Vinci \"Mia vittoria a Sanremo per chi lotta per realizzare sogni\" - Live Magazine","robots":{"index":"index","follow":"follow","max-snippet":"max-snippet:-1","max-image-preview":"max-image-preview:large","max-video-preview":"max-video-preview:-1"},"canonical":"https:\/\/www.livemag.it\/index.php\/2026\/03\/11\/sal-da-vinci-mia-vittoria-a-sanremo-per-chi-lotta-per-realizzare-sogni\/","og_locale":"it_IT","og_type":"article","og_title":"Sal Da Vinci \"Mia vittoria a Sanremo per chi lotta per realizzare sogni\" - Live Magazine","og_description":"NAPOLI (ITALPRESS) &#8211; \u201cSono fasciato in questo momento da questo grande affetto, io devo ringraziare la mia terra perch\u00e9 se sono cos\u00ec \u00e8 grazie alla mia terra che mi ha sempre sostenuto e accompagnato. Sono molto legato a Napoli e parlo sempre di Napoli, ognuno ha la sua citt\u00e0 del cuore e Napoli \u00e8 un [&hellip;]","og_url":"https:\/\/www.livemag.it\/index.php\/2026\/03\/11\/sal-da-vinci-mia-vittoria-a-sanremo-per-chi-lotta-per-realizzare-sogni\/","og_site_name":"Live Magazine","article_publisher":"https:\/\/www.facebook.com\/LiveMag\/","article_published_time":"2026-03-11T14:03:50+00:00","og_image":[{"width":1200,"height":675,"url":"https:\/\/www.livemag.it\/wp-content\/uploads\/2024\/02\/ograph.jpg","type":"image\/jpeg"}],"author":"italpress","twitter_card":"summary_large_image","twitter_creator":"@LiveNotizie","twitter_site":"@LiveNotizie","twitter_misc":{"Scritto da":"italpress","Tempo di lettura stimato":"1 minuto"},"schema":{"@context":"https:\/\/schema.org","@graph":[{"@type":"Article","@id":"https:\/\/www.livemag.it\/index.php\/2026\/03\/11\/sal-da-vinci-mia-vittoria-a-sanremo-per-chi-lotta-per-realizzare-sogni\/#article","isPartOf":{"@id":"https:\/\/www.livemag.it\/index.php\/2026\/03\/11\/sal-da-vinci-mia-vittoria-a-sanremo-per-chi-lotta-per-realizzare-sogni\/"},"author":{"name":"italpress","@id":"https:\/\/www.livemag.it\/#\/schema\/person\/b62c5f44451fdcdaeb0afe6c2424e73c"},"headline":"Sal Da Vinci &#8220;Mia vittoria a Sanremo per chi lotta per realizzare sogni&#8221;","datePublished":"2026-03-11T14:03:50+00:00","mainEntityOfPage":{"@id":"https:\/\/www.livemag.it\/index.php\/2026\/03\/11\/sal-da-vinci-mia-vittoria-a-sanremo-per-chi-lotta-per-realizzare-sogni\/"},"wordCount":232,"publisher":{"@id":"https:\/\/www.livemag.it\/#organization"},"image":{"@id":"https:\/\/www.livemag.it\/index.php\/2026\/03\/11\/sal-da-vinci-mia-vittoria-a-sanremo-per-chi-lotta-per-realizzare-sogni\/#primaryimage"},"thumbnailUrl":"https:\/\/www.livemag.it\/wp-content\/uploads\/2026\/03\/0rA5.jpg","articleSection":["Video"],"inLanguage":"it-IT"},{"@type":"WebPage","@id":"https:\/\/www.livemag.it\/index.php\/2026\/03\/11\/sal-da-vinci-mia-vittoria-a-sanremo-per-chi-lotta-per-realizzare-sogni\/","url":"https:\/\/www.livemag.it\/index.php\/2026\/03\/11\/sal-da-vinci-mia-vittoria-a-sanremo-per-chi-lotta-per-realizzare-sogni\/","name":"Sal Da Vinci \"Mia vittoria a Sanremo per chi lotta per realizzare sogni\" - Live Magazine","isPartOf":{"@id":"https:\/\/www.livemag.it\/#website"},"primaryImageOfPage":{"@id":"https:\/\/www.livemag.it\/index.php\/2026\/03\/11\/sal-da-vinci-mia-vittoria-a-sanremo-per-chi-lotta-per-realizzare-sogni\/#primaryimage"},"image":{"@id":"https:\/\/www.livemag.it\/index.php\/2026\/03\/11\/sal-da-vinci-mia-vittoria-a-sanremo-per-chi-lotta-per-realizzare-sogni\/#primaryimage"},"thumbnailUrl":"https:\/\/www.livemag.it\/wp-content\/uploads\/2026\/03\/0rA5.jpg","datePublished":"2026-03-11T14:03:50+00:00","breadcrumb":{"@id":"https:\/\/www.livemag.it\/index.php\/2026\/03\/11\/sal-da-vinci-mia-vittoria-a-sanremo-per-chi-lotta-per-realizzare-sogni\/#breadcrumb"},"inLanguage":"it-IT","potentialAction":[{"@type":"ReadAction","target":["https:\/\/www.livemag.it\/index.php\/2026\/03\/11\/sal-da-vinci-mia-vittoria-a-sanremo-per-chi-lotta-per-realizzare-sogni\/"]}]},{"@type":"ImageObject","inLanguage":"it-IT","@id":"https:\/\/www.livemag.it\/index.php\/2026\/03\/11\/sal-da-vinci-mia-vittoria-a-sanremo-per-chi-lotta-per-realizzare-sogni\/#primaryimage","url":"https:\/\/www.livemag.it\/wp-content\/uploads\/2026\/03\/0rA5.jpg","contentUrl":"https:\/\/www.livemag.it\/wp-content\/uploads\/2026\/03\/0rA5.jpg","width":1920,"height":1080},{"@type":"BreadcrumbList","@id":"https:\/\/www.livemag.it\/index.php\/2026\/03\/11\/sal-da-vinci-mia-vittoria-a-sanremo-per-chi-lotta-per-realizzare-sogni\/#breadcrumb","itemListElement":[{"@type":"ListItem","position":1,"name":"Home","item":"https:\/\/www.livemag.it\/"},{"@type":"ListItem","position":2,"name":"Sal Da Vinci &#8220;Mia vittoria a Sanremo per chi lotta per realizzare sogni&#8221;"}]},{"@type":"WebSite","@id":"https:\/\/www.livemag.it\/#website","url":"https:\/\/www.livemag.it\/","name":"Live Magazine","description":"Varie ed eventi","publisher":{"@id":"https:\/\/www.livemag.it\/#organization"},"potentialAction":[{"@type":"SearchAction","target":{"@type":"EntryPoint","urlTemplate":"https:\/\/www.livemag.it\/?s={search_term_string}"},"query-input":{"@type":"PropertyValueSpecification","valueRequired":true,"valueName":"search_term_string"}}],"inLanguage":"it-IT"},{"@type":"Organization","@id":"https:\/\/www.livemag.it\/#organization","name":"LiveMag","alternateName":"LiveMag News ed eventi","url":"https:\/\/www.livemag.it\/","logo":{"@type":"ImageObject","inLanguage":"it-IT","@id":"https:\/\/www.livemag.it\/#\/schema\/logo\/image\/","url":"https:\/\/www.livemag.it\/wp-content\/uploads\/2024\/02\/immagine-sito.jpg","contentUrl":"https:\/\/www.livemag.it\/wp-content\/uploads\/2024\/02\/immagine-sito.jpg","width":696,"height":696,"caption":"LiveMag"},"image":{"@id":"https:\/\/www.livemag.it\/#\/schema\/logo\/image\/"},"sameAs":["https:\/\/www.facebook.com\/LiveMag\/","https:\/\/x.com\/LiveNotizie","https:\/\/www.instagram.com\/livemag\/"]},{"@type":"Person","@id":"https:\/\/www.livemag.it\/#\/schema\/person\/b62c5f44451fdcdaeb0afe6c2424e73c","name":"italpress","image":{"@type":"ImageObject","inLanguage":"it-IT","@id":"https:\/\/secure.gravatar.com\/avatar\/b6a21695fc713ce7ee312cf57c97e2e641feb365be72d8745574d3c3e2b59066?s=96&r=g","url":"https:\/\/secure.gravatar.com\/avatar\/b6a21695fc713ce7ee312cf57c97e2e641feb365be72d8745574d3c3e2b59066?s=96&r=g","contentUrl":"https:\/\/secure.gravatar.com\/avatar\/b6a21695fc713ce7ee312cf57c97e2e641feb365be72d8745574d3c3e2b59066?s=96&r=g","caption":"italpress"},"description":"Italpress \u00e8 un'agenzia di stampa italiana a carattere nazionale.","url":"https:\/\/www.livemag.it\/index.php\/author\/italpress\/"}]}},"jetpack_featured_media_url":"https:\/\/www.livemag.it\/wp-content\/uploads\/2026\/03\/0rA5.jpg","_links":{"self":[{"href":"https:\/\/www.livemag.it\/index.php\/wp-json\/wp\/v2\/posts\/71378","targetHints":{"allow":["GET"]}}],"collection":[{"href":"https:\/\/www.livemag.it\/index.php\/wp-json\/wp\/v2\/posts"}],"about":[{"href":"https:\/\/www.livemag.it\/index.php\/wp-json\/wp\/v2\/types\/post"}],"author":[{"embeddable":true,"href":"https:\/\/www.livemag.it\/index.php\/wp-json\/wp\/v2\/users\/16"}],"replies":[{"embeddable":true,"href":"https:\/\/www.livemag.it\/index.php\/wp-json\/wp\/v2\/comments?post=71378"}],"version-history":[{"count":0,"href":"https:\/\/www.livemag.it\/index.php\/wp-json\/wp\/v2\/posts\/71378\/revisions"}],"wp:featuredmedia":[{"embeddable":true,"href":"https:\/\/www.livemag.it\/index.php\/wp-json\/wp\/v2\/media\/71379"}],"wp:attachment":[{"href":"https:\/\/www.livemag.it\/index.php\/wp-json\/wp\/v2\/media?parent=71378"}],"wp:term":[{"taxonomy":"category","embeddable":true,"href":"https:\/\/www.livemag.it\/index.php\/wp-json\/wp\/v2\/categories?post=71378"},{"taxonomy":"post_tag","embeddable":true,"href":"https:\/\/www.livemag.it\/index.php\/wp-json\/wp\/v2\/tags?post=71378"}],"curies":[{"name":"wp","href":"https:\/\/api.w.org\/{rel}","templated":true}]}}