{"id":71344,"date":"2026-03-11T12:03:03","date_gmt":"2026-03-11T11:03:03","guid":{"rendered":"https:\/\/www.livemag.it\/index.php\/2026\/03\/11\/iran-mojtaba-khamenei-ferito-durante-la-guerra-ma-sta-bene\/"},"modified":"2026-03-11T12:03:03","modified_gmt":"2026-03-11T11:03:03","slug":"iran-mojtaba-khamenei-ferito-durante-la-guerra-ma-sta-bene","status":"publish","type":"post","link":"https:\/\/www.livemag.it\/index.php\/2026\/03\/11\/iran-mojtaba-khamenei-ferito-durante-la-guerra-ma-sta-bene\/","title":{"rendered":"Iran, Mojtaba Khamenei ferito durante la guerra ma sta bene"},"content":{"rendered":"<div>\n<p>TEHERAN (IRAN) (ITALPRESS) \u2013 Mojtaba Khamenei, figlio del leader supremo iraniano Ali Khamenei, indicato come nuova guida suprema iraniana, sarebbe rimasto ferito nel corso delle recenti operazioni belliche, ma le sue condizioni sono buone e non \u00e8 in pericolo di vita. Lo riporta l\u2019emittente al Arabiya.<br \/>La notizia, rilanciata in breaking dalla rete, non ha ancora ricevuto conferma ufficiale n\u00e8 da Teheran n\u00e8 da fonti vicine alla Guida Suprema della Repubblica Islamica.<br \/>Mojtaba Khamenei \u00e8 da tempo considerato una figura di grande influenza all\u2019interno del sistema di potere iraniano e spesso indicato come possibile successore del padre.<br \/>L\u2019informazione emerge mentre il conflitto tra Iran e Israele entra nella fase pi\u00f9 intensa, con continui lanci di missili, droni e attacchi mirati che hanno gi\u00e0 causato vittime anche tra personalit\u00e0 di alto livello.<br \/>Al momento non sono stati forniti dettagli sulle modalit\u00e0 dell\u2019incidente, sul tipo di ferita subita n\u00e8 sul luogo in cui sarebbe avvenuto. Le autorit\u00e0 iraniane non hanno rilasciato commenti ufficiali in merito alla notizia. <br \/>\u2013 foto Ipa Agency \u2013<br \/>(ITALPRESS).<\/p>\n<\/div>\n","protected":false},"excerpt":{"rendered":"<p>TEHERAN (IRAN) (ITALPRESS) \u2013 Mojtaba Khamenei, figlio del leader supremo iraniano Ali Khamenei, indicato come nuova guida suprema iraniana, sarebbe rimasto ferito nel corso delle recenti operazioni belliche, ma le sue condizioni sono buone e non \u00e8 in pericolo di vita. Lo riporta l\u2019emittente al Arabiya.La notizia, rilanciata in breaking dalla rete, non ha ancora [&hellip;]<\/p>\n","protected":false},"author":16,"featured_media":71345,"comment_status":"closed","ping_status":"closed","sticky":false,"template":"","format":"standard","meta":{"jnews-multi-image_gallery":[],"jnews_single_post":[],"jnews_primary_category":[],"jnews_social_meta":[],"jnews_override_counter":[],"jnews_post_split":[],"footnotes":""},"categories":[1129],"tags":[],"class_list":["post-71344","post","type-post","status-publish","format-standard","has-post-thumbnail","hentry","category-mondo"],"yoast_head":"<!-- This site is optimized with the Yoast SEO plugin v27.4 - https:\/\/yoast.com\/product\/yoast-seo-wordpress\/ -->\n<title>Iran, Mojtaba Khamenei ferito durante la guerra ma sta bene - Live Magazine<\/title>\n<meta name=\"robots\" content=\"index, follow, max-snippet:-1, max-image-preview:large, max-video-preview:-1\" \/>\n<link rel=\"canonical\" href=\"https:\/\/www.livemag.it\/index.php\/2026\/03\/11\/iran-mojtaba-khamenei-ferito-durante-la-guerra-ma-sta-bene\/\" \/>\n<meta property=\"og:locale\" content=\"it_IT\" \/>\n<meta property=\"og:type\" content=\"article\" \/>\n<meta property=\"og:title\" content=\"Iran, Mojtaba Khamenei ferito durante la guerra ma sta bene - Live Magazine\" \/>\n<meta property=\"og:description\" content=\"TEHERAN (IRAN) (ITALPRESS) \u2013 Mojtaba Khamenei, figlio del leader supremo iraniano Ali Khamenei, indicato come nuova guida suprema iraniana, sarebbe rimasto ferito nel corso delle recenti operazioni belliche, ma le sue condizioni sono buone e non \u00e8 in pericolo di vita. Lo riporta l\u2019emittente al Arabiya.La notizia, rilanciata in breaking dalla rete, non ha ancora [&hellip;]\" \/>\n<meta property=\"og:url\" content=\"https:\/\/www.livemag.it\/index.php\/2026\/03\/11\/iran-mojtaba-khamenei-ferito-durante-la-guerra-ma-sta-bene\/\" \/>\n<meta property=\"og:site_name\" content=\"Live Magazine\" \/>\n<meta property=\"article:publisher\" content=\"https:\/\/www.facebook.com\/LiveMag\/\" \/>\n<meta property=\"article:published_time\" content=\"2026-03-11T11:03:03+00:00\" \/>\n<meta property=\"og:image\" content=\"https:\/\/www.livemag.it\/wp-content\/uploads\/2024\/02\/ograph.jpg\" \/>\n\t<meta property=\"og:image:width\" content=\"1200\" \/>\n\t<meta property=\"og:image:height\" content=\"675\" \/>\n\t<meta property=\"og:image:type\" content=\"image\/jpeg\" \/>\n<meta name=\"author\" content=\"italpress\" \/>\n<meta name=\"twitter:card\" content=\"summary_large_image\" \/>\n<meta name=\"twitter:creator\" content=\"@LiveNotizie\" \/>\n<meta name=\"twitter:site\" content=\"@LiveNotizie\" \/>\n<meta name=\"twitter:label1\" content=\"Scritto da\" \/>\n\t<meta name=\"twitter:data1\" content=\"italpress\" \/>\n\t<meta name=\"twitter:label2\" content=\"Tempo di lettura stimato\" \/>\n\t<meta name=\"twitter:data2\" content=\"1 minuto\" \/>\n<script type=\"application\/ld+json\" class=\"yoast-schema-graph\">{\"@context\":\"https:\\\/\\\/schema.org\",\"@graph\":[{\"@type\":\"Article\",\"@id\":\"https:\\\/\\\/www.livemag.it\\\/index.php\\\/2026\\\/03\\\/11\\\/iran-mojtaba-khamenei-ferito-durante-la-guerra-ma-sta-bene\\\/#article\",\"isPartOf\":{\"@id\":\"https:\\\/\\\/www.livemag.it\\\/index.php\\\/2026\\\/03\\\/11\\\/iran-mojtaba-khamenei-ferito-durante-la-guerra-ma-sta-bene\\\/\"},\"author\":{\"name\":\"italpress\",\"@id\":\"https:\\\/\\\/www.livemag.it\\\/#\\\/schema\\\/person\\\/b62c5f44451fdcdaeb0afe6c2424e73c\"},\"headline\":\"Iran, Mojtaba Khamenei ferito durante la guerra ma sta bene\",\"datePublished\":\"2026-03-11T11:03:03+00:00\",\"mainEntityOfPage\":{\"@id\":\"https:\\\/\\\/www.livemag.it\\\/index.php\\\/2026\\\/03\\\/11\\\/iran-mojtaba-khamenei-ferito-durante-la-guerra-ma-sta-bene\\\/\"},\"wordCount\":180,\"publisher\":{\"@id\":\"https:\\\/\\\/www.livemag.it\\\/#organization\"},\"image\":{\"@id\":\"https:\\\/\\\/www.livemag.it\\\/index.php\\\/2026\\\/03\\\/11\\\/iran-mojtaba-khamenei-ferito-durante-la-guerra-ma-sta-bene\\\/#primaryimage\"},\"thumbnailUrl\":\"https:\\\/\\\/www.livemag.it\\\/wp-content\\\/uploads\\\/2026\\\/03\\\/20260311_0073.jpg\",\"articleSection\":[\"Mondo\"],\"inLanguage\":\"it-IT\"},{\"@type\":\"WebPage\",\"@id\":\"https:\\\/\\\/www.livemag.it\\\/index.php\\\/2026\\\/03\\\/11\\\/iran-mojtaba-khamenei-ferito-durante-la-guerra-ma-sta-bene\\\/\",\"url\":\"https:\\\/\\\/www.livemag.it\\\/index.php\\\/2026\\\/03\\\/11\\\/iran-mojtaba-khamenei-ferito-durante-la-guerra-ma-sta-bene\\\/\",\"name\":\"Iran, Mojtaba Khamenei ferito durante la guerra ma sta bene - Live Magazine\",\"isPartOf\":{\"@id\":\"https:\\\/\\\/www.livemag.it\\\/#website\"},\"primaryImageOfPage\":{\"@id\":\"https:\\\/\\\/www.livemag.it\\\/index.php\\\/2026\\\/03\\\/11\\\/iran-mojtaba-khamenei-ferito-durante-la-guerra-ma-sta-bene\\\/#primaryimage\"},\"image\":{\"@id\":\"https:\\\/\\\/www.livemag.it\\\/index.php\\\/2026\\\/03\\\/11\\\/iran-mojtaba-khamenei-ferito-durante-la-guerra-ma-sta-bene\\\/#primaryimage\"},\"thumbnailUrl\":\"https:\\\/\\\/www.livemag.it\\\/wp-content\\\/uploads\\\/2026\\\/03\\\/20260311_0073.jpg\",\"datePublished\":\"2026-03-11T11:03:03+00:00\",\"breadcrumb\":{\"@id\":\"https:\\\/\\\/www.livemag.it\\\/index.php\\\/2026\\\/03\\\/11\\\/iran-mojtaba-khamenei-ferito-durante-la-guerra-ma-sta-bene\\\/#breadcrumb\"},\"inLanguage\":\"it-IT\",\"potentialAction\":[{\"@type\":\"ReadAction\",\"target\":[\"https:\\\/\\\/www.livemag.it\\\/index.php\\\/2026\\\/03\\\/11\\\/iran-mojtaba-khamenei-ferito-durante-la-guerra-ma-sta-bene\\\/\"]}]},{\"@type\":\"ImageObject\",\"inLanguage\":\"it-IT\",\"@id\":\"https:\\\/\\\/www.livemag.it\\\/index.php\\\/2026\\\/03\\\/11\\\/iran-mojtaba-khamenei-ferito-durante-la-guerra-ma-sta-bene\\\/#primaryimage\",\"url\":\"https:\\\/\\\/www.livemag.it\\\/wp-content\\\/uploads\\\/2026\\\/03\\\/20260311_0073.jpg\",\"contentUrl\":\"https:\\\/\\\/www.livemag.it\\\/wp-content\\\/uploads\\\/2026\\\/03\\\/20260311_0073.jpg\",\"width\":1620,\"height\":1080},{\"@type\":\"BreadcrumbList\",\"@id\":\"https:\\\/\\\/www.livemag.it\\\/index.php\\\/2026\\\/03\\\/11\\\/iran-mojtaba-khamenei-ferito-durante-la-guerra-ma-sta-bene\\\/#breadcrumb\",\"itemListElement\":[{\"@type\":\"ListItem\",\"position\":1,\"name\":\"Home\",\"item\":\"https:\\\/\\\/www.livemag.it\\\/\"},{\"@type\":\"ListItem\",\"position\":2,\"name\":\"Iran, Mojtaba Khamenei ferito durante la guerra ma sta bene\"}]},{\"@type\":\"WebSite\",\"@id\":\"https:\\\/\\\/www.livemag.it\\\/#website\",\"url\":\"https:\\\/\\\/www.livemag.it\\\/\",\"name\":\"Live Magazine\",\"description\":\"Varie ed eventi\",\"publisher\":{\"@id\":\"https:\\\/\\\/www.livemag.it\\\/#organization\"},\"potentialAction\":[{\"@type\":\"SearchAction\",\"target\":{\"@type\":\"EntryPoint\",\"urlTemplate\":\"https:\\\/\\\/www.livemag.it\\\/?s={search_term_string}\"},\"query-input\":{\"@type\":\"PropertyValueSpecification\",\"valueRequired\":true,\"valueName\":\"search_term_string\"}}],\"inLanguage\":\"it-IT\"},{\"@type\":\"Organization\",\"@id\":\"https:\\\/\\\/www.livemag.it\\\/#organization\",\"name\":\"LiveMag\",\"alternateName\":\"LiveMag News ed eventi\",\"url\":\"https:\\\/\\\/www.livemag.it\\\/\",\"logo\":{\"@type\":\"ImageObject\",\"inLanguage\":\"it-IT\",\"@id\":\"https:\\\/\\\/www.livemag.it\\\/#\\\/schema\\\/logo\\\/image\\\/\",\"url\":\"https:\\\/\\\/www.livemag.it\\\/wp-content\\\/uploads\\\/2024\\\/02\\\/immagine-sito.jpg\",\"contentUrl\":\"https:\\\/\\\/www.livemag.it\\\/wp-content\\\/uploads\\\/2024\\\/02\\\/immagine-sito.jpg\",\"width\":696,\"height\":696,\"caption\":\"LiveMag\"},\"image\":{\"@id\":\"https:\\\/\\\/www.livemag.it\\\/#\\\/schema\\\/logo\\\/image\\\/\"},\"sameAs\":[\"https:\\\/\\\/www.facebook.com\\\/LiveMag\\\/\",\"https:\\\/\\\/x.com\\\/LiveNotizie\",\"https:\\\/\\\/www.instagram.com\\\/livemag\\\/\"]},{\"@type\":\"Person\",\"@id\":\"https:\\\/\\\/www.livemag.it\\\/#\\\/schema\\\/person\\\/b62c5f44451fdcdaeb0afe6c2424e73c\",\"name\":\"italpress\",\"image\":{\"@type\":\"ImageObject\",\"inLanguage\":\"it-IT\",\"@id\":\"https:\\\/\\\/secure.gravatar.com\\\/avatar\\\/b6a21695fc713ce7ee312cf57c97e2e641feb365be72d8745574d3c3e2b59066?s=96&r=g\",\"url\":\"https:\\\/\\\/secure.gravatar.com\\\/avatar\\\/b6a21695fc713ce7ee312cf57c97e2e641feb365be72d8745574d3c3e2b59066?s=96&r=g\",\"contentUrl\":\"https:\\\/\\\/secure.gravatar.com\\\/avatar\\\/b6a21695fc713ce7ee312cf57c97e2e641feb365be72d8745574d3c3e2b59066?s=96&r=g\",\"caption\":\"italpress\"},\"description\":\"Italpress \u00e8 un'agenzia di stampa italiana a carattere nazionale.\",\"url\":\"https:\\\/\\\/www.livemag.it\\\/index.php\\\/author\\\/italpress\\\/\"}]}<\/script>\n<!-- \/ Yoast SEO plugin. -->","yoast_head_json":{"title":"Iran, Mojtaba Khamenei ferito durante la guerra ma sta bene - Live Magazine","robots":{"index":"index","follow":"follow","max-snippet":"max-snippet:-1","max-image-preview":"max-image-preview:large","max-video-preview":"max-video-preview:-1"},"canonical":"https:\/\/www.livemag.it\/index.php\/2026\/03\/11\/iran-mojtaba-khamenei-ferito-durante-la-guerra-ma-sta-bene\/","og_locale":"it_IT","og_type":"article","og_title":"Iran, Mojtaba Khamenei ferito durante la guerra ma sta bene - Live Magazine","og_description":"TEHERAN (IRAN) (ITALPRESS) \u2013 Mojtaba Khamenei, figlio del leader supremo iraniano Ali Khamenei, indicato come nuova guida suprema iraniana, sarebbe rimasto ferito nel corso delle recenti operazioni belliche, ma le sue condizioni sono buone e non \u00e8 in pericolo di vita. Lo riporta l\u2019emittente al Arabiya.La notizia, rilanciata in breaking dalla rete, non ha ancora [&hellip;]","og_url":"https:\/\/www.livemag.it\/index.php\/2026\/03\/11\/iran-mojtaba-khamenei-ferito-durante-la-guerra-ma-sta-bene\/","og_site_name":"Live Magazine","article_publisher":"https:\/\/www.facebook.com\/LiveMag\/","article_published_time":"2026-03-11T11:03:03+00:00","og_image":[{"width":1200,"height":675,"url":"https:\/\/www.livemag.it\/wp-content\/uploads\/2024\/02\/ograph.jpg","type":"image\/jpeg"}],"author":"italpress","twitter_card":"summary_large_image","twitter_creator":"@LiveNotizie","twitter_site":"@LiveNotizie","twitter_misc":{"Scritto da":"italpress","Tempo di lettura stimato":"1 minuto"},"schema":{"@context":"https:\/\/schema.org","@graph":[{"@type":"Article","@id":"https:\/\/www.livemag.it\/index.php\/2026\/03\/11\/iran-mojtaba-khamenei-ferito-durante-la-guerra-ma-sta-bene\/#article","isPartOf":{"@id":"https:\/\/www.livemag.it\/index.php\/2026\/03\/11\/iran-mojtaba-khamenei-ferito-durante-la-guerra-ma-sta-bene\/"},"author":{"name":"italpress","@id":"https:\/\/www.livemag.it\/#\/schema\/person\/b62c5f44451fdcdaeb0afe6c2424e73c"},"headline":"Iran, Mojtaba Khamenei ferito durante la guerra ma sta bene","datePublished":"2026-03-11T11:03:03+00:00","mainEntityOfPage":{"@id":"https:\/\/www.livemag.it\/index.php\/2026\/03\/11\/iran-mojtaba-khamenei-ferito-durante-la-guerra-ma-sta-bene\/"},"wordCount":180,"publisher":{"@id":"https:\/\/www.livemag.it\/#organization"},"image":{"@id":"https:\/\/www.livemag.it\/index.php\/2026\/03\/11\/iran-mojtaba-khamenei-ferito-durante-la-guerra-ma-sta-bene\/#primaryimage"},"thumbnailUrl":"https:\/\/www.livemag.it\/wp-content\/uploads\/2026\/03\/20260311_0073.jpg","articleSection":["Mondo"],"inLanguage":"it-IT"},{"@type":"WebPage","@id":"https:\/\/www.livemag.it\/index.php\/2026\/03\/11\/iran-mojtaba-khamenei-ferito-durante-la-guerra-ma-sta-bene\/","url":"https:\/\/www.livemag.it\/index.php\/2026\/03\/11\/iran-mojtaba-khamenei-ferito-durante-la-guerra-ma-sta-bene\/","name":"Iran, Mojtaba Khamenei ferito durante la guerra ma sta bene - Live Magazine","isPartOf":{"@id":"https:\/\/www.livemag.it\/#website"},"primaryImageOfPage":{"@id":"https:\/\/www.livemag.it\/index.php\/2026\/03\/11\/iran-mojtaba-khamenei-ferito-durante-la-guerra-ma-sta-bene\/#primaryimage"},"image":{"@id":"https:\/\/www.livemag.it\/index.php\/2026\/03\/11\/iran-mojtaba-khamenei-ferito-durante-la-guerra-ma-sta-bene\/#primaryimage"},"thumbnailUrl":"https:\/\/www.livemag.it\/wp-content\/uploads\/2026\/03\/20260311_0073.jpg","datePublished":"2026-03-11T11:03:03+00:00","breadcrumb":{"@id":"https:\/\/www.livemag.it\/index.php\/2026\/03\/11\/iran-mojtaba-khamenei-ferito-durante-la-guerra-ma-sta-bene\/#breadcrumb"},"inLanguage":"it-IT","potentialAction":[{"@type":"ReadAction","target":["https:\/\/www.livemag.it\/index.php\/2026\/03\/11\/iran-mojtaba-khamenei-ferito-durante-la-guerra-ma-sta-bene\/"]}]},{"@type":"ImageObject","inLanguage":"it-IT","@id":"https:\/\/www.livemag.it\/index.php\/2026\/03\/11\/iran-mojtaba-khamenei-ferito-durante-la-guerra-ma-sta-bene\/#primaryimage","url":"https:\/\/www.livemag.it\/wp-content\/uploads\/2026\/03\/20260311_0073.jpg","contentUrl":"https:\/\/www.livemag.it\/wp-content\/uploads\/2026\/03\/20260311_0073.jpg","width":1620,"height":1080},{"@type":"BreadcrumbList","@id":"https:\/\/www.livemag.it\/index.php\/2026\/03\/11\/iran-mojtaba-khamenei-ferito-durante-la-guerra-ma-sta-bene\/#breadcrumb","itemListElement":[{"@type":"ListItem","position":1,"name":"Home","item":"https:\/\/www.livemag.it\/"},{"@type":"ListItem","position":2,"name":"Iran, Mojtaba Khamenei ferito durante la guerra ma sta bene"}]},{"@type":"WebSite","@id":"https:\/\/www.livemag.it\/#website","url":"https:\/\/www.livemag.it\/","name":"Live Magazine","description":"Varie ed eventi","publisher":{"@id":"https:\/\/www.livemag.it\/#organization"},"potentialAction":[{"@type":"SearchAction","target":{"@type":"EntryPoint","urlTemplate":"https:\/\/www.livemag.it\/?s={search_term_string}"},"query-input":{"@type":"PropertyValueSpecification","valueRequired":true,"valueName":"search_term_string"}}],"inLanguage":"it-IT"},{"@type":"Organization","@id":"https:\/\/www.livemag.it\/#organization","name":"LiveMag","alternateName":"LiveMag News ed eventi","url":"https:\/\/www.livemag.it\/","logo":{"@type":"ImageObject","inLanguage":"it-IT","@id":"https:\/\/www.livemag.it\/#\/schema\/logo\/image\/","url":"https:\/\/www.livemag.it\/wp-content\/uploads\/2024\/02\/immagine-sito.jpg","contentUrl":"https:\/\/www.livemag.it\/wp-content\/uploads\/2024\/02\/immagine-sito.jpg","width":696,"height":696,"caption":"LiveMag"},"image":{"@id":"https:\/\/www.livemag.it\/#\/schema\/logo\/image\/"},"sameAs":["https:\/\/www.facebook.com\/LiveMag\/","https:\/\/x.com\/LiveNotizie","https:\/\/www.instagram.com\/livemag\/"]},{"@type":"Person","@id":"https:\/\/www.livemag.it\/#\/schema\/person\/b62c5f44451fdcdaeb0afe6c2424e73c","name":"italpress","image":{"@type":"ImageObject","inLanguage":"it-IT","@id":"https:\/\/secure.gravatar.com\/avatar\/b6a21695fc713ce7ee312cf57c97e2e641feb365be72d8745574d3c3e2b59066?s=96&r=g","url":"https:\/\/secure.gravatar.com\/avatar\/b6a21695fc713ce7ee312cf57c97e2e641feb365be72d8745574d3c3e2b59066?s=96&r=g","contentUrl":"https:\/\/secure.gravatar.com\/avatar\/b6a21695fc713ce7ee312cf57c97e2e641feb365be72d8745574d3c3e2b59066?s=96&r=g","caption":"italpress"},"description":"Italpress \u00e8 un'agenzia di stampa italiana a carattere nazionale.","url":"https:\/\/www.livemag.it\/index.php\/author\/italpress\/"}]}},"jetpack_featured_media_url":"https:\/\/www.livemag.it\/wp-content\/uploads\/2026\/03\/20260311_0073.jpg","_links":{"self":[{"href":"https:\/\/www.livemag.it\/index.php\/wp-json\/wp\/v2\/posts\/71344","targetHints":{"allow":["GET"]}}],"collection":[{"href":"https:\/\/www.livemag.it\/index.php\/wp-json\/wp\/v2\/posts"}],"about":[{"href":"https:\/\/www.livemag.it\/index.php\/wp-json\/wp\/v2\/types\/post"}],"author":[{"embeddable":true,"href":"https:\/\/www.livemag.it\/index.php\/wp-json\/wp\/v2\/users\/16"}],"replies":[{"embeddable":true,"href":"https:\/\/www.livemag.it\/index.php\/wp-json\/wp\/v2\/comments?post=71344"}],"version-history":[{"count":0,"href":"https:\/\/www.livemag.it\/index.php\/wp-json\/wp\/v2\/posts\/71344\/revisions"}],"wp:featuredmedia":[{"embeddable":true,"href":"https:\/\/www.livemag.it\/index.php\/wp-json\/wp\/v2\/media\/71345"}],"wp:attachment":[{"href":"https:\/\/www.livemag.it\/index.php\/wp-json\/wp\/v2\/media?parent=71344"}],"wp:term":[{"taxonomy":"category","embeddable":true,"href":"https:\/\/www.livemag.it\/index.php\/wp-json\/wp\/v2\/categories?post=71344"},{"taxonomy":"post_tag","embeddable":true,"href":"https:\/\/www.livemag.it\/index.php\/wp-json\/wp\/v2\/tags?post=71344"}],"curies":[{"name":"wp","href":"https:\/\/api.w.org\/{rel}","templated":true}]}}