{"id":71315,"date":"2026-03-10T21:03:16","date_gmt":"2026-03-10T20:03:16","guid":{"rendered":"https:\/\/www.livemag.it\/index.php\/2026\/03\/10\/terzo-settore-al-senato-il-convegno-oltre-le-appartenenze\/"},"modified":"2026-03-10T21:03:16","modified_gmt":"2026-03-10T20:03:16","slug":"terzo-settore-al-senato-il-convegno-oltre-le-appartenenze","status":"publish","type":"post","link":"https:\/\/www.livemag.it\/index.php\/2026\/03\/10\/terzo-settore-al-senato-il-convegno-oltre-le-appartenenze\/","title":{"rendered":"Terzo settore, al Senato il convegno \u201cOltre le appartenenze\u201d"},"content":{"rendered":"<div>\n<p>ROMA (ITALPRESS) \u2013 Il futuro della rappresentanza del Terzo Settore e il suo ruolo nella tenuta sociale dell\u2019Italia al centro del convegno \u201cOltre le appartenenze: il Terzo Settore come pilastro della coesione sociale\u201d. L\u2019incontro, promosso dal senatore Lucio Malan e svolto presso Sala Zuccari di Palazzo Giustiniani al Senato della Repubblica, ha riunito alcune tra le principali organizzazioni del mondo associativo italiano per avviare una riflessione sul ruolo pubblico del Terzo Settore in una fase segnata da profonde trasformazioni sociali ed economiche. Al centro del confronto la necessit\u00e0 di rafforzare il Terzo Settore come soggetto autonomo, pluralista e capace di rappresentare in modo autentico le istanze delle comunit\u00e0 e dei territori. \u201cCome governo riteniamo il terzo settore una leva strategica di coesione sociale, di aiuto ai pi\u00f9 fragili e di sostenibilit\u00e0 del welfare. Favoriamo una pari dignit\u00e0 tra pubblico e privato sociale in modo da soddisfare i bisogni di tutti i cittadini. Agiamo in nome della trasparenza cos\u00ec che le organizzazioni possano gestire la burocrazia con la giusta misura e promuoveremo riforme del codice del Terzo Settore per far s\u00ec che sia un asset strategico che sia attenzionato dal Governo\u201d, le parole di Maria Teresa Bellucci, viceministra del Lavoro e delle Politiche Sociali con delega al Terzo Settore. Una parte importante del dibattito \u00e8 stata dedicata al rilancio della rappresentanza del Terzo settore come spazio di confronto democratico e luogo di sintesi capace di superare logiche di appartenenza e schieramenti precostituiti, restituendo al sistema associativo una rappresentanza pi\u00f9 autorevole e condivisa. \u201cL\u2019importanza del Terzo Settore per l\u2019Italia \u00e8 davvero grande ed \u00e8 utile che il Senato e il Governo ascoltino quali sono le necessit\u00e0. Molti interventi sono stati gi\u00e0 fatti con dei finanziamenti e delle agevolazioni, ma occorre anche tagliare la burocrazia per sottrarre da oneri irragionevoli chi lavora per gli altri e avere la miglior interazione possibile tra le realt\u00e0 del Terzo Settore e le istituzioni\u201d, ha sottolineato il senatore Lucio Malan. Nel corso dell\u2019incontro \u00e8 stata presentata la proposta di istituire un Osservatorio permanente sul Terzo Settore, realizzato in collaborazione con il mondo universitario, con l\u2019obiettivo di approfondire le dinamiche del settore, analizzarne criticit\u00e0 e potenzialit\u00e0 e rafforzarne la capacit\u00e0 di dialogo con istituzioni e comunit\u00e0. Tra gli enti aderenti all\u2019iniziativa figurano Fictus, Asi e Opes, rappresentata dal presidente nazionale Juri Morico: \u201cAbbiamo ragionato nell\u2019ecosistema delle infrastrutture del Terzo Settore che devono mettere in condizione i dipendenti di adempiere il loro compito, ovvero creare valore. Stiamo cercando di passare a una sussidiariet\u00e0 orizzontale nel privato-sociale, cercando di facilitare lo scambio di competenze\u201d, ha detto il numero uno di Opes. \u201cLa sfida oggi? Trasformare la pluralit\u00e0 del Terzo Settore \u2013 aggiunge Morico \u2013 in una ricchezza il pi\u00f9 possibile condivisa, aumentarne la capacit\u00e0 di generare cooperazione e sviluppo sociale. E\u2019 in questo senso che la sussidiariet\u00e0 orizzontale del privato sociale diventa una leva strategica: un modo per rafforzare la capacit\u00e0 delle organizzazioni di sostenersi reciprocamente, di crescere insieme e di moltiplicare l\u2019impatto positivo delle loro attivit\u00e0 sui territori. La nostra posizione resta improntata alla responsabilit\u00e0 e al dialogo, favorendo una rappresentanza pi\u00f9 ampia, pi\u00f9 partecipata e pi\u00f9 capace di interpretare la ricchezza del Terzo Settore italiano\u201d. In un contesto in cui il sistema del welfare affronta nuove sfide e crescenti fragilit\u00e0 sociali, le organizzazioni della societ\u00e0 civile sono chiamate a svolgere un ruolo sempre pi\u00f9 decisivo nel promuovere solidariet\u00e0, partecipazione e coesione sociale, in modo da poter rendere pi\u00f9 concreta la rappresentanza del Terzo Settore nel Paese.<br \/>-foto mec\/Italpress- <br \/>(ITALPRESS).<\/p>\n<\/div>\n","protected":false},"excerpt":{"rendered":"<p>ROMA (ITALPRESS) \u2013 Il futuro della rappresentanza del Terzo Settore e il suo ruolo nella tenuta sociale dell\u2019Italia al centro del convegno \u201cOltre le appartenenze: il Terzo Settore come pilastro della coesione sociale\u201d. L\u2019incontro, promosso dal senatore Lucio Malan e svolto presso Sala Zuccari di Palazzo Giustiniani al Senato della Repubblica, ha riunito alcune tra [&hellip;]<\/p>\n","protected":false},"author":16,"featured_media":71316,"comment_status":"closed","ping_status":"closed","sticky":false,"template":"","format":"standard","meta":{"jnews-multi-image_gallery":[],"jnews_single_post":[],"jnews_primary_category":[],"jnews_social_meta":[],"jnews_override_counter":[],"jnews_post_split":[],"footnotes":""},"categories":[1129],"tags":[],"class_list":["post-71315","post","type-post","status-publish","format-standard","has-post-thumbnail","hentry","category-mondo"],"yoast_head":"<!-- This site is optimized with the Yoast SEO plugin v27.4 - https:\/\/yoast.com\/product\/yoast-seo-wordpress\/ -->\n<title>Terzo settore, al Senato il convegno \u201cOltre le appartenenze\u201d - Live Magazine<\/title>\n<meta name=\"robots\" content=\"index, follow, max-snippet:-1, max-image-preview:large, max-video-preview:-1\" \/>\n<link rel=\"canonical\" href=\"https:\/\/www.livemag.it\/index.php\/2026\/03\/10\/terzo-settore-al-senato-il-convegno-oltre-le-appartenenze\/\" \/>\n<meta property=\"og:locale\" content=\"it_IT\" \/>\n<meta property=\"og:type\" content=\"article\" \/>\n<meta property=\"og:title\" content=\"Terzo settore, al Senato il convegno \u201cOltre le appartenenze\u201d - Live Magazine\" \/>\n<meta property=\"og:description\" content=\"ROMA (ITALPRESS) \u2013 Il futuro della rappresentanza del Terzo Settore e il suo ruolo nella tenuta sociale dell\u2019Italia al centro del convegno \u201cOltre le appartenenze: il Terzo Settore come pilastro della coesione sociale\u201d. L\u2019incontro, promosso dal senatore Lucio Malan e svolto presso Sala Zuccari di Palazzo Giustiniani al Senato della Repubblica, ha riunito alcune tra [&hellip;]\" \/>\n<meta property=\"og:url\" content=\"https:\/\/www.livemag.it\/index.php\/2026\/03\/10\/terzo-settore-al-senato-il-convegno-oltre-le-appartenenze\/\" \/>\n<meta property=\"og:site_name\" content=\"Live Magazine\" \/>\n<meta property=\"article:publisher\" content=\"https:\/\/www.facebook.com\/LiveMag\/\" \/>\n<meta property=\"article:published_time\" content=\"2026-03-10T20:03:16+00:00\" \/>\n<meta property=\"og:image\" content=\"https:\/\/www.livemag.it\/wp-content\/uploads\/2024\/02\/ograph.jpg\" \/>\n\t<meta property=\"og:image:width\" content=\"1200\" \/>\n\t<meta property=\"og:image:height\" content=\"675\" \/>\n\t<meta property=\"og:image:type\" content=\"image\/jpeg\" \/>\n<meta name=\"author\" content=\"italpress\" \/>\n<meta name=\"twitter:card\" content=\"summary_large_image\" \/>\n<meta name=\"twitter:creator\" content=\"@LiveNotizie\" \/>\n<meta name=\"twitter:site\" content=\"@LiveNotizie\" \/>\n<meta name=\"twitter:label1\" content=\"Scritto da\" \/>\n\t<meta name=\"twitter:data1\" content=\"italpress\" \/>\n\t<meta name=\"twitter:label2\" content=\"Tempo di lettura stimato\" \/>\n\t<meta name=\"twitter:data2\" content=\"3 minuti\" \/>\n<script type=\"application\/ld+json\" class=\"yoast-schema-graph\">{\"@context\":\"https:\\\/\\\/schema.org\",\"@graph\":[{\"@type\":\"Article\",\"@id\":\"https:\\\/\\\/www.livemag.it\\\/index.php\\\/2026\\\/03\\\/10\\\/terzo-settore-al-senato-il-convegno-oltre-le-appartenenze\\\/#article\",\"isPartOf\":{\"@id\":\"https:\\\/\\\/www.livemag.it\\\/index.php\\\/2026\\\/03\\\/10\\\/terzo-settore-al-senato-il-convegno-oltre-le-appartenenze\\\/\"},\"author\":{\"name\":\"italpress\",\"@id\":\"https:\\\/\\\/www.livemag.it\\\/#\\\/schema\\\/person\\\/b62c5f44451fdcdaeb0afe6c2424e73c\"},\"headline\":\"Terzo settore, al Senato il convegno \u201cOltre le appartenenze\u201d\",\"datePublished\":\"2026-03-10T20:03:16+00:00\",\"mainEntityOfPage\":{\"@id\":\"https:\\\/\\\/www.livemag.it\\\/index.php\\\/2026\\\/03\\\/10\\\/terzo-settore-al-senato-il-convegno-oltre-le-appartenenze\\\/\"},\"wordCount\":593,\"publisher\":{\"@id\":\"https:\\\/\\\/www.livemag.it\\\/#organization\"},\"image\":{\"@id\":\"https:\\\/\\\/www.livemag.it\\\/index.php\\\/2026\\\/03\\\/10\\\/terzo-settore-al-senato-il-convegno-oltre-le-appartenenze\\\/#primaryimage\"},\"thumbnailUrl\":\"https:\\\/\\\/www.livemag.it\\\/wp-content\\\/uploads\\\/2026\\\/03\\\/20260310_2027.jpg\",\"articleSection\":[\"Mondo\"],\"inLanguage\":\"it-IT\"},{\"@type\":\"WebPage\",\"@id\":\"https:\\\/\\\/www.livemag.it\\\/index.php\\\/2026\\\/03\\\/10\\\/terzo-settore-al-senato-il-convegno-oltre-le-appartenenze\\\/\",\"url\":\"https:\\\/\\\/www.livemag.it\\\/index.php\\\/2026\\\/03\\\/10\\\/terzo-settore-al-senato-il-convegno-oltre-le-appartenenze\\\/\",\"name\":\"Terzo settore, al Senato il convegno \u201cOltre le appartenenze\u201d - Live Magazine\",\"isPartOf\":{\"@id\":\"https:\\\/\\\/www.livemag.it\\\/#website\"},\"primaryImageOfPage\":{\"@id\":\"https:\\\/\\\/www.livemag.it\\\/index.php\\\/2026\\\/03\\\/10\\\/terzo-settore-al-senato-il-convegno-oltre-le-appartenenze\\\/#primaryimage\"},\"image\":{\"@id\":\"https:\\\/\\\/www.livemag.it\\\/index.php\\\/2026\\\/03\\\/10\\\/terzo-settore-al-senato-il-convegno-oltre-le-appartenenze\\\/#primaryimage\"},\"thumbnailUrl\":\"https:\\\/\\\/www.livemag.it\\\/wp-content\\\/uploads\\\/2026\\\/03\\\/20260310_2027.jpg\",\"datePublished\":\"2026-03-10T20:03:16+00:00\",\"breadcrumb\":{\"@id\":\"https:\\\/\\\/www.livemag.it\\\/index.php\\\/2026\\\/03\\\/10\\\/terzo-settore-al-senato-il-convegno-oltre-le-appartenenze\\\/#breadcrumb\"},\"inLanguage\":\"it-IT\",\"potentialAction\":[{\"@type\":\"ReadAction\",\"target\":[\"https:\\\/\\\/www.livemag.it\\\/index.php\\\/2026\\\/03\\\/10\\\/terzo-settore-al-senato-il-convegno-oltre-le-appartenenze\\\/\"]}]},{\"@type\":\"ImageObject\",\"inLanguage\":\"it-IT\",\"@id\":\"https:\\\/\\\/www.livemag.it\\\/index.php\\\/2026\\\/03\\\/10\\\/terzo-settore-al-senato-il-convegno-oltre-le-appartenenze\\\/#primaryimage\",\"url\":\"https:\\\/\\\/www.livemag.it\\\/wp-content\\\/uploads\\\/2026\\\/03\\\/20260310_2027.jpg\",\"contentUrl\":\"https:\\\/\\\/www.livemag.it\\\/wp-content\\\/uploads\\\/2026\\\/03\\\/20260310_2027.jpg\",\"width\":1485,\"height\":1080},{\"@type\":\"BreadcrumbList\",\"@id\":\"https:\\\/\\\/www.livemag.it\\\/index.php\\\/2026\\\/03\\\/10\\\/terzo-settore-al-senato-il-convegno-oltre-le-appartenenze\\\/#breadcrumb\",\"itemListElement\":[{\"@type\":\"ListItem\",\"position\":1,\"name\":\"Home\",\"item\":\"https:\\\/\\\/www.livemag.it\\\/\"},{\"@type\":\"ListItem\",\"position\":2,\"name\":\"Terzo settore, al Senato il convegno \u201cOltre le appartenenze\u201d\"}]},{\"@type\":\"WebSite\",\"@id\":\"https:\\\/\\\/www.livemag.it\\\/#website\",\"url\":\"https:\\\/\\\/www.livemag.it\\\/\",\"name\":\"Live Magazine\",\"description\":\"Varie ed eventi\",\"publisher\":{\"@id\":\"https:\\\/\\\/www.livemag.it\\\/#organization\"},\"potentialAction\":[{\"@type\":\"SearchAction\",\"target\":{\"@type\":\"EntryPoint\",\"urlTemplate\":\"https:\\\/\\\/www.livemag.it\\\/?s={search_term_string}\"},\"query-input\":{\"@type\":\"PropertyValueSpecification\",\"valueRequired\":true,\"valueName\":\"search_term_string\"}}],\"inLanguage\":\"it-IT\"},{\"@type\":\"Organization\",\"@id\":\"https:\\\/\\\/www.livemag.it\\\/#organization\",\"name\":\"LiveMag\",\"alternateName\":\"LiveMag News ed eventi\",\"url\":\"https:\\\/\\\/www.livemag.it\\\/\",\"logo\":{\"@type\":\"ImageObject\",\"inLanguage\":\"it-IT\",\"@id\":\"https:\\\/\\\/www.livemag.it\\\/#\\\/schema\\\/logo\\\/image\\\/\",\"url\":\"https:\\\/\\\/www.livemag.it\\\/wp-content\\\/uploads\\\/2024\\\/02\\\/immagine-sito.jpg\",\"contentUrl\":\"https:\\\/\\\/www.livemag.it\\\/wp-content\\\/uploads\\\/2024\\\/02\\\/immagine-sito.jpg\",\"width\":696,\"height\":696,\"caption\":\"LiveMag\"},\"image\":{\"@id\":\"https:\\\/\\\/www.livemag.it\\\/#\\\/schema\\\/logo\\\/image\\\/\"},\"sameAs\":[\"https:\\\/\\\/www.facebook.com\\\/LiveMag\\\/\",\"https:\\\/\\\/x.com\\\/LiveNotizie\",\"https:\\\/\\\/www.instagram.com\\\/livemag\\\/\"]},{\"@type\":\"Person\",\"@id\":\"https:\\\/\\\/www.livemag.it\\\/#\\\/schema\\\/person\\\/b62c5f44451fdcdaeb0afe6c2424e73c\",\"name\":\"italpress\",\"image\":{\"@type\":\"ImageObject\",\"inLanguage\":\"it-IT\",\"@id\":\"https:\\\/\\\/secure.gravatar.com\\\/avatar\\\/b6a21695fc713ce7ee312cf57c97e2e641feb365be72d8745574d3c3e2b59066?s=96&r=g\",\"url\":\"https:\\\/\\\/secure.gravatar.com\\\/avatar\\\/b6a21695fc713ce7ee312cf57c97e2e641feb365be72d8745574d3c3e2b59066?s=96&r=g\",\"contentUrl\":\"https:\\\/\\\/secure.gravatar.com\\\/avatar\\\/b6a21695fc713ce7ee312cf57c97e2e641feb365be72d8745574d3c3e2b59066?s=96&r=g\",\"caption\":\"italpress\"},\"description\":\"Italpress \u00e8 un'agenzia di stampa italiana a carattere nazionale.\",\"url\":\"https:\\\/\\\/www.livemag.it\\\/index.php\\\/author\\\/italpress\\\/\"}]}<\/script>\n<!-- \/ Yoast SEO plugin. -->","yoast_head_json":{"title":"Terzo settore, al Senato il convegno \u201cOltre le appartenenze\u201d - Live Magazine","robots":{"index":"index","follow":"follow","max-snippet":"max-snippet:-1","max-image-preview":"max-image-preview:large","max-video-preview":"max-video-preview:-1"},"canonical":"https:\/\/www.livemag.it\/index.php\/2026\/03\/10\/terzo-settore-al-senato-il-convegno-oltre-le-appartenenze\/","og_locale":"it_IT","og_type":"article","og_title":"Terzo settore, al Senato il convegno \u201cOltre le appartenenze\u201d - Live Magazine","og_description":"ROMA (ITALPRESS) \u2013 Il futuro della rappresentanza del Terzo Settore e il suo ruolo nella tenuta sociale dell\u2019Italia al centro del convegno \u201cOltre le appartenenze: il Terzo Settore come pilastro della coesione sociale\u201d. L\u2019incontro, promosso dal senatore Lucio Malan e svolto presso Sala Zuccari di Palazzo Giustiniani al Senato della Repubblica, ha riunito alcune tra [&hellip;]","og_url":"https:\/\/www.livemag.it\/index.php\/2026\/03\/10\/terzo-settore-al-senato-il-convegno-oltre-le-appartenenze\/","og_site_name":"Live Magazine","article_publisher":"https:\/\/www.facebook.com\/LiveMag\/","article_published_time":"2026-03-10T20:03:16+00:00","og_image":[{"width":1200,"height":675,"url":"https:\/\/www.livemag.it\/wp-content\/uploads\/2024\/02\/ograph.jpg","type":"image\/jpeg"}],"author":"italpress","twitter_card":"summary_large_image","twitter_creator":"@LiveNotizie","twitter_site":"@LiveNotizie","twitter_misc":{"Scritto da":"italpress","Tempo di lettura stimato":"3 minuti"},"schema":{"@context":"https:\/\/schema.org","@graph":[{"@type":"Article","@id":"https:\/\/www.livemag.it\/index.php\/2026\/03\/10\/terzo-settore-al-senato-il-convegno-oltre-le-appartenenze\/#article","isPartOf":{"@id":"https:\/\/www.livemag.it\/index.php\/2026\/03\/10\/terzo-settore-al-senato-il-convegno-oltre-le-appartenenze\/"},"author":{"name":"italpress","@id":"https:\/\/www.livemag.it\/#\/schema\/person\/b62c5f44451fdcdaeb0afe6c2424e73c"},"headline":"Terzo settore, al Senato il convegno \u201cOltre le appartenenze\u201d","datePublished":"2026-03-10T20:03:16+00:00","mainEntityOfPage":{"@id":"https:\/\/www.livemag.it\/index.php\/2026\/03\/10\/terzo-settore-al-senato-il-convegno-oltre-le-appartenenze\/"},"wordCount":593,"publisher":{"@id":"https:\/\/www.livemag.it\/#organization"},"image":{"@id":"https:\/\/www.livemag.it\/index.php\/2026\/03\/10\/terzo-settore-al-senato-il-convegno-oltre-le-appartenenze\/#primaryimage"},"thumbnailUrl":"https:\/\/www.livemag.it\/wp-content\/uploads\/2026\/03\/20260310_2027.jpg","articleSection":["Mondo"],"inLanguage":"it-IT"},{"@type":"WebPage","@id":"https:\/\/www.livemag.it\/index.php\/2026\/03\/10\/terzo-settore-al-senato-il-convegno-oltre-le-appartenenze\/","url":"https:\/\/www.livemag.it\/index.php\/2026\/03\/10\/terzo-settore-al-senato-il-convegno-oltre-le-appartenenze\/","name":"Terzo settore, al Senato il convegno \u201cOltre le appartenenze\u201d - Live Magazine","isPartOf":{"@id":"https:\/\/www.livemag.it\/#website"},"primaryImageOfPage":{"@id":"https:\/\/www.livemag.it\/index.php\/2026\/03\/10\/terzo-settore-al-senato-il-convegno-oltre-le-appartenenze\/#primaryimage"},"image":{"@id":"https:\/\/www.livemag.it\/index.php\/2026\/03\/10\/terzo-settore-al-senato-il-convegno-oltre-le-appartenenze\/#primaryimage"},"thumbnailUrl":"https:\/\/www.livemag.it\/wp-content\/uploads\/2026\/03\/20260310_2027.jpg","datePublished":"2026-03-10T20:03:16+00:00","breadcrumb":{"@id":"https:\/\/www.livemag.it\/index.php\/2026\/03\/10\/terzo-settore-al-senato-il-convegno-oltre-le-appartenenze\/#breadcrumb"},"inLanguage":"it-IT","potentialAction":[{"@type":"ReadAction","target":["https:\/\/www.livemag.it\/index.php\/2026\/03\/10\/terzo-settore-al-senato-il-convegno-oltre-le-appartenenze\/"]}]},{"@type":"ImageObject","inLanguage":"it-IT","@id":"https:\/\/www.livemag.it\/index.php\/2026\/03\/10\/terzo-settore-al-senato-il-convegno-oltre-le-appartenenze\/#primaryimage","url":"https:\/\/www.livemag.it\/wp-content\/uploads\/2026\/03\/20260310_2027.jpg","contentUrl":"https:\/\/www.livemag.it\/wp-content\/uploads\/2026\/03\/20260310_2027.jpg","width":1485,"height":1080},{"@type":"BreadcrumbList","@id":"https:\/\/www.livemag.it\/index.php\/2026\/03\/10\/terzo-settore-al-senato-il-convegno-oltre-le-appartenenze\/#breadcrumb","itemListElement":[{"@type":"ListItem","position":1,"name":"Home","item":"https:\/\/www.livemag.it\/"},{"@type":"ListItem","position":2,"name":"Terzo settore, al Senato il convegno \u201cOltre le appartenenze\u201d"}]},{"@type":"WebSite","@id":"https:\/\/www.livemag.it\/#website","url":"https:\/\/www.livemag.it\/","name":"Live Magazine","description":"Varie ed eventi","publisher":{"@id":"https:\/\/www.livemag.it\/#organization"},"potentialAction":[{"@type":"SearchAction","target":{"@type":"EntryPoint","urlTemplate":"https:\/\/www.livemag.it\/?s={search_term_string}"},"query-input":{"@type":"PropertyValueSpecification","valueRequired":true,"valueName":"search_term_string"}}],"inLanguage":"it-IT"},{"@type":"Organization","@id":"https:\/\/www.livemag.it\/#organization","name":"LiveMag","alternateName":"LiveMag News ed eventi","url":"https:\/\/www.livemag.it\/","logo":{"@type":"ImageObject","inLanguage":"it-IT","@id":"https:\/\/www.livemag.it\/#\/schema\/logo\/image\/","url":"https:\/\/www.livemag.it\/wp-content\/uploads\/2024\/02\/immagine-sito.jpg","contentUrl":"https:\/\/www.livemag.it\/wp-content\/uploads\/2024\/02\/immagine-sito.jpg","width":696,"height":696,"caption":"LiveMag"},"image":{"@id":"https:\/\/www.livemag.it\/#\/schema\/logo\/image\/"},"sameAs":["https:\/\/www.facebook.com\/LiveMag\/","https:\/\/x.com\/LiveNotizie","https:\/\/www.instagram.com\/livemag\/"]},{"@type":"Person","@id":"https:\/\/www.livemag.it\/#\/schema\/person\/b62c5f44451fdcdaeb0afe6c2424e73c","name":"italpress","image":{"@type":"ImageObject","inLanguage":"it-IT","@id":"https:\/\/secure.gravatar.com\/avatar\/b6a21695fc713ce7ee312cf57c97e2e641feb365be72d8745574d3c3e2b59066?s=96&r=g","url":"https:\/\/secure.gravatar.com\/avatar\/b6a21695fc713ce7ee312cf57c97e2e641feb365be72d8745574d3c3e2b59066?s=96&r=g","contentUrl":"https:\/\/secure.gravatar.com\/avatar\/b6a21695fc713ce7ee312cf57c97e2e641feb365be72d8745574d3c3e2b59066?s=96&r=g","caption":"italpress"},"description":"Italpress \u00e8 un'agenzia di stampa italiana a carattere nazionale.","url":"https:\/\/www.livemag.it\/index.php\/author\/italpress\/"}]}},"jetpack_featured_media_url":"https:\/\/www.livemag.it\/wp-content\/uploads\/2026\/03\/20260310_2027.jpg","_links":{"self":[{"href":"https:\/\/www.livemag.it\/index.php\/wp-json\/wp\/v2\/posts\/71315","targetHints":{"allow":["GET"]}}],"collection":[{"href":"https:\/\/www.livemag.it\/index.php\/wp-json\/wp\/v2\/posts"}],"about":[{"href":"https:\/\/www.livemag.it\/index.php\/wp-json\/wp\/v2\/types\/post"}],"author":[{"embeddable":true,"href":"https:\/\/www.livemag.it\/index.php\/wp-json\/wp\/v2\/users\/16"}],"replies":[{"embeddable":true,"href":"https:\/\/www.livemag.it\/index.php\/wp-json\/wp\/v2\/comments?post=71315"}],"version-history":[{"count":0,"href":"https:\/\/www.livemag.it\/index.php\/wp-json\/wp\/v2\/posts\/71315\/revisions"}],"wp:featuredmedia":[{"embeddable":true,"href":"https:\/\/www.livemag.it\/index.php\/wp-json\/wp\/v2\/media\/71316"}],"wp:attachment":[{"href":"https:\/\/www.livemag.it\/index.php\/wp-json\/wp\/v2\/media?parent=71315"}],"wp:term":[{"taxonomy":"category","embeddable":true,"href":"https:\/\/www.livemag.it\/index.php\/wp-json\/wp\/v2\/categories?post=71315"},{"taxonomy":"post_tag","embeddable":true,"href":"https:\/\/www.livemag.it\/index.php\/wp-json\/wp\/v2\/tags?post=71315"}],"curies":[{"name":"wp","href":"https:\/\/api.w.org\/{rel}","templated":true}]}}