{"id":71307,"date":"2026-03-10T21:02:51","date_gmt":"2026-03-10T20:02:51","guid":{"rendered":"https:\/\/www.livemag.it\/index.php\/2026\/03\/10\/confimprese-il-mondo-del-retail-sempre-piu-attento-a-sostenibilita-e-inclusione\/"},"modified":"2026-03-10T21:02:51","modified_gmt":"2026-03-10T20:02:51","slug":"confimprese-il-mondo-del-retail-sempre-piu-attento-a-sostenibilita-e-inclusione","status":"publish","type":"post","link":"https:\/\/www.livemag.it\/index.php\/2026\/03\/10\/confimprese-il-mondo-del-retail-sempre-piu-attento-a-sostenibilita-e-inclusione\/","title":{"rendered":"Confimprese, il mondo del retail sempre pi\u00f9 attento a sostenibilit\u00e0 e inclusione"},"content":{"rendered":"<p>    <video-js id=\"videojs69eed6eee1545\" class=\"vjs-big-play-centered\" controls preload=\"auto\" playsinline data-setup='{\"fluid\": true}'>\r\n        <source src=\"https:\/\/video.italpress.com\/play\/mp4\/video\/k0wJ\" type=\"video\/mp4\" \/>\r\n    <\/video-js>\r\n           <br \/>\n<\/p>\n<div> MILANO (ITALPRESS) &#8211; Il retail guarda con sempre maggiore attenzione alla sostenibilit\u00e0 sociale e di governance: \u00e8 quanto emerge dall&#8217;annuale ricerca &#8220;Trend di sostenibilit\u00e0 nel retail&#8221; condotta da Confimprese con partner Global Strategy, illustrato nel corso di un convegno organizzato dall&#8217;associazione a Milano. Nello specifico, il 73% delle aziende punta sulla parit\u00e0 di genere e attua politiche di assunzione con questa finalit\u00e0; sul fronte della sostenibilit\u00e0 ambientale, invece, il 72% dei retailer si concentra su soluzioni di efficientamento nei punti vendita.  <br \/>\nf12\/fsc\/gtr<\/div>\n","protected":false},"excerpt":{"rendered":"<p>MILANO (ITALPRESS) &#8211; Il retail guarda con sempre maggiore attenzione alla sostenibilit\u00e0 sociale e di governance: \u00e8 quanto emerge dall&#8217;annuale ricerca &#8220;Trend di sostenibilit\u00e0 nel retail&#8221; condotta da Confimprese con partner Global Strategy, illustrato nel corso di un convegno organizzato dall&#8217;associazione a Milano. Nello specifico, il 73% delle aziende punta sulla parit\u00e0 di genere e [&hellip;]<\/p>\n","protected":false},"author":16,"featured_media":71308,"comment_status":"closed","ping_status":"closed","sticky":false,"template":"","format":"video","meta":{"jnews-multi-image_gallery":[],"jnews_single_post":[],"jnews_primary_category":[],"jnews_social_meta":[],"jnews_override_counter":[],"jnews_post_split":[],"footnotes":""},"categories":[1171],"tags":[],"class_list":["post-71307","post","type-post","status-publish","format-video","has-post-thumbnail","hentry","category-video","post_format-post-format-video"],"yoast_head":"<!-- This site is optimized with the Yoast SEO plugin v27.4 - https:\/\/yoast.com\/product\/yoast-seo-wordpress\/ -->\n<title>Confimprese, il mondo del retail sempre pi\u00f9 attento a sostenibilit\u00e0 e inclusione - Live Magazine<\/title>\n<meta name=\"robots\" content=\"index, follow, max-snippet:-1, max-image-preview:large, max-video-preview:-1\" \/>\n<link rel=\"canonical\" href=\"https:\/\/www.livemag.it\/index.php\/2026\/03\/10\/confimprese-il-mondo-del-retail-sempre-piu-attento-a-sostenibilita-e-inclusione\/\" \/>\n<meta property=\"og:locale\" content=\"it_IT\" \/>\n<meta property=\"og:type\" content=\"article\" \/>\n<meta property=\"og:title\" content=\"Confimprese, il mondo del retail sempre pi\u00f9 attento a sostenibilit\u00e0 e inclusione - Live Magazine\" \/>\n<meta property=\"og:description\" content=\"MILANO (ITALPRESS) &#8211; Il retail guarda con sempre maggiore attenzione alla sostenibilit\u00e0 sociale e di governance: \u00e8 quanto emerge dall&#8217;annuale ricerca &#8220;Trend di sostenibilit\u00e0 nel retail&#8221; condotta da Confimprese con partner Global Strategy, illustrato nel corso di un convegno organizzato dall&#8217;associazione a Milano. Nello specifico, il 73% delle aziende punta sulla parit\u00e0 di genere e [&hellip;]\" \/>\n<meta property=\"og:url\" content=\"https:\/\/www.livemag.it\/index.php\/2026\/03\/10\/confimprese-il-mondo-del-retail-sempre-piu-attento-a-sostenibilita-e-inclusione\/\" \/>\n<meta property=\"og:site_name\" content=\"Live Magazine\" \/>\n<meta property=\"article:publisher\" content=\"https:\/\/www.facebook.com\/LiveMag\/\" \/>\n<meta property=\"article:published_time\" content=\"2026-03-10T20:02:51+00:00\" \/>\n<meta property=\"og:image\" content=\"https:\/\/www.livemag.it\/wp-content\/uploads\/2024\/02\/ograph.jpg\" \/>\n\t<meta property=\"og:image:width\" content=\"1200\" \/>\n\t<meta property=\"og:image:height\" content=\"675\" \/>\n\t<meta property=\"og:image:type\" content=\"image\/jpeg\" \/>\n<meta name=\"author\" content=\"italpress\" \/>\n<meta name=\"twitter:card\" content=\"summary_large_image\" \/>\n<meta name=\"twitter:creator\" content=\"@LiveNotizie\" \/>\n<meta name=\"twitter:site\" content=\"@LiveNotizie\" \/>\n<meta name=\"twitter:label1\" content=\"Scritto da\" \/>\n\t<meta name=\"twitter:data1\" content=\"italpress\" \/>\n<script type=\"application\/ld+json\" class=\"yoast-schema-graph\">{\"@context\":\"https:\\\/\\\/schema.org\",\"@graph\":[{\"@type\":\"Article\",\"@id\":\"https:\\\/\\\/www.livemag.it\\\/index.php\\\/2026\\\/03\\\/10\\\/confimprese-il-mondo-del-retail-sempre-piu-attento-a-sostenibilita-e-inclusione\\\/#article\",\"isPartOf\":{\"@id\":\"https:\\\/\\\/www.livemag.it\\\/index.php\\\/2026\\\/03\\\/10\\\/confimprese-il-mondo-del-retail-sempre-piu-attento-a-sostenibilita-e-inclusione\\\/\"},\"author\":{\"name\":\"italpress\",\"@id\":\"https:\\\/\\\/www.livemag.it\\\/#\\\/schema\\\/person\\\/b62c5f44451fdcdaeb0afe6c2424e73c\"},\"headline\":\"Confimprese, il mondo del retail sempre pi\u00f9 attento a sostenibilit\u00e0 e inclusione\",\"datePublished\":\"2026-03-10T20:02:51+00:00\",\"mainEntityOfPage\":{\"@id\":\"https:\\\/\\\/www.livemag.it\\\/index.php\\\/2026\\\/03\\\/10\\\/confimprese-il-mondo-del-retail-sempre-piu-attento-a-sostenibilita-e-inclusione\\\/\"},\"wordCount\":107,\"publisher\":{\"@id\":\"https:\\\/\\\/www.livemag.it\\\/#organization\"},\"image\":{\"@id\":\"https:\\\/\\\/www.livemag.it\\\/index.php\\\/2026\\\/03\\\/10\\\/confimprese-il-mondo-del-retail-sempre-piu-attento-a-sostenibilita-e-inclusione\\\/#primaryimage\"},\"thumbnailUrl\":\"https:\\\/\\\/www.livemag.it\\\/wp-content\\\/uploads\\\/2026\\\/03\\\/k0wJ.jpg\",\"articleSection\":[\"Video\"],\"inLanguage\":\"it-IT\"},{\"@type\":\"WebPage\",\"@id\":\"https:\\\/\\\/www.livemag.it\\\/index.php\\\/2026\\\/03\\\/10\\\/confimprese-il-mondo-del-retail-sempre-piu-attento-a-sostenibilita-e-inclusione\\\/\",\"url\":\"https:\\\/\\\/www.livemag.it\\\/index.php\\\/2026\\\/03\\\/10\\\/confimprese-il-mondo-del-retail-sempre-piu-attento-a-sostenibilita-e-inclusione\\\/\",\"name\":\"Confimprese, il mondo del retail sempre pi\u00f9 attento a sostenibilit\u00e0 e inclusione - Live Magazine\",\"isPartOf\":{\"@id\":\"https:\\\/\\\/www.livemag.it\\\/#website\"},\"primaryImageOfPage\":{\"@id\":\"https:\\\/\\\/www.livemag.it\\\/index.php\\\/2026\\\/03\\\/10\\\/confimprese-il-mondo-del-retail-sempre-piu-attento-a-sostenibilita-e-inclusione\\\/#primaryimage\"},\"image\":{\"@id\":\"https:\\\/\\\/www.livemag.it\\\/index.php\\\/2026\\\/03\\\/10\\\/confimprese-il-mondo-del-retail-sempre-piu-attento-a-sostenibilita-e-inclusione\\\/#primaryimage\"},\"thumbnailUrl\":\"https:\\\/\\\/www.livemag.it\\\/wp-content\\\/uploads\\\/2026\\\/03\\\/k0wJ.jpg\",\"datePublished\":\"2026-03-10T20:02:51+00:00\",\"breadcrumb\":{\"@id\":\"https:\\\/\\\/www.livemag.it\\\/index.php\\\/2026\\\/03\\\/10\\\/confimprese-il-mondo-del-retail-sempre-piu-attento-a-sostenibilita-e-inclusione\\\/#breadcrumb\"},\"inLanguage\":\"it-IT\",\"potentialAction\":[{\"@type\":\"ReadAction\",\"target\":[\"https:\\\/\\\/www.livemag.it\\\/index.php\\\/2026\\\/03\\\/10\\\/confimprese-il-mondo-del-retail-sempre-piu-attento-a-sostenibilita-e-inclusione\\\/\"]}]},{\"@type\":\"ImageObject\",\"inLanguage\":\"it-IT\",\"@id\":\"https:\\\/\\\/www.livemag.it\\\/index.php\\\/2026\\\/03\\\/10\\\/confimprese-il-mondo-del-retail-sempre-piu-attento-a-sostenibilita-e-inclusione\\\/#primaryimage\",\"url\":\"https:\\\/\\\/www.livemag.it\\\/wp-content\\\/uploads\\\/2026\\\/03\\\/k0wJ.jpg\",\"contentUrl\":\"https:\\\/\\\/www.livemag.it\\\/wp-content\\\/uploads\\\/2026\\\/03\\\/k0wJ.jpg\",\"width\":1920,\"height\":1080},{\"@type\":\"BreadcrumbList\",\"@id\":\"https:\\\/\\\/www.livemag.it\\\/index.php\\\/2026\\\/03\\\/10\\\/confimprese-il-mondo-del-retail-sempre-piu-attento-a-sostenibilita-e-inclusione\\\/#breadcrumb\",\"itemListElement\":[{\"@type\":\"ListItem\",\"position\":1,\"name\":\"Home\",\"item\":\"https:\\\/\\\/www.livemag.it\\\/\"},{\"@type\":\"ListItem\",\"position\":2,\"name\":\"Confimprese, il mondo del retail sempre pi\u00f9 attento a sostenibilit\u00e0 e inclusione\"}]},{\"@type\":\"WebSite\",\"@id\":\"https:\\\/\\\/www.livemag.it\\\/#website\",\"url\":\"https:\\\/\\\/www.livemag.it\\\/\",\"name\":\"Live Magazine\",\"description\":\"Varie ed eventi\",\"publisher\":{\"@id\":\"https:\\\/\\\/www.livemag.it\\\/#organization\"},\"potentialAction\":[{\"@type\":\"SearchAction\",\"target\":{\"@type\":\"EntryPoint\",\"urlTemplate\":\"https:\\\/\\\/www.livemag.it\\\/?s={search_term_string}\"},\"query-input\":{\"@type\":\"PropertyValueSpecification\",\"valueRequired\":true,\"valueName\":\"search_term_string\"}}],\"inLanguage\":\"it-IT\"},{\"@type\":\"Organization\",\"@id\":\"https:\\\/\\\/www.livemag.it\\\/#organization\",\"name\":\"LiveMag\",\"alternateName\":\"LiveMag News ed eventi\",\"url\":\"https:\\\/\\\/www.livemag.it\\\/\",\"logo\":{\"@type\":\"ImageObject\",\"inLanguage\":\"it-IT\",\"@id\":\"https:\\\/\\\/www.livemag.it\\\/#\\\/schema\\\/logo\\\/image\\\/\",\"url\":\"https:\\\/\\\/www.livemag.it\\\/wp-content\\\/uploads\\\/2024\\\/02\\\/immagine-sito.jpg\",\"contentUrl\":\"https:\\\/\\\/www.livemag.it\\\/wp-content\\\/uploads\\\/2024\\\/02\\\/immagine-sito.jpg\",\"width\":696,\"height\":696,\"caption\":\"LiveMag\"},\"image\":{\"@id\":\"https:\\\/\\\/www.livemag.it\\\/#\\\/schema\\\/logo\\\/image\\\/\"},\"sameAs\":[\"https:\\\/\\\/www.facebook.com\\\/LiveMag\\\/\",\"https:\\\/\\\/x.com\\\/LiveNotizie\",\"https:\\\/\\\/www.instagram.com\\\/livemag\\\/\"]},{\"@type\":\"Person\",\"@id\":\"https:\\\/\\\/www.livemag.it\\\/#\\\/schema\\\/person\\\/b62c5f44451fdcdaeb0afe6c2424e73c\",\"name\":\"italpress\",\"image\":{\"@type\":\"ImageObject\",\"inLanguage\":\"it-IT\",\"@id\":\"https:\\\/\\\/secure.gravatar.com\\\/avatar\\\/b6a21695fc713ce7ee312cf57c97e2e641feb365be72d8745574d3c3e2b59066?s=96&r=g\",\"url\":\"https:\\\/\\\/secure.gravatar.com\\\/avatar\\\/b6a21695fc713ce7ee312cf57c97e2e641feb365be72d8745574d3c3e2b59066?s=96&r=g\",\"contentUrl\":\"https:\\\/\\\/secure.gravatar.com\\\/avatar\\\/b6a21695fc713ce7ee312cf57c97e2e641feb365be72d8745574d3c3e2b59066?s=96&r=g\",\"caption\":\"italpress\"},\"description\":\"Italpress \u00e8 un'agenzia di stampa italiana a carattere nazionale.\",\"url\":\"https:\\\/\\\/www.livemag.it\\\/index.php\\\/author\\\/italpress\\\/\"}]}<\/script>\n<!-- \/ Yoast SEO plugin. -->","yoast_head_json":{"title":"Confimprese, il mondo del retail sempre pi\u00f9 attento a sostenibilit\u00e0 e inclusione - Live Magazine","robots":{"index":"index","follow":"follow","max-snippet":"max-snippet:-1","max-image-preview":"max-image-preview:large","max-video-preview":"max-video-preview:-1"},"canonical":"https:\/\/www.livemag.it\/index.php\/2026\/03\/10\/confimprese-il-mondo-del-retail-sempre-piu-attento-a-sostenibilita-e-inclusione\/","og_locale":"it_IT","og_type":"article","og_title":"Confimprese, il mondo del retail sempre pi\u00f9 attento a sostenibilit\u00e0 e inclusione - Live Magazine","og_description":"MILANO (ITALPRESS) &#8211; Il retail guarda con sempre maggiore attenzione alla sostenibilit\u00e0 sociale e di governance: \u00e8 quanto emerge dall&#8217;annuale ricerca &#8220;Trend di sostenibilit\u00e0 nel retail&#8221; condotta da Confimprese con partner Global Strategy, illustrato nel corso di un convegno organizzato dall&#8217;associazione a Milano. Nello specifico, il 73% delle aziende punta sulla parit\u00e0 di genere e [&hellip;]","og_url":"https:\/\/www.livemag.it\/index.php\/2026\/03\/10\/confimprese-il-mondo-del-retail-sempre-piu-attento-a-sostenibilita-e-inclusione\/","og_site_name":"Live Magazine","article_publisher":"https:\/\/www.facebook.com\/LiveMag\/","article_published_time":"2026-03-10T20:02:51+00:00","og_image":[{"width":1200,"height":675,"url":"https:\/\/www.livemag.it\/wp-content\/uploads\/2024\/02\/ograph.jpg","type":"image\/jpeg"}],"author":"italpress","twitter_card":"summary_large_image","twitter_creator":"@LiveNotizie","twitter_site":"@LiveNotizie","twitter_misc":{"Scritto da":"italpress"},"schema":{"@context":"https:\/\/schema.org","@graph":[{"@type":"Article","@id":"https:\/\/www.livemag.it\/index.php\/2026\/03\/10\/confimprese-il-mondo-del-retail-sempre-piu-attento-a-sostenibilita-e-inclusione\/#article","isPartOf":{"@id":"https:\/\/www.livemag.it\/index.php\/2026\/03\/10\/confimprese-il-mondo-del-retail-sempre-piu-attento-a-sostenibilita-e-inclusione\/"},"author":{"name":"italpress","@id":"https:\/\/www.livemag.it\/#\/schema\/person\/b62c5f44451fdcdaeb0afe6c2424e73c"},"headline":"Confimprese, il mondo del retail sempre pi\u00f9 attento a sostenibilit\u00e0 e inclusione","datePublished":"2026-03-10T20:02:51+00:00","mainEntityOfPage":{"@id":"https:\/\/www.livemag.it\/index.php\/2026\/03\/10\/confimprese-il-mondo-del-retail-sempre-piu-attento-a-sostenibilita-e-inclusione\/"},"wordCount":107,"publisher":{"@id":"https:\/\/www.livemag.it\/#organization"},"image":{"@id":"https:\/\/www.livemag.it\/index.php\/2026\/03\/10\/confimprese-il-mondo-del-retail-sempre-piu-attento-a-sostenibilita-e-inclusione\/#primaryimage"},"thumbnailUrl":"https:\/\/www.livemag.it\/wp-content\/uploads\/2026\/03\/k0wJ.jpg","articleSection":["Video"],"inLanguage":"it-IT"},{"@type":"WebPage","@id":"https:\/\/www.livemag.it\/index.php\/2026\/03\/10\/confimprese-il-mondo-del-retail-sempre-piu-attento-a-sostenibilita-e-inclusione\/","url":"https:\/\/www.livemag.it\/index.php\/2026\/03\/10\/confimprese-il-mondo-del-retail-sempre-piu-attento-a-sostenibilita-e-inclusione\/","name":"Confimprese, il mondo del retail sempre pi\u00f9 attento a sostenibilit\u00e0 e inclusione - Live Magazine","isPartOf":{"@id":"https:\/\/www.livemag.it\/#website"},"primaryImageOfPage":{"@id":"https:\/\/www.livemag.it\/index.php\/2026\/03\/10\/confimprese-il-mondo-del-retail-sempre-piu-attento-a-sostenibilita-e-inclusione\/#primaryimage"},"image":{"@id":"https:\/\/www.livemag.it\/index.php\/2026\/03\/10\/confimprese-il-mondo-del-retail-sempre-piu-attento-a-sostenibilita-e-inclusione\/#primaryimage"},"thumbnailUrl":"https:\/\/www.livemag.it\/wp-content\/uploads\/2026\/03\/k0wJ.jpg","datePublished":"2026-03-10T20:02:51+00:00","breadcrumb":{"@id":"https:\/\/www.livemag.it\/index.php\/2026\/03\/10\/confimprese-il-mondo-del-retail-sempre-piu-attento-a-sostenibilita-e-inclusione\/#breadcrumb"},"inLanguage":"it-IT","potentialAction":[{"@type":"ReadAction","target":["https:\/\/www.livemag.it\/index.php\/2026\/03\/10\/confimprese-il-mondo-del-retail-sempre-piu-attento-a-sostenibilita-e-inclusione\/"]}]},{"@type":"ImageObject","inLanguage":"it-IT","@id":"https:\/\/www.livemag.it\/index.php\/2026\/03\/10\/confimprese-il-mondo-del-retail-sempre-piu-attento-a-sostenibilita-e-inclusione\/#primaryimage","url":"https:\/\/www.livemag.it\/wp-content\/uploads\/2026\/03\/k0wJ.jpg","contentUrl":"https:\/\/www.livemag.it\/wp-content\/uploads\/2026\/03\/k0wJ.jpg","width":1920,"height":1080},{"@type":"BreadcrumbList","@id":"https:\/\/www.livemag.it\/index.php\/2026\/03\/10\/confimprese-il-mondo-del-retail-sempre-piu-attento-a-sostenibilita-e-inclusione\/#breadcrumb","itemListElement":[{"@type":"ListItem","position":1,"name":"Home","item":"https:\/\/www.livemag.it\/"},{"@type":"ListItem","position":2,"name":"Confimprese, il mondo del retail sempre pi\u00f9 attento a sostenibilit\u00e0 e inclusione"}]},{"@type":"WebSite","@id":"https:\/\/www.livemag.it\/#website","url":"https:\/\/www.livemag.it\/","name":"Live Magazine","description":"Varie ed eventi","publisher":{"@id":"https:\/\/www.livemag.it\/#organization"},"potentialAction":[{"@type":"SearchAction","target":{"@type":"EntryPoint","urlTemplate":"https:\/\/www.livemag.it\/?s={search_term_string}"},"query-input":{"@type":"PropertyValueSpecification","valueRequired":true,"valueName":"search_term_string"}}],"inLanguage":"it-IT"},{"@type":"Organization","@id":"https:\/\/www.livemag.it\/#organization","name":"LiveMag","alternateName":"LiveMag News ed eventi","url":"https:\/\/www.livemag.it\/","logo":{"@type":"ImageObject","inLanguage":"it-IT","@id":"https:\/\/www.livemag.it\/#\/schema\/logo\/image\/","url":"https:\/\/www.livemag.it\/wp-content\/uploads\/2024\/02\/immagine-sito.jpg","contentUrl":"https:\/\/www.livemag.it\/wp-content\/uploads\/2024\/02\/immagine-sito.jpg","width":696,"height":696,"caption":"LiveMag"},"image":{"@id":"https:\/\/www.livemag.it\/#\/schema\/logo\/image\/"},"sameAs":["https:\/\/www.facebook.com\/LiveMag\/","https:\/\/x.com\/LiveNotizie","https:\/\/www.instagram.com\/livemag\/"]},{"@type":"Person","@id":"https:\/\/www.livemag.it\/#\/schema\/person\/b62c5f44451fdcdaeb0afe6c2424e73c","name":"italpress","image":{"@type":"ImageObject","inLanguage":"it-IT","@id":"https:\/\/secure.gravatar.com\/avatar\/b6a21695fc713ce7ee312cf57c97e2e641feb365be72d8745574d3c3e2b59066?s=96&r=g","url":"https:\/\/secure.gravatar.com\/avatar\/b6a21695fc713ce7ee312cf57c97e2e641feb365be72d8745574d3c3e2b59066?s=96&r=g","contentUrl":"https:\/\/secure.gravatar.com\/avatar\/b6a21695fc713ce7ee312cf57c97e2e641feb365be72d8745574d3c3e2b59066?s=96&r=g","caption":"italpress"},"description":"Italpress \u00e8 un'agenzia di stampa italiana a carattere nazionale.","url":"https:\/\/www.livemag.it\/index.php\/author\/italpress\/"}]}},"jetpack_featured_media_url":"https:\/\/www.livemag.it\/wp-content\/uploads\/2026\/03\/k0wJ.jpg","_links":{"self":[{"href":"https:\/\/www.livemag.it\/index.php\/wp-json\/wp\/v2\/posts\/71307","targetHints":{"allow":["GET"]}}],"collection":[{"href":"https:\/\/www.livemag.it\/index.php\/wp-json\/wp\/v2\/posts"}],"about":[{"href":"https:\/\/www.livemag.it\/index.php\/wp-json\/wp\/v2\/types\/post"}],"author":[{"embeddable":true,"href":"https:\/\/www.livemag.it\/index.php\/wp-json\/wp\/v2\/users\/16"}],"replies":[{"embeddable":true,"href":"https:\/\/www.livemag.it\/index.php\/wp-json\/wp\/v2\/comments?post=71307"}],"version-history":[{"count":0,"href":"https:\/\/www.livemag.it\/index.php\/wp-json\/wp\/v2\/posts\/71307\/revisions"}],"wp:featuredmedia":[{"embeddable":true,"href":"https:\/\/www.livemag.it\/index.php\/wp-json\/wp\/v2\/media\/71308"}],"wp:attachment":[{"href":"https:\/\/www.livemag.it\/index.php\/wp-json\/wp\/v2\/media?parent=71307"}],"wp:term":[{"taxonomy":"category","embeddable":true,"href":"https:\/\/www.livemag.it\/index.php\/wp-json\/wp\/v2\/categories?post=71307"},{"taxonomy":"post_tag","embeddable":true,"href":"https:\/\/www.livemag.it\/index.php\/wp-json\/wp\/v2\/tags?post=71307"}],"curies":[{"name":"wp","href":"https:\/\/api.w.org\/{rel}","templated":true}]}}