{"id":71303,"date":"2026-03-10T18:03:30","date_gmt":"2026-03-10T17:03:30","guid":{"rendered":"https:\/\/www.livemag.it\/index.php\/2026\/03\/10\/enpaf-pace-nuove-proposte-per-il-welfare-dei-farmacisti-specializzandi\/"},"modified":"2026-03-10T18:03:30","modified_gmt":"2026-03-10T17:03:30","slug":"enpaf-pace-nuove-proposte-per-il-welfare-dei-farmacisti-specializzandi","status":"publish","type":"post","link":"https:\/\/www.livemag.it\/index.php\/2026\/03\/10\/enpaf-pace-nuove-proposte-per-il-welfare-dei-farmacisti-specializzandi\/","title":{"rendered":"Enpaf, Pace \u201cNuove proposte per il welfare dei farmacisti specializzandi\u201d"},"content":{"rendered":"<div>\n<p>ROMA (ITALPRESS) \u2013 \u201cI farmacisti specializzandi rappresentano una componente fondamentale del nostro sistema sanitario. Negli ospedali e sul territorio contribuiscono ogni giorno a rispondere a bisogni di salute molto delicati. Il loro percorso, per\u00f2, \u00e8 particolarmente impegnativo: accanto al tirocinio obbligatorio devono seguire le lezioni universitarie e preparare gli esami. \u00c8 il modello con cui si formano i professionisti della sanit\u00e0: studio e pratica insieme. Proprio per questo abbiamo ritenuto necessario riconoscere e sostenere maggiormente il loro impegno\u201d. Cos\u00ec in un\u2019intervista all\u2019Italpress Maurizio Pace, presidente dell\u2019Enpaf, l\u2019Ente Nazionale Previdenza e Assistenza Farmacisti. Si tratta della prima di una serie di brevi interviste dedicate ad approfondire il lavoro svolto dall\u2019ENPAF nei primi cento giorni del nuovo mandato. Si \u00e8 scelto di partire dal tema dei farmacisti specializzandi come primo segnale di attenzione verso le nuove generazioni della professione. L\u2019iniziativa si inserisce in un percorso pi\u00f9 ampio di comunicazione trasparente e puntuale verso tutti gli iscritti: dopo questo primo approfondimento seguiranno ulteriori interviste dedicate, tra gli altri, all\u2019Osservatorio Giovani e all\u2019Osservatorio Pensionati, per raccontare le attivit\u00e0 che ENPAF sta portando avanti \u201ca beneficio dell\u2019intera comunit\u00e0 professionale\u201d.<br \/>\n\u201cNei primi cento giorni del nuovo mandato il Consiglio di amministrazione Enpaf ha avviato un confronto strutturato con il neo costituito Osservatorio Specializzandi e ha adottato alcune prime misure concrete \u2013 spiega Pace -. Tra queste lo stanziamento di 150.000 euro per il welfare degli specializzandi, ma soprattutto l\u2019avvio di un lavoro pi\u00f9 ampio per ripensare il quadro previdenziale dei giovani farmacisti\u201d.<br \/>\nL\u2019obiettivo \u201c\u00e8 alleggerire il carico contributivo, per la durata della specializzazione, e renderlo pi\u00f9 coerente con la condizione di chi sta completando la propria formazione. La proposta prevede, ad esempio, l\u2019estensione della possibilit\u00e0 di riduzione contributiva fino al 50% per gli specializzandi con borsa di studio o che svolgono attivit\u00e0 libero-professionale. Si tratta di una novit\u00e0 significativa per la categoria. In ogni caso, l\u2019erogazione delle borse di studio universitarie per la specializzazione, introdotte dalla legge n.207\/2024, a partire dall\u2019anno accademico 2024\/2025, come gi\u00e0 chiarito dall\u2019Enpaf, non ha alcuna incidenza sulla posizione contributiva degli iscritti. In buona sostanza, tale tipologia di borsa di studio non \u00e8 assimilabile ad un reddito da lavoro, rappresentando un contributo di sostegno agli studi\u201d.<br \/>\nInoltre \u201cabbiamo previsto anche una revisione delle regole relative alla permanenza nella fascia contributiva di disoccupazione. In particolare, gli anni della specializzazione non verranno pi\u00f9 computati ai fini del raggiungimento del limite temporale massimo di disoccupazione, pari a cinque anni. Con applicazione pertanto della contribuzione di solidariet\u00e0 all\u20191%, ovvero della contribuzione previdenziale dell\u201985%. E\u2019 un intervento pensato per rendere il sistema pi\u00f9 equo e aderente alle reali esigenze dei giovani professionisti\u201d.<br \/>\nTutte le proposte saranno sottoposte il 22 aprile prossimo all\u2019approvazione del Consiglio Nazionale per essere successivamente trasmesse ai ministeri vigilanti per l\u2019approvazione definitiva. \u201cSe l\u2019iter si concluder\u00e0 positivamente, le nuove misure potranno entrare in vigore gi\u00e0 dal 2027\u201d, sottolinea Pace, che lancia questo messaggio agli specializzandi farmacisti: \u201cIl loro impegno \u00e8 riconosciuto e sostenuto. In attesa che siano finalmente operative le borse di studio universitarie, anche con una eventuale revisione in aumento dell\u2019importo previsto, l\u2019Enpaf ha scelto di intervenire con strumenti concreti. Il dialogo con l\u2019Osservatorio continuer\u00e0 \u2013 conclude il presidente -, ma quanto gi\u00e0 realizzato rappresenta gi\u00e0 l\u2019inizio di una nuova fase, basata sull\u2019ascolto e sullo sviluppo di iniziative mirate. Ogni investimento nella formazione \u00e8, prima di tutto, un investimento sul futuro della professione\u201d.<\/p>\n<p>\u2013 Foto ufficio stampa Enpaf \u2013<\/p>\n<p>(ITALPRESS).<\/p>\n<\/div>\n","protected":false},"excerpt":{"rendered":"<p>ROMA (ITALPRESS) \u2013 \u201cI farmacisti specializzandi rappresentano una componente fondamentale del nostro sistema sanitario. Negli ospedali e sul territorio contribuiscono ogni giorno a rispondere a bisogni di salute molto delicati. Il loro percorso, per\u00f2, \u00e8 particolarmente impegnativo: accanto al tirocinio obbligatorio devono seguire le lezioni universitarie e preparare gli esami. \u00c8 il modello con cui [&hellip;]<\/p>\n","protected":false},"author":16,"featured_media":71304,"comment_status":"closed","ping_status":"closed","sticky":false,"template":"","format":"standard","meta":{"jnews-multi-image_gallery":[],"jnews_single_post":[],"jnews_primary_category":[],"jnews_social_meta":[],"jnews_override_counter":[],"jnews_post_split":[],"footnotes":""},"categories":[1129],"tags":[],"class_list":["post-71303","post","type-post","status-publish","format-standard","has-post-thumbnail","hentry","category-mondo"],"yoast_head":"<!-- This site is optimized with the Yoast SEO plugin v27.4 - https:\/\/yoast.com\/product\/yoast-seo-wordpress\/ -->\n<title>Enpaf, Pace \u201cNuove proposte per il welfare dei farmacisti specializzandi\u201d - Live Magazine<\/title>\n<meta name=\"robots\" content=\"index, follow, max-snippet:-1, max-image-preview:large, max-video-preview:-1\" \/>\n<link rel=\"canonical\" href=\"https:\/\/www.livemag.it\/index.php\/2026\/03\/10\/enpaf-pace-nuove-proposte-per-il-welfare-dei-farmacisti-specializzandi\/\" \/>\n<meta property=\"og:locale\" content=\"it_IT\" \/>\n<meta property=\"og:type\" content=\"article\" \/>\n<meta property=\"og:title\" content=\"Enpaf, Pace \u201cNuove proposte per il welfare dei farmacisti specializzandi\u201d - Live Magazine\" \/>\n<meta property=\"og:description\" content=\"ROMA (ITALPRESS) \u2013 \u201cI farmacisti specializzandi rappresentano una componente fondamentale del nostro sistema sanitario. Negli ospedali e sul territorio contribuiscono ogni giorno a rispondere a bisogni di salute molto delicati. Il loro percorso, per\u00f2, \u00e8 particolarmente impegnativo: accanto al tirocinio obbligatorio devono seguire le lezioni universitarie e preparare gli esami. \u00c8 il modello con cui [&hellip;]\" \/>\n<meta property=\"og:url\" content=\"https:\/\/www.livemag.it\/index.php\/2026\/03\/10\/enpaf-pace-nuove-proposte-per-il-welfare-dei-farmacisti-specializzandi\/\" \/>\n<meta property=\"og:site_name\" content=\"Live Magazine\" \/>\n<meta property=\"article:publisher\" content=\"https:\/\/www.facebook.com\/LiveMag\/\" \/>\n<meta property=\"article:published_time\" content=\"2026-03-10T17:03:30+00:00\" \/>\n<meta property=\"og:image\" content=\"https:\/\/www.livemag.it\/wp-content\/uploads\/2024\/02\/ograph.jpg\" \/>\n\t<meta property=\"og:image:width\" content=\"1200\" \/>\n\t<meta property=\"og:image:height\" content=\"675\" \/>\n\t<meta property=\"og:image:type\" content=\"image\/jpeg\" \/>\n<meta name=\"author\" content=\"italpress\" \/>\n<meta name=\"twitter:card\" content=\"summary_large_image\" \/>\n<meta name=\"twitter:creator\" content=\"@LiveNotizie\" \/>\n<meta name=\"twitter:site\" content=\"@LiveNotizie\" \/>\n<meta name=\"twitter:label1\" content=\"Scritto da\" \/>\n\t<meta name=\"twitter:data1\" content=\"italpress\" \/>\n\t<meta name=\"twitter:label2\" content=\"Tempo di lettura stimato\" \/>\n\t<meta name=\"twitter:data2\" content=\"3 minuti\" \/>\n<script type=\"application\/ld+json\" class=\"yoast-schema-graph\">{\"@context\":\"https:\\\/\\\/schema.org\",\"@graph\":[{\"@type\":\"Article\",\"@id\":\"https:\\\/\\\/www.livemag.it\\\/index.php\\\/2026\\\/03\\\/10\\\/enpaf-pace-nuove-proposte-per-il-welfare-dei-farmacisti-specializzandi\\\/#article\",\"isPartOf\":{\"@id\":\"https:\\\/\\\/www.livemag.it\\\/index.php\\\/2026\\\/03\\\/10\\\/enpaf-pace-nuove-proposte-per-il-welfare-dei-farmacisti-specializzandi\\\/\"},\"author\":{\"name\":\"italpress\",\"@id\":\"https:\\\/\\\/www.livemag.it\\\/#\\\/schema\\\/person\\\/b62c5f44451fdcdaeb0afe6c2424e73c\"},\"headline\":\"Enpaf, Pace \u201cNuove proposte per il welfare dei farmacisti specializzandi\u201d\",\"datePublished\":\"2026-03-10T17:03:30+00:00\",\"mainEntityOfPage\":{\"@id\":\"https:\\\/\\\/www.livemag.it\\\/index.php\\\/2026\\\/03\\\/10\\\/enpaf-pace-nuove-proposte-per-il-welfare-dei-farmacisti-specializzandi\\\/\"},\"wordCount\":583,\"publisher\":{\"@id\":\"https:\\\/\\\/www.livemag.it\\\/#organization\"},\"image\":{\"@id\":\"https:\\\/\\\/www.livemag.it\\\/index.php\\\/2026\\\/03\\\/10\\\/enpaf-pace-nuove-proposte-per-il-welfare-dei-farmacisti-specializzandi\\\/#primaryimage\"},\"thumbnailUrl\":\"https:\\\/\\\/www.livemag.it\\\/wp-content\\\/uploads\\\/2026\\\/03\\\/20260310_1538.jpg\",\"articleSection\":[\"Mondo\"],\"inLanguage\":\"it-IT\"},{\"@type\":\"WebPage\",\"@id\":\"https:\\\/\\\/www.livemag.it\\\/index.php\\\/2026\\\/03\\\/10\\\/enpaf-pace-nuove-proposte-per-il-welfare-dei-farmacisti-specializzandi\\\/\",\"url\":\"https:\\\/\\\/www.livemag.it\\\/index.php\\\/2026\\\/03\\\/10\\\/enpaf-pace-nuove-proposte-per-il-welfare-dei-farmacisti-specializzandi\\\/\",\"name\":\"Enpaf, Pace \u201cNuove proposte per il welfare dei farmacisti specializzandi\u201d - Live Magazine\",\"isPartOf\":{\"@id\":\"https:\\\/\\\/www.livemag.it\\\/#website\"},\"primaryImageOfPage\":{\"@id\":\"https:\\\/\\\/www.livemag.it\\\/index.php\\\/2026\\\/03\\\/10\\\/enpaf-pace-nuove-proposte-per-il-welfare-dei-farmacisti-specializzandi\\\/#primaryimage\"},\"image\":{\"@id\":\"https:\\\/\\\/www.livemag.it\\\/index.php\\\/2026\\\/03\\\/10\\\/enpaf-pace-nuove-proposte-per-il-welfare-dei-farmacisti-specializzandi\\\/#primaryimage\"},\"thumbnailUrl\":\"https:\\\/\\\/www.livemag.it\\\/wp-content\\\/uploads\\\/2026\\\/03\\\/20260310_1538.jpg\",\"datePublished\":\"2026-03-10T17:03:30+00:00\",\"breadcrumb\":{\"@id\":\"https:\\\/\\\/www.livemag.it\\\/index.php\\\/2026\\\/03\\\/10\\\/enpaf-pace-nuove-proposte-per-il-welfare-dei-farmacisti-specializzandi\\\/#breadcrumb\"},\"inLanguage\":\"it-IT\",\"potentialAction\":[{\"@type\":\"ReadAction\",\"target\":[\"https:\\\/\\\/www.livemag.it\\\/index.php\\\/2026\\\/03\\\/10\\\/enpaf-pace-nuove-proposte-per-il-welfare-dei-farmacisti-specializzandi\\\/\"]}]},{\"@type\":\"ImageObject\",\"inLanguage\":\"it-IT\",\"@id\":\"https:\\\/\\\/www.livemag.it\\\/index.php\\\/2026\\\/03\\\/10\\\/enpaf-pace-nuove-proposte-per-il-welfare-dei-farmacisti-specializzandi\\\/#primaryimage\",\"url\":\"https:\\\/\\\/www.livemag.it\\\/wp-content\\\/uploads\\\/2026\\\/03\\\/20260310_1538.jpg\",\"contentUrl\":\"https:\\\/\\\/www.livemag.it\\\/wp-content\\\/uploads\\\/2026\\\/03\\\/20260310_1538.jpg\",\"width\":1200,\"height\":833},{\"@type\":\"BreadcrumbList\",\"@id\":\"https:\\\/\\\/www.livemag.it\\\/index.php\\\/2026\\\/03\\\/10\\\/enpaf-pace-nuove-proposte-per-il-welfare-dei-farmacisti-specializzandi\\\/#breadcrumb\",\"itemListElement\":[{\"@type\":\"ListItem\",\"position\":1,\"name\":\"Home\",\"item\":\"https:\\\/\\\/www.livemag.it\\\/\"},{\"@type\":\"ListItem\",\"position\":2,\"name\":\"Enpaf, Pace \u201cNuove proposte per il welfare dei farmacisti specializzandi\u201d\"}]},{\"@type\":\"WebSite\",\"@id\":\"https:\\\/\\\/www.livemag.it\\\/#website\",\"url\":\"https:\\\/\\\/www.livemag.it\\\/\",\"name\":\"Live Magazine\",\"description\":\"Varie ed eventi\",\"publisher\":{\"@id\":\"https:\\\/\\\/www.livemag.it\\\/#organization\"},\"potentialAction\":[{\"@type\":\"SearchAction\",\"target\":{\"@type\":\"EntryPoint\",\"urlTemplate\":\"https:\\\/\\\/www.livemag.it\\\/?s={search_term_string}\"},\"query-input\":{\"@type\":\"PropertyValueSpecification\",\"valueRequired\":true,\"valueName\":\"search_term_string\"}}],\"inLanguage\":\"it-IT\"},{\"@type\":\"Organization\",\"@id\":\"https:\\\/\\\/www.livemag.it\\\/#organization\",\"name\":\"LiveMag\",\"alternateName\":\"LiveMag News ed eventi\",\"url\":\"https:\\\/\\\/www.livemag.it\\\/\",\"logo\":{\"@type\":\"ImageObject\",\"inLanguage\":\"it-IT\",\"@id\":\"https:\\\/\\\/www.livemag.it\\\/#\\\/schema\\\/logo\\\/image\\\/\",\"url\":\"https:\\\/\\\/www.livemag.it\\\/wp-content\\\/uploads\\\/2024\\\/02\\\/immagine-sito.jpg\",\"contentUrl\":\"https:\\\/\\\/www.livemag.it\\\/wp-content\\\/uploads\\\/2024\\\/02\\\/immagine-sito.jpg\",\"width\":696,\"height\":696,\"caption\":\"LiveMag\"},\"image\":{\"@id\":\"https:\\\/\\\/www.livemag.it\\\/#\\\/schema\\\/logo\\\/image\\\/\"},\"sameAs\":[\"https:\\\/\\\/www.facebook.com\\\/LiveMag\\\/\",\"https:\\\/\\\/x.com\\\/LiveNotizie\",\"https:\\\/\\\/www.instagram.com\\\/livemag\\\/\"]},{\"@type\":\"Person\",\"@id\":\"https:\\\/\\\/www.livemag.it\\\/#\\\/schema\\\/person\\\/b62c5f44451fdcdaeb0afe6c2424e73c\",\"name\":\"italpress\",\"image\":{\"@type\":\"ImageObject\",\"inLanguage\":\"it-IT\",\"@id\":\"https:\\\/\\\/secure.gravatar.com\\\/avatar\\\/b6a21695fc713ce7ee312cf57c97e2e641feb365be72d8745574d3c3e2b59066?s=96&r=g\",\"url\":\"https:\\\/\\\/secure.gravatar.com\\\/avatar\\\/b6a21695fc713ce7ee312cf57c97e2e641feb365be72d8745574d3c3e2b59066?s=96&r=g\",\"contentUrl\":\"https:\\\/\\\/secure.gravatar.com\\\/avatar\\\/b6a21695fc713ce7ee312cf57c97e2e641feb365be72d8745574d3c3e2b59066?s=96&r=g\",\"caption\":\"italpress\"},\"description\":\"Italpress \u00e8 un'agenzia di stampa italiana a carattere nazionale.\",\"url\":\"https:\\\/\\\/www.livemag.it\\\/index.php\\\/author\\\/italpress\\\/\"}]}<\/script>\n<!-- \/ Yoast SEO plugin. -->","yoast_head_json":{"title":"Enpaf, Pace \u201cNuove proposte per il welfare dei farmacisti specializzandi\u201d - Live Magazine","robots":{"index":"index","follow":"follow","max-snippet":"max-snippet:-1","max-image-preview":"max-image-preview:large","max-video-preview":"max-video-preview:-1"},"canonical":"https:\/\/www.livemag.it\/index.php\/2026\/03\/10\/enpaf-pace-nuove-proposte-per-il-welfare-dei-farmacisti-specializzandi\/","og_locale":"it_IT","og_type":"article","og_title":"Enpaf, Pace \u201cNuove proposte per il welfare dei farmacisti specializzandi\u201d - Live Magazine","og_description":"ROMA (ITALPRESS) \u2013 \u201cI farmacisti specializzandi rappresentano una componente fondamentale del nostro sistema sanitario. Negli ospedali e sul territorio contribuiscono ogni giorno a rispondere a bisogni di salute molto delicati. Il loro percorso, per\u00f2, \u00e8 particolarmente impegnativo: accanto al tirocinio obbligatorio devono seguire le lezioni universitarie e preparare gli esami. \u00c8 il modello con cui [&hellip;]","og_url":"https:\/\/www.livemag.it\/index.php\/2026\/03\/10\/enpaf-pace-nuove-proposte-per-il-welfare-dei-farmacisti-specializzandi\/","og_site_name":"Live Magazine","article_publisher":"https:\/\/www.facebook.com\/LiveMag\/","article_published_time":"2026-03-10T17:03:30+00:00","og_image":[{"width":1200,"height":675,"url":"https:\/\/www.livemag.it\/wp-content\/uploads\/2024\/02\/ograph.jpg","type":"image\/jpeg"}],"author":"italpress","twitter_card":"summary_large_image","twitter_creator":"@LiveNotizie","twitter_site":"@LiveNotizie","twitter_misc":{"Scritto da":"italpress","Tempo di lettura stimato":"3 minuti"},"schema":{"@context":"https:\/\/schema.org","@graph":[{"@type":"Article","@id":"https:\/\/www.livemag.it\/index.php\/2026\/03\/10\/enpaf-pace-nuove-proposte-per-il-welfare-dei-farmacisti-specializzandi\/#article","isPartOf":{"@id":"https:\/\/www.livemag.it\/index.php\/2026\/03\/10\/enpaf-pace-nuove-proposte-per-il-welfare-dei-farmacisti-specializzandi\/"},"author":{"name":"italpress","@id":"https:\/\/www.livemag.it\/#\/schema\/person\/b62c5f44451fdcdaeb0afe6c2424e73c"},"headline":"Enpaf, Pace \u201cNuove proposte per il welfare dei farmacisti specializzandi\u201d","datePublished":"2026-03-10T17:03:30+00:00","mainEntityOfPage":{"@id":"https:\/\/www.livemag.it\/index.php\/2026\/03\/10\/enpaf-pace-nuove-proposte-per-il-welfare-dei-farmacisti-specializzandi\/"},"wordCount":583,"publisher":{"@id":"https:\/\/www.livemag.it\/#organization"},"image":{"@id":"https:\/\/www.livemag.it\/index.php\/2026\/03\/10\/enpaf-pace-nuove-proposte-per-il-welfare-dei-farmacisti-specializzandi\/#primaryimage"},"thumbnailUrl":"https:\/\/www.livemag.it\/wp-content\/uploads\/2026\/03\/20260310_1538.jpg","articleSection":["Mondo"],"inLanguage":"it-IT"},{"@type":"WebPage","@id":"https:\/\/www.livemag.it\/index.php\/2026\/03\/10\/enpaf-pace-nuove-proposte-per-il-welfare-dei-farmacisti-specializzandi\/","url":"https:\/\/www.livemag.it\/index.php\/2026\/03\/10\/enpaf-pace-nuove-proposte-per-il-welfare-dei-farmacisti-specializzandi\/","name":"Enpaf, Pace \u201cNuove proposte per il welfare dei farmacisti specializzandi\u201d - Live Magazine","isPartOf":{"@id":"https:\/\/www.livemag.it\/#website"},"primaryImageOfPage":{"@id":"https:\/\/www.livemag.it\/index.php\/2026\/03\/10\/enpaf-pace-nuove-proposte-per-il-welfare-dei-farmacisti-specializzandi\/#primaryimage"},"image":{"@id":"https:\/\/www.livemag.it\/index.php\/2026\/03\/10\/enpaf-pace-nuove-proposte-per-il-welfare-dei-farmacisti-specializzandi\/#primaryimage"},"thumbnailUrl":"https:\/\/www.livemag.it\/wp-content\/uploads\/2026\/03\/20260310_1538.jpg","datePublished":"2026-03-10T17:03:30+00:00","breadcrumb":{"@id":"https:\/\/www.livemag.it\/index.php\/2026\/03\/10\/enpaf-pace-nuove-proposte-per-il-welfare-dei-farmacisti-specializzandi\/#breadcrumb"},"inLanguage":"it-IT","potentialAction":[{"@type":"ReadAction","target":["https:\/\/www.livemag.it\/index.php\/2026\/03\/10\/enpaf-pace-nuove-proposte-per-il-welfare-dei-farmacisti-specializzandi\/"]}]},{"@type":"ImageObject","inLanguage":"it-IT","@id":"https:\/\/www.livemag.it\/index.php\/2026\/03\/10\/enpaf-pace-nuove-proposte-per-il-welfare-dei-farmacisti-specializzandi\/#primaryimage","url":"https:\/\/www.livemag.it\/wp-content\/uploads\/2026\/03\/20260310_1538.jpg","contentUrl":"https:\/\/www.livemag.it\/wp-content\/uploads\/2026\/03\/20260310_1538.jpg","width":1200,"height":833},{"@type":"BreadcrumbList","@id":"https:\/\/www.livemag.it\/index.php\/2026\/03\/10\/enpaf-pace-nuove-proposte-per-il-welfare-dei-farmacisti-specializzandi\/#breadcrumb","itemListElement":[{"@type":"ListItem","position":1,"name":"Home","item":"https:\/\/www.livemag.it\/"},{"@type":"ListItem","position":2,"name":"Enpaf, Pace \u201cNuove proposte per il welfare dei farmacisti specializzandi\u201d"}]},{"@type":"WebSite","@id":"https:\/\/www.livemag.it\/#website","url":"https:\/\/www.livemag.it\/","name":"Live Magazine","description":"Varie ed eventi","publisher":{"@id":"https:\/\/www.livemag.it\/#organization"},"potentialAction":[{"@type":"SearchAction","target":{"@type":"EntryPoint","urlTemplate":"https:\/\/www.livemag.it\/?s={search_term_string}"},"query-input":{"@type":"PropertyValueSpecification","valueRequired":true,"valueName":"search_term_string"}}],"inLanguage":"it-IT"},{"@type":"Organization","@id":"https:\/\/www.livemag.it\/#organization","name":"LiveMag","alternateName":"LiveMag News ed eventi","url":"https:\/\/www.livemag.it\/","logo":{"@type":"ImageObject","inLanguage":"it-IT","@id":"https:\/\/www.livemag.it\/#\/schema\/logo\/image\/","url":"https:\/\/www.livemag.it\/wp-content\/uploads\/2024\/02\/immagine-sito.jpg","contentUrl":"https:\/\/www.livemag.it\/wp-content\/uploads\/2024\/02\/immagine-sito.jpg","width":696,"height":696,"caption":"LiveMag"},"image":{"@id":"https:\/\/www.livemag.it\/#\/schema\/logo\/image\/"},"sameAs":["https:\/\/www.facebook.com\/LiveMag\/","https:\/\/x.com\/LiveNotizie","https:\/\/www.instagram.com\/livemag\/"]},{"@type":"Person","@id":"https:\/\/www.livemag.it\/#\/schema\/person\/b62c5f44451fdcdaeb0afe6c2424e73c","name":"italpress","image":{"@type":"ImageObject","inLanguage":"it-IT","@id":"https:\/\/secure.gravatar.com\/avatar\/b6a21695fc713ce7ee312cf57c97e2e641feb365be72d8745574d3c3e2b59066?s=96&r=g","url":"https:\/\/secure.gravatar.com\/avatar\/b6a21695fc713ce7ee312cf57c97e2e641feb365be72d8745574d3c3e2b59066?s=96&r=g","contentUrl":"https:\/\/secure.gravatar.com\/avatar\/b6a21695fc713ce7ee312cf57c97e2e641feb365be72d8745574d3c3e2b59066?s=96&r=g","caption":"italpress"},"description":"Italpress \u00e8 un'agenzia di stampa italiana a carattere nazionale.","url":"https:\/\/www.livemag.it\/index.php\/author\/italpress\/"}]}},"jetpack_featured_media_url":"https:\/\/www.livemag.it\/wp-content\/uploads\/2026\/03\/20260310_1538.jpg","_links":{"self":[{"href":"https:\/\/www.livemag.it\/index.php\/wp-json\/wp\/v2\/posts\/71303","targetHints":{"allow":["GET"]}}],"collection":[{"href":"https:\/\/www.livemag.it\/index.php\/wp-json\/wp\/v2\/posts"}],"about":[{"href":"https:\/\/www.livemag.it\/index.php\/wp-json\/wp\/v2\/types\/post"}],"author":[{"embeddable":true,"href":"https:\/\/www.livemag.it\/index.php\/wp-json\/wp\/v2\/users\/16"}],"replies":[{"embeddable":true,"href":"https:\/\/www.livemag.it\/index.php\/wp-json\/wp\/v2\/comments?post=71303"}],"version-history":[{"count":0,"href":"https:\/\/www.livemag.it\/index.php\/wp-json\/wp\/v2\/posts\/71303\/revisions"}],"wp:featuredmedia":[{"embeddable":true,"href":"https:\/\/www.livemag.it\/index.php\/wp-json\/wp\/v2\/media\/71304"}],"wp:attachment":[{"href":"https:\/\/www.livemag.it\/index.php\/wp-json\/wp\/v2\/media?parent=71303"}],"wp:term":[{"taxonomy":"category","embeddable":true,"href":"https:\/\/www.livemag.it\/index.php\/wp-json\/wp\/v2\/categories?post=71303"},{"taxonomy":"post_tag","embeddable":true,"href":"https:\/\/www.livemag.it\/index.php\/wp-json\/wp\/v2\/tags?post=71303"}],"curies":[{"name":"wp","href":"https:\/\/api.w.org\/{rel}","templated":true}]}}