{"id":71297,"date":"2026-03-10T18:03:24","date_gmt":"2026-03-10T17:03:24","guid":{"rendered":"https:\/\/www.livemag.it\/index.php\/2026\/03\/10\/nordio-dimissioni-di-bartolozzi-non-prese-in-considerazione\/"},"modified":"2026-03-10T18:03:24","modified_gmt":"2026-03-10T17:03:24","slug":"nordio-dimissioni-di-bartolozzi-non-prese-in-considerazione","status":"publish","type":"post","link":"https:\/\/www.livemag.it\/index.php\/2026\/03\/10\/nordio-dimissioni-di-bartolozzi-non-prese-in-considerazione\/","title":{"rendered":"Nordio \u201cDimissioni di Bartolozzi non prese in considerazione\u201d"},"content":{"rendered":"<div>\n<p>TORINO (ITALPRESS) \u2013 \u201cDimissioni? No, sono considerazioni che in questo momento non vengono prese\u201d. Cos\u00ec il ministro della Giustizia, Carlo Nordio, ha commentato l\u2019ipotesi di un passo indietro del suo capo di Gabinetto Giusi Bartolozzi, a margine di un evento sul referendum organizzato da FdI oggi a Torino. <br \/>\u201cLa dottoressa Bartolozzi ha chiarito il suo punto di vista che non si riferiva assolutamente a tutta la magistratura, ma soltanto a quella piccola parte minoritaria che ha definito politicizzata. Sono certo che la dottoressa Bartolozzi si scuser\u00e0 per un\u2019espressione che pu\u00f2 essere stata interpretata in modo improprio, ma che non rappresenta certamente il suo pensiero sulla magistratura, alla quale io mi sento ancora di appartenere, perch\u00e8 una volta magistrato sei sempre magistrato\u201d, ha aggiunto.<br \/>\u201cHo tenuto la toga per oltre quarant\u2019anni, figurarsi se un magistrato che si sente ancora tale vuole umiliare la magistratura. Questa \u00e8 la considerazione fatta negli ultimi mesi che mi ha ferito di pi\u00f9\u201d, ha sottolineato il guardasigilli, spiegando che \u201c\u00e8 una riforma che anzi liberer\u00e0 la magistratura da quella che \u00e8 l\u2019ipoteca delle correnti e da quella degenerazione che \u00e8 stata denunciata non soltanto da me, ma anche da molti che oggi militano per il no\u201d.<br \/>(ITALPRESS).<br \/>-Foto: Ipa Agency-<\/p>\n<\/div>\n","protected":false},"excerpt":{"rendered":"<p>TORINO (ITALPRESS) \u2013 \u201cDimissioni? No, sono considerazioni che in questo momento non vengono prese\u201d. Cos\u00ec il ministro della Giustizia, Carlo Nordio, ha commentato l\u2019ipotesi di un passo indietro del suo capo di Gabinetto Giusi Bartolozzi, a margine di un evento sul referendum organizzato da FdI oggi a Torino. \u201cLa dottoressa Bartolozzi ha chiarito il suo [&hellip;]<\/p>\n","protected":false},"author":16,"featured_media":71298,"comment_status":"closed","ping_status":"closed","sticky":false,"template":"","format":"standard","meta":{"jnews-multi-image_gallery":[],"jnews_single_post":[],"jnews_primary_category":[],"jnews_social_meta":[],"jnews_override_counter":[],"jnews_post_split":[],"footnotes":""},"categories":[1129],"tags":[],"class_list":["post-71297","post","type-post","status-publish","format-standard","has-post-thumbnail","hentry","category-mondo"],"yoast_head":"<!-- This site is optimized with the Yoast SEO plugin v27.4 - https:\/\/yoast.com\/product\/yoast-seo-wordpress\/ -->\n<title>Nordio \u201cDimissioni di Bartolozzi non prese in considerazione\u201d - Live Magazine<\/title>\n<meta name=\"robots\" content=\"index, follow, max-snippet:-1, max-image-preview:large, max-video-preview:-1\" \/>\n<link rel=\"canonical\" href=\"https:\/\/www.livemag.it\/index.php\/2026\/03\/10\/nordio-dimissioni-di-bartolozzi-non-prese-in-considerazione\/\" \/>\n<meta property=\"og:locale\" content=\"it_IT\" \/>\n<meta property=\"og:type\" content=\"article\" \/>\n<meta property=\"og:title\" content=\"Nordio \u201cDimissioni di Bartolozzi non prese in considerazione\u201d - Live Magazine\" \/>\n<meta property=\"og:description\" content=\"TORINO (ITALPRESS) \u2013 \u201cDimissioni? No, sono considerazioni che in questo momento non vengono prese\u201d. Cos\u00ec il ministro della Giustizia, Carlo Nordio, ha commentato l\u2019ipotesi di un passo indietro del suo capo di Gabinetto Giusi Bartolozzi, a margine di un evento sul referendum organizzato da FdI oggi a Torino. \u201cLa dottoressa Bartolozzi ha chiarito il suo [&hellip;]\" \/>\n<meta property=\"og:url\" content=\"https:\/\/www.livemag.it\/index.php\/2026\/03\/10\/nordio-dimissioni-di-bartolozzi-non-prese-in-considerazione\/\" \/>\n<meta property=\"og:site_name\" content=\"Live Magazine\" \/>\n<meta property=\"article:publisher\" content=\"https:\/\/www.facebook.com\/LiveMag\/\" \/>\n<meta property=\"article:published_time\" content=\"2026-03-10T17:03:24+00:00\" \/>\n<meta property=\"og:image\" content=\"https:\/\/www.livemag.it\/wp-content\/uploads\/2024\/02\/ograph.jpg\" \/>\n\t<meta property=\"og:image:width\" content=\"1200\" \/>\n\t<meta property=\"og:image:height\" content=\"675\" \/>\n\t<meta property=\"og:image:type\" content=\"image\/jpeg\" \/>\n<meta name=\"author\" content=\"italpress\" \/>\n<meta name=\"twitter:card\" content=\"summary_large_image\" \/>\n<meta name=\"twitter:creator\" content=\"@LiveNotizie\" \/>\n<meta name=\"twitter:site\" content=\"@LiveNotizie\" \/>\n<meta name=\"twitter:label1\" content=\"Scritto da\" \/>\n\t<meta name=\"twitter:data1\" content=\"italpress\" \/>\n\t<meta name=\"twitter:label2\" content=\"Tempo di lettura stimato\" \/>\n\t<meta name=\"twitter:data2\" content=\"1 minuto\" \/>\n<script type=\"application\/ld+json\" class=\"yoast-schema-graph\">{\"@context\":\"https:\\\/\\\/schema.org\",\"@graph\":[{\"@type\":\"Article\",\"@id\":\"https:\\\/\\\/www.livemag.it\\\/index.php\\\/2026\\\/03\\\/10\\\/nordio-dimissioni-di-bartolozzi-non-prese-in-considerazione\\\/#article\",\"isPartOf\":{\"@id\":\"https:\\\/\\\/www.livemag.it\\\/index.php\\\/2026\\\/03\\\/10\\\/nordio-dimissioni-di-bartolozzi-non-prese-in-considerazione\\\/\"},\"author\":{\"name\":\"italpress\",\"@id\":\"https:\\\/\\\/www.livemag.it\\\/#\\\/schema\\\/person\\\/b62c5f44451fdcdaeb0afe6c2424e73c\"},\"headline\":\"Nordio \u201cDimissioni di Bartolozzi non prese in considerazione\u201d\",\"datePublished\":\"2026-03-10T17:03:24+00:00\",\"mainEntityOfPage\":{\"@id\":\"https:\\\/\\\/www.livemag.it\\\/index.php\\\/2026\\\/03\\\/10\\\/nordio-dimissioni-di-bartolozzi-non-prese-in-considerazione\\\/\"},\"wordCount\":211,\"publisher\":{\"@id\":\"https:\\\/\\\/www.livemag.it\\\/#organization\"},\"image\":{\"@id\":\"https:\\\/\\\/www.livemag.it\\\/index.php\\\/2026\\\/03\\\/10\\\/nordio-dimissioni-di-bartolozzi-non-prese-in-considerazione\\\/#primaryimage\"},\"thumbnailUrl\":\"https:\\\/\\\/www.livemag.it\\\/wp-content\\\/uploads\\\/2026\\\/03\\\/20260310_1137.jpg\",\"articleSection\":[\"Mondo\"],\"inLanguage\":\"it-IT\"},{\"@type\":\"WebPage\",\"@id\":\"https:\\\/\\\/www.livemag.it\\\/index.php\\\/2026\\\/03\\\/10\\\/nordio-dimissioni-di-bartolozzi-non-prese-in-considerazione\\\/\",\"url\":\"https:\\\/\\\/www.livemag.it\\\/index.php\\\/2026\\\/03\\\/10\\\/nordio-dimissioni-di-bartolozzi-non-prese-in-considerazione\\\/\",\"name\":\"Nordio \u201cDimissioni di Bartolozzi non prese in considerazione\u201d - Live Magazine\",\"isPartOf\":{\"@id\":\"https:\\\/\\\/www.livemag.it\\\/#website\"},\"primaryImageOfPage\":{\"@id\":\"https:\\\/\\\/www.livemag.it\\\/index.php\\\/2026\\\/03\\\/10\\\/nordio-dimissioni-di-bartolozzi-non-prese-in-considerazione\\\/#primaryimage\"},\"image\":{\"@id\":\"https:\\\/\\\/www.livemag.it\\\/index.php\\\/2026\\\/03\\\/10\\\/nordio-dimissioni-di-bartolozzi-non-prese-in-considerazione\\\/#primaryimage\"},\"thumbnailUrl\":\"https:\\\/\\\/www.livemag.it\\\/wp-content\\\/uploads\\\/2026\\\/03\\\/20260310_1137.jpg\",\"datePublished\":\"2026-03-10T17:03:24+00:00\",\"breadcrumb\":{\"@id\":\"https:\\\/\\\/www.livemag.it\\\/index.php\\\/2026\\\/03\\\/10\\\/nordio-dimissioni-di-bartolozzi-non-prese-in-considerazione\\\/#breadcrumb\"},\"inLanguage\":\"it-IT\",\"potentialAction\":[{\"@type\":\"ReadAction\",\"target\":[\"https:\\\/\\\/www.livemag.it\\\/index.php\\\/2026\\\/03\\\/10\\\/nordio-dimissioni-di-bartolozzi-non-prese-in-considerazione\\\/\"]}]},{\"@type\":\"ImageObject\",\"inLanguage\":\"it-IT\",\"@id\":\"https:\\\/\\\/www.livemag.it\\\/index.php\\\/2026\\\/03\\\/10\\\/nordio-dimissioni-di-bartolozzi-non-prese-in-considerazione\\\/#primaryimage\",\"url\":\"https:\\\/\\\/www.livemag.it\\\/wp-content\\\/uploads\\\/2026\\\/03\\\/20260310_1137.jpg\",\"contentUrl\":\"https:\\\/\\\/www.livemag.it\\\/wp-content\\\/uploads\\\/2026\\\/03\\\/20260310_1137.jpg\",\"width\":900,\"height\":561},{\"@type\":\"BreadcrumbList\",\"@id\":\"https:\\\/\\\/www.livemag.it\\\/index.php\\\/2026\\\/03\\\/10\\\/nordio-dimissioni-di-bartolozzi-non-prese-in-considerazione\\\/#breadcrumb\",\"itemListElement\":[{\"@type\":\"ListItem\",\"position\":1,\"name\":\"Home\",\"item\":\"https:\\\/\\\/www.livemag.it\\\/\"},{\"@type\":\"ListItem\",\"position\":2,\"name\":\"Nordio \u201cDimissioni di Bartolozzi non prese in considerazione\u201d\"}]},{\"@type\":\"WebSite\",\"@id\":\"https:\\\/\\\/www.livemag.it\\\/#website\",\"url\":\"https:\\\/\\\/www.livemag.it\\\/\",\"name\":\"Live Magazine\",\"description\":\"Varie ed eventi\",\"publisher\":{\"@id\":\"https:\\\/\\\/www.livemag.it\\\/#organization\"},\"potentialAction\":[{\"@type\":\"SearchAction\",\"target\":{\"@type\":\"EntryPoint\",\"urlTemplate\":\"https:\\\/\\\/www.livemag.it\\\/?s={search_term_string}\"},\"query-input\":{\"@type\":\"PropertyValueSpecification\",\"valueRequired\":true,\"valueName\":\"search_term_string\"}}],\"inLanguage\":\"it-IT\"},{\"@type\":\"Organization\",\"@id\":\"https:\\\/\\\/www.livemag.it\\\/#organization\",\"name\":\"LiveMag\",\"alternateName\":\"LiveMag News ed eventi\",\"url\":\"https:\\\/\\\/www.livemag.it\\\/\",\"logo\":{\"@type\":\"ImageObject\",\"inLanguage\":\"it-IT\",\"@id\":\"https:\\\/\\\/www.livemag.it\\\/#\\\/schema\\\/logo\\\/image\\\/\",\"url\":\"https:\\\/\\\/www.livemag.it\\\/wp-content\\\/uploads\\\/2024\\\/02\\\/immagine-sito.jpg\",\"contentUrl\":\"https:\\\/\\\/www.livemag.it\\\/wp-content\\\/uploads\\\/2024\\\/02\\\/immagine-sito.jpg\",\"width\":696,\"height\":696,\"caption\":\"LiveMag\"},\"image\":{\"@id\":\"https:\\\/\\\/www.livemag.it\\\/#\\\/schema\\\/logo\\\/image\\\/\"},\"sameAs\":[\"https:\\\/\\\/www.facebook.com\\\/LiveMag\\\/\",\"https:\\\/\\\/x.com\\\/LiveNotizie\",\"https:\\\/\\\/www.instagram.com\\\/livemag\\\/\"]},{\"@type\":\"Person\",\"@id\":\"https:\\\/\\\/www.livemag.it\\\/#\\\/schema\\\/person\\\/b62c5f44451fdcdaeb0afe6c2424e73c\",\"name\":\"italpress\",\"image\":{\"@type\":\"ImageObject\",\"inLanguage\":\"it-IT\",\"@id\":\"https:\\\/\\\/secure.gravatar.com\\\/avatar\\\/b6a21695fc713ce7ee312cf57c97e2e641feb365be72d8745574d3c3e2b59066?s=96&r=g\",\"url\":\"https:\\\/\\\/secure.gravatar.com\\\/avatar\\\/b6a21695fc713ce7ee312cf57c97e2e641feb365be72d8745574d3c3e2b59066?s=96&r=g\",\"contentUrl\":\"https:\\\/\\\/secure.gravatar.com\\\/avatar\\\/b6a21695fc713ce7ee312cf57c97e2e641feb365be72d8745574d3c3e2b59066?s=96&r=g\",\"caption\":\"italpress\"},\"description\":\"Italpress \u00e8 un'agenzia di stampa italiana a carattere nazionale.\",\"url\":\"https:\\\/\\\/www.livemag.it\\\/index.php\\\/author\\\/italpress\\\/\"}]}<\/script>\n<!-- \/ Yoast SEO plugin. -->","yoast_head_json":{"title":"Nordio \u201cDimissioni di Bartolozzi non prese in considerazione\u201d - Live Magazine","robots":{"index":"index","follow":"follow","max-snippet":"max-snippet:-1","max-image-preview":"max-image-preview:large","max-video-preview":"max-video-preview:-1"},"canonical":"https:\/\/www.livemag.it\/index.php\/2026\/03\/10\/nordio-dimissioni-di-bartolozzi-non-prese-in-considerazione\/","og_locale":"it_IT","og_type":"article","og_title":"Nordio \u201cDimissioni di Bartolozzi non prese in considerazione\u201d - Live Magazine","og_description":"TORINO (ITALPRESS) \u2013 \u201cDimissioni? No, sono considerazioni che in questo momento non vengono prese\u201d. Cos\u00ec il ministro della Giustizia, Carlo Nordio, ha commentato l\u2019ipotesi di un passo indietro del suo capo di Gabinetto Giusi Bartolozzi, a margine di un evento sul referendum organizzato da FdI oggi a Torino. \u201cLa dottoressa Bartolozzi ha chiarito il suo [&hellip;]","og_url":"https:\/\/www.livemag.it\/index.php\/2026\/03\/10\/nordio-dimissioni-di-bartolozzi-non-prese-in-considerazione\/","og_site_name":"Live Magazine","article_publisher":"https:\/\/www.facebook.com\/LiveMag\/","article_published_time":"2026-03-10T17:03:24+00:00","og_image":[{"width":1200,"height":675,"url":"https:\/\/www.livemag.it\/wp-content\/uploads\/2024\/02\/ograph.jpg","type":"image\/jpeg"}],"author":"italpress","twitter_card":"summary_large_image","twitter_creator":"@LiveNotizie","twitter_site":"@LiveNotizie","twitter_misc":{"Scritto da":"italpress","Tempo di lettura stimato":"1 minuto"},"schema":{"@context":"https:\/\/schema.org","@graph":[{"@type":"Article","@id":"https:\/\/www.livemag.it\/index.php\/2026\/03\/10\/nordio-dimissioni-di-bartolozzi-non-prese-in-considerazione\/#article","isPartOf":{"@id":"https:\/\/www.livemag.it\/index.php\/2026\/03\/10\/nordio-dimissioni-di-bartolozzi-non-prese-in-considerazione\/"},"author":{"name":"italpress","@id":"https:\/\/www.livemag.it\/#\/schema\/person\/b62c5f44451fdcdaeb0afe6c2424e73c"},"headline":"Nordio \u201cDimissioni di Bartolozzi non prese in considerazione\u201d","datePublished":"2026-03-10T17:03:24+00:00","mainEntityOfPage":{"@id":"https:\/\/www.livemag.it\/index.php\/2026\/03\/10\/nordio-dimissioni-di-bartolozzi-non-prese-in-considerazione\/"},"wordCount":211,"publisher":{"@id":"https:\/\/www.livemag.it\/#organization"},"image":{"@id":"https:\/\/www.livemag.it\/index.php\/2026\/03\/10\/nordio-dimissioni-di-bartolozzi-non-prese-in-considerazione\/#primaryimage"},"thumbnailUrl":"https:\/\/www.livemag.it\/wp-content\/uploads\/2026\/03\/20260310_1137.jpg","articleSection":["Mondo"],"inLanguage":"it-IT"},{"@type":"WebPage","@id":"https:\/\/www.livemag.it\/index.php\/2026\/03\/10\/nordio-dimissioni-di-bartolozzi-non-prese-in-considerazione\/","url":"https:\/\/www.livemag.it\/index.php\/2026\/03\/10\/nordio-dimissioni-di-bartolozzi-non-prese-in-considerazione\/","name":"Nordio \u201cDimissioni di Bartolozzi non prese in considerazione\u201d - Live Magazine","isPartOf":{"@id":"https:\/\/www.livemag.it\/#website"},"primaryImageOfPage":{"@id":"https:\/\/www.livemag.it\/index.php\/2026\/03\/10\/nordio-dimissioni-di-bartolozzi-non-prese-in-considerazione\/#primaryimage"},"image":{"@id":"https:\/\/www.livemag.it\/index.php\/2026\/03\/10\/nordio-dimissioni-di-bartolozzi-non-prese-in-considerazione\/#primaryimage"},"thumbnailUrl":"https:\/\/www.livemag.it\/wp-content\/uploads\/2026\/03\/20260310_1137.jpg","datePublished":"2026-03-10T17:03:24+00:00","breadcrumb":{"@id":"https:\/\/www.livemag.it\/index.php\/2026\/03\/10\/nordio-dimissioni-di-bartolozzi-non-prese-in-considerazione\/#breadcrumb"},"inLanguage":"it-IT","potentialAction":[{"@type":"ReadAction","target":["https:\/\/www.livemag.it\/index.php\/2026\/03\/10\/nordio-dimissioni-di-bartolozzi-non-prese-in-considerazione\/"]}]},{"@type":"ImageObject","inLanguage":"it-IT","@id":"https:\/\/www.livemag.it\/index.php\/2026\/03\/10\/nordio-dimissioni-di-bartolozzi-non-prese-in-considerazione\/#primaryimage","url":"https:\/\/www.livemag.it\/wp-content\/uploads\/2026\/03\/20260310_1137.jpg","contentUrl":"https:\/\/www.livemag.it\/wp-content\/uploads\/2026\/03\/20260310_1137.jpg","width":900,"height":561},{"@type":"BreadcrumbList","@id":"https:\/\/www.livemag.it\/index.php\/2026\/03\/10\/nordio-dimissioni-di-bartolozzi-non-prese-in-considerazione\/#breadcrumb","itemListElement":[{"@type":"ListItem","position":1,"name":"Home","item":"https:\/\/www.livemag.it\/"},{"@type":"ListItem","position":2,"name":"Nordio \u201cDimissioni di Bartolozzi non prese in considerazione\u201d"}]},{"@type":"WebSite","@id":"https:\/\/www.livemag.it\/#website","url":"https:\/\/www.livemag.it\/","name":"Live Magazine","description":"Varie ed eventi","publisher":{"@id":"https:\/\/www.livemag.it\/#organization"},"potentialAction":[{"@type":"SearchAction","target":{"@type":"EntryPoint","urlTemplate":"https:\/\/www.livemag.it\/?s={search_term_string}"},"query-input":{"@type":"PropertyValueSpecification","valueRequired":true,"valueName":"search_term_string"}}],"inLanguage":"it-IT"},{"@type":"Organization","@id":"https:\/\/www.livemag.it\/#organization","name":"LiveMag","alternateName":"LiveMag News ed eventi","url":"https:\/\/www.livemag.it\/","logo":{"@type":"ImageObject","inLanguage":"it-IT","@id":"https:\/\/www.livemag.it\/#\/schema\/logo\/image\/","url":"https:\/\/www.livemag.it\/wp-content\/uploads\/2024\/02\/immagine-sito.jpg","contentUrl":"https:\/\/www.livemag.it\/wp-content\/uploads\/2024\/02\/immagine-sito.jpg","width":696,"height":696,"caption":"LiveMag"},"image":{"@id":"https:\/\/www.livemag.it\/#\/schema\/logo\/image\/"},"sameAs":["https:\/\/www.facebook.com\/LiveMag\/","https:\/\/x.com\/LiveNotizie","https:\/\/www.instagram.com\/livemag\/"]},{"@type":"Person","@id":"https:\/\/www.livemag.it\/#\/schema\/person\/b62c5f44451fdcdaeb0afe6c2424e73c","name":"italpress","image":{"@type":"ImageObject","inLanguage":"it-IT","@id":"https:\/\/secure.gravatar.com\/avatar\/b6a21695fc713ce7ee312cf57c97e2e641feb365be72d8745574d3c3e2b59066?s=96&r=g","url":"https:\/\/secure.gravatar.com\/avatar\/b6a21695fc713ce7ee312cf57c97e2e641feb365be72d8745574d3c3e2b59066?s=96&r=g","contentUrl":"https:\/\/secure.gravatar.com\/avatar\/b6a21695fc713ce7ee312cf57c97e2e641feb365be72d8745574d3c3e2b59066?s=96&r=g","caption":"italpress"},"description":"Italpress \u00e8 un'agenzia di stampa italiana a carattere nazionale.","url":"https:\/\/www.livemag.it\/index.php\/author\/italpress\/"}]}},"jetpack_featured_media_url":"https:\/\/www.livemag.it\/wp-content\/uploads\/2026\/03\/20260310_1137.jpg","_links":{"self":[{"href":"https:\/\/www.livemag.it\/index.php\/wp-json\/wp\/v2\/posts\/71297","targetHints":{"allow":["GET"]}}],"collection":[{"href":"https:\/\/www.livemag.it\/index.php\/wp-json\/wp\/v2\/posts"}],"about":[{"href":"https:\/\/www.livemag.it\/index.php\/wp-json\/wp\/v2\/types\/post"}],"author":[{"embeddable":true,"href":"https:\/\/www.livemag.it\/index.php\/wp-json\/wp\/v2\/users\/16"}],"replies":[{"embeddable":true,"href":"https:\/\/www.livemag.it\/index.php\/wp-json\/wp\/v2\/comments?post=71297"}],"version-history":[{"count":0,"href":"https:\/\/www.livemag.it\/index.php\/wp-json\/wp\/v2\/posts\/71297\/revisions"}],"wp:featuredmedia":[{"embeddable":true,"href":"https:\/\/www.livemag.it\/index.php\/wp-json\/wp\/v2\/media\/71298"}],"wp:attachment":[{"href":"https:\/\/www.livemag.it\/index.php\/wp-json\/wp\/v2\/media?parent=71297"}],"wp:term":[{"taxonomy":"category","embeddable":true,"href":"https:\/\/www.livemag.it\/index.php\/wp-json\/wp\/v2\/categories?post=71297"},{"taxonomy":"post_tag","embeddable":true,"href":"https:\/\/www.livemag.it\/index.php\/wp-json\/wp\/v2\/tags?post=71297"}],"curies":[{"name":"wp","href":"https:\/\/api.w.org\/{rel}","templated":true}]}}