{"id":71295,"date":"2026-03-10T18:03:22","date_gmt":"2026-03-10T17:03:22","guid":{"rendered":"https:\/\/www.livemag.it\/index.php\/2026\/03\/10\/energia-von-der-leyen-lo-stop-al-nucleare-un-errore-strategico-delleuropa\/"},"modified":"2026-03-10T18:03:22","modified_gmt":"2026-03-10T17:03:22","slug":"energia-von-der-leyen-lo-stop-al-nucleare-un-errore-strategico-delleuropa","status":"publish","type":"post","link":"https:\/\/www.livemag.it\/index.php\/2026\/03\/10\/energia-von-der-leyen-lo-stop-al-nucleare-un-errore-strategico-delleuropa\/","title":{"rendered":"Energia, Von der Leyen \u201cLo stop al nucleare un errore strategico dell\u2019Europa\u201d"},"content":{"rendered":"<div>\n<p>PARIGI (FRANCIA) (ITALPRESS) \u2013 \u201cIl nucleare e le energie rinnovabili, insieme, possono diventare i garanti congiunti di indipendenza, sicurezza dell\u2019approvvigionamento e competitivit\u00e0, se agiamo nel modo giusto ora. Nell\u2019ultimo decennio abbiamo compiuto grandi progressi nel campo delle energie rinnovabili. La situazione del nucleare, purtroppo, \u00e8 diversa. Mentre nel 1990 un terzo dell\u2019elettricit\u00e0 europea proveniva dal nucleare, oggi si avvicina solo al 15%. Questa riduzione della quota del nucleare \u00e8 stata una scelta, credo che sia stato un errore strategico per l\u2019Europa voltare le spalle a una fonte di energia affidabile, conveniente e a basse emissioni\u201d. Lo dice la presidente della Commissione Europea, Ursula von der Leyen, nel suo intervento al  al vertice sull\u2019energia nucleare in corso a Parigi.<br \/>\u201cQuesto dovrebbe cambiare, per due motivi. In primo luogo, perch\u00e8 il nucleare e le energie rinnovabili hanno un ruolo chiave da svolgere \u2013 prosegue -. Non si tratta di una questione di aut aut: \u00e8 insieme che sono pi\u00f9 potenti. Perch\u00e8 ci\u00f2 di cui abbiamo bisogno \u00e8 il miglior sistema energetico complessivo: pulito, conveniente, resiliente, europeo. Le energie rinnovabili producono gli elettroni pi\u00f9 economici, ma sono volatili, dipendono dal sole e dal vento, e a volte i siti migliori sono lontani dai centri di domanda industriale. Ecco perch\u00e8 dobbiamo investire anche nell\u2019accumulo e nella flessibilit\u00e0 della domanda e potenziare le nostre reti\u201d.<br \/>\u201cL\u2019energia nucleare \u00e8 affidabile e fornisce elettricit\u00e0 tutto l\u2019anno, 24 ore su 24. Quindi, il sistema pi\u00f9 efficiente combina nucleare e fonti rinnovabili ed \u00e8 supportato da stoccaggio, flessibilit\u00e0 e reti. Il secondo motivo \u00e8 che l\u2019Europa \u00e8 stata pioniera nella tecnologia nucleare e potrebbe tornare a essere leader mondiale in questo campo. I reattori nucleari di nuova generazione potrebbero diventare un\u2019esportazione europea di alta tecnologia e di alto valore. Ed \u00e8 questo che ci porta oggi a Parigi \u2013 spiega la presidente della Commissione Ue -. Negli ultimi anni, abbiamo assistito a una rinascita globale dell\u2019energia nucleare. E l\u2019Europa vuole farne parte. L\u2019anno scorso, abbiamo modificato le nostre norme sugli aiuti di Stato per ampliare il sostegno alla fissione nucleare e ai combustibili. Abbiamo lanciato la prima alleanza industriale al mondo per i piccoli reattori modulari e proposto di investire<br \/>oltre 5 miliardi di euro nel nostro prossimo bilancio per la ricerca sulla fusione. Ma dopo anni di calo degli investimenti, abbiamo bisogno di pi\u00f9 per invertire la rotta. Ecco perch\u00e8 oggi presentiamo una nuova strategia europea per i piccoli reattori modulari. Il nostro obiettivo \u00e8 semplice. Vogliamo che questa nuova tecnologia sia operativa in Europa entro l\u2019inizio degli anni \u201930, in modo che possa svolgere un ruolo chiave, accanto ai reattori nucleari tradizionali, in un sistema energetico flessibile, sicuro ed efficiente\u201d.<br \/>\u201cProponiamo tre serie di misure principali. In primo luogo, abbiamo bisogno di regole semplici. Creeremo sandbox normative in modo che le aziende possano testare tecnologie innovative. E collaboreremo con gli Stati membri affinch\u00e8 le regole siano allineate a livello transfrontaliero. La logica \u00e8 chiara. Quando sar\u00e0 sicuro da implementare, deve essere semplice da implementare, in tutta Europa. In secondo luogo, dobbiamo mobilitare gli investimenti \u2013 dice ancora von der Leyen -. Oggi posso annunciare che creeremo una garanzia di 200 milioni di euro per sostenere gli investimenti privati in tecnologie nucleari innovative. E le risorse proverranno dal nostro sistema di scambio di quote di emissione. Non solo ridurremo il rischio degli investimenti in queste tecnologie a basse emissioni di carbonio, ma vogliamo anche dare un segnale chiaro ad altri investitori affinch\u00e8 aderiscano. Questo \u00e8 un passo concreto e parte di uno sforzo pi\u00f9 ampio per migliorare le condizioni di investimento per il settore nucleare europeo. In terzo luogo, questo deve essere uno sforzo europeo congiunto. Il modello di business dei reattori modulari ha bisogno di scala. La cooperazione transfrontaliera europea \u00e8 quindi fondamentale. Per questo motivo collaboreremo con gli Stati membri per allineare i loro quadri normativi, accelerare il rilascio delle autorizzazioni e sviluppare le competenze di cui il settore ha bisogno. Anche le aziende degli Stati membri e i partner di fiducia dovrebbero collaborare. Ad esempio, potrebbero coinvestire nella ricerca, negli impianti di prova e nella creazione di catene del valore europee per i combustibili nucleari\u201d.<\/p>\n<p>\u2013 Foto IPA Agency \u2013<\/p>\n<p>(ITALPRESS).<\/p>\n<\/div>\n","protected":false},"excerpt":{"rendered":"<p>PARIGI (FRANCIA) (ITALPRESS) \u2013 \u201cIl nucleare e le energie rinnovabili, insieme, possono diventare i garanti congiunti di indipendenza, sicurezza dell\u2019approvvigionamento e competitivit\u00e0, se agiamo nel modo giusto ora. Nell\u2019ultimo decennio abbiamo compiuto grandi progressi nel campo delle energie rinnovabili. La situazione del nucleare, purtroppo, \u00e8 diversa. Mentre nel 1990 un terzo dell\u2019elettricit\u00e0 europea proveniva dal [&hellip;]<\/p>\n","protected":false},"author":16,"featured_media":71296,"comment_status":"closed","ping_status":"closed","sticky":false,"template":"","format":"standard","meta":{"jnews-multi-image_gallery":[],"jnews_single_post":[],"jnews_primary_category":[],"jnews_social_meta":[],"jnews_override_counter":[],"jnews_post_split":[],"footnotes":""},"categories":[1129],"tags":[],"class_list":["post-71295","post","type-post","status-publish","format-standard","has-post-thumbnail","hentry","category-mondo"],"yoast_head":"<!-- This site is optimized with the Yoast SEO plugin v27.4 - https:\/\/yoast.com\/product\/yoast-seo-wordpress\/ -->\n<title>Energia, Von der Leyen \u201cLo stop al nucleare un errore strategico dell\u2019Europa\u201d - Live Magazine<\/title>\n<meta name=\"robots\" content=\"index, follow, max-snippet:-1, max-image-preview:large, max-video-preview:-1\" \/>\n<link rel=\"canonical\" href=\"https:\/\/www.livemag.it\/index.php\/2026\/03\/10\/energia-von-der-leyen-lo-stop-al-nucleare-un-errore-strategico-delleuropa\/\" \/>\n<meta property=\"og:locale\" content=\"it_IT\" \/>\n<meta property=\"og:type\" content=\"article\" \/>\n<meta property=\"og:title\" content=\"Energia, Von der Leyen \u201cLo stop al nucleare un errore strategico dell\u2019Europa\u201d - Live Magazine\" \/>\n<meta property=\"og:description\" content=\"PARIGI (FRANCIA) (ITALPRESS) \u2013 \u201cIl nucleare e le energie rinnovabili, insieme, possono diventare i garanti congiunti di indipendenza, sicurezza dell\u2019approvvigionamento e competitivit\u00e0, se agiamo nel modo giusto ora. Nell\u2019ultimo decennio abbiamo compiuto grandi progressi nel campo delle energie rinnovabili. La situazione del nucleare, purtroppo, \u00e8 diversa. Mentre nel 1990 un terzo dell\u2019elettricit\u00e0 europea proveniva dal [&hellip;]\" \/>\n<meta property=\"og:url\" content=\"https:\/\/www.livemag.it\/index.php\/2026\/03\/10\/energia-von-der-leyen-lo-stop-al-nucleare-un-errore-strategico-delleuropa\/\" \/>\n<meta property=\"og:site_name\" content=\"Live Magazine\" \/>\n<meta property=\"article:publisher\" content=\"https:\/\/www.facebook.com\/LiveMag\/\" \/>\n<meta property=\"article:published_time\" content=\"2026-03-10T17:03:22+00:00\" \/>\n<meta property=\"og:image\" content=\"https:\/\/www.livemag.it\/wp-content\/uploads\/2024\/02\/ograph.jpg\" \/>\n\t<meta property=\"og:image:width\" content=\"1200\" \/>\n\t<meta property=\"og:image:height\" content=\"675\" \/>\n\t<meta property=\"og:image:type\" content=\"image\/jpeg\" \/>\n<meta name=\"author\" content=\"italpress\" \/>\n<meta name=\"twitter:card\" content=\"summary_large_image\" \/>\n<meta name=\"twitter:creator\" content=\"@LiveNotizie\" \/>\n<meta name=\"twitter:site\" content=\"@LiveNotizie\" \/>\n<meta name=\"twitter:label1\" content=\"Scritto da\" \/>\n\t<meta name=\"twitter:data1\" content=\"italpress\" \/>\n\t<meta name=\"twitter:label2\" content=\"Tempo di lettura stimato\" \/>\n\t<meta name=\"twitter:data2\" content=\"3 minuti\" \/>\n<script type=\"application\/ld+json\" class=\"yoast-schema-graph\">{\"@context\":\"https:\\\/\\\/schema.org\",\"@graph\":[{\"@type\":\"Article\",\"@id\":\"https:\\\/\\\/www.livemag.it\\\/index.php\\\/2026\\\/03\\\/10\\\/energia-von-der-leyen-lo-stop-al-nucleare-un-errore-strategico-delleuropa\\\/#article\",\"isPartOf\":{\"@id\":\"https:\\\/\\\/www.livemag.it\\\/index.php\\\/2026\\\/03\\\/10\\\/energia-von-der-leyen-lo-stop-al-nucleare-un-errore-strategico-delleuropa\\\/\"},\"author\":{\"name\":\"italpress\",\"@id\":\"https:\\\/\\\/www.livemag.it\\\/#\\\/schema\\\/person\\\/b62c5f44451fdcdaeb0afe6c2424e73c\"},\"headline\":\"Energia, Von der Leyen \u201cLo stop al nucleare un errore strategico dell\u2019Europa\u201d\",\"datePublished\":\"2026-03-10T17:03:22+00:00\",\"mainEntityOfPage\":{\"@id\":\"https:\\\/\\\/www.livemag.it\\\/index.php\\\/2026\\\/03\\\/10\\\/energia-von-der-leyen-lo-stop-al-nucleare-un-errore-strategico-delleuropa\\\/\"},\"wordCount\":696,\"publisher\":{\"@id\":\"https:\\\/\\\/www.livemag.it\\\/#organization\"},\"image\":{\"@id\":\"https:\\\/\\\/www.livemag.it\\\/index.php\\\/2026\\\/03\\\/10\\\/energia-von-der-leyen-lo-stop-al-nucleare-un-errore-strategico-delleuropa\\\/#primaryimage\"},\"thumbnailUrl\":\"https:\\\/\\\/www.livemag.it\\\/wp-content\\\/uploads\\\/2026\\\/03\\\/20260310_1130.jpg\",\"articleSection\":[\"Mondo\"],\"inLanguage\":\"it-IT\"},{\"@type\":\"WebPage\",\"@id\":\"https:\\\/\\\/www.livemag.it\\\/index.php\\\/2026\\\/03\\\/10\\\/energia-von-der-leyen-lo-stop-al-nucleare-un-errore-strategico-delleuropa\\\/\",\"url\":\"https:\\\/\\\/www.livemag.it\\\/index.php\\\/2026\\\/03\\\/10\\\/energia-von-der-leyen-lo-stop-al-nucleare-un-errore-strategico-delleuropa\\\/\",\"name\":\"Energia, Von der Leyen \u201cLo stop al nucleare un errore strategico dell\u2019Europa\u201d - Live Magazine\",\"isPartOf\":{\"@id\":\"https:\\\/\\\/www.livemag.it\\\/#website\"},\"primaryImageOfPage\":{\"@id\":\"https:\\\/\\\/www.livemag.it\\\/index.php\\\/2026\\\/03\\\/10\\\/energia-von-der-leyen-lo-stop-al-nucleare-un-errore-strategico-delleuropa\\\/#primaryimage\"},\"image\":{\"@id\":\"https:\\\/\\\/www.livemag.it\\\/index.php\\\/2026\\\/03\\\/10\\\/energia-von-der-leyen-lo-stop-al-nucleare-un-errore-strategico-delleuropa\\\/#primaryimage\"},\"thumbnailUrl\":\"https:\\\/\\\/www.livemag.it\\\/wp-content\\\/uploads\\\/2026\\\/03\\\/20260310_1130.jpg\",\"datePublished\":\"2026-03-10T17:03:22+00:00\",\"breadcrumb\":{\"@id\":\"https:\\\/\\\/www.livemag.it\\\/index.php\\\/2026\\\/03\\\/10\\\/energia-von-der-leyen-lo-stop-al-nucleare-un-errore-strategico-delleuropa\\\/#breadcrumb\"},\"inLanguage\":\"it-IT\",\"potentialAction\":[{\"@type\":\"ReadAction\",\"target\":[\"https:\\\/\\\/www.livemag.it\\\/index.php\\\/2026\\\/03\\\/10\\\/energia-von-der-leyen-lo-stop-al-nucleare-un-errore-strategico-delleuropa\\\/\"]}]},{\"@type\":\"ImageObject\",\"inLanguage\":\"it-IT\",\"@id\":\"https:\\\/\\\/www.livemag.it\\\/index.php\\\/2026\\\/03\\\/10\\\/energia-von-der-leyen-lo-stop-al-nucleare-un-errore-strategico-delleuropa\\\/#primaryimage\",\"url\":\"https:\\\/\\\/www.livemag.it\\\/wp-content\\\/uploads\\\/2026\\\/03\\\/20260310_1130.jpg\",\"contentUrl\":\"https:\\\/\\\/www.livemag.it\\\/wp-content\\\/uploads\\\/2026\\\/03\\\/20260310_1130.jpg\",\"width\":1200,\"height\":800},{\"@type\":\"BreadcrumbList\",\"@id\":\"https:\\\/\\\/www.livemag.it\\\/index.php\\\/2026\\\/03\\\/10\\\/energia-von-der-leyen-lo-stop-al-nucleare-un-errore-strategico-delleuropa\\\/#breadcrumb\",\"itemListElement\":[{\"@type\":\"ListItem\",\"position\":1,\"name\":\"Home\",\"item\":\"https:\\\/\\\/www.livemag.it\\\/\"},{\"@type\":\"ListItem\",\"position\":2,\"name\":\"Energia, Von der Leyen \u201cLo stop al nucleare un errore strategico dell\u2019Europa\u201d\"}]},{\"@type\":\"WebSite\",\"@id\":\"https:\\\/\\\/www.livemag.it\\\/#website\",\"url\":\"https:\\\/\\\/www.livemag.it\\\/\",\"name\":\"Live Magazine\",\"description\":\"Varie ed eventi\",\"publisher\":{\"@id\":\"https:\\\/\\\/www.livemag.it\\\/#organization\"},\"potentialAction\":[{\"@type\":\"SearchAction\",\"target\":{\"@type\":\"EntryPoint\",\"urlTemplate\":\"https:\\\/\\\/www.livemag.it\\\/?s={search_term_string}\"},\"query-input\":{\"@type\":\"PropertyValueSpecification\",\"valueRequired\":true,\"valueName\":\"search_term_string\"}}],\"inLanguage\":\"it-IT\"},{\"@type\":\"Organization\",\"@id\":\"https:\\\/\\\/www.livemag.it\\\/#organization\",\"name\":\"LiveMag\",\"alternateName\":\"LiveMag News ed eventi\",\"url\":\"https:\\\/\\\/www.livemag.it\\\/\",\"logo\":{\"@type\":\"ImageObject\",\"inLanguage\":\"it-IT\",\"@id\":\"https:\\\/\\\/www.livemag.it\\\/#\\\/schema\\\/logo\\\/image\\\/\",\"url\":\"https:\\\/\\\/www.livemag.it\\\/wp-content\\\/uploads\\\/2024\\\/02\\\/immagine-sito.jpg\",\"contentUrl\":\"https:\\\/\\\/www.livemag.it\\\/wp-content\\\/uploads\\\/2024\\\/02\\\/immagine-sito.jpg\",\"width\":696,\"height\":696,\"caption\":\"LiveMag\"},\"image\":{\"@id\":\"https:\\\/\\\/www.livemag.it\\\/#\\\/schema\\\/logo\\\/image\\\/\"},\"sameAs\":[\"https:\\\/\\\/www.facebook.com\\\/LiveMag\\\/\",\"https:\\\/\\\/x.com\\\/LiveNotizie\",\"https:\\\/\\\/www.instagram.com\\\/livemag\\\/\"]},{\"@type\":\"Person\",\"@id\":\"https:\\\/\\\/www.livemag.it\\\/#\\\/schema\\\/person\\\/b62c5f44451fdcdaeb0afe6c2424e73c\",\"name\":\"italpress\",\"image\":{\"@type\":\"ImageObject\",\"inLanguage\":\"it-IT\",\"@id\":\"https:\\\/\\\/secure.gravatar.com\\\/avatar\\\/b6a21695fc713ce7ee312cf57c97e2e641feb365be72d8745574d3c3e2b59066?s=96&r=g\",\"url\":\"https:\\\/\\\/secure.gravatar.com\\\/avatar\\\/b6a21695fc713ce7ee312cf57c97e2e641feb365be72d8745574d3c3e2b59066?s=96&r=g\",\"contentUrl\":\"https:\\\/\\\/secure.gravatar.com\\\/avatar\\\/b6a21695fc713ce7ee312cf57c97e2e641feb365be72d8745574d3c3e2b59066?s=96&r=g\",\"caption\":\"italpress\"},\"description\":\"Italpress \u00e8 un'agenzia di stampa italiana a carattere nazionale.\",\"url\":\"https:\\\/\\\/www.livemag.it\\\/index.php\\\/author\\\/italpress\\\/\"}]}<\/script>\n<!-- \/ Yoast SEO plugin. -->","yoast_head_json":{"title":"Energia, Von der Leyen \u201cLo stop al nucleare un errore strategico dell\u2019Europa\u201d - Live Magazine","robots":{"index":"index","follow":"follow","max-snippet":"max-snippet:-1","max-image-preview":"max-image-preview:large","max-video-preview":"max-video-preview:-1"},"canonical":"https:\/\/www.livemag.it\/index.php\/2026\/03\/10\/energia-von-der-leyen-lo-stop-al-nucleare-un-errore-strategico-delleuropa\/","og_locale":"it_IT","og_type":"article","og_title":"Energia, Von der Leyen \u201cLo stop al nucleare un errore strategico dell\u2019Europa\u201d - Live Magazine","og_description":"PARIGI (FRANCIA) (ITALPRESS) \u2013 \u201cIl nucleare e le energie rinnovabili, insieme, possono diventare i garanti congiunti di indipendenza, sicurezza dell\u2019approvvigionamento e competitivit\u00e0, se agiamo nel modo giusto ora. Nell\u2019ultimo decennio abbiamo compiuto grandi progressi nel campo delle energie rinnovabili. La situazione del nucleare, purtroppo, \u00e8 diversa. Mentre nel 1990 un terzo dell\u2019elettricit\u00e0 europea proveniva dal [&hellip;]","og_url":"https:\/\/www.livemag.it\/index.php\/2026\/03\/10\/energia-von-der-leyen-lo-stop-al-nucleare-un-errore-strategico-delleuropa\/","og_site_name":"Live Magazine","article_publisher":"https:\/\/www.facebook.com\/LiveMag\/","article_published_time":"2026-03-10T17:03:22+00:00","og_image":[{"width":1200,"height":675,"url":"https:\/\/www.livemag.it\/wp-content\/uploads\/2024\/02\/ograph.jpg","type":"image\/jpeg"}],"author":"italpress","twitter_card":"summary_large_image","twitter_creator":"@LiveNotizie","twitter_site":"@LiveNotizie","twitter_misc":{"Scritto da":"italpress","Tempo di lettura stimato":"3 minuti"},"schema":{"@context":"https:\/\/schema.org","@graph":[{"@type":"Article","@id":"https:\/\/www.livemag.it\/index.php\/2026\/03\/10\/energia-von-der-leyen-lo-stop-al-nucleare-un-errore-strategico-delleuropa\/#article","isPartOf":{"@id":"https:\/\/www.livemag.it\/index.php\/2026\/03\/10\/energia-von-der-leyen-lo-stop-al-nucleare-un-errore-strategico-delleuropa\/"},"author":{"name":"italpress","@id":"https:\/\/www.livemag.it\/#\/schema\/person\/b62c5f44451fdcdaeb0afe6c2424e73c"},"headline":"Energia, Von der Leyen \u201cLo stop al nucleare un errore strategico dell\u2019Europa\u201d","datePublished":"2026-03-10T17:03:22+00:00","mainEntityOfPage":{"@id":"https:\/\/www.livemag.it\/index.php\/2026\/03\/10\/energia-von-der-leyen-lo-stop-al-nucleare-un-errore-strategico-delleuropa\/"},"wordCount":696,"publisher":{"@id":"https:\/\/www.livemag.it\/#organization"},"image":{"@id":"https:\/\/www.livemag.it\/index.php\/2026\/03\/10\/energia-von-der-leyen-lo-stop-al-nucleare-un-errore-strategico-delleuropa\/#primaryimage"},"thumbnailUrl":"https:\/\/www.livemag.it\/wp-content\/uploads\/2026\/03\/20260310_1130.jpg","articleSection":["Mondo"],"inLanguage":"it-IT"},{"@type":"WebPage","@id":"https:\/\/www.livemag.it\/index.php\/2026\/03\/10\/energia-von-der-leyen-lo-stop-al-nucleare-un-errore-strategico-delleuropa\/","url":"https:\/\/www.livemag.it\/index.php\/2026\/03\/10\/energia-von-der-leyen-lo-stop-al-nucleare-un-errore-strategico-delleuropa\/","name":"Energia, Von der Leyen \u201cLo stop al nucleare un errore strategico dell\u2019Europa\u201d - Live Magazine","isPartOf":{"@id":"https:\/\/www.livemag.it\/#website"},"primaryImageOfPage":{"@id":"https:\/\/www.livemag.it\/index.php\/2026\/03\/10\/energia-von-der-leyen-lo-stop-al-nucleare-un-errore-strategico-delleuropa\/#primaryimage"},"image":{"@id":"https:\/\/www.livemag.it\/index.php\/2026\/03\/10\/energia-von-der-leyen-lo-stop-al-nucleare-un-errore-strategico-delleuropa\/#primaryimage"},"thumbnailUrl":"https:\/\/www.livemag.it\/wp-content\/uploads\/2026\/03\/20260310_1130.jpg","datePublished":"2026-03-10T17:03:22+00:00","breadcrumb":{"@id":"https:\/\/www.livemag.it\/index.php\/2026\/03\/10\/energia-von-der-leyen-lo-stop-al-nucleare-un-errore-strategico-delleuropa\/#breadcrumb"},"inLanguage":"it-IT","potentialAction":[{"@type":"ReadAction","target":["https:\/\/www.livemag.it\/index.php\/2026\/03\/10\/energia-von-der-leyen-lo-stop-al-nucleare-un-errore-strategico-delleuropa\/"]}]},{"@type":"ImageObject","inLanguage":"it-IT","@id":"https:\/\/www.livemag.it\/index.php\/2026\/03\/10\/energia-von-der-leyen-lo-stop-al-nucleare-un-errore-strategico-delleuropa\/#primaryimage","url":"https:\/\/www.livemag.it\/wp-content\/uploads\/2026\/03\/20260310_1130.jpg","contentUrl":"https:\/\/www.livemag.it\/wp-content\/uploads\/2026\/03\/20260310_1130.jpg","width":1200,"height":800},{"@type":"BreadcrumbList","@id":"https:\/\/www.livemag.it\/index.php\/2026\/03\/10\/energia-von-der-leyen-lo-stop-al-nucleare-un-errore-strategico-delleuropa\/#breadcrumb","itemListElement":[{"@type":"ListItem","position":1,"name":"Home","item":"https:\/\/www.livemag.it\/"},{"@type":"ListItem","position":2,"name":"Energia, Von der Leyen \u201cLo stop al nucleare un errore strategico dell\u2019Europa\u201d"}]},{"@type":"WebSite","@id":"https:\/\/www.livemag.it\/#website","url":"https:\/\/www.livemag.it\/","name":"Live Magazine","description":"Varie ed eventi","publisher":{"@id":"https:\/\/www.livemag.it\/#organization"},"potentialAction":[{"@type":"SearchAction","target":{"@type":"EntryPoint","urlTemplate":"https:\/\/www.livemag.it\/?s={search_term_string}"},"query-input":{"@type":"PropertyValueSpecification","valueRequired":true,"valueName":"search_term_string"}}],"inLanguage":"it-IT"},{"@type":"Organization","@id":"https:\/\/www.livemag.it\/#organization","name":"LiveMag","alternateName":"LiveMag News ed eventi","url":"https:\/\/www.livemag.it\/","logo":{"@type":"ImageObject","inLanguage":"it-IT","@id":"https:\/\/www.livemag.it\/#\/schema\/logo\/image\/","url":"https:\/\/www.livemag.it\/wp-content\/uploads\/2024\/02\/immagine-sito.jpg","contentUrl":"https:\/\/www.livemag.it\/wp-content\/uploads\/2024\/02\/immagine-sito.jpg","width":696,"height":696,"caption":"LiveMag"},"image":{"@id":"https:\/\/www.livemag.it\/#\/schema\/logo\/image\/"},"sameAs":["https:\/\/www.facebook.com\/LiveMag\/","https:\/\/x.com\/LiveNotizie","https:\/\/www.instagram.com\/livemag\/"]},{"@type":"Person","@id":"https:\/\/www.livemag.it\/#\/schema\/person\/b62c5f44451fdcdaeb0afe6c2424e73c","name":"italpress","image":{"@type":"ImageObject","inLanguage":"it-IT","@id":"https:\/\/secure.gravatar.com\/avatar\/b6a21695fc713ce7ee312cf57c97e2e641feb365be72d8745574d3c3e2b59066?s=96&r=g","url":"https:\/\/secure.gravatar.com\/avatar\/b6a21695fc713ce7ee312cf57c97e2e641feb365be72d8745574d3c3e2b59066?s=96&r=g","contentUrl":"https:\/\/secure.gravatar.com\/avatar\/b6a21695fc713ce7ee312cf57c97e2e641feb365be72d8745574d3c3e2b59066?s=96&r=g","caption":"italpress"},"description":"Italpress \u00e8 un'agenzia di stampa italiana a carattere nazionale.","url":"https:\/\/www.livemag.it\/index.php\/author\/italpress\/"}]}},"jetpack_featured_media_url":"https:\/\/www.livemag.it\/wp-content\/uploads\/2026\/03\/20260310_1130.jpg","_links":{"self":[{"href":"https:\/\/www.livemag.it\/index.php\/wp-json\/wp\/v2\/posts\/71295","targetHints":{"allow":["GET"]}}],"collection":[{"href":"https:\/\/www.livemag.it\/index.php\/wp-json\/wp\/v2\/posts"}],"about":[{"href":"https:\/\/www.livemag.it\/index.php\/wp-json\/wp\/v2\/types\/post"}],"author":[{"embeddable":true,"href":"https:\/\/www.livemag.it\/index.php\/wp-json\/wp\/v2\/users\/16"}],"replies":[{"embeddable":true,"href":"https:\/\/www.livemag.it\/index.php\/wp-json\/wp\/v2\/comments?post=71295"}],"version-history":[{"count":0,"href":"https:\/\/www.livemag.it\/index.php\/wp-json\/wp\/v2\/posts\/71295\/revisions"}],"wp:featuredmedia":[{"embeddable":true,"href":"https:\/\/www.livemag.it\/index.php\/wp-json\/wp\/v2\/media\/71296"}],"wp:attachment":[{"href":"https:\/\/www.livemag.it\/index.php\/wp-json\/wp\/v2\/media?parent=71295"}],"wp:term":[{"taxonomy":"category","embeddable":true,"href":"https:\/\/www.livemag.it\/index.php\/wp-json\/wp\/v2\/categories?post=71295"},{"taxonomy":"post_tag","embeddable":true,"href":"https:\/\/www.livemag.it\/index.php\/wp-json\/wp\/v2\/tags?post=71295"}],"curies":[{"name":"wp","href":"https:\/\/api.w.org\/{rel}","templated":true}]}}