{"id":71254,"date":"2026-03-10T12:41:22","date_gmt":"2026-03-10T11:41:22","guid":{"rendered":"https:\/\/www.livemag.it\/?p=71254"},"modified":"2026-03-11T13:01:58","modified_gmt":"2026-03-11T12:01:58","slug":"festival-del-gusto-tutti-i-mercoledi-epoca-grill-pizza-trezzo","status":"publish","type":"post","link":"https:\/\/www.livemag.it\/index.php\/2026\/03\/10\/festival-del-gusto-tutti-i-mercoledi-epoca-grill-pizza-trezzo\/","title":{"rendered":"Festival del Gusto, tutti i mercoled\u00ec @ Epoca Grill &amp; Pizza &#8211; Trezzo"},"content":{"rendered":"\n<h4 class=\"wp-block-heading\">Un vero e proprio Festival del Gusto prende vita ogni mercoled\u00ec da <a href=\"https:\/\/www.epocagrillpizza.it\/\">Epoca Grill &amp; Pizza &#8211; Trezzo (MI).<\/a><\/h4>\n\n\n\n<p>A marzo e aprile 2026, da Epoca Grill &amp; Pizza &#8211; Trezzo (Milano) il fuoco della brace arder\u00e0 pi\u00f9 forte che mai. Lo staff, come dicevamo, d\u00e0 vita ad una sorta di Festival del Gusto, ogni mercoled\u00ec sera. Lo staff propone infatti una serie di serate evento &#8220;One Shot&#8221; dedicate ai veri amanti della carne, della pizza e della convivialit\u00e0.<\/p>\n\n\n\n<p>Niente men\u00f9 standard, solo esperienze uniche studiate per farti scoprire il meglio della cucina di questo spazio nuovo ma gi\u00e0 ben conosciuto, a prezzi mai visti. I posti per queste serate sono limitati, perch\u00e9 Epoca Grill &amp; Pizza lavora solo con prodotti freschi e selezionati per l&#8217;occasione. Molti tavoli sono gi\u00e0 stati prenotati quindi il consiglio \u00e8 quello di muoversi in anticipo.&nbsp;<\/p>\n\n\n\n<p>Ecco il programma del Festival del Gusto, dall&#8217;11 marzo all&#8217;1 aprile, ogni mercoled\u00ec.&nbsp;<\/p>\n\n\n\n<p>Mercoled\u00ec 11 marzo, All You Can Ribs. Ovvero, mangi tutte le costine che vuoi! &nbsp;enerissime, cotte alla brace e proposte con diverse marinature gourmet. 28\u20ac tutto incluso (acqua e coperto compresi).<\/p>\n\n\n\n<p>Mercoled\u00ec 18 marzo, ecco La Notte del Galletto Vallespluga. L&#8217;eccellenza italiana incontra della brace. Un galletto intero speziato con la nostra ricetta segreta, contorno e acqua.\u00a020\u20ac tutto incluso.<\/p>\n\n\n\n<p>Mercoled\u00ec 25 marzo, ecco invece Pizza No Stop. Il forno non si ferma mai! Una rotazione continua di pizze calde e fragranti servite al tavolo finch\u00e9 non dici basta. 20\u20ac con birra o acqua inclusa.<\/p>\n\n\n\n<p>Mercoled\u00ec 1 aprile, Grill &amp; Beer, un &#8220;Grigliatona&#8221; mista generosa da dividere, accompagnata da due Birre Lira artigianali. 35\u20ac a persona tutto incluso.<\/p>\n\n\n\n<p>Mercoled\u00ec 8 aprile, Notte Spagnola. Il gran finale con una delle carni pi\u00f9 pregiate al mondo. 1 kg di Rubia Gallega da condividere e Sangria senza limiti per tutta la serata!\u00a050\u20ac a persona (min. 2 persone).<\/p>\n\n\n\n<p>\/\/\/<\/p>\n\n\n\n<p>Epoca Grill &amp; Pizza &#8211; Trezzo sull&#8217;Adda<\/p>\n\n\n\n<p>Via Belvedere n. 20 &nbsp;+39 388 574 9514&nbsp;<\/p>\n\n\n\n<p><a href=\"http:\/\/instagram.com\/epocagrillpizza\/\">Instagram.com\/epocagrillpizza\/<\/a><\/p>\n\n\n\n<p>Sempre aperto a pranzo, a cena mercoled\u00ec &#8211; domenica<\/p>\n\n\n\n<p>Epoca Grill &amp; Pizza \u00e8 nato da pochi mesi, a novembre 2025, ma gi\u00e0 oggi conta due ristoranti, aperti entrambi a pranzo e a cena. Il primo \u00e8 a Trezzo sull&#8217;Adda, un grande spazio situato proprio sul fiume, con una vista che rilassa. L&#8217;altro, pi\u00f9 raccolto, \u00e8 invece a Vimercate, in un&#8217;altra location particolare, da godere anche d&#8217;estate, grazie ad una grande terrazza.&nbsp;<\/p>\n\n\n\n<p>Come dice il suo nome, Epoca Grill &amp; Pizza punta su carni alla griglia d&#8217;eccellenza (hamburger, tagliate, costate filetti e ovviamente fiorentine) e pizze napoletane d&#8217;autore. Non mancano invitanti antipasti (salsiccia e friarelli, melanzane alla parmigiana, taglieri, etc), insalate, contorni e tanti dolci fatti in casa.&nbsp;<\/p>\n\n\n\n<p>Il progetto nasce dalla passione per le Vespe d&#8217;epoca e dall&#8217;energia di Denys Maiorino, 48 anni, manager &nbsp;attivo soprattutto tra music show business con la sua Level Up, che qui ha voluto al suo fianco Enzo Brienza, 35 anni, ristoratore napoletano dalla lunga esperienza con That&#8217;s Amore (pizzeria ad Arcore e a Monza) e pure l&#8217;importante contributo di Cristian Grasso.<\/p>\n","protected":false},"excerpt":{"rendered":"<p>Un vero e proprio Festival del Gusto prende vita ogni mercoled\u00ec da Epoca Grill &amp; Pizza &#8211; Trezzo (MI). A marzo e aprile 2026, da Epoca Grill &amp; Pizza &#8211; Trezzo (Milano) il fuoco della brace arder\u00e0 pi\u00f9 forte che mai. Lo staff, come dicevamo, d\u00e0 vita ad una sorta di Festival del Gusto, ogni [&hellip;]<\/p>\n","protected":false},"author":21,"featured_media":71255,"comment_status":"open","ping_status":"open","sticky":false,"template":"","format":"standard","meta":{"jnews-multi-image_gallery":[],"jnews_single_post":{"format":"standard"},"jnews_primary_category":[],"jnews_social_meta":[],"jnews_override_counter":[],"jnews_post_split":[],"footnotes":""},"categories":[1372],"tags":[2852],"class_list":["post-71254","post","type-post","status-publish","format-standard","has-post-thumbnail","hentry","category-good-life","tag-epoca"],"yoast_head":"<!-- This site is optimized with the Yoast SEO plugin v27.4 - https:\/\/yoast.com\/product\/yoast-seo-wordpress\/ -->\n<title>Festival del Gusto, tutti i mercoled\u00ec @ Epoca Grill &amp; Pizza - Trezzo - Live Magazine<\/title>\n<meta name=\"description\" content=\"Un vero e proprio Festival del Gusto prende vita ogni mercoled\u00ec da Epoca Grill &amp; Pizza - Trezzo (MI).A marzo e aprile 2026...\" \/>\n<meta name=\"robots\" content=\"index, follow, max-snippet:-1, max-image-preview:large, max-video-preview:-1\" \/>\n<link rel=\"canonical\" href=\"https:\/\/www.livemag.it\/index.php\/2026\/03\/10\/festival-del-gusto-tutti-i-mercoledi-epoca-grill-pizza-trezzo\/\" \/>\n<meta property=\"og:locale\" content=\"it_IT\" \/>\n<meta property=\"og:type\" content=\"article\" \/>\n<meta property=\"og:title\" content=\"Festival del Gusto, tutti i mercoled\u00ec @ Epoca Grill &amp; Pizza - Trezzo - Live Magazine\" \/>\n<meta property=\"og:description\" content=\"Un vero e proprio Festival del Gusto prende vita ogni mercoled\u00ec da Epoca Grill &amp; Pizza - Trezzo (MI).A marzo e aprile 2026...\" \/>\n<meta property=\"og:url\" content=\"https:\/\/www.livemag.it\/index.php\/2026\/03\/10\/festival-del-gusto-tutti-i-mercoledi-epoca-grill-pizza-trezzo\/\" \/>\n<meta property=\"og:site_name\" content=\"Live Magazine\" \/>\n<meta property=\"article:publisher\" content=\"https:\/\/www.facebook.com\/LiveMag\/\" \/>\n<meta property=\"article:published_time\" content=\"2026-03-10T11:41:22+00:00\" \/>\n<meta property=\"article:modified_time\" content=\"2026-03-11T12:01:58+00:00\" \/>\n<meta property=\"og:image\" content=\"https:\/\/www.livemag.it\/wp-content\/uploads\/2026\/03\/gusto.jpg\" \/>\n\t<meta property=\"og:image:width\" content=\"826\" \/>\n\t<meta property=\"og:image:height\" content=\"550\" \/>\n\t<meta property=\"og:image:type\" content=\"image\/jpeg\" \/>\n<meta name=\"author\" content=\"Lorenzo Tiezzi\" \/>\n<meta name=\"twitter:card\" content=\"summary_large_image\" \/>\n<meta name=\"twitter:creator\" content=\"@LiveNotizie\" \/>\n<meta name=\"twitter:site\" content=\"@LiveNotizie\" \/>\n<meta name=\"twitter:label1\" content=\"Scritto da\" \/>\n\t<meta name=\"twitter:data1\" content=\"Lorenzo Tiezzi\" \/>\n\t<meta name=\"twitter:label2\" content=\"Tempo di lettura stimato\" \/>\n\t<meta name=\"twitter:data2\" content=\"3 minuti\" \/>\n<script type=\"application\/ld+json\" class=\"yoast-schema-graph\">{\"@context\":\"https:\\\/\\\/schema.org\",\"@graph\":[{\"@type\":\"Article\",\"@id\":\"https:\\\/\\\/www.livemag.it\\\/index.php\\\/2026\\\/03\\\/10\\\/festival-del-gusto-tutti-i-mercoledi-epoca-grill-pizza-trezzo\\\/#article\",\"isPartOf\":{\"@id\":\"https:\\\/\\\/www.livemag.it\\\/index.php\\\/2026\\\/03\\\/10\\\/festival-del-gusto-tutti-i-mercoledi-epoca-grill-pizza-trezzo\\\/\"},\"author\":{\"name\":\"Lorenzo Tiezzi\",\"@id\":\"https:\\\/\\\/www.livemag.it\\\/#\\\/schema\\\/person\\\/c6fe2dde14ae4517f823e167a12354b6\"},\"headline\":\"Festival del Gusto, tutti i mercoled\u00ec @ Epoca Grill &amp; Pizza &#8211; Trezzo\",\"datePublished\":\"2026-03-10T11:41:22+00:00\",\"dateModified\":\"2026-03-11T12:01:58+00:00\",\"mainEntityOfPage\":{\"@id\":\"https:\\\/\\\/www.livemag.it\\\/index.php\\\/2026\\\/03\\\/10\\\/festival-del-gusto-tutti-i-mercoledi-epoca-grill-pizza-trezzo\\\/\"},\"wordCount\":513,\"commentCount\":0,\"publisher\":{\"@id\":\"https:\\\/\\\/www.livemag.it\\\/#organization\"},\"image\":{\"@id\":\"https:\\\/\\\/www.livemag.it\\\/index.php\\\/2026\\\/03\\\/10\\\/festival-del-gusto-tutti-i-mercoledi-epoca-grill-pizza-trezzo\\\/#primaryimage\"},\"thumbnailUrl\":\"https:\\\/\\\/www.livemag.it\\\/wp-content\\\/uploads\\\/2026\\\/03\\\/gusto.jpg\",\"keywords\":[\"epoca\"],\"articleSection\":[\"Good Life\"],\"inLanguage\":\"it-IT\",\"potentialAction\":[{\"@type\":\"CommentAction\",\"name\":\"Comment\",\"target\":[\"https:\\\/\\\/www.livemag.it\\\/index.php\\\/2026\\\/03\\\/10\\\/festival-del-gusto-tutti-i-mercoledi-epoca-grill-pizza-trezzo\\\/#respond\"]}]},{\"@type\":\"WebPage\",\"@id\":\"https:\\\/\\\/www.livemag.it\\\/index.php\\\/2026\\\/03\\\/10\\\/festival-del-gusto-tutti-i-mercoledi-epoca-grill-pizza-trezzo\\\/\",\"url\":\"https:\\\/\\\/www.livemag.it\\\/index.php\\\/2026\\\/03\\\/10\\\/festival-del-gusto-tutti-i-mercoledi-epoca-grill-pizza-trezzo\\\/\",\"name\":\"Festival del Gusto, tutti i mercoled\u00ec @ Epoca Grill &amp; Pizza - Trezzo - Live Magazine\",\"isPartOf\":{\"@id\":\"https:\\\/\\\/www.livemag.it\\\/#website\"},\"primaryImageOfPage\":{\"@id\":\"https:\\\/\\\/www.livemag.it\\\/index.php\\\/2026\\\/03\\\/10\\\/festival-del-gusto-tutti-i-mercoledi-epoca-grill-pizza-trezzo\\\/#primaryimage\"},\"image\":{\"@id\":\"https:\\\/\\\/www.livemag.it\\\/index.php\\\/2026\\\/03\\\/10\\\/festival-del-gusto-tutti-i-mercoledi-epoca-grill-pizza-trezzo\\\/#primaryimage\"},\"thumbnailUrl\":\"https:\\\/\\\/www.livemag.it\\\/wp-content\\\/uploads\\\/2026\\\/03\\\/gusto.jpg\",\"datePublished\":\"2026-03-10T11:41:22+00:00\",\"dateModified\":\"2026-03-11T12:01:58+00:00\",\"description\":\"Un vero e proprio Festival del Gusto prende vita ogni mercoled\u00ec da Epoca Grill & Pizza - Trezzo (MI).A marzo e aprile 2026...\",\"breadcrumb\":{\"@id\":\"https:\\\/\\\/www.livemag.it\\\/index.php\\\/2026\\\/03\\\/10\\\/festival-del-gusto-tutti-i-mercoledi-epoca-grill-pizza-trezzo\\\/#breadcrumb\"},\"inLanguage\":\"it-IT\",\"potentialAction\":[{\"@type\":\"ReadAction\",\"target\":[\"https:\\\/\\\/www.livemag.it\\\/index.php\\\/2026\\\/03\\\/10\\\/festival-del-gusto-tutti-i-mercoledi-epoca-grill-pizza-trezzo\\\/\"]}]},{\"@type\":\"ImageObject\",\"inLanguage\":\"it-IT\",\"@id\":\"https:\\\/\\\/www.livemag.it\\\/index.php\\\/2026\\\/03\\\/10\\\/festival-del-gusto-tutti-i-mercoledi-epoca-grill-pizza-trezzo\\\/#primaryimage\",\"url\":\"https:\\\/\\\/www.livemag.it\\\/wp-content\\\/uploads\\\/2026\\\/03\\\/gusto.jpg\",\"contentUrl\":\"https:\\\/\\\/www.livemag.it\\\/wp-content\\\/uploads\\\/2026\\\/03\\\/gusto.jpg\",\"width\":826,\"height\":550,\"caption\":\"Screenshot\"},{\"@type\":\"BreadcrumbList\",\"@id\":\"https:\\\/\\\/www.livemag.it\\\/index.php\\\/2026\\\/03\\\/10\\\/festival-del-gusto-tutti-i-mercoledi-epoca-grill-pizza-trezzo\\\/#breadcrumb\",\"itemListElement\":[{\"@type\":\"ListItem\",\"position\":1,\"name\":\"Home\",\"item\":\"https:\\\/\\\/www.livemag.it\\\/\"},{\"@type\":\"ListItem\",\"position\":2,\"name\":\"Festival del Gusto, tutti i mercoled\u00ec @ Epoca Grill &amp; Pizza &#8211; Trezzo\"}]},{\"@type\":\"WebSite\",\"@id\":\"https:\\\/\\\/www.livemag.it\\\/#website\",\"url\":\"https:\\\/\\\/www.livemag.it\\\/\",\"name\":\"Live Magazine\",\"description\":\"Varie ed eventi\",\"publisher\":{\"@id\":\"https:\\\/\\\/www.livemag.it\\\/#organization\"},\"potentialAction\":[{\"@type\":\"SearchAction\",\"target\":{\"@type\":\"EntryPoint\",\"urlTemplate\":\"https:\\\/\\\/www.livemag.it\\\/?s={search_term_string}\"},\"query-input\":{\"@type\":\"PropertyValueSpecification\",\"valueRequired\":true,\"valueName\":\"search_term_string\"}}],\"inLanguage\":\"it-IT\"},{\"@type\":\"Organization\",\"@id\":\"https:\\\/\\\/www.livemag.it\\\/#organization\",\"name\":\"LiveMag\",\"alternateName\":\"LiveMag News ed eventi\",\"url\":\"https:\\\/\\\/www.livemag.it\\\/\",\"logo\":{\"@type\":\"ImageObject\",\"inLanguage\":\"it-IT\",\"@id\":\"https:\\\/\\\/www.livemag.it\\\/#\\\/schema\\\/logo\\\/image\\\/\",\"url\":\"https:\\\/\\\/www.livemag.it\\\/wp-content\\\/uploads\\\/2024\\\/02\\\/immagine-sito.jpg\",\"contentUrl\":\"https:\\\/\\\/www.livemag.it\\\/wp-content\\\/uploads\\\/2024\\\/02\\\/immagine-sito.jpg\",\"width\":696,\"height\":696,\"caption\":\"LiveMag\"},\"image\":{\"@id\":\"https:\\\/\\\/www.livemag.it\\\/#\\\/schema\\\/logo\\\/image\\\/\"},\"sameAs\":[\"https:\\\/\\\/www.facebook.com\\\/LiveMag\\\/\",\"https:\\\/\\\/x.com\\\/LiveNotizie\",\"https:\\\/\\\/www.instagram.com\\\/livemag\\\/\"]},{\"@type\":\"Person\",\"@id\":\"https:\\\/\\\/www.livemag.it\\\/#\\\/schema\\\/person\\\/c6fe2dde14ae4517f823e167a12354b6\",\"name\":\"Lorenzo Tiezzi\",\"image\":{\"@type\":\"ImageObject\",\"inLanguage\":\"it-IT\",\"@id\":\"https:\\\/\\\/secure.gravatar.com\\\/avatar\\\/055a51cbe21ba6c03af667c75f797ec8642fe78050e8602547fec943f6500144?s=96&r=g\",\"url\":\"https:\\\/\\\/secure.gravatar.com\\\/avatar\\\/055a51cbe21ba6c03af667c75f797ec8642fe78050e8602547fec943f6500144?s=96&r=g\",\"contentUrl\":\"https:\\\/\\\/secure.gravatar.com\\\/avatar\\\/055a51cbe21ba6c03af667c75f797ec8642fe78050e8602547fec943f6500144?s=96&r=g\",\"caption\":\"Lorenzo Tiezzi\"},\"description\":\"giornalista, press office, pr\",\"url\":\"https:\\\/\\\/www.livemag.it\\\/index.php\\\/author\\\/lorenzo-tiezzi\\\/\"}]}<\/script>\n<!-- \/ Yoast SEO plugin. -->","yoast_head_json":{"title":"Festival del Gusto, tutti i mercoled\u00ec @ Epoca Grill &amp; Pizza - Trezzo - Live Magazine","description":"Un vero e proprio Festival del Gusto prende vita ogni mercoled\u00ec da Epoca Grill & Pizza - Trezzo (MI).A marzo e aprile 2026...","robots":{"index":"index","follow":"follow","max-snippet":"max-snippet:-1","max-image-preview":"max-image-preview:large","max-video-preview":"max-video-preview:-1"},"canonical":"https:\/\/www.livemag.it\/index.php\/2026\/03\/10\/festival-del-gusto-tutti-i-mercoledi-epoca-grill-pizza-trezzo\/","og_locale":"it_IT","og_type":"article","og_title":"Festival del Gusto, tutti i mercoled\u00ec @ Epoca Grill &amp; Pizza - Trezzo - Live Magazine","og_description":"Un vero e proprio Festival del Gusto prende vita ogni mercoled\u00ec da Epoca Grill & Pizza - Trezzo (MI).A marzo e aprile 2026...","og_url":"https:\/\/www.livemag.it\/index.php\/2026\/03\/10\/festival-del-gusto-tutti-i-mercoledi-epoca-grill-pizza-trezzo\/","og_site_name":"Live Magazine","article_publisher":"https:\/\/www.facebook.com\/LiveMag\/","article_published_time":"2026-03-10T11:41:22+00:00","article_modified_time":"2026-03-11T12:01:58+00:00","og_image":[{"width":826,"height":550,"url":"https:\/\/www.livemag.it\/wp-content\/uploads\/2026\/03\/gusto.jpg","type":"image\/jpeg"}],"author":"Lorenzo Tiezzi","twitter_card":"summary_large_image","twitter_creator":"@LiveNotizie","twitter_site":"@LiveNotizie","twitter_misc":{"Scritto da":"Lorenzo Tiezzi","Tempo di lettura stimato":"3 minuti"},"schema":{"@context":"https:\/\/schema.org","@graph":[{"@type":"Article","@id":"https:\/\/www.livemag.it\/index.php\/2026\/03\/10\/festival-del-gusto-tutti-i-mercoledi-epoca-grill-pizza-trezzo\/#article","isPartOf":{"@id":"https:\/\/www.livemag.it\/index.php\/2026\/03\/10\/festival-del-gusto-tutti-i-mercoledi-epoca-grill-pizza-trezzo\/"},"author":{"name":"Lorenzo Tiezzi","@id":"https:\/\/www.livemag.it\/#\/schema\/person\/c6fe2dde14ae4517f823e167a12354b6"},"headline":"Festival del Gusto, tutti i mercoled\u00ec @ Epoca Grill &amp; Pizza &#8211; Trezzo","datePublished":"2026-03-10T11:41:22+00:00","dateModified":"2026-03-11T12:01:58+00:00","mainEntityOfPage":{"@id":"https:\/\/www.livemag.it\/index.php\/2026\/03\/10\/festival-del-gusto-tutti-i-mercoledi-epoca-grill-pizza-trezzo\/"},"wordCount":513,"commentCount":0,"publisher":{"@id":"https:\/\/www.livemag.it\/#organization"},"image":{"@id":"https:\/\/www.livemag.it\/index.php\/2026\/03\/10\/festival-del-gusto-tutti-i-mercoledi-epoca-grill-pizza-trezzo\/#primaryimage"},"thumbnailUrl":"https:\/\/www.livemag.it\/wp-content\/uploads\/2026\/03\/gusto.jpg","keywords":["epoca"],"articleSection":["Good Life"],"inLanguage":"it-IT","potentialAction":[{"@type":"CommentAction","name":"Comment","target":["https:\/\/www.livemag.it\/index.php\/2026\/03\/10\/festival-del-gusto-tutti-i-mercoledi-epoca-grill-pizza-trezzo\/#respond"]}]},{"@type":"WebPage","@id":"https:\/\/www.livemag.it\/index.php\/2026\/03\/10\/festival-del-gusto-tutti-i-mercoledi-epoca-grill-pizza-trezzo\/","url":"https:\/\/www.livemag.it\/index.php\/2026\/03\/10\/festival-del-gusto-tutti-i-mercoledi-epoca-grill-pizza-trezzo\/","name":"Festival del Gusto, tutti i mercoled\u00ec @ Epoca Grill &amp; Pizza - Trezzo - Live Magazine","isPartOf":{"@id":"https:\/\/www.livemag.it\/#website"},"primaryImageOfPage":{"@id":"https:\/\/www.livemag.it\/index.php\/2026\/03\/10\/festival-del-gusto-tutti-i-mercoledi-epoca-grill-pizza-trezzo\/#primaryimage"},"image":{"@id":"https:\/\/www.livemag.it\/index.php\/2026\/03\/10\/festival-del-gusto-tutti-i-mercoledi-epoca-grill-pizza-trezzo\/#primaryimage"},"thumbnailUrl":"https:\/\/www.livemag.it\/wp-content\/uploads\/2026\/03\/gusto.jpg","datePublished":"2026-03-10T11:41:22+00:00","dateModified":"2026-03-11T12:01:58+00:00","description":"Un vero e proprio Festival del Gusto prende vita ogni mercoled\u00ec da Epoca Grill & Pizza - Trezzo (MI).A marzo e aprile 2026...","breadcrumb":{"@id":"https:\/\/www.livemag.it\/index.php\/2026\/03\/10\/festival-del-gusto-tutti-i-mercoledi-epoca-grill-pizza-trezzo\/#breadcrumb"},"inLanguage":"it-IT","potentialAction":[{"@type":"ReadAction","target":["https:\/\/www.livemag.it\/index.php\/2026\/03\/10\/festival-del-gusto-tutti-i-mercoledi-epoca-grill-pizza-trezzo\/"]}]},{"@type":"ImageObject","inLanguage":"it-IT","@id":"https:\/\/www.livemag.it\/index.php\/2026\/03\/10\/festival-del-gusto-tutti-i-mercoledi-epoca-grill-pizza-trezzo\/#primaryimage","url":"https:\/\/www.livemag.it\/wp-content\/uploads\/2026\/03\/gusto.jpg","contentUrl":"https:\/\/www.livemag.it\/wp-content\/uploads\/2026\/03\/gusto.jpg","width":826,"height":550,"caption":"Screenshot"},{"@type":"BreadcrumbList","@id":"https:\/\/www.livemag.it\/index.php\/2026\/03\/10\/festival-del-gusto-tutti-i-mercoledi-epoca-grill-pizza-trezzo\/#breadcrumb","itemListElement":[{"@type":"ListItem","position":1,"name":"Home","item":"https:\/\/www.livemag.it\/"},{"@type":"ListItem","position":2,"name":"Festival del Gusto, tutti i mercoled\u00ec @ Epoca Grill &amp; Pizza &#8211; Trezzo"}]},{"@type":"WebSite","@id":"https:\/\/www.livemag.it\/#website","url":"https:\/\/www.livemag.it\/","name":"Live Magazine","description":"Varie ed eventi","publisher":{"@id":"https:\/\/www.livemag.it\/#organization"},"potentialAction":[{"@type":"SearchAction","target":{"@type":"EntryPoint","urlTemplate":"https:\/\/www.livemag.it\/?s={search_term_string}"},"query-input":{"@type":"PropertyValueSpecification","valueRequired":true,"valueName":"search_term_string"}}],"inLanguage":"it-IT"},{"@type":"Organization","@id":"https:\/\/www.livemag.it\/#organization","name":"LiveMag","alternateName":"LiveMag News ed eventi","url":"https:\/\/www.livemag.it\/","logo":{"@type":"ImageObject","inLanguage":"it-IT","@id":"https:\/\/www.livemag.it\/#\/schema\/logo\/image\/","url":"https:\/\/www.livemag.it\/wp-content\/uploads\/2024\/02\/immagine-sito.jpg","contentUrl":"https:\/\/www.livemag.it\/wp-content\/uploads\/2024\/02\/immagine-sito.jpg","width":696,"height":696,"caption":"LiveMag"},"image":{"@id":"https:\/\/www.livemag.it\/#\/schema\/logo\/image\/"},"sameAs":["https:\/\/www.facebook.com\/LiveMag\/","https:\/\/x.com\/LiveNotizie","https:\/\/www.instagram.com\/livemag\/"]},{"@type":"Person","@id":"https:\/\/www.livemag.it\/#\/schema\/person\/c6fe2dde14ae4517f823e167a12354b6","name":"Lorenzo Tiezzi","image":{"@type":"ImageObject","inLanguage":"it-IT","@id":"https:\/\/secure.gravatar.com\/avatar\/055a51cbe21ba6c03af667c75f797ec8642fe78050e8602547fec943f6500144?s=96&r=g","url":"https:\/\/secure.gravatar.com\/avatar\/055a51cbe21ba6c03af667c75f797ec8642fe78050e8602547fec943f6500144?s=96&r=g","contentUrl":"https:\/\/secure.gravatar.com\/avatar\/055a51cbe21ba6c03af667c75f797ec8642fe78050e8602547fec943f6500144?s=96&r=g","caption":"Lorenzo Tiezzi"},"description":"giornalista, press office, pr","url":"https:\/\/www.livemag.it\/index.php\/author\/lorenzo-tiezzi\/"}]}},"jetpack_featured_media_url":"https:\/\/www.livemag.it\/wp-content\/uploads\/2026\/03\/gusto.jpg","_links":{"self":[{"href":"https:\/\/www.livemag.it\/index.php\/wp-json\/wp\/v2\/posts\/71254","targetHints":{"allow":["GET"]}}],"collection":[{"href":"https:\/\/www.livemag.it\/index.php\/wp-json\/wp\/v2\/posts"}],"about":[{"href":"https:\/\/www.livemag.it\/index.php\/wp-json\/wp\/v2\/types\/post"}],"author":[{"embeddable":true,"href":"https:\/\/www.livemag.it\/index.php\/wp-json\/wp\/v2\/users\/21"}],"replies":[{"embeddable":true,"href":"https:\/\/www.livemag.it\/index.php\/wp-json\/wp\/v2\/comments?post=71254"}],"version-history":[{"count":2,"href":"https:\/\/www.livemag.it\/index.php\/wp-json\/wp\/v2\/posts\/71254\/revisions"}],"predecessor-version":[{"id":71358,"href":"https:\/\/www.livemag.it\/index.php\/wp-json\/wp\/v2\/posts\/71254\/revisions\/71358"}],"wp:featuredmedia":[{"embeddable":true,"href":"https:\/\/www.livemag.it\/index.php\/wp-json\/wp\/v2\/media\/71255"}],"wp:attachment":[{"href":"https:\/\/www.livemag.it\/index.php\/wp-json\/wp\/v2\/media?parent=71254"}],"wp:term":[{"taxonomy":"category","embeddable":true,"href":"https:\/\/www.livemag.it\/index.php\/wp-json\/wp\/v2\/categories?post=71254"},{"taxonomy":"post_tag","embeddable":true,"href":"https:\/\/www.livemag.it\/index.php\/wp-json\/wp\/v2\/tags?post=71254"}],"curies":[{"name":"wp","href":"https:\/\/api.w.org\/{rel}","templated":true}]}}