{"id":70934,"date":"2026-03-05T21:02:57","date_gmt":"2026-03-05T20:02:57","guid":{"rendered":"https:\/\/www.livemag.it\/index.php\/2026\/03\/05\/nomaranza-bellavista-protezione-e-tutele-per-i-gestori-dei-locali\/"},"modified":"2026-03-05T21:02:57","modified_gmt":"2026-03-05T20:02:57","slug":"nomaranza-bellavista-protezione-e-tutele-per-i-gestori-dei-locali","status":"publish","type":"post","link":"https:\/\/www.livemag.it\/index.php\/2026\/03\/05\/nomaranza-bellavista-protezione-e-tutele-per-i-gestori-dei-locali\/","title":{"rendered":"<div>#NoMaranza, Bellavista &#8220;Protezione e tutele per i gestori dei locali&#8221;<\/div>"},"content":{"rendered":"<p>    <video-js id=\"videojs69ec6f4e72795\" class=\"vjs-big-play-centered\" controls preload=\"auto\" playsinline data-setup='{\"fluid\": true}'>\r\n        <source src=\"https:\/\/video.italpress.com\/play\/mp4\/video\/J9Nv\" type=\"video\/mp4\" \/>\r\n    <\/video-js>\r\n           <br \/>\n<\/p>\n<div> PALERMO (ITALPRESS) &#8211; &#8220;L&#8217;articolo 100 del Tulps fa s\u00ec che i gestori dei locali spesso abbiano il timore di denunciare proprio per il rischio di vedere chiusa la propria attivit\u00e0; noi chiederemo e sosterremo chiunque chieder\u00e0 in parlamento la modifica di questa norma, che oggi \u00e8 veramente datata. Prevediamo anche di proporre dei protocolli d&#8217;intesa con prefettura e Comune, affinch\u00e9 i gestori dei locali che sono virtuosi e che applicano alla lettera le regole possano avere garantita una protezione e una tutela da parte della pubblica autorit\u00e0, senza rischiare di denunciare ed essere chiusi. Intendiamo anche formare i gestori dei locali, dargli assistenza legale e formare anche i giovani: abbiamo gi\u00e0 previsto campagne pubblicitarie e conferenze da fare proprio nelle scuole per spiegare ai ragazzi come ci si comporta, per evitare alla radice che si creino queste sacche di incivilt\u00e0. Noi non siamo razzisti, quella dell&#8217;uomo con la barba che non pu\u00f2 entrare in locale \u00e8 soltanto una provocazione: noi siamo cittadini, professionisti, imprenditori che hanno deciso di dedicare parte del proprio tempo alla propria citt\u00e0 e alla societ\u00e0&#8221;. Cos\u00ec Mario Bellavista, vicepresidente di #NoMaranza, a margine del &#8216;battesimo&#8217; dell&#8217;associazione che si \u00e8 tenuto al Palermo Marina Yachting. xd8\/vbo\/mca3<\/div>\n","protected":false},"excerpt":{"rendered":"<p>PALERMO (ITALPRESS) &#8211; &#8220;L&#8217;articolo 100 del Tulps fa s\u00ec che i gestori dei locali spesso abbiano il timore di denunciare proprio per il rischio di vedere chiusa la propria attivit\u00e0; noi chiederemo e sosterremo chiunque chieder\u00e0 in parlamento la modifica di questa norma, che oggi \u00e8 veramente datata. Prevediamo anche di proporre dei protocolli d&#8217;intesa [&hellip;]<\/p>\n","protected":false},"author":16,"featured_media":70935,"comment_status":"closed","ping_status":"closed","sticky":false,"template":"","format":"video","meta":{"jnews-multi-image_gallery":[],"jnews_single_post":[],"jnews_primary_category":[],"jnews_social_meta":[],"jnews_override_counter":[],"jnews_post_split":[],"footnotes":""},"categories":[1171],"tags":[],"class_list":["post-70934","post","type-post","status-publish","format-video","has-post-thumbnail","hentry","category-video","post_format-post-format-video"],"yoast_head":"<!-- This site is optimized with the Yoast SEO plugin v27.4 - https:\/\/yoast.com\/product\/yoast-seo-wordpress\/ -->\n<title>#NoMaranza, Bellavista &quot;Protezione e tutele per i gestori dei locali&quot; - Live Magazine<\/title>\n<meta name=\"robots\" content=\"index, follow, max-snippet:-1, max-image-preview:large, max-video-preview:-1\" \/>\n<link rel=\"canonical\" href=\"https:\/\/www.livemag.it\/index.php\/2026\/03\/05\/nomaranza-bellavista-protezione-e-tutele-per-i-gestori-dei-locali\/\" \/>\n<meta property=\"og:locale\" content=\"it_IT\" \/>\n<meta property=\"og:type\" content=\"article\" \/>\n<meta property=\"og:title\" content=\"#NoMaranza, Bellavista &quot;Protezione e tutele per i gestori dei locali&quot; - Live Magazine\" \/>\n<meta property=\"og:description\" content=\"PALERMO (ITALPRESS) &#8211; &#8220;L&#8217;articolo 100 del Tulps fa s\u00ec che i gestori dei locali spesso abbiano il timore di denunciare proprio per il rischio di vedere chiusa la propria attivit\u00e0; noi chiederemo e sosterremo chiunque chieder\u00e0 in parlamento la modifica di questa norma, che oggi \u00e8 veramente datata. Prevediamo anche di proporre dei protocolli d&#8217;intesa [&hellip;]\" \/>\n<meta property=\"og:url\" content=\"https:\/\/www.livemag.it\/index.php\/2026\/03\/05\/nomaranza-bellavista-protezione-e-tutele-per-i-gestori-dei-locali\/\" \/>\n<meta property=\"og:site_name\" content=\"Live Magazine\" \/>\n<meta property=\"article:publisher\" content=\"https:\/\/www.facebook.com\/LiveMag\/\" \/>\n<meta property=\"article:published_time\" content=\"2026-03-05T20:02:57+00:00\" \/>\n<meta property=\"og:image\" content=\"https:\/\/www.livemag.it\/wp-content\/uploads\/2024\/02\/ograph.jpg\" \/>\n\t<meta property=\"og:image:width\" content=\"1200\" \/>\n\t<meta property=\"og:image:height\" content=\"675\" \/>\n\t<meta property=\"og:image:type\" content=\"image\/jpeg\" \/>\n<meta name=\"author\" content=\"italpress\" \/>\n<meta name=\"twitter:card\" content=\"summary_large_image\" \/>\n<meta name=\"twitter:creator\" content=\"@LiveNotizie\" \/>\n<meta name=\"twitter:site\" content=\"@LiveNotizie\" \/>\n<meta name=\"twitter:label1\" content=\"Scritto da\" \/>\n\t<meta name=\"twitter:data1\" content=\"italpress\" \/>\n\t<meta name=\"twitter:label2\" content=\"Tempo di lettura stimato\" \/>\n\t<meta name=\"twitter:data2\" content=\"1 minuto\" \/>\n<script type=\"application\/ld+json\" class=\"yoast-schema-graph\">{\"@context\":\"https:\\\/\\\/schema.org\",\"@graph\":[{\"@type\":\"Article\",\"@id\":\"https:\\\/\\\/www.livemag.it\\\/index.php\\\/2026\\\/03\\\/05\\\/nomaranza-bellavista-protezione-e-tutele-per-i-gestori-dei-locali\\\/#article\",\"isPartOf\":{\"@id\":\"https:\\\/\\\/www.livemag.it\\\/index.php\\\/2026\\\/03\\\/05\\\/nomaranza-bellavista-protezione-e-tutele-per-i-gestori-dei-locali\\\/\"},\"author\":{\"name\":\"italpress\",\"@id\":\"https:\\\/\\\/www.livemag.it\\\/#\\\/schema\\\/person\\\/b62c5f44451fdcdaeb0afe6c2424e73c\"},\"headline\":\"#NoMaranza, Bellavista &#8220;Protezione e tutele per i gestori dei locali&#8221;\",\"datePublished\":\"2026-03-05T20:02:57+00:00\",\"mainEntityOfPage\":{\"@id\":\"https:\\\/\\\/www.livemag.it\\\/index.php\\\/2026\\\/03\\\/05\\\/nomaranza-bellavista-protezione-e-tutele-per-i-gestori-dei-locali\\\/\"},\"wordCount\":223,\"publisher\":{\"@id\":\"https:\\\/\\\/www.livemag.it\\\/#organization\"},\"image\":{\"@id\":\"https:\\\/\\\/www.livemag.it\\\/index.php\\\/2026\\\/03\\\/05\\\/nomaranza-bellavista-protezione-e-tutele-per-i-gestori-dei-locali\\\/#primaryimage\"},\"thumbnailUrl\":\"https:\\\/\\\/www.livemag.it\\\/wp-content\\\/uploads\\\/2026\\\/03\\\/J9Nv.jpg\",\"articleSection\":[\"Video\"],\"inLanguage\":\"it-IT\"},{\"@type\":\"WebPage\",\"@id\":\"https:\\\/\\\/www.livemag.it\\\/index.php\\\/2026\\\/03\\\/05\\\/nomaranza-bellavista-protezione-e-tutele-per-i-gestori-dei-locali\\\/\",\"url\":\"https:\\\/\\\/www.livemag.it\\\/index.php\\\/2026\\\/03\\\/05\\\/nomaranza-bellavista-protezione-e-tutele-per-i-gestori-dei-locali\\\/\",\"name\":\"#NoMaranza, Bellavista \\\"Protezione e tutele per i gestori dei locali\\\" - Live Magazine\",\"isPartOf\":{\"@id\":\"https:\\\/\\\/www.livemag.it\\\/#website\"},\"primaryImageOfPage\":{\"@id\":\"https:\\\/\\\/www.livemag.it\\\/index.php\\\/2026\\\/03\\\/05\\\/nomaranza-bellavista-protezione-e-tutele-per-i-gestori-dei-locali\\\/#primaryimage\"},\"image\":{\"@id\":\"https:\\\/\\\/www.livemag.it\\\/index.php\\\/2026\\\/03\\\/05\\\/nomaranza-bellavista-protezione-e-tutele-per-i-gestori-dei-locali\\\/#primaryimage\"},\"thumbnailUrl\":\"https:\\\/\\\/www.livemag.it\\\/wp-content\\\/uploads\\\/2026\\\/03\\\/J9Nv.jpg\",\"datePublished\":\"2026-03-05T20:02:57+00:00\",\"breadcrumb\":{\"@id\":\"https:\\\/\\\/www.livemag.it\\\/index.php\\\/2026\\\/03\\\/05\\\/nomaranza-bellavista-protezione-e-tutele-per-i-gestori-dei-locali\\\/#breadcrumb\"},\"inLanguage\":\"it-IT\",\"potentialAction\":[{\"@type\":\"ReadAction\",\"target\":[\"https:\\\/\\\/www.livemag.it\\\/index.php\\\/2026\\\/03\\\/05\\\/nomaranza-bellavista-protezione-e-tutele-per-i-gestori-dei-locali\\\/\"]}]},{\"@type\":\"ImageObject\",\"inLanguage\":\"it-IT\",\"@id\":\"https:\\\/\\\/www.livemag.it\\\/index.php\\\/2026\\\/03\\\/05\\\/nomaranza-bellavista-protezione-e-tutele-per-i-gestori-dei-locali\\\/#primaryimage\",\"url\":\"https:\\\/\\\/www.livemag.it\\\/wp-content\\\/uploads\\\/2026\\\/03\\\/J9Nv.jpg\",\"contentUrl\":\"https:\\\/\\\/www.livemag.it\\\/wp-content\\\/uploads\\\/2026\\\/03\\\/J9Nv.jpg\",\"width\":1920,\"height\":1080},{\"@type\":\"BreadcrumbList\",\"@id\":\"https:\\\/\\\/www.livemag.it\\\/index.php\\\/2026\\\/03\\\/05\\\/nomaranza-bellavista-protezione-e-tutele-per-i-gestori-dei-locali\\\/#breadcrumb\",\"itemListElement\":[{\"@type\":\"ListItem\",\"position\":1,\"name\":\"Home\",\"item\":\"https:\\\/\\\/www.livemag.it\\\/\"},{\"@type\":\"ListItem\",\"position\":2,\"name\":\"#NoMaranza, Bellavista &#8220;Protezione e tutele per i gestori dei locali&#8221;\"}]},{\"@type\":\"WebSite\",\"@id\":\"https:\\\/\\\/www.livemag.it\\\/#website\",\"url\":\"https:\\\/\\\/www.livemag.it\\\/\",\"name\":\"Live Magazine\",\"description\":\"Varie ed eventi\",\"publisher\":{\"@id\":\"https:\\\/\\\/www.livemag.it\\\/#organization\"},\"potentialAction\":[{\"@type\":\"SearchAction\",\"target\":{\"@type\":\"EntryPoint\",\"urlTemplate\":\"https:\\\/\\\/www.livemag.it\\\/?s={search_term_string}\"},\"query-input\":{\"@type\":\"PropertyValueSpecification\",\"valueRequired\":true,\"valueName\":\"search_term_string\"}}],\"inLanguage\":\"it-IT\"},{\"@type\":\"Organization\",\"@id\":\"https:\\\/\\\/www.livemag.it\\\/#organization\",\"name\":\"LiveMag\",\"alternateName\":\"LiveMag News ed eventi\",\"url\":\"https:\\\/\\\/www.livemag.it\\\/\",\"logo\":{\"@type\":\"ImageObject\",\"inLanguage\":\"it-IT\",\"@id\":\"https:\\\/\\\/www.livemag.it\\\/#\\\/schema\\\/logo\\\/image\\\/\",\"url\":\"https:\\\/\\\/www.livemag.it\\\/wp-content\\\/uploads\\\/2024\\\/02\\\/immagine-sito.jpg\",\"contentUrl\":\"https:\\\/\\\/www.livemag.it\\\/wp-content\\\/uploads\\\/2024\\\/02\\\/immagine-sito.jpg\",\"width\":696,\"height\":696,\"caption\":\"LiveMag\"},\"image\":{\"@id\":\"https:\\\/\\\/www.livemag.it\\\/#\\\/schema\\\/logo\\\/image\\\/\"},\"sameAs\":[\"https:\\\/\\\/www.facebook.com\\\/LiveMag\\\/\",\"https:\\\/\\\/x.com\\\/LiveNotizie\",\"https:\\\/\\\/www.instagram.com\\\/livemag\\\/\"]},{\"@type\":\"Person\",\"@id\":\"https:\\\/\\\/www.livemag.it\\\/#\\\/schema\\\/person\\\/b62c5f44451fdcdaeb0afe6c2424e73c\",\"name\":\"italpress\",\"image\":{\"@type\":\"ImageObject\",\"inLanguage\":\"it-IT\",\"@id\":\"https:\\\/\\\/secure.gravatar.com\\\/avatar\\\/b6a21695fc713ce7ee312cf57c97e2e641feb365be72d8745574d3c3e2b59066?s=96&r=g\",\"url\":\"https:\\\/\\\/secure.gravatar.com\\\/avatar\\\/b6a21695fc713ce7ee312cf57c97e2e641feb365be72d8745574d3c3e2b59066?s=96&r=g\",\"contentUrl\":\"https:\\\/\\\/secure.gravatar.com\\\/avatar\\\/b6a21695fc713ce7ee312cf57c97e2e641feb365be72d8745574d3c3e2b59066?s=96&r=g\",\"caption\":\"italpress\"},\"description\":\"Italpress \u00e8 un'agenzia di stampa italiana a carattere nazionale.\",\"url\":\"https:\\\/\\\/www.livemag.it\\\/index.php\\\/author\\\/italpress\\\/\"}]}<\/script>\n<!-- \/ Yoast SEO plugin. -->","yoast_head_json":{"title":"#NoMaranza, Bellavista \"Protezione e tutele per i gestori dei locali\" - Live Magazine","robots":{"index":"index","follow":"follow","max-snippet":"max-snippet:-1","max-image-preview":"max-image-preview:large","max-video-preview":"max-video-preview:-1"},"canonical":"https:\/\/www.livemag.it\/index.php\/2026\/03\/05\/nomaranza-bellavista-protezione-e-tutele-per-i-gestori-dei-locali\/","og_locale":"it_IT","og_type":"article","og_title":"#NoMaranza, Bellavista \"Protezione e tutele per i gestori dei locali\" - Live Magazine","og_description":"PALERMO (ITALPRESS) &#8211; &#8220;L&#8217;articolo 100 del Tulps fa s\u00ec che i gestori dei locali spesso abbiano il timore di denunciare proprio per il rischio di vedere chiusa la propria attivit\u00e0; noi chiederemo e sosterremo chiunque chieder\u00e0 in parlamento la modifica di questa norma, che oggi \u00e8 veramente datata. Prevediamo anche di proporre dei protocolli d&#8217;intesa [&hellip;]","og_url":"https:\/\/www.livemag.it\/index.php\/2026\/03\/05\/nomaranza-bellavista-protezione-e-tutele-per-i-gestori-dei-locali\/","og_site_name":"Live Magazine","article_publisher":"https:\/\/www.facebook.com\/LiveMag\/","article_published_time":"2026-03-05T20:02:57+00:00","og_image":[{"width":1200,"height":675,"url":"https:\/\/www.livemag.it\/wp-content\/uploads\/2024\/02\/ograph.jpg","type":"image\/jpeg"}],"author":"italpress","twitter_card":"summary_large_image","twitter_creator":"@LiveNotizie","twitter_site":"@LiveNotizie","twitter_misc":{"Scritto da":"italpress","Tempo di lettura stimato":"1 minuto"},"schema":{"@context":"https:\/\/schema.org","@graph":[{"@type":"Article","@id":"https:\/\/www.livemag.it\/index.php\/2026\/03\/05\/nomaranza-bellavista-protezione-e-tutele-per-i-gestori-dei-locali\/#article","isPartOf":{"@id":"https:\/\/www.livemag.it\/index.php\/2026\/03\/05\/nomaranza-bellavista-protezione-e-tutele-per-i-gestori-dei-locali\/"},"author":{"name":"italpress","@id":"https:\/\/www.livemag.it\/#\/schema\/person\/b62c5f44451fdcdaeb0afe6c2424e73c"},"headline":"#NoMaranza, Bellavista &#8220;Protezione e tutele per i gestori dei locali&#8221;","datePublished":"2026-03-05T20:02:57+00:00","mainEntityOfPage":{"@id":"https:\/\/www.livemag.it\/index.php\/2026\/03\/05\/nomaranza-bellavista-protezione-e-tutele-per-i-gestori-dei-locali\/"},"wordCount":223,"publisher":{"@id":"https:\/\/www.livemag.it\/#organization"},"image":{"@id":"https:\/\/www.livemag.it\/index.php\/2026\/03\/05\/nomaranza-bellavista-protezione-e-tutele-per-i-gestori-dei-locali\/#primaryimage"},"thumbnailUrl":"https:\/\/www.livemag.it\/wp-content\/uploads\/2026\/03\/J9Nv.jpg","articleSection":["Video"],"inLanguage":"it-IT"},{"@type":"WebPage","@id":"https:\/\/www.livemag.it\/index.php\/2026\/03\/05\/nomaranza-bellavista-protezione-e-tutele-per-i-gestori-dei-locali\/","url":"https:\/\/www.livemag.it\/index.php\/2026\/03\/05\/nomaranza-bellavista-protezione-e-tutele-per-i-gestori-dei-locali\/","name":"#NoMaranza, Bellavista \"Protezione e tutele per i gestori dei locali\" - Live Magazine","isPartOf":{"@id":"https:\/\/www.livemag.it\/#website"},"primaryImageOfPage":{"@id":"https:\/\/www.livemag.it\/index.php\/2026\/03\/05\/nomaranza-bellavista-protezione-e-tutele-per-i-gestori-dei-locali\/#primaryimage"},"image":{"@id":"https:\/\/www.livemag.it\/index.php\/2026\/03\/05\/nomaranza-bellavista-protezione-e-tutele-per-i-gestori-dei-locali\/#primaryimage"},"thumbnailUrl":"https:\/\/www.livemag.it\/wp-content\/uploads\/2026\/03\/J9Nv.jpg","datePublished":"2026-03-05T20:02:57+00:00","breadcrumb":{"@id":"https:\/\/www.livemag.it\/index.php\/2026\/03\/05\/nomaranza-bellavista-protezione-e-tutele-per-i-gestori-dei-locali\/#breadcrumb"},"inLanguage":"it-IT","potentialAction":[{"@type":"ReadAction","target":["https:\/\/www.livemag.it\/index.php\/2026\/03\/05\/nomaranza-bellavista-protezione-e-tutele-per-i-gestori-dei-locali\/"]}]},{"@type":"ImageObject","inLanguage":"it-IT","@id":"https:\/\/www.livemag.it\/index.php\/2026\/03\/05\/nomaranza-bellavista-protezione-e-tutele-per-i-gestori-dei-locali\/#primaryimage","url":"https:\/\/www.livemag.it\/wp-content\/uploads\/2026\/03\/J9Nv.jpg","contentUrl":"https:\/\/www.livemag.it\/wp-content\/uploads\/2026\/03\/J9Nv.jpg","width":1920,"height":1080},{"@type":"BreadcrumbList","@id":"https:\/\/www.livemag.it\/index.php\/2026\/03\/05\/nomaranza-bellavista-protezione-e-tutele-per-i-gestori-dei-locali\/#breadcrumb","itemListElement":[{"@type":"ListItem","position":1,"name":"Home","item":"https:\/\/www.livemag.it\/"},{"@type":"ListItem","position":2,"name":"#NoMaranza, Bellavista &#8220;Protezione e tutele per i gestori dei locali&#8221;"}]},{"@type":"WebSite","@id":"https:\/\/www.livemag.it\/#website","url":"https:\/\/www.livemag.it\/","name":"Live Magazine","description":"Varie ed eventi","publisher":{"@id":"https:\/\/www.livemag.it\/#organization"},"potentialAction":[{"@type":"SearchAction","target":{"@type":"EntryPoint","urlTemplate":"https:\/\/www.livemag.it\/?s={search_term_string}"},"query-input":{"@type":"PropertyValueSpecification","valueRequired":true,"valueName":"search_term_string"}}],"inLanguage":"it-IT"},{"@type":"Organization","@id":"https:\/\/www.livemag.it\/#organization","name":"LiveMag","alternateName":"LiveMag News ed eventi","url":"https:\/\/www.livemag.it\/","logo":{"@type":"ImageObject","inLanguage":"it-IT","@id":"https:\/\/www.livemag.it\/#\/schema\/logo\/image\/","url":"https:\/\/www.livemag.it\/wp-content\/uploads\/2024\/02\/immagine-sito.jpg","contentUrl":"https:\/\/www.livemag.it\/wp-content\/uploads\/2024\/02\/immagine-sito.jpg","width":696,"height":696,"caption":"LiveMag"},"image":{"@id":"https:\/\/www.livemag.it\/#\/schema\/logo\/image\/"},"sameAs":["https:\/\/www.facebook.com\/LiveMag\/","https:\/\/x.com\/LiveNotizie","https:\/\/www.instagram.com\/livemag\/"]},{"@type":"Person","@id":"https:\/\/www.livemag.it\/#\/schema\/person\/b62c5f44451fdcdaeb0afe6c2424e73c","name":"italpress","image":{"@type":"ImageObject","inLanguage":"it-IT","@id":"https:\/\/secure.gravatar.com\/avatar\/b6a21695fc713ce7ee312cf57c97e2e641feb365be72d8745574d3c3e2b59066?s=96&r=g","url":"https:\/\/secure.gravatar.com\/avatar\/b6a21695fc713ce7ee312cf57c97e2e641feb365be72d8745574d3c3e2b59066?s=96&r=g","contentUrl":"https:\/\/secure.gravatar.com\/avatar\/b6a21695fc713ce7ee312cf57c97e2e641feb365be72d8745574d3c3e2b59066?s=96&r=g","caption":"italpress"},"description":"Italpress \u00e8 un'agenzia di stampa italiana a carattere nazionale.","url":"https:\/\/www.livemag.it\/index.php\/author\/italpress\/"}]}},"jetpack_featured_media_url":"https:\/\/www.livemag.it\/wp-content\/uploads\/2026\/03\/J9Nv.jpg","_links":{"self":[{"href":"https:\/\/www.livemag.it\/index.php\/wp-json\/wp\/v2\/posts\/70934","targetHints":{"allow":["GET"]}}],"collection":[{"href":"https:\/\/www.livemag.it\/index.php\/wp-json\/wp\/v2\/posts"}],"about":[{"href":"https:\/\/www.livemag.it\/index.php\/wp-json\/wp\/v2\/types\/post"}],"author":[{"embeddable":true,"href":"https:\/\/www.livemag.it\/index.php\/wp-json\/wp\/v2\/users\/16"}],"replies":[{"embeddable":true,"href":"https:\/\/www.livemag.it\/index.php\/wp-json\/wp\/v2\/comments?post=70934"}],"version-history":[{"count":0,"href":"https:\/\/www.livemag.it\/index.php\/wp-json\/wp\/v2\/posts\/70934\/revisions"}],"wp:featuredmedia":[{"embeddable":true,"href":"https:\/\/www.livemag.it\/index.php\/wp-json\/wp\/v2\/media\/70935"}],"wp:attachment":[{"href":"https:\/\/www.livemag.it\/index.php\/wp-json\/wp\/v2\/media?parent=70934"}],"wp:term":[{"taxonomy":"category","embeddable":true,"href":"https:\/\/www.livemag.it\/index.php\/wp-json\/wp\/v2\/categories?post=70934"},{"taxonomy":"post_tag","embeddable":true,"href":"https:\/\/www.livemag.it\/index.php\/wp-json\/wp\/v2\/tags?post=70934"}],"curies":[{"name":"wp","href":"https:\/\/api.w.org\/{rel}","templated":true}]}}