{"id":68435,"date":"2026-01-31T21:02:34","date_gmt":"2026-01-31T20:02:34","guid":{"rendered":"https:\/\/www.livemag.it\/index.php\/2026\/01\/31\/inchingolo-con-milano-cortina-il-gruppo-fs-manifesta-eccellenza-sul-trasporto\/"},"modified":"2026-01-31T21:02:34","modified_gmt":"2026-01-31T20:02:34","slug":"inchingolo-con-milano-cortina-il-gruppo-fs-manifesta-eccellenza-sul-trasporto","status":"publish","type":"post","link":"https:\/\/www.livemag.it\/index.php\/2026\/01\/31\/inchingolo-con-milano-cortina-il-gruppo-fs-manifesta-eccellenza-sul-trasporto\/","title":{"rendered":"<div>Inchingolo &#8220;Con Milano-Cortina il Gruppo FS manifesta eccellenza sul trasporto&#8221;<\/div>"},"content":{"rendered":"<p>    <video-js id=\"videojs69ec8b3684265\" class=\"vjs-big-play-centered\" controls preload=\"auto\" playsinline data-setup='{\"fluid\": true}'>\r\n        <source src=\"https:\/\/video.italpress.com\/play\/mp4\/video\/2NDK\" type=\"video\/mp4\" \/>\r\n    <\/video-js>\r\n           <br \/>\n<\/p>\n<div> CORTINA D&#8217;AMPEZZO (BELLUNO) (ITALPRESS) &#8211; &#8220;Le opere previste dal Gruppo Ferrovie dello Stato, sia quelle realizzate sulle opere stradali di Anas, sia quelle infrastrutturali ferroviarie Rfi e quelle di mobilit\u00e0 di Trenitalia e Busitalia, sono state tutte realizzate, sono gi\u00e0 in attivit\u00e0 le gallerie, le nuove tratte ferroviarie, le 10 stazioni ristrutturate e gli hub di intermodalit\u00e0. Siamo pronti&#8221;. Lo ha detto Giuseppe Inchingolo, Chief Corporate Affairs, Communication &amp; Sustainability Officer Gruppo FS Italiane, a margine dell&#8217;incontro con la stampa in vista delle Olimpiadi. &#8220;Sono delle Olimpiadi diffuse e questo le rende abbastanza complicate dal punto di vista della mobilit\u00e0&#8221; ha aggiunto Inchingolo &#8220;quattro regioni coinvolte, la Lombardia, il Veneto e poi il Trentino e l&#8217;Alto Adige. Per noi \u00e8 l&#8217;occasione di mostrare agli italiani e a tutti coloro i quali verranno in Italia a vedere le Olimpiadi che siamo un gruppo che manifesta eccellenza sia dal punto di vista del trasporto ferroviario che su gomma, ma soprattutto che promuove la mobilit\u00e0 sostenibile con l&#8217;intermodalit\u00e0 e la sostenibilit\u00e0 che non sono pi\u00f9 due slogan, ma che in questa occasione vedono una piena e compiuta realizzazione&#8221;.<\/p>\n<p>xc3\/trl\/mca1<\/p><\/div>\n","protected":false},"excerpt":{"rendered":"<p>CORTINA D&#8217;AMPEZZO (BELLUNO) (ITALPRESS) &#8211; &#8220;Le opere previste dal Gruppo Ferrovie dello Stato, sia quelle realizzate sulle opere stradali di Anas, sia quelle infrastrutturali ferroviarie Rfi e quelle di mobilit\u00e0 di Trenitalia e Busitalia, sono state tutte realizzate, sono gi\u00e0 in attivit\u00e0 le gallerie, le nuove tratte ferroviarie, le 10 stazioni ristrutturate e gli hub [&hellip;]<\/p>\n","protected":false},"author":16,"featured_media":68436,"comment_status":"closed","ping_status":"closed","sticky":false,"template":"","format":"video","meta":{"jnews-multi-image_gallery":[],"jnews_single_post":[],"jnews_primary_category":[],"jnews_social_meta":[],"jnews_override_counter":[],"jnews_post_split":[],"footnotes":""},"categories":[1171],"tags":[],"class_list":["post-68435","post","type-post","status-publish","format-video","has-post-thumbnail","hentry","category-video","post_format-post-format-video"],"yoast_head":"<!-- This site is optimized with the Yoast SEO plugin v27.4 - https:\/\/yoast.com\/product\/yoast-seo-wordpress\/ -->\n<title>Inchingolo &quot;Con Milano-Cortina il Gruppo FS manifesta eccellenza sul trasporto&quot; - Live Magazine<\/title>\n<meta name=\"robots\" content=\"index, follow, max-snippet:-1, max-image-preview:large, max-video-preview:-1\" \/>\n<link rel=\"canonical\" href=\"https:\/\/www.livemag.it\/index.php\/2026\/01\/31\/inchingolo-con-milano-cortina-il-gruppo-fs-manifesta-eccellenza-sul-trasporto\/\" \/>\n<meta property=\"og:locale\" content=\"it_IT\" \/>\n<meta property=\"og:type\" content=\"article\" \/>\n<meta property=\"og:title\" content=\"Inchingolo &quot;Con Milano-Cortina il Gruppo FS manifesta eccellenza sul trasporto&quot; - Live Magazine\" \/>\n<meta property=\"og:description\" content=\"CORTINA D&#8217;AMPEZZO (BELLUNO) (ITALPRESS) &#8211; &#8220;Le opere previste dal Gruppo Ferrovie dello Stato, sia quelle realizzate sulle opere stradali di Anas, sia quelle infrastrutturali ferroviarie Rfi e quelle di mobilit\u00e0 di Trenitalia e Busitalia, sono state tutte realizzate, sono gi\u00e0 in attivit\u00e0 le gallerie, le nuove tratte ferroviarie, le 10 stazioni ristrutturate e gli hub [&hellip;]\" \/>\n<meta property=\"og:url\" content=\"https:\/\/www.livemag.it\/index.php\/2026\/01\/31\/inchingolo-con-milano-cortina-il-gruppo-fs-manifesta-eccellenza-sul-trasporto\/\" \/>\n<meta property=\"og:site_name\" content=\"Live Magazine\" \/>\n<meta property=\"article:publisher\" content=\"https:\/\/www.facebook.com\/LiveMag\/\" \/>\n<meta property=\"article:published_time\" content=\"2026-01-31T20:02:34+00:00\" \/>\n<meta property=\"og:image\" content=\"https:\/\/www.livemag.it\/wp-content\/uploads\/2024\/02\/ograph.jpg\" \/>\n\t<meta property=\"og:image:width\" content=\"1200\" \/>\n\t<meta property=\"og:image:height\" content=\"675\" \/>\n\t<meta property=\"og:image:type\" content=\"image\/jpeg\" \/>\n<meta name=\"author\" content=\"italpress\" \/>\n<meta name=\"twitter:card\" content=\"summary_large_image\" \/>\n<meta name=\"twitter:creator\" content=\"@LiveNotizie\" \/>\n<meta name=\"twitter:site\" content=\"@LiveNotizie\" \/>\n<meta name=\"twitter:label1\" content=\"Scritto da\" \/>\n\t<meta name=\"twitter:data1\" content=\"italpress\" \/>\n\t<meta name=\"twitter:label2\" content=\"Tempo di lettura stimato\" \/>\n\t<meta name=\"twitter:data2\" content=\"1 minuto\" \/>\n<script type=\"application\/ld+json\" class=\"yoast-schema-graph\">{\"@context\":\"https:\\\/\\\/schema.org\",\"@graph\":[{\"@type\":\"Article\",\"@id\":\"https:\\\/\\\/www.livemag.it\\\/index.php\\\/2026\\\/01\\\/31\\\/inchingolo-con-milano-cortina-il-gruppo-fs-manifesta-eccellenza-sul-trasporto\\\/#article\",\"isPartOf\":{\"@id\":\"https:\\\/\\\/www.livemag.it\\\/index.php\\\/2026\\\/01\\\/31\\\/inchingolo-con-milano-cortina-il-gruppo-fs-manifesta-eccellenza-sul-trasporto\\\/\"},\"author\":{\"name\":\"italpress\",\"@id\":\"https:\\\/\\\/www.livemag.it\\\/#\\\/schema\\\/person\\\/b62c5f44451fdcdaeb0afe6c2424e73c\"},\"headline\":\"Inchingolo &#8220;Con Milano-Cortina il Gruppo FS manifesta eccellenza sul trasporto&#8221;\",\"datePublished\":\"2026-01-31T20:02:34+00:00\",\"mainEntityOfPage\":{\"@id\":\"https:\\\/\\\/www.livemag.it\\\/index.php\\\/2026\\\/01\\\/31\\\/inchingolo-con-milano-cortina-il-gruppo-fs-manifesta-eccellenza-sul-trasporto\\\/\"},\"wordCount\":212,\"publisher\":{\"@id\":\"https:\\\/\\\/www.livemag.it\\\/#organization\"},\"image\":{\"@id\":\"https:\\\/\\\/www.livemag.it\\\/index.php\\\/2026\\\/01\\\/31\\\/inchingolo-con-milano-cortina-il-gruppo-fs-manifesta-eccellenza-sul-trasporto\\\/#primaryimage\"},\"thumbnailUrl\":\"https:\\\/\\\/www.livemag.it\\\/wp-content\\\/uploads\\\/2026\\\/01\\\/2NDK.jpg\",\"articleSection\":[\"Video\"],\"inLanguage\":\"it-IT\"},{\"@type\":\"WebPage\",\"@id\":\"https:\\\/\\\/www.livemag.it\\\/index.php\\\/2026\\\/01\\\/31\\\/inchingolo-con-milano-cortina-il-gruppo-fs-manifesta-eccellenza-sul-trasporto\\\/\",\"url\":\"https:\\\/\\\/www.livemag.it\\\/index.php\\\/2026\\\/01\\\/31\\\/inchingolo-con-milano-cortina-il-gruppo-fs-manifesta-eccellenza-sul-trasporto\\\/\",\"name\":\"Inchingolo \\\"Con Milano-Cortina il Gruppo FS manifesta eccellenza sul trasporto\\\" - Live Magazine\",\"isPartOf\":{\"@id\":\"https:\\\/\\\/www.livemag.it\\\/#website\"},\"primaryImageOfPage\":{\"@id\":\"https:\\\/\\\/www.livemag.it\\\/index.php\\\/2026\\\/01\\\/31\\\/inchingolo-con-milano-cortina-il-gruppo-fs-manifesta-eccellenza-sul-trasporto\\\/#primaryimage\"},\"image\":{\"@id\":\"https:\\\/\\\/www.livemag.it\\\/index.php\\\/2026\\\/01\\\/31\\\/inchingolo-con-milano-cortina-il-gruppo-fs-manifesta-eccellenza-sul-trasporto\\\/#primaryimage\"},\"thumbnailUrl\":\"https:\\\/\\\/www.livemag.it\\\/wp-content\\\/uploads\\\/2026\\\/01\\\/2NDK.jpg\",\"datePublished\":\"2026-01-31T20:02:34+00:00\",\"breadcrumb\":{\"@id\":\"https:\\\/\\\/www.livemag.it\\\/index.php\\\/2026\\\/01\\\/31\\\/inchingolo-con-milano-cortina-il-gruppo-fs-manifesta-eccellenza-sul-trasporto\\\/#breadcrumb\"},\"inLanguage\":\"it-IT\",\"potentialAction\":[{\"@type\":\"ReadAction\",\"target\":[\"https:\\\/\\\/www.livemag.it\\\/index.php\\\/2026\\\/01\\\/31\\\/inchingolo-con-milano-cortina-il-gruppo-fs-manifesta-eccellenza-sul-trasporto\\\/\"]}]},{\"@type\":\"ImageObject\",\"inLanguage\":\"it-IT\",\"@id\":\"https:\\\/\\\/www.livemag.it\\\/index.php\\\/2026\\\/01\\\/31\\\/inchingolo-con-milano-cortina-il-gruppo-fs-manifesta-eccellenza-sul-trasporto\\\/#primaryimage\",\"url\":\"https:\\\/\\\/www.livemag.it\\\/wp-content\\\/uploads\\\/2026\\\/01\\\/2NDK.jpg\",\"contentUrl\":\"https:\\\/\\\/www.livemag.it\\\/wp-content\\\/uploads\\\/2026\\\/01\\\/2NDK.jpg\",\"width\":1920,\"height\":1080},{\"@type\":\"BreadcrumbList\",\"@id\":\"https:\\\/\\\/www.livemag.it\\\/index.php\\\/2026\\\/01\\\/31\\\/inchingolo-con-milano-cortina-il-gruppo-fs-manifesta-eccellenza-sul-trasporto\\\/#breadcrumb\",\"itemListElement\":[{\"@type\":\"ListItem\",\"position\":1,\"name\":\"Home\",\"item\":\"https:\\\/\\\/www.livemag.it\\\/\"},{\"@type\":\"ListItem\",\"position\":2,\"name\":\"Inchingolo &#8220;Con Milano-Cortina il Gruppo FS manifesta eccellenza sul trasporto&#8221;\"}]},{\"@type\":\"WebSite\",\"@id\":\"https:\\\/\\\/www.livemag.it\\\/#website\",\"url\":\"https:\\\/\\\/www.livemag.it\\\/\",\"name\":\"Live Magazine\",\"description\":\"Varie ed eventi\",\"publisher\":{\"@id\":\"https:\\\/\\\/www.livemag.it\\\/#organization\"},\"potentialAction\":[{\"@type\":\"SearchAction\",\"target\":{\"@type\":\"EntryPoint\",\"urlTemplate\":\"https:\\\/\\\/www.livemag.it\\\/?s={search_term_string}\"},\"query-input\":{\"@type\":\"PropertyValueSpecification\",\"valueRequired\":true,\"valueName\":\"search_term_string\"}}],\"inLanguage\":\"it-IT\"},{\"@type\":\"Organization\",\"@id\":\"https:\\\/\\\/www.livemag.it\\\/#organization\",\"name\":\"LiveMag\",\"alternateName\":\"LiveMag News ed eventi\",\"url\":\"https:\\\/\\\/www.livemag.it\\\/\",\"logo\":{\"@type\":\"ImageObject\",\"inLanguage\":\"it-IT\",\"@id\":\"https:\\\/\\\/www.livemag.it\\\/#\\\/schema\\\/logo\\\/image\\\/\",\"url\":\"https:\\\/\\\/www.livemag.it\\\/wp-content\\\/uploads\\\/2024\\\/02\\\/immagine-sito.jpg\",\"contentUrl\":\"https:\\\/\\\/www.livemag.it\\\/wp-content\\\/uploads\\\/2024\\\/02\\\/immagine-sito.jpg\",\"width\":696,\"height\":696,\"caption\":\"LiveMag\"},\"image\":{\"@id\":\"https:\\\/\\\/www.livemag.it\\\/#\\\/schema\\\/logo\\\/image\\\/\"},\"sameAs\":[\"https:\\\/\\\/www.facebook.com\\\/LiveMag\\\/\",\"https:\\\/\\\/x.com\\\/LiveNotizie\",\"https:\\\/\\\/www.instagram.com\\\/livemag\\\/\"]},{\"@type\":\"Person\",\"@id\":\"https:\\\/\\\/www.livemag.it\\\/#\\\/schema\\\/person\\\/b62c5f44451fdcdaeb0afe6c2424e73c\",\"name\":\"italpress\",\"image\":{\"@type\":\"ImageObject\",\"inLanguage\":\"it-IT\",\"@id\":\"https:\\\/\\\/secure.gravatar.com\\\/avatar\\\/b6a21695fc713ce7ee312cf57c97e2e641feb365be72d8745574d3c3e2b59066?s=96&r=g\",\"url\":\"https:\\\/\\\/secure.gravatar.com\\\/avatar\\\/b6a21695fc713ce7ee312cf57c97e2e641feb365be72d8745574d3c3e2b59066?s=96&r=g\",\"contentUrl\":\"https:\\\/\\\/secure.gravatar.com\\\/avatar\\\/b6a21695fc713ce7ee312cf57c97e2e641feb365be72d8745574d3c3e2b59066?s=96&r=g\",\"caption\":\"italpress\"},\"description\":\"Italpress \u00e8 un'agenzia di stampa italiana a carattere nazionale.\",\"url\":\"https:\\\/\\\/www.livemag.it\\\/index.php\\\/author\\\/italpress\\\/\"}]}<\/script>\n<!-- \/ Yoast SEO plugin. -->","yoast_head_json":{"title":"Inchingolo \"Con Milano-Cortina il Gruppo FS manifesta eccellenza sul trasporto\" - Live Magazine","robots":{"index":"index","follow":"follow","max-snippet":"max-snippet:-1","max-image-preview":"max-image-preview:large","max-video-preview":"max-video-preview:-1"},"canonical":"https:\/\/www.livemag.it\/index.php\/2026\/01\/31\/inchingolo-con-milano-cortina-il-gruppo-fs-manifesta-eccellenza-sul-trasporto\/","og_locale":"it_IT","og_type":"article","og_title":"Inchingolo \"Con Milano-Cortina il Gruppo FS manifesta eccellenza sul trasporto\" - Live Magazine","og_description":"CORTINA D&#8217;AMPEZZO (BELLUNO) (ITALPRESS) &#8211; &#8220;Le opere previste dal Gruppo Ferrovie dello Stato, sia quelle realizzate sulle opere stradali di Anas, sia quelle infrastrutturali ferroviarie Rfi e quelle di mobilit\u00e0 di Trenitalia e Busitalia, sono state tutte realizzate, sono gi\u00e0 in attivit\u00e0 le gallerie, le nuove tratte ferroviarie, le 10 stazioni ristrutturate e gli hub [&hellip;]","og_url":"https:\/\/www.livemag.it\/index.php\/2026\/01\/31\/inchingolo-con-milano-cortina-il-gruppo-fs-manifesta-eccellenza-sul-trasporto\/","og_site_name":"Live Magazine","article_publisher":"https:\/\/www.facebook.com\/LiveMag\/","article_published_time":"2026-01-31T20:02:34+00:00","og_image":[{"width":1200,"height":675,"url":"https:\/\/www.livemag.it\/wp-content\/uploads\/2024\/02\/ograph.jpg","type":"image\/jpeg"}],"author":"italpress","twitter_card":"summary_large_image","twitter_creator":"@LiveNotizie","twitter_site":"@LiveNotizie","twitter_misc":{"Scritto da":"italpress","Tempo di lettura stimato":"1 minuto"},"schema":{"@context":"https:\/\/schema.org","@graph":[{"@type":"Article","@id":"https:\/\/www.livemag.it\/index.php\/2026\/01\/31\/inchingolo-con-milano-cortina-il-gruppo-fs-manifesta-eccellenza-sul-trasporto\/#article","isPartOf":{"@id":"https:\/\/www.livemag.it\/index.php\/2026\/01\/31\/inchingolo-con-milano-cortina-il-gruppo-fs-manifesta-eccellenza-sul-trasporto\/"},"author":{"name":"italpress","@id":"https:\/\/www.livemag.it\/#\/schema\/person\/b62c5f44451fdcdaeb0afe6c2424e73c"},"headline":"Inchingolo &#8220;Con Milano-Cortina il Gruppo FS manifesta eccellenza sul trasporto&#8221;","datePublished":"2026-01-31T20:02:34+00:00","mainEntityOfPage":{"@id":"https:\/\/www.livemag.it\/index.php\/2026\/01\/31\/inchingolo-con-milano-cortina-il-gruppo-fs-manifesta-eccellenza-sul-trasporto\/"},"wordCount":212,"publisher":{"@id":"https:\/\/www.livemag.it\/#organization"},"image":{"@id":"https:\/\/www.livemag.it\/index.php\/2026\/01\/31\/inchingolo-con-milano-cortina-il-gruppo-fs-manifesta-eccellenza-sul-trasporto\/#primaryimage"},"thumbnailUrl":"https:\/\/www.livemag.it\/wp-content\/uploads\/2026\/01\/2NDK.jpg","articleSection":["Video"],"inLanguage":"it-IT"},{"@type":"WebPage","@id":"https:\/\/www.livemag.it\/index.php\/2026\/01\/31\/inchingolo-con-milano-cortina-il-gruppo-fs-manifesta-eccellenza-sul-trasporto\/","url":"https:\/\/www.livemag.it\/index.php\/2026\/01\/31\/inchingolo-con-milano-cortina-il-gruppo-fs-manifesta-eccellenza-sul-trasporto\/","name":"Inchingolo \"Con Milano-Cortina il Gruppo FS manifesta eccellenza sul trasporto\" - Live Magazine","isPartOf":{"@id":"https:\/\/www.livemag.it\/#website"},"primaryImageOfPage":{"@id":"https:\/\/www.livemag.it\/index.php\/2026\/01\/31\/inchingolo-con-milano-cortina-il-gruppo-fs-manifesta-eccellenza-sul-trasporto\/#primaryimage"},"image":{"@id":"https:\/\/www.livemag.it\/index.php\/2026\/01\/31\/inchingolo-con-milano-cortina-il-gruppo-fs-manifesta-eccellenza-sul-trasporto\/#primaryimage"},"thumbnailUrl":"https:\/\/www.livemag.it\/wp-content\/uploads\/2026\/01\/2NDK.jpg","datePublished":"2026-01-31T20:02:34+00:00","breadcrumb":{"@id":"https:\/\/www.livemag.it\/index.php\/2026\/01\/31\/inchingolo-con-milano-cortina-il-gruppo-fs-manifesta-eccellenza-sul-trasporto\/#breadcrumb"},"inLanguage":"it-IT","potentialAction":[{"@type":"ReadAction","target":["https:\/\/www.livemag.it\/index.php\/2026\/01\/31\/inchingolo-con-milano-cortina-il-gruppo-fs-manifesta-eccellenza-sul-trasporto\/"]}]},{"@type":"ImageObject","inLanguage":"it-IT","@id":"https:\/\/www.livemag.it\/index.php\/2026\/01\/31\/inchingolo-con-milano-cortina-il-gruppo-fs-manifesta-eccellenza-sul-trasporto\/#primaryimage","url":"https:\/\/www.livemag.it\/wp-content\/uploads\/2026\/01\/2NDK.jpg","contentUrl":"https:\/\/www.livemag.it\/wp-content\/uploads\/2026\/01\/2NDK.jpg","width":1920,"height":1080},{"@type":"BreadcrumbList","@id":"https:\/\/www.livemag.it\/index.php\/2026\/01\/31\/inchingolo-con-milano-cortina-il-gruppo-fs-manifesta-eccellenza-sul-trasporto\/#breadcrumb","itemListElement":[{"@type":"ListItem","position":1,"name":"Home","item":"https:\/\/www.livemag.it\/"},{"@type":"ListItem","position":2,"name":"Inchingolo &#8220;Con Milano-Cortina il Gruppo FS manifesta eccellenza sul trasporto&#8221;"}]},{"@type":"WebSite","@id":"https:\/\/www.livemag.it\/#website","url":"https:\/\/www.livemag.it\/","name":"Live Magazine","description":"Varie ed eventi","publisher":{"@id":"https:\/\/www.livemag.it\/#organization"},"potentialAction":[{"@type":"SearchAction","target":{"@type":"EntryPoint","urlTemplate":"https:\/\/www.livemag.it\/?s={search_term_string}"},"query-input":{"@type":"PropertyValueSpecification","valueRequired":true,"valueName":"search_term_string"}}],"inLanguage":"it-IT"},{"@type":"Organization","@id":"https:\/\/www.livemag.it\/#organization","name":"LiveMag","alternateName":"LiveMag News ed eventi","url":"https:\/\/www.livemag.it\/","logo":{"@type":"ImageObject","inLanguage":"it-IT","@id":"https:\/\/www.livemag.it\/#\/schema\/logo\/image\/","url":"https:\/\/www.livemag.it\/wp-content\/uploads\/2024\/02\/immagine-sito.jpg","contentUrl":"https:\/\/www.livemag.it\/wp-content\/uploads\/2024\/02\/immagine-sito.jpg","width":696,"height":696,"caption":"LiveMag"},"image":{"@id":"https:\/\/www.livemag.it\/#\/schema\/logo\/image\/"},"sameAs":["https:\/\/www.facebook.com\/LiveMag\/","https:\/\/x.com\/LiveNotizie","https:\/\/www.instagram.com\/livemag\/"]},{"@type":"Person","@id":"https:\/\/www.livemag.it\/#\/schema\/person\/b62c5f44451fdcdaeb0afe6c2424e73c","name":"italpress","image":{"@type":"ImageObject","inLanguage":"it-IT","@id":"https:\/\/secure.gravatar.com\/avatar\/b6a21695fc713ce7ee312cf57c97e2e641feb365be72d8745574d3c3e2b59066?s=96&r=g","url":"https:\/\/secure.gravatar.com\/avatar\/b6a21695fc713ce7ee312cf57c97e2e641feb365be72d8745574d3c3e2b59066?s=96&r=g","contentUrl":"https:\/\/secure.gravatar.com\/avatar\/b6a21695fc713ce7ee312cf57c97e2e641feb365be72d8745574d3c3e2b59066?s=96&r=g","caption":"italpress"},"description":"Italpress \u00e8 un'agenzia di stampa italiana a carattere nazionale.","url":"https:\/\/www.livemag.it\/index.php\/author\/italpress\/"}]}},"jetpack_featured_media_url":"https:\/\/www.livemag.it\/wp-content\/uploads\/2026\/01\/2NDK.jpg","_links":{"self":[{"href":"https:\/\/www.livemag.it\/index.php\/wp-json\/wp\/v2\/posts\/68435","targetHints":{"allow":["GET"]}}],"collection":[{"href":"https:\/\/www.livemag.it\/index.php\/wp-json\/wp\/v2\/posts"}],"about":[{"href":"https:\/\/www.livemag.it\/index.php\/wp-json\/wp\/v2\/types\/post"}],"author":[{"embeddable":true,"href":"https:\/\/www.livemag.it\/index.php\/wp-json\/wp\/v2\/users\/16"}],"replies":[{"embeddable":true,"href":"https:\/\/www.livemag.it\/index.php\/wp-json\/wp\/v2\/comments?post=68435"}],"version-history":[{"count":0,"href":"https:\/\/www.livemag.it\/index.php\/wp-json\/wp\/v2\/posts\/68435\/revisions"}],"wp:featuredmedia":[{"embeddable":true,"href":"https:\/\/www.livemag.it\/index.php\/wp-json\/wp\/v2\/media\/68436"}],"wp:attachment":[{"href":"https:\/\/www.livemag.it\/index.php\/wp-json\/wp\/v2\/media?parent=68435"}],"wp:term":[{"taxonomy":"category","embeddable":true,"href":"https:\/\/www.livemag.it\/index.php\/wp-json\/wp\/v2\/categories?post=68435"},{"taxonomy":"post_tag","embeddable":true,"href":"https:\/\/www.livemag.it\/index.php\/wp-json\/wp\/v2\/tags?post=68435"}],"curies":[{"name":"wp","href":"https:\/\/api.w.org\/{rel}","templated":true}]}}