{"id":68433,"date":"2026-01-31T18:02:41","date_gmt":"2026-01-31T17:02:41","guid":{"rendered":"https:\/\/www.livemag.it\/index.php\/2026\/01\/31\/papa-madre-teresa-profetica-il-piu-grande-distruttore-della-pace-e-laborto\/"},"modified":"2026-01-31T18:02:41","modified_gmt":"2026-01-31T17:02:41","slug":"papa-madre-teresa-profetica-il-piu-grande-distruttore-della-pace-e-laborto","status":"publish","type":"post","link":"https:\/\/www.livemag.it\/index.php\/2026\/01\/31\/papa-madre-teresa-profetica-il-piu-grande-distruttore-della-pace-e-laborto\/","title":{"rendered":"Papa \u201cMadre Teresa profetica, il pi\u00f9 grande distruttore della pace \u00e8 l\u2019aborto\u201d"},"content":{"rendered":"<div>\n<p>CITTA\u2019 DEL VATICANO (ITALPRESS) \u2013 \u201cLa pace \u00e8 soprattutto un dono, perch\u00e8 la riceviamo da chi ci precede nella storia: \u00e8 un bene del quale ringraziare. La pace \u00e8 alleanza, che ci incarica di un impegno comune: quello di onorarla, quando c\u2019\u00e8, e di realizzarla, quando manca. La pace, infine, \u00e8 promessa, perch\u00e8 sostiene la nostra speranza in un mondo migliore, e come tale viene cercata da tutte le persone di buona volont\u00e0\u201d. Lo ha detto Papa Leone XIV, ricevendo in udienza al Palazzo Apostolico i partecipanti al convegno \u201cOne Humanity, One Planet\u201d.<br \/>\u201cLa politica svolge qui una funzione sociale insostituibile: vi esorto perci\u00f2 a cooperare sempre pi\u00f9 nello studio di forme partecipative che coinvolgano tutti i cittadini, uomini e donne, nella vita istituzionale degli Stati. Su queste basi sar\u00e0 possibile edificare quella fraternit\u00e0 universale che gi\u00e0 tra voi giovani si annuncia come segno di un tempo nuovo: il vostro lavoro, infatti, trova la sua espressione pi\u00f9 alta quando opera per un\u2019umanit\u00e0 pacificata nella giustizia \u2013 ha aggiunto il Pontefice -. A tal fine, vi invito a riflettere sul fatto che non ci sar\u00e0 pace senza porre fine alla guerra che l\u2019umanit\u00e0 fa a s\u00e8 stessa quando scarta chi \u00e8 debole, quando esclude chi \u00e8 povero, quando resta indifferente davanti al profugo e all\u2019oppresso. Solo chi ha cura dei pi\u00f9 piccoli pu\u00f2 fare cose davvero grandi. Madre Teresa di Calcutta, santa degli ultimi e premio Nobel per la pace, affermava a riguardo che \u00abil pi\u00f9 grande distruttore della pace \u00e8 l\u2019aborto\u00bb (Discorso al National Prayer Breakfast, 3 febbraio 1994). La sua voce rimane profetica: nessuna politica pu\u00f2 infatti porsi a servizio dei popoli se esclude dalla vita coloro che stanno per venire al mondo, se non soccorre chi \u00e8 nell\u2019indigenza materiale e spirituale\u201d.<br \/>\u201cDavanti alle molte sfide del presente abbiate dunque coraggio, ricordando che non siete soli a cercare la fraternit\u00e0 universale: l\u2019unico Dio ci dona la terra come casa comune per tutti i popoli. Il titolo del vostro convegno, \u201cOne Humanity, One Planet\u201d, merita perci\u00f2 di essere completato con \u201cOne God\u201d \u2013 ha concluso il Papa -: riconoscendo in Lui il creatore buono, le nostre religioni ci chiamano a contribuire al progresso sociale, ricercando sempre quel bene comune che ha per fondamenta la giustizia e la pace\u201d.<\/p>\n<p>\u2013 Foto IPA Agency \u2013<\/p>\n<p>(ITALPRESS).<\/p>\n<\/div>\n","protected":false},"excerpt":{"rendered":"<p>CITTA\u2019 DEL VATICANO (ITALPRESS) \u2013 \u201cLa pace \u00e8 soprattutto un dono, perch\u00e8 la riceviamo da chi ci precede nella storia: \u00e8 un bene del quale ringraziare. La pace \u00e8 alleanza, che ci incarica di un impegno comune: quello di onorarla, quando c\u2019\u00e8, e di realizzarla, quando manca. La pace, infine, \u00e8 promessa, perch\u00e8 sostiene la [&hellip;]<\/p>\n","protected":false},"author":16,"featured_media":68434,"comment_status":"closed","ping_status":"closed","sticky":false,"template":"","format":"standard","meta":{"jnews-multi-image_gallery":[],"jnews_single_post":[],"jnews_primary_category":[],"jnews_social_meta":[],"jnews_override_counter":[],"jnews_post_split":[],"footnotes":""},"categories":[1129],"tags":[],"class_list":["post-68433","post","type-post","status-publish","format-standard","has-post-thumbnail","hentry","category-mondo"],"yoast_head":"<!-- This site is optimized with the Yoast SEO plugin v27.4 - https:\/\/yoast.com\/product\/yoast-seo-wordpress\/ -->\n<title>Papa \u201cMadre Teresa profetica, il pi\u00f9 grande distruttore della pace \u00e8 l\u2019aborto\u201d - Live Magazine<\/title>\n<meta name=\"robots\" content=\"index, follow, max-snippet:-1, max-image-preview:large, max-video-preview:-1\" \/>\n<link rel=\"canonical\" href=\"https:\/\/www.livemag.it\/index.php\/2026\/01\/31\/papa-madre-teresa-profetica-il-piu-grande-distruttore-della-pace-e-laborto\/\" \/>\n<meta property=\"og:locale\" content=\"it_IT\" \/>\n<meta property=\"og:type\" content=\"article\" \/>\n<meta property=\"og:title\" content=\"Papa \u201cMadre Teresa profetica, il pi\u00f9 grande distruttore della pace \u00e8 l\u2019aborto\u201d - Live Magazine\" \/>\n<meta property=\"og:description\" content=\"CITTA\u2019 DEL VATICANO (ITALPRESS) \u2013 \u201cLa pace \u00e8 soprattutto un dono, perch\u00e8 la riceviamo da chi ci precede nella storia: \u00e8 un bene del quale ringraziare. La pace \u00e8 alleanza, che ci incarica di un impegno comune: quello di onorarla, quando c\u2019\u00e8, e di realizzarla, quando manca. La pace, infine, \u00e8 promessa, perch\u00e8 sostiene la [&hellip;]\" \/>\n<meta property=\"og:url\" content=\"https:\/\/www.livemag.it\/index.php\/2026\/01\/31\/papa-madre-teresa-profetica-il-piu-grande-distruttore-della-pace-e-laborto\/\" \/>\n<meta property=\"og:site_name\" content=\"Live Magazine\" \/>\n<meta property=\"article:publisher\" content=\"https:\/\/www.facebook.com\/LiveMag\/\" \/>\n<meta property=\"article:published_time\" content=\"2026-01-31T17:02:41+00:00\" \/>\n<meta property=\"og:image\" content=\"https:\/\/www.livemag.it\/wp-content\/uploads\/2024\/02\/ograph.jpg\" \/>\n\t<meta property=\"og:image:width\" content=\"1200\" \/>\n\t<meta property=\"og:image:height\" content=\"675\" \/>\n\t<meta property=\"og:image:type\" content=\"image\/jpeg\" \/>\n<meta name=\"author\" content=\"italpress\" \/>\n<meta name=\"twitter:card\" content=\"summary_large_image\" \/>\n<meta name=\"twitter:creator\" content=\"@LiveNotizie\" \/>\n<meta name=\"twitter:site\" content=\"@LiveNotizie\" \/>\n<meta name=\"twitter:label1\" content=\"Scritto da\" \/>\n\t<meta name=\"twitter:data1\" content=\"italpress\" \/>\n\t<meta name=\"twitter:label2\" content=\"Tempo di lettura stimato\" \/>\n\t<meta name=\"twitter:data2\" content=\"2 minuti\" \/>\n<script type=\"application\/ld+json\" class=\"yoast-schema-graph\">{\"@context\":\"https:\\\/\\\/schema.org\",\"@graph\":[{\"@type\":\"Article\",\"@id\":\"https:\\\/\\\/www.livemag.it\\\/index.php\\\/2026\\\/01\\\/31\\\/papa-madre-teresa-profetica-il-piu-grande-distruttore-della-pace-e-laborto\\\/#article\",\"isPartOf\":{\"@id\":\"https:\\\/\\\/www.livemag.it\\\/index.php\\\/2026\\\/01\\\/31\\\/papa-madre-teresa-profetica-il-piu-grande-distruttore-della-pace-e-laborto\\\/\"},\"author\":{\"name\":\"italpress\",\"@id\":\"https:\\\/\\\/www.livemag.it\\\/#\\\/schema\\\/person\\\/b62c5f44451fdcdaeb0afe6c2424e73c\"},\"headline\":\"Papa \u201cMadre Teresa profetica, il pi\u00f9 grande distruttore della pace \u00e8 l\u2019aborto\u201d\",\"datePublished\":\"2026-01-31T17:02:41+00:00\",\"mainEntityOfPage\":{\"@id\":\"https:\\\/\\\/www.livemag.it\\\/index.php\\\/2026\\\/01\\\/31\\\/papa-madre-teresa-profetica-il-piu-grande-distruttore-della-pace-e-laborto\\\/\"},\"wordCount\":387,\"publisher\":{\"@id\":\"https:\\\/\\\/www.livemag.it\\\/#organization\"},\"image\":{\"@id\":\"https:\\\/\\\/www.livemag.it\\\/index.php\\\/2026\\\/01\\\/31\\\/papa-madre-teresa-profetica-il-piu-grande-distruttore-della-pace-e-laborto\\\/#primaryimage\"},\"thumbnailUrl\":\"https:\\\/\\\/www.livemag.it\\\/wp-content\\\/uploads\\\/2026\\\/01\\\/20260131_1322.jpg\",\"articleSection\":[\"Mondo\"],\"inLanguage\":\"it-IT\"},{\"@type\":\"WebPage\",\"@id\":\"https:\\\/\\\/www.livemag.it\\\/index.php\\\/2026\\\/01\\\/31\\\/papa-madre-teresa-profetica-il-piu-grande-distruttore-della-pace-e-laborto\\\/\",\"url\":\"https:\\\/\\\/www.livemag.it\\\/index.php\\\/2026\\\/01\\\/31\\\/papa-madre-teresa-profetica-il-piu-grande-distruttore-della-pace-e-laborto\\\/\",\"name\":\"Papa \u201cMadre Teresa profetica, il pi\u00f9 grande distruttore della pace \u00e8 l\u2019aborto\u201d - Live Magazine\",\"isPartOf\":{\"@id\":\"https:\\\/\\\/www.livemag.it\\\/#website\"},\"primaryImageOfPage\":{\"@id\":\"https:\\\/\\\/www.livemag.it\\\/index.php\\\/2026\\\/01\\\/31\\\/papa-madre-teresa-profetica-il-piu-grande-distruttore-della-pace-e-laborto\\\/#primaryimage\"},\"image\":{\"@id\":\"https:\\\/\\\/www.livemag.it\\\/index.php\\\/2026\\\/01\\\/31\\\/papa-madre-teresa-profetica-il-piu-grande-distruttore-della-pace-e-laborto\\\/#primaryimage\"},\"thumbnailUrl\":\"https:\\\/\\\/www.livemag.it\\\/wp-content\\\/uploads\\\/2026\\\/01\\\/20260131_1322.jpg\",\"datePublished\":\"2026-01-31T17:02:41+00:00\",\"breadcrumb\":{\"@id\":\"https:\\\/\\\/www.livemag.it\\\/index.php\\\/2026\\\/01\\\/31\\\/papa-madre-teresa-profetica-il-piu-grande-distruttore-della-pace-e-laborto\\\/#breadcrumb\"},\"inLanguage\":\"it-IT\",\"potentialAction\":[{\"@type\":\"ReadAction\",\"target\":[\"https:\\\/\\\/www.livemag.it\\\/index.php\\\/2026\\\/01\\\/31\\\/papa-madre-teresa-profetica-il-piu-grande-distruttore-della-pace-e-laborto\\\/\"]}]},{\"@type\":\"ImageObject\",\"inLanguage\":\"it-IT\",\"@id\":\"https:\\\/\\\/www.livemag.it\\\/index.php\\\/2026\\\/01\\\/31\\\/papa-madre-teresa-profetica-il-piu-grande-distruttore-della-pace-e-laborto\\\/#primaryimage\",\"url\":\"https:\\\/\\\/www.livemag.it\\\/wp-content\\\/uploads\\\/2026\\\/01\\\/20260131_1322.jpg\",\"contentUrl\":\"https:\\\/\\\/www.livemag.it\\\/wp-content\\\/uploads\\\/2026\\\/01\\\/20260131_1322.jpg\",\"width\":1200,\"height\":800},{\"@type\":\"BreadcrumbList\",\"@id\":\"https:\\\/\\\/www.livemag.it\\\/index.php\\\/2026\\\/01\\\/31\\\/papa-madre-teresa-profetica-il-piu-grande-distruttore-della-pace-e-laborto\\\/#breadcrumb\",\"itemListElement\":[{\"@type\":\"ListItem\",\"position\":1,\"name\":\"Home\",\"item\":\"https:\\\/\\\/www.livemag.it\\\/\"},{\"@type\":\"ListItem\",\"position\":2,\"name\":\"Papa \u201cMadre Teresa profetica, il pi\u00f9 grande distruttore della pace \u00e8 l\u2019aborto\u201d\"}]},{\"@type\":\"WebSite\",\"@id\":\"https:\\\/\\\/www.livemag.it\\\/#website\",\"url\":\"https:\\\/\\\/www.livemag.it\\\/\",\"name\":\"Live Magazine\",\"description\":\"Varie ed eventi\",\"publisher\":{\"@id\":\"https:\\\/\\\/www.livemag.it\\\/#organization\"},\"potentialAction\":[{\"@type\":\"SearchAction\",\"target\":{\"@type\":\"EntryPoint\",\"urlTemplate\":\"https:\\\/\\\/www.livemag.it\\\/?s={search_term_string}\"},\"query-input\":{\"@type\":\"PropertyValueSpecification\",\"valueRequired\":true,\"valueName\":\"search_term_string\"}}],\"inLanguage\":\"it-IT\"},{\"@type\":\"Organization\",\"@id\":\"https:\\\/\\\/www.livemag.it\\\/#organization\",\"name\":\"LiveMag\",\"alternateName\":\"LiveMag News ed eventi\",\"url\":\"https:\\\/\\\/www.livemag.it\\\/\",\"logo\":{\"@type\":\"ImageObject\",\"inLanguage\":\"it-IT\",\"@id\":\"https:\\\/\\\/www.livemag.it\\\/#\\\/schema\\\/logo\\\/image\\\/\",\"url\":\"https:\\\/\\\/www.livemag.it\\\/wp-content\\\/uploads\\\/2024\\\/02\\\/immagine-sito.jpg\",\"contentUrl\":\"https:\\\/\\\/www.livemag.it\\\/wp-content\\\/uploads\\\/2024\\\/02\\\/immagine-sito.jpg\",\"width\":696,\"height\":696,\"caption\":\"LiveMag\"},\"image\":{\"@id\":\"https:\\\/\\\/www.livemag.it\\\/#\\\/schema\\\/logo\\\/image\\\/\"},\"sameAs\":[\"https:\\\/\\\/www.facebook.com\\\/LiveMag\\\/\",\"https:\\\/\\\/x.com\\\/LiveNotizie\",\"https:\\\/\\\/www.instagram.com\\\/livemag\\\/\"]},{\"@type\":\"Person\",\"@id\":\"https:\\\/\\\/www.livemag.it\\\/#\\\/schema\\\/person\\\/b62c5f44451fdcdaeb0afe6c2424e73c\",\"name\":\"italpress\",\"image\":{\"@type\":\"ImageObject\",\"inLanguage\":\"it-IT\",\"@id\":\"https:\\\/\\\/secure.gravatar.com\\\/avatar\\\/b6a21695fc713ce7ee312cf57c97e2e641feb365be72d8745574d3c3e2b59066?s=96&r=g\",\"url\":\"https:\\\/\\\/secure.gravatar.com\\\/avatar\\\/b6a21695fc713ce7ee312cf57c97e2e641feb365be72d8745574d3c3e2b59066?s=96&r=g\",\"contentUrl\":\"https:\\\/\\\/secure.gravatar.com\\\/avatar\\\/b6a21695fc713ce7ee312cf57c97e2e641feb365be72d8745574d3c3e2b59066?s=96&r=g\",\"caption\":\"italpress\"},\"description\":\"Italpress \u00e8 un'agenzia di stampa italiana a carattere nazionale.\",\"url\":\"https:\\\/\\\/www.livemag.it\\\/index.php\\\/author\\\/italpress\\\/\"}]}<\/script>\n<!-- \/ Yoast SEO plugin. -->","yoast_head_json":{"title":"Papa \u201cMadre Teresa profetica, il pi\u00f9 grande distruttore della pace \u00e8 l\u2019aborto\u201d - Live Magazine","robots":{"index":"index","follow":"follow","max-snippet":"max-snippet:-1","max-image-preview":"max-image-preview:large","max-video-preview":"max-video-preview:-1"},"canonical":"https:\/\/www.livemag.it\/index.php\/2026\/01\/31\/papa-madre-teresa-profetica-il-piu-grande-distruttore-della-pace-e-laborto\/","og_locale":"it_IT","og_type":"article","og_title":"Papa \u201cMadre Teresa profetica, il pi\u00f9 grande distruttore della pace \u00e8 l\u2019aborto\u201d - Live Magazine","og_description":"CITTA\u2019 DEL VATICANO (ITALPRESS) \u2013 \u201cLa pace \u00e8 soprattutto un dono, perch\u00e8 la riceviamo da chi ci precede nella storia: \u00e8 un bene del quale ringraziare. La pace \u00e8 alleanza, che ci incarica di un impegno comune: quello di onorarla, quando c\u2019\u00e8, e di realizzarla, quando manca. La pace, infine, \u00e8 promessa, perch\u00e8 sostiene la [&hellip;]","og_url":"https:\/\/www.livemag.it\/index.php\/2026\/01\/31\/papa-madre-teresa-profetica-il-piu-grande-distruttore-della-pace-e-laborto\/","og_site_name":"Live Magazine","article_publisher":"https:\/\/www.facebook.com\/LiveMag\/","article_published_time":"2026-01-31T17:02:41+00:00","og_image":[{"width":1200,"height":675,"url":"https:\/\/www.livemag.it\/wp-content\/uploads\/2024\/02\/ograph.jpg","type":"image\/jpeg"}],"author":"italpress","twitter_card":"summary_large_image","twitter_creator":"@LiveNotizie","twitter_site":"@LiveNotizie","twitter_misc":{"Scritto da":"italpress","Tempo di lettura stimato":"2 minuti"},"schema":{"@context":"https:\/\/schema.org","@graph":[{"@type":"Article","@id":"https:\/\/www.livemag.it\/index.php\/2026\/01\/31\/papa-madre-teresa-profetica-il-piu-grande-distruttore-della-pace-e-laborto\/#article","isPartOf":{"@id":"https:\/\/www.livemag.it\/index.php\/2026\/01\/31\/papa-madre-teresa-profetica-il-piu-grande-distruttore-della-pace-e-laborto\/"},"author":{"name":"italpress","@id":"https:\/\/www.livemag.it\/#\/schema\/person\/b62c5f44451fdcdaeb0afe6c2424e73c"},"headline":"Papa \u201cMadre Teresa profetica, il pi\u00f9 grande distruttore della pace \u00e8 l\u2019aborto\u201d","datePublished":"2026-01-31T17:02:41+00:00","mainEntityOfPage":{"@id":"https:\/\/www.livemag.it\/index.php\/2026\/01\/31\/papa-madre-teresa-profetica-il-piu-grande-distruttore-della-pace-e-laborto\/"},"wordCount":387,"publisher":{"@id":"https:\/\/www.livemag.it\/#organization"},"image":{"@id":"https:\/\/www.livemag.it\/index.php\/2026\/01\/31\/papa-madre-teresa-profetica-il-piu-grande-distruttore-della-pace-e-laborto\/#primaryimage"},"thumbnailUrl":"https:\/\/www.livemag.it\/wp-content\/uploads\/2026\/01\/20260131_1322.jpg","articleSection":["Mondo"],"inLanguage":"it-IT"},{"@type":"WebPage","@id":"https:\/\/www.livemag.it\/index.php\/2026\/01\/31\/papa-madre-teresa-profetica-il-piu-grande-distruttore-della-pace-e-laborto\/","url":"https:\/\/www.livemag.it\/index.php\/2026\/01\/31\/papa-madre-teresa-profetica-il-piu-grande-distruttore-della-pace-e-laborto\/","name":"Papa \u201cMadre Teresa profetica, il pi\u00f9 grande distruttore della pace \u00e8 l\u2019aborto\u201d - Live Magazine","isPartOf":{"@id":"https:\/\/www.livemag.it\/#website"},"primaryImageOfPage":{"@id":"https:\/\/www.livemag.it\/index.php\/2026\/01\/31\/papa-madre-teresa-profetica-il-piu-grande-distruttore-della-pace-e-laborto\/#primaryimage"},"image":{"@id":"https:\/\/www.livemag.it\/index.php\/2026\/01\/31\/papa-madre-teresa-profetica-il-piu-grande-distruttore-della-pace-e-laborto\/#primaryimage"},"thumbnailUrl":"https:\/\/www.livemag.it\/wp-content\/uploads\/2026\/01\/20260131_1322.jpg","datePublished":"2026-01-31T17:02:41+00:00","breadcrumb":{"@id":"https:\/\/www.livemag.it\/index.php\/2026\/01\/31\/papa-madre-teresa-profetica-il-piu-grande-distruttore-della-pace-e-laborto\/#breadcrumb"},"inLanguage":"it-IT","potentialAction":[{"@type":"ReadAction","target":["https:\/\/www.livemag.it\/index.php\/2026\/01\/31\/papa-madre-teresa-profetica-il-piu-grande-distruttore-della-pace-e-laborto\/"]}]},{"@type":"ImageObject","inLanguage":"it-IT","@id":"https:\/\/www.livemag.it\/index.php\/2026\/01\/31\/papa-madre-teresa-profetica-il-piu-grande-distruttore-della-pace-e-laborto\/#primaryimage","url":"https:\/\/www.livemag.it\/wp-content\/uploads\/2026\/01\/20260131_1322.jpg","contentUrl":"https:\/\/www.livemag.it\/wp-content\/uploads\/2026\/01\/20260131_1322.jpg","width":1200,"height":800},{"@type":"BreadcrumbList","@id":"https:\/\/www.livemag.it\/index.php\/2026\/01\/31\/papa-madre-teresa-profetica-il-piu-grande-distruttore-della-pace-e-laborto\/#breadcrumb","itemListElement":[{"@type":"ListItem","position":1,"name":"Home","item":"https:\/\/www.livemag.it\/"},{"@type":"ListItem","position":2,"name":"Papa \u201cMadre Teresa profetica, il pi\u00f9 grande distruttore della pace \u00e8 l\u2019aborto\u201d"}]},{"@type":"WebSite","@id":"https:\/\/www.livemag.it\/#website","url":"https:\/\/www.livemag.it\/","name":"Live Magazine","description":"Varie ed eventi","publisher":{"@id":"https:\/\/www.livemag.it\/#organization"},"potentialAction":[{"@type":"SearchAction","target":{"@type":"EntryPoint","urlTemplate":"https:\/\/www.livemag.it\/?s={search_term_string}"},"query-input":{"@type":"PropertyValueSpecification","valueRequired":true,"valueName":"search_term_string"}}],"inLanguage":"it-IT"},{"@type":"Organization","@id":"https:\/\/www.livemag.it\/#organization","name":"LiveMag","alternateName":"LiveMag News ed eventi","url":"https:\/\/www.livemag.it\/","logo":{"@type":"ImageObject","inLanguage":"it-IT","@id":"https:\/\/www.livemag.it\/#\/schema\/logo\/image\/","url":"https:\/\/www.livemag.it\/wp-content\/uploads\/2024\/02\/immagine-sito.jpg","contentUrl":"https:\/\/www.livemag.it\/wp-content\/uploads\/2024\/02\/immagine-sito.jpg","width":696,"height":696,"caption":"LiveMag"},"image":{"@id":"https:\/\/www.livemag.it\/#\/schema\/logo\/image\/"},"sameAs":["https:\/\/www.facebook.com\/LiveMag\/","https:\/\/x.com\/LiveNotizie","https:\/\/www.instagram.com\/livemag\/"]},{"@type":"Person","@id":"https:\/\/www.livemag.it\/#\/schema\/person\/b62c5f44451fdcdaeb0afe6c2424e73c","name":"italpress","image":{"@type":"ImageObject","inLanguage":"it-IT","@id":"https:\/\/secure.gravatar.com\/avatar\/b6a21695fc713ce7ee312cf57c97e2e641feb365be72d8745574d3c3e2b59066?s=96&r=g","url":"https:\/\/secure.gravatar.com\/avatar\/b6a21695fc713ce7ee312cf57c97e2e641feb365be72d8745574d3c3e2b59066?s=96&r=g","contentUrl":"https:\/\/secure.gravatar.com\/avatar\/b6a21695fc713ce7ee312cf57c97e2e641feb365be72d8745574d3c3e2b59066?s=96&r=g","caption":"italpress"},"description":"Italpress \u00e8 un'agenzia di stampa italiana a carattere nazionale.","url":"https:\/\/www.livemag.it\/index.php\/author\/italpress\/"}]}},"jetpack_featured_media_url":"https:\/\/www.livemag.it\/wp-content\/uploads\/2026\/01\/20260131_1322.jpg","_links":{"self":[{"href":"https:\/\/www.livemag.it\/index.php\/wp-json\/wp\/v2\/posts\/68433","targetHints":{"allow":["GET"]}}],"collection":[{"href":"https:\/\/www.livemag.it\/index.php\/wp-json\/wp\/v2\/posts"}],"about":[{"href":"https:\/\/www.livemag.it\/index.php\/wp-json\/wp\/v2\/types\/post"}],"author":[{"embeddable":true,"href":"https:\/\/www.livemag.it\/index.php\/wp-json\/wp\/v2\/users\/16"}],"replies":[{"embeddable":true,"href":"https:\/\/www.livemag.it\/index.php\/wp-json\/wp\/v2\/comments?post=68433"}],"version-history":[{"count":0,"href":"https:\/\/www.livemag.it\/index.php\/wp-json\/wp\/v2\/posts\/68433\/revisions"}],"wp:featuredmedia":[{"embeddable":true,"href":"https:\/\/www.livemag.it\/index.php\/wp-json\/wp\/v2\/media\/68434"}],"wp:attachment":[{"href":"https:\/\/www.livemag.it\/index.php\/wp-json\/wp\/v2\/media?parent=68433"}],"wp:term":[{"taxonomy":"category","embeddable":true,"href":"https:\/\/www.livemag.it\/index.php\/wp-json\/wp\/v2\/categories?post=68433"},{"taxonomy":"post_tag","embeddable":true,"href":"https:\/\/www.livemag.it\/index.php\/wp-json\/wp\/v2\/tags?post=68433"}],"curies":[{"name":"wp","href":"https:\/\/api.w.org\/{rel}","templated":true}]}}