{"id":68426,"date":"2026-01-31T15:02:49","date_gmt":"2026-01-31T14:02:49","guid":{"rendered":"https:\/\/www.livemag.it\/index.php\/2026\/01\/31\/giustizia-nordio-riforma-non-e-punitiva-per-magistrati-siamo-aperti-a-dialogo\/"},"modified":"2026-01-31T15:02:49","modified_gmt":"2026-01-31T14:02:49","slug":"giustizia-nordio-riforma-non-e-punitiva-per-magistrati-siamo-aperti-a-dialogo","status":"publish","type":"post","link":"https:\/\/www.livemag.it\/index.php\/2026\/01\/31\/giustizia-nordio-riforma-non-e-punitiva-per-magistrati-siamo-aperti-a-dialogo\/","title":{"rendered":"Giustizia, Nordio \u201cRiforma non \u00e8 punitiva per magistrati, siamo aperti a dialogo\u201d"},"content":{"rendered":"<div>\n<p>MILANO (ITALPRESS) \u2013 \u201cMa davvero voi credete che con questa riforma il governo intenda mettere la magistratura sotto il potere esecutivo? Ieri ho usato davanti al presidente della Repubblica il termine \u201cblasfemo\u201d che ripeto e confermo, perch\u00e8 ritengo il Parlamento una istituzione sacra. Noi abbiamo enfatizzato l\u2019autonomia e l\u2019indipendenza della magistratura. Attribuire al Parlamento una volont\u00e0 che nessuno ha mai voluto e che \u00e8 scritta esattamente al contrario \u00e8 una blasfemia ed \u00e8 anche irriverente\u201d.  Cos\u00ec il ministro della Giustizia Carlo Nordio, nel suo intervento all\u2019inaugurazione dell\u2019anno giudiziario a Milano.<br \/>\u201cQuesta legge non \u00e8 fatta per punire la magistratura e non \u00e8 fatta per rafforzare il Governo, che non ha bisogno di essere rafforzato \u2013 ha spiegato Nordio -. E\u2019 una riforma fatta per costituire l\u2019epilogo del codice di procedura penale voluta da Vassallo, se vinceranno i no accetteremo serenamente l\u2019esito del referendum, se vinceranno i s\u00ec, dal giorno dopo inizieremo un dialogo con magistratura, avvocatura e mondo accademico per la seconda parte della riforma, la parte attuativa. Siamo disponibilissimi al dialogo\u201d.<\/p>\n<p>\u2013 Foto IPA Agency \u2013<\/p>\n<p>(ITALPRESS).<\/p>\n<\/div>\n","protected":false},"excerpt":{"rendered":"<p>MILANO (ITALPRESS) \u2013 \u201cMa davvero voi credete che con questa riforma il governo intenda mettere la magistratura sotto il potere esecutivo? Ieri ho usato davanti al presidente della Repubblica il termine \u201cblasfemo\u201d che ripeto e confermo, perch\u00e8 ritengo il Parlamento una istituzione sacra. Noi abbiamo enfatizzato l\u2019autonomia e l\u2019indipendenza della magistratura. Attribuire al Parlamento una [&hellip;]<\/p>\n","protected":false},"author":16,"featured_media":68427,"comment_status":"closed","ping_status":"closed","sticky":false,"template":"","format":"standard","meta":{"jnews-multi-image_gallery":[],"jnews_single_post":[],"jnews_primary_category":[],"jnews_social_meta":[],"jnews_override_counter":[],"jnews_post_split":[],"footnotes":""},"categories":[1129],"tags":[],"class_list":["post-68426","post","type-post","status-publish","format-standard","has-post-thumbnail","hentry","category-mondo"],"yoast_head":"<!-- This site is optimized with the Yoast SEO plugin v27.4 - https:\/\/yoast.com\/product\/yoast-seo-wordpress\/ -->\n<title>Giustizia, Nordio \u201cRiforma non \u00e8 punitiva per magistrati, siamo aperti a dialogo\u201d - Live Magazine<\/title>\n<meta name=\"robots\" content=\"index, follow, max-snippet:-1, max-image-preview:large, max-video-preview:-1\" \/>\n<link rel=\"canonical\" href=\"https:\/\/www.livemag.it\/index.php\/2026\/01\/31\/giustizia-nordio-riforma-non-e-punitiva-per-magistrati-siamo-aperti-a-dialogo\/\" \/>\n<meta property=\"og:locale\" content=\"it_IT\" \/>\n<meta property=\"og:type\" content=\"article\" \/>\n<meta property=\"og:title\" content=\"Giustizia, Nordio \u201cRiforma non \u00e8 punitiva per magistrati, siamo aperti a dialogo\u201d - Live Magazine\" \/>\n<meta property=\"og:description\" content=\"MILANO (ITALPRESS) \u2013 \u201cMa davvero voi credete che con questa riforma il governo intenda mettere la magistratura sotto il potere esecutivo? Ieri ho usato davanti al presidente della Repubblica il termine \u201cblasfemo\u201d che ripeto e confermo, perch\u00e8 ritengo il Parlamento una istituzione sacra. Noi abbiamo enfatizzato l\u2019autonomia e l\u2019indipendenza della magistratura. Attribuire al Parlamento una [&hellip;]\" \/>\n<meta property=\"og:url\" content=\"https:\/\/www.livemag.it\/index.php\/2026\/01\/31\/giustizia-nordio-riforma-non-e-punitiva-per-magistrati-siamo-aperti-a-dialogo\/\" \/>\n<meta property=\"og:site_name\" content=\"Live Magazine\" \/>\n<meta property=\"article:publisher\" content=\"https:\/\/www.facebook.com\/LiveMag\/\" \/>\n<meta property=\"article:published_time\" content=\"2026-01-31T14:02:49+00:00\" \/>\n<meta property=\"og:image\" content=\"https:\/\/www.livemag.it\/wp-content\/uploads\/2024\/02\/ograph.jpg\" \/>\n\t<meta property=\"og:image:width\" content=\"1200\" \/>\n\t<meta property=\"og:image:height\" content=\"675\" \/>\n\t<meta property=\"og:image:type\" content=\"image\/jpeg\" \/>\n<meta name=\"author\" content=\"italpress\" \/>\n<meta name=\"twitter:card\" content=\"summary_large_image\" \/>\n<meta name=\"twitter:creator\" content=\"@LiveNotizie\" \/>\n<meta name=\"twitter:site\" content=\"@LiveNotizie\" \/>\n<meta name=\"twitter:label1\" content=\"Scritto da\" \/>\n\t<meta name=\"twitter:data1\" content=\"italpress\" \/>\n\t<meta name=\"twitter:label2\" content=\"Tempo di lettura stimato\" \/>\n\t<meta name=\"twitter:data2\" content=\"1 minuto\" \/>\n<script type=\"application\/ld+json\" class=\"yoast-schema-graph\">{\"@context\":\"https:\\\/\\\/schema.org\",\"@graph\":[{\"@type\":\"Article\",\"@id\":\"https:\\\/\\\/www.livemag.it\\\/index.php\\\/2026\\\/01\\\/31\\\/giustizia-nordio-riforma-non-e-punitiva-per-magistrati-siamo-aperti-a-dialogo\\\/#article\",\"isPartOf\":{\"@id\":\"https:\\\/\\\/www.livemag.it\\\/index.php\\\/2026\\\/01\\\/31\\\/giustizia-nordio-riforma-non-e-punitiva-per-magistrati-siamo-aperti-a-dialogo\\\/\"},\"author\":{\"name\":\"italpress\",\"@id\":\"https:\\\/\\\/www.livemag.it\\\/#\\\/schema\\\/person\\\/b62c5f44451fdcdaeb0afe6c2424e73c\"},\"headline\":\"Giustizia, Nordio \u201cRiforma non \u00e8 punitiva per magistrati, siamo aperti a dialogo\u201d\",\"datePublished\":\"2026-01-31T14:02:49+00:00\",\"mainEntityOfPage\":{\"@id\":\"https:\\\/\\\/www.livemag.it\\\/index.php\\\/2026\\\/01\\\/31\\\/giustizia-nordio-riforma-non-e-punitiva-per-magistrati-siamo-aperti-a-dialogo\\\/\"},\"wordCount\":186,\"publisher\":{\"@id\":\"https:\\\/\\\/www.livemag.it\\\/#organization\"},\"image\":{\"@id\":\"https:\\\/\\\/www.livemag.it\\\/index.php\\\/2026\\\/01\\\/31\\\/giustizia-nordio-riforma-non-e-punitiva-per-magistrati-siamo-aperti-a-dialogo\\\/#primaryimage\"},\"thumbnailUrl\":\"https:\\\/\\\/www.livemag.it\\\/wp-content\\\/uploads\\\/2026\\\/01\\\/20260131_0865.jpg\",\"articleSection\":[\"Mondo\"],\"inLanguage\":\"it-IT\"},{\"@type\":\"WebPage\",\"@id\":\"https:\\\/\\\/www.livemag.it\\\/index.php\\\/2026\\\/01\\\/31\\\/giustizia-nordio-riforma-non-e-punitiva-per-magistrati-siamo-aperti-a-dialogo\\\/\",\"url\":\"https:\\\/\\\/www.livemag.it\\\/index.php\\\/2026\\\/01\\\/31\\\/giustizia-nordio-riforma-non-e-punitiva-per-magistrati-siamo-aperti-a-dialogo\\\/\",\"name\":\"Giustizia, Nordio \u201cRiforma non \u00e8 punitiva per magistrati, siamo aperti a dialogo\u201d - Live Magazine\",\"isPartOf\":{\"@id\":\"https:\\\/\\\/www.livemag.it\\\/#website\"},\"primaryImageOfPage\":{\"@id\":\"https:\\\/\\\/www.livemag.it\\\/index.php\\\/2026\\\/01\\\/31\\\/giustizia-nordio-riforma-non-e-punitiva-per-magistrati-siamo-aperti-a-dialogo\\\/#primaryimage\"},\"image\":{\"@id\":\"https:\\\/\\\/www.livemag.it\\\/index.php\\\/2026\\\/01\\\/31\\\/giustizia-nordio-riforma-non-e-punitiva-per-magistrati-siamo-aperti-a-dialogo\\\/#primaryimage\"},\"thumbnailUrl\":\"https:\\\/\\\/www.livemag.it\\\/wp-content\\\/uploads\\\/2026\\\/01\\\/20260131_0865.jpg\",\"datePublished\":\"2026-01-31T14:02:49+00:00\",\"breadcrumb\":{\"@id\":\"https:\\\/\\\/www.livemag.it\\\/index.php\\\/2026\\\/01\\\/31\\\/giustizia-nordio-riforma-non-e-punitiva-per-magistrati-siamo-aperti-a-dialogo\\\/#breadcrumb\"},\"inLanguage\":\"it-IT\",\"potentialAction\":[{\"@type\":\"ReadAction\",\"target\":[\"https:\\\/\\\/www.livemag.it\\\/index.php\\\/2026\\\/01\\\/31\\\/giustizia-nordio-riforma-non-e-punitiva-per-magistrati-siamo-aperti-a-dialogo\\\/\"]}]},{\"@type\":\"ImageObject\",\"inLanguage\":\"it-IT\",\"@id\":\"https:\\\/\\\/www.livemag.it\\\/index.php\\\/2026\\\/01\\\/31\\\/giustizia-nordio-riforma-non-e-punitiva-per-magistrati-siamo-aperti-a-dialogo\\\/#primaryimage\",\"url\":\"https:\\\/\\\/www.livemag.it\\\/wp-content\\\/uploads\\\/2026\\\/01\\\/20260131_0865.jpg\",\"contentUrl\":\"https:\\\/\\\/www.livemag.it\\\/wp-content\\\/uploads\\\/2026\\\/01\\\/20260131_0865.jpg\",\"width\":1200,\"height\":1003},{\"@type\":\"BreadcrumbList\",\"@id\":\"https:\\\/\\\/www.livemag.it\\\/index.php\\\/2026\\\/01\\\/31\\\/giustizia-nordio-riforma-non-e-punitiva-per-magistrati-siamo-aperti-a-dialogo\\\/#breadcrumb\",\"itemListElement\":[{\"@type\":\"ListItem\",\"position\":1,\"name\":\"Home\",\"item\":\"https:\\\/\\\/www.livemag.it\\\/\"},{\"@type\":\"ListItem\",\"position\":2,\"name\":\"Giustizia, Nordio \u201cRiforma non \u00e8 punitiva per magistrati, siamo aperti a dialogo\u201d\"}]},{\"@type\":\"WebSite\",\"@id\":\"https:\\\/\\\/www.livemag.it\\\/#website\",\"url\":\"https:\\\/\\\/www.livemag.it\\\/\",\"name\":\"Live Magazine\",\"description\":\"Varie ed eventi\",\"publisher\":{\"@id\":\"https:\\\/\\\/www.livemag.it\\\/#organization\"},\"potentialAction\":[{\"@type\":\"SearchAction\",\"target\":{\"@type\":\"EntryPoint\",\"urlTemplate\":\"https:\\\/\\\/www.livemag.it\\\/?s={search_term_string}\"},\"query-input\":{\"@type\":\"PropertyValueSpecification\",\"valueRequired\":true,\"valueName\":\"search_term_string\"}}],\"inLanguage\":\"it-IT\"},{\"@type\":\"Organization\",\"@id\":\"https:\\\/\\\/www.livemag.it\\\/#organization\",\"name\":\"LiveMag\",\"alternateName\":\"LiveMag News ed eventi\",\"url\":\"https:\\\/\\\/www.livemag.it\\\/\",\"logo\":{\"@type\":\"ImageObject\",\"inLanguage\":\"it-IT\",\"@id\":\"https:\\\/\\\/www.livemag.it\\\/#\\\/schema\\\/logo\\\/image\\\/\",\"url\":\"https:\\\/\\\/www.livemag.it\\\/wp-content\\\/uploads\\\/2024\\\/02\\\/immagine-sito.jpg\",\"contentUrl\":\"https:\\\/\\\/www.livemag.it\\\/wp-content\\\/uploads\\\/2024\\\/02\\\/immagine-sito.jpg\",\"width\":696,\"height\":696,\"caption\":\"LiveMag\"},\"image\":{\"@id\":\"https:\\\/\\\/www.livemag.it\\\/#\\\/schema\\\/logo\\\/image\\\/\"},\"sameAs\":[\"https:\\\/\\\/www.facebook.com\\\/LiveMag\\\/\",\"https:\\\/\\\/x.com\\\/LiveNotizie\",\"https:\\\/\\\/www.instagram.com\\\/livemag\\\/\"]},{\"@type\":\"Person\",\"@id\":\"https:\\\/\\\/www.livemag.it\\\/#\\\/schema\\\/person\\\/b62c5f44451fdcdaeb0afe6c2424e73c\",\"name\":\"italpress\",\"image\":{\"@type\":\"ImageObject\",\"inLanguage\":\"it-IT\",\"@id\":\"https:\\\/\\\/secure.gravatar.com\\\/avatar\\\/b6a21695fc713ce7ee312cf57c97e2e641feb365be72d8745574d3c3e2b59066?s=96&r=g\",\"url\":\"https:\\\/\\\/secure.gravatar.com\\\/avatar\\\/b6a21695fc713ce7ee312cf57c97e2e641feb365be72d8745574d3c3e2b59066?s=96&r=g\",\"contentUrl\":\"https:\\\/\\\/secure.gravatar.com\\\/avatar\\\/b6a21695fc713ce7ee312cf57c97e2e641feb365be72d8745574d3c3e2b59066?s=96&r=g\",\"caption\":\"italpress\"},\"description\":\"Italpress \u00e8 un'agenzia di stampa italiana a carattere nazionale.\",\"url\":\"https:\\\/\\\/www.livemag.it\\\/index.php\\\/author\\\/italpress\\\/\"}]}<\/script>\n<!-- \/ Yoast SEO plugin. -->","yoast_head_json":{"title":"Giustizia, Nordio \u201cRiforma non \u00e8 punitiva per magistrati, siamo aperti a dialogo\u201d - Live Magazine","robots":{"index":"index","follow":"follow","max-snippet":"max-snippet:-1","max-image-preview":"max-image-preview:large","max-video-preview":"max-video-preview:-1"},"canonical":"https:\/\/www.livemag.it\/index.php\/2026\/01\/31\/giustizia-nordio-riforma-non-e-punitiva-per-magistrati-siamo-aperti-a-dialogo\/","og_locale":"it_IT","og_type":"article","og_title":"Giustizia, Nordio \u201cRiforma non \u00e8 punitiva per magistrati, siamo aperti a dialogo\u201d - Live Magazine","og_description":"MILANO (ITALPRESS) \u2013 \u201cMa davvero voi credete che con questa riforma il governo intenda mettere la magistratura sotto il potere esecutivo? Ieri ho usato davanti al presidente della Repubblica il termine \u201cblasfemo\u201d che ripeto e confermo, perch\u00e8 ritengo il Parlamento una istituzione sacra. Noi abbiamo enfatizzato l\u2019autonomia e l\u2019indipendenza della magistratura. Attribuire al Parlamento una [&hellip;]","og_url":"https:\/\/www.livemag.it\/index.php\/2026\/01\/31\/giustizia-nordio-riforma-non-e-punitiva-per-magistrati-siamo-aperti-a-dialogo\/","og_site_name":"Live Magazine","article_publisher":"https:\/\/www.facebook.com\/LiveMag\/","article_published_time":"2026-01-31T14:02:49+00:00","og_image":[{"width":1200,"height":675,"url":"https:\/\/www.livemag.it\/wp-content\/uploads\/2024\/02\/ograph.jpg","type":"image\/jpeg"}],"author":"italpress","twitter_card":"summary_large_image","twitter_creator":"@LiveNotizie","twitter_site":"@LiveNotizie","twitter_misc":{"Scritto da":"italpress","Tempo di lettura stimato":"1 minuto"},"schema":{"@context":"https:\/\/schema.org","@graph":[{"@type":"Article","@id":"https:\/\/www.livemag.it\/index.php\/2026\/01\/31\/giustizia-nordio-riforma-non-e-punitiva-per-magistrati-siamo-aperti-a-dialogo\/#article","isPartOf":{"@id":"https:\/\/www.livemag.it\/index.php\/2026\/01\/31\/giustizia-nordio-riforma-non-e-punitiva-per-magistrati-siamo-aperti-a-dialogo\/"},"author":{"name":"italpress","@id":"https:\/\/www.livemag.it\/#\/schema\/person\/b62c5f44451fdcdaeb0afe6c2424e73c"},"headline":"Giustizia, Nordio \u201cRiforma non \u00e8 punitiva per magistrati, siamo aperti a dialogo\u201d","datePublished":"2026-01-31T14:02:49+00:00","mainEntityOfPage":{"@id":"https:\/\/www.livemag.it\/index.php\/2026\/01\/31\/giustizia-nordio-riforma-non-e-punitiva-per-magistrati-siamo-aperti-a-dialogo\/"},"wordCount":186,"publisher":{"@id":"https:\/\/www.livemag.it\/#organization"},"image":{"@id":"https:\/\/www.livemag.it\/index.php\/2026\/01\/31\/giustizia-nordio-riforma-non-e-punitiva-per-magistrati-siamo-aperti-a-dialogo\/#primaryimage"},"thumbnailUrl":"https:\/\/www.livemag.it\/wp-content\/uploads\/2026\/01\/20260131_0865.jpg","articleSection":["Mondo"],"inLanguage":"it-IT"},{"@type":"WebPage","@id":"https:\/\/www.livemag.it\/index.php\/2026\/01\/31\/giustizia-nordio-riforma-non-e-punitiva-per-magistrati-siamo-aperti-a-dialogo\/","url":"https:\/\/www.livemag.it\/index.php\/2026\/01\/31\/giustizia-nordio-riforma-non-e-punitiva-per-magistrati-siamo-aperti-a-dialogo\/","name":"Giustizia, Nordio \u201cRiforma non \u00e8 punitiva per magistrati, siamo aperti a dialogo\u201d - Live Magazine","isPartOf":{"@id":"https:\/\/www.livemag.it\/#website"},"primaryImageOfPage":{"@id":"https:\/\/www.livemag.it\/index.php\/2026\/01\/31\/giustizia-nordio-riforma-non-e-punitiva-per-magistrati-siamo-aperti-a-dialogo\/#primaryimage"},"image":{"@id":"https:\/\/www.livemag.it\/index.php\/2026\/01\/31\/giustizia-nordio-riforma-non-e-punitiva-per-magistrati-siamo-aperti-a-dialogo\/#primaryimage"},"thumbnailUrl":"https:\/\/www.livemag.it\/wp-content\/uploads\/2026\/01\/20260131_0865.jpg","datePublished":"2026-01-31T14:02:49+00:00","breadcrumb":{"@id":"https:\/\/www.livemag.it\/index.php\/2026\/01\/31\/giustizia-nordio-riforma-non-e-punitiva-per-magistrati-siamo-aperti-a-dialogo\/#breadcrumb"},"inLanguage":"it-IT","potentialAction":[{"@type":"ReadAction","target":["https:\/\/www.livemag.it\/index.php\/2026\/01\/31\/giustizia-nordio-riforma-non-e-punitiva-per-magistrati-siamo-aperti-a-dialogo\/"]}]},{"@type":"ImageObject","inLanguage":"it-IT","@id":"https:\/\/www.livemag.it\/index.php\/2026\/01\/31\/giustizia-nordio-riforma-non-e-punitiva-per-magistrati-siamo-aperti-a-dialogo\/#primaryimage","url":"https:\/\/www.livemag.it\/wp-content\/uploads\/2026\/01\/20260131_0865.jpg","contentUrl":"https:\/\/www.livemag.it\/wp-content\/uploads\/2026\/01\/20260131_0865.jpg","width":1200,"height":1003},{"@type":"BreadcrumbList","@id":"https:\/\/www.livemag.it\/index.php\/2026\/01\/31\/giustizia-nordio-riforma-non-e-punitiva-per-magistrati-siamo-aperti-a-dialogo\/#breadcrumb","itemListElement":[{"@type":"ListItem","position":1,"name":"Home","item":"https:\/\/www.livemag.it\/"},{"@type":"ListItem","position":2,"name":"Giustizia, Nordio \u201cRiforma non \u00e8 punitiva per magistrati, siamo aperti a dialogo\u201d"}]},{"@type":"WebSite","@id":"https:\/\/www.livemag.it\/#website","url":"https:\/\/www.livemag.it\/","name":"Live Magazine","description":"Varie ed eventi","publisher":{"@id":"https:\/\/www.livemag.it\/#organization"},"potentialAction":[{"@type":"SearchAction","target":{"@type":"EntryPoint","urlTemplate":"https:\/\/www.livemag.it\/?s={search_term_string}"},"query-input":{"@type":"PropertyValueSpecification","valueRequired":true,"valueName":"search_term_string"}}],"inLanguage":"it-IT"},{"@type":"Organization","@id":"https:\/\/www.livemag.it\/#organization","name":"LiveMag","alternateName":"LiveMag News ed eventi","url":"https:\/\/www.livemag.it\/","logo":{"@type":"ImageObject","inLanguage":"it-IT","@id":"https:\/\/www.livemag.it\/#\/schema\/logo\/image\/","url":"https:\/\/www.livemag.it\/wp-content\/uploads\/2024\/02\/immagine-sito.jpg","contentUrl":"https:\/\/www.livemag.it\/wp-content\/uploads\/2024\/02\/immagine-sito.jpg","width":696,"height":696,"caption":"LiveMag"},"image":{"@id":"https:\/\/www.livemag.it\/#\/schema\/logo\/image\/"},"sameAs":["https:\/\/www.facebook.com\/LiveMag\/","https:\/\/x.com\/LiveNotizie","https:\/\/www.instagram.com\/livemag\/"]},{"@type":"Person","@id":"https:\/\/www.livemag.it\/#\/schema\/person\/b62c5f44451fdcdaeb0afe6c2424e73c","name":"italpress","image":{"@type":"ImageObject","inLanguage":"it-IT","@id":"https:\/\/secure.gravatar.com\/avatar\/b6a21695fc713ce7ee312cf57c97e2e641feb365be72d8745574d3c3e2b59066?s=96&r=g","url":"https:\/\/secure.gravatar.com\/avatar\/b6a21695fc713ce7ee312cf57c97e2e641feb365be72d8745574d3c3e2b59066?s=96&r=g","contentUrl":"https:\/\/secure.gravatar.com\/avatar\/b6a21695fc713ce7ee312cf57c97e2e641feb365be72d8745574d3c3e2b59066?s=96&r=g","caption":"italpress"},"description":"Italpress \u00e8 un'agenzia di stampa italiana a carattere nazionale.","url":"https:\/\/www.livemag.it\/index.php\/author\/italpress\/"}]}},"jetpack_featured_media_url":"https:\/\/www.livemag.it\/wp-content\/uploads\/2026\/01\/20260131_0865.jpg","_links":{"self":[{"href":"https:\/\/www.livemag.it\/index.php\/wp-json\/wp\/v2\/posts\/68426","targetHints":{"allow":["GET"]}}],"collection":[{"href":"https:\/\/www.livemag.it\/index.php\/wp-json\/wp\/v2\/posts"}],"about":[{"href":"https:\/\/www.livemag.it\/index.php\/wp-json\/wp\/v2\/types\/post"}],"author":[{"embeddable":true,"href":"https:\/\/www.livemag.it\/index.php\/wp-json\/wp\/v2\/users\/16"}],"replies":[{"embeddable":true,"href":"https:\/\/www.livemag.it\/index.php\/wp-json\/wp\/v2\/comments?post=68426"}],"version-history":[{"count":0,"href":"https:\/\/www.livemag.it\/index.php\/wp-json\/wp\/v2\/posts\/68426\/revisions"}],"wp:featuredmedia":[{"embeddable":true,"href":"https:\/\/www.livemag.it\/index.php\/wp-json\/wp\/v2\/media\/68427"}],"wp:attachment":[{"href":"https:\/\/www.livemag.it\/index.php\/wp-json\/wp\/v2\/media?parent=68426"}],"wp:term":[{"taxonomy":"category","embeddable":true,"href":"https:\/\/www.livemag.it\/index.php\/wp-json\/wp\/v2\/categories?post=68426"},{"taxonomy":"post_tag","embeddable":true,"href":"https:\/\/www.livemag.it\/index.php\/wp-json\/wp\/v2\/tags?post=68426"}],"curies":[{"name":"wp","href":"https:\/\/api.w.org\/{rel}","templated":true}]}}