{"id":68118,"date":"2026-01-27T18:02:55","date_gmt":"2026-01-27T17:02:55","guid":{"rendered":"https:\/\/www.livemag.it\/index.php\/2026\/01\/27\/mattarella-nella-repubblica-non-ce-posto-per-razzismo-e-discriminazione\/"},"modified":"2026-01-27T18:02:55","modified_gmt":"2026-01-27T17:02:55","slug":"mattarella-nella-repubblica-non-ce-posto-per-razzismo-e-discriminazione","status":"publish","type":"post","link":"https:\/\/www.livemag.it\/index.php\/2026\/01\/27\/mattarella-nella-repubblica-non-ce-posto-per-razzismo-e-discriminazione\/","title":{"rendered":"Mattarella \u201cNella Repubblica non c\u2019\u00e8 posto per razzismo e discriminazione\u201d"},"content":{"rendered":"<div>\n<p>ROMA (ITALPRESS) \u2013 \u201cIn questo giorno siamo qui per ricordare la schiera di vittime incolpevoli \u2013 sei milioni di persone \u2013 soffocate nelle camere a gas, trucidate dai plotoni di esecuzione, perite per i maltrattamenti e per l\u2019inedia dentro le cupe mura dei ghetti: anziani, giovani, donne, uomini, bambini, neonati.  Ebrei, in massima parte, rom e sinti, omosessuali, dissidenti politici, appartenenti a minoranze religiose, disabili, malati di mente. Tutti definiti appartenenti a categorie non degne di vivere\u201d. Lo ha detto il presidente della Repubblica, Sergio Mattarella, nel suo intervento al Quirinale alla celebrazione del \u201cGiorno della Memoria\u201d.<br \/>\u201cDa italiani, rievochiamo con angoscia la discriminazione, la persecuzione, la deportazione, la morte dei nostri concittadini ebrei, traditi dalle leggi razziali volute dal fascismo; e da tanti dei suoi adepti venduti ai carnefici nazisti, con la complicit\u00e0 della monarchia, di tanti che si ritenevano intellettuali, di parte della popolazione \u2013 ha proseguito Mattarella -. Non possiamo limitarci a questo sentimento, per quanto sincero e doveroso: sarebbe un\u2019occasione mancata. Sarebbe un errore. Elena Loewenthal, parlando della tragica concatenazione degli eventi che si ricorda nel \u00abGiorno della Memoria\u00bb, ha scritto che gli ebrei, che l\u2019hanno subita, \u201cci sono precipitati dentro. Era buio\u201d. Il buio di cui parla Elena Loewenthal \u00e8 quello della ragione, della morale, dei sentimenti di umanit\u00e0 e di piet\u00e0. La notte, senza stelle e senza speranza, di Elie Wiesel, dove appaiono soltanto le fiamme dei forni crematori e dove il cielo disperde nel fumo corpi, identit\u00e0, storie, affetti, sogni di migliaia e migliaia di vittime\u201d.<br \/>\u201cIl buio in cui si svilupp\u00f2 la fitta nebbia di paura, di indifferenza, di opportunismo che pervase tanta parte della popolazione: anche padri e madri esemplari, rispettosi della propria religione, cittadini irreprensibili, educatori scrupolosi, militari e funzionari che ritenevano di avere un alto senso delll\u2019onore \u2013 ha sottolineato il capo dello Stato -. Quella cupa oscurit\u00e0 che si scaten\u00f2 come un ciclone spaventoso nel cuore della civile Europa, abbattendo secoli di conquiste, di istituzioni civili, di grandi scuole di diritto, supera il suo tempo e i suoi confini, perch\u00e8 si insinua nel profondo dell\u2019animo umano. Il tentativo, messo in atto dalla Germania nazista, di cancellare gli ebrei dalla faccia dell\u2019Europa, racchiude in s\u00e8, in modo emblematico, tutto il male che l\u2019uomo \u00e8 in grado di commettere quando si lascia contagiare, per superficialit\u00e0, per indifferenza, per vilt\u00e0, per interesse, dal virus dell\u2019odio, del razzismo, della sopraffazione\u201d.<br \/>Per Mattarella \u201cquando la ragione si offusca fino a spegnersi, quando gli innati sentimenti contrapposti di umanit\u00e0 \u2013 la solidariet\u00e0, la piet\u00e0, il senso della propria dignit\u00e0 e della responsabilit\u00e0 che ne consegue- si inaridiscono, la barbarie rinasce e il valore di libert\u00e0, di pace, di fratellanza, proprio di ogni donna e di ogni uomo, cede al suo contrario, generando guerra, schiavit\u00f9, violenza, sterminio\u201d.<br \/>\u201cQuest\u2019anno celebriamo gli ottanta anni della Repubblica. Un evento decisivo della nostra storia. Come ha scritto il Rabbino capo di Roma, Riccardo Di Segni, la riflessione sugli orrori vissuti e sulle leggi razziste \u00ab\u00e8 stata uno dei motori che hanno portato alla fondazione di una nuova societ\u00e0 italiana, nella quale \u00e8 cambiata anche la forma di sovranit\u00e0, da monarchia a Repubblica\u00bb. La Repubblica Italiana e la sua Costituzione sono nate contro le ideologie disumane e sanguinarie che avevano avvelenato la prima met\u00e0 del Novecento, lasciando dietro di s\u00e8 lutti, devastazioni, memorie incancellabili di orrore \u2013 ha aggiunto il presidente -. Sono sorte dal sangue innocente dei deportati nei campi di sterminio, dei combattenti per la libert\u00e0, delle donne e degli uomini annientati solo per ci\u00f2 che erano, per quel che pensavano, per ci\u00f2 in cui credevano. Nella Repubblica non c\u2019\u00e8 posto per il veleno dell\u2019odio razziale, per i germi della discriminazione, per l\u2019antisemitismo che affiora ancora pericolosamente, per coloro che predicano la violenza, per chi coltiva ideologie di oppressione, di sopraffazione, per chi coltiva odio. Far memoria della Shoah oggi, ricordare quegli orrori indicibili e le vittime innocenti, non \u00e8 soltanto un dovere: significa rinnovare con forza il nostro patto civile che si fonda su fratellanza, rispetto, convivenza; significa ribadire con fermezza che non permetteremo mai pi\u00f9 che indifferenza, paura, complicit\u00e0 possano aprire nuovamente le porte a quello o ad altro abisso \u2013 ha concluso Mattarella -. Questa cerimonia \u00e8 l\u2019occasione per esprimere, con orgoglio e con responsabilit\u00e0, il patriottismo italiano e repubblicano che ci rende custodi, in ogni circostanza e in ogni momento, della dignit\u00e0, unica, incancellabile e inalienabile, della persona umana. Custodi della democrazia\u201d.<\/p>\n<p>\u2013 Foto ufficio stampa Quirinale \u2013<\/p>\n<p>(ITALPRESS).<\/p>\n<\/div>\n","protected":false},"excerpt":{"rendered":"<p>ROMA (ITALPRESS) \u2013 \u201cIn questo giorno siamo qui per ricordare la schiera di vittime incolpevoli \u2013 sei milioni di persone \u2013 soffocate nelle camere a gas, trucidate dai plotoni di esecuzione, perite per i maltrattamenti e per l\u2019inedia dentro le cupe mura dei ghetti: anziani, giovani, donne, uomini, bambini, neonati. Ebrei, in massima parte, rom [&hellip;]<\/p>\n","protected":false},"author":16,"featured_media":68119,"comment_status":"closed","ping_status":"closed","sticky":false,"template":"","format":"standard","meta":{"jnews-multi-image_gallery":[],"jnews_single_post":[],"jnews_primary_category":[],"jnews_social_meta":[],"jnews_override_counter":[],"jnews_post_split":[],"footnotes":""},"categories":[1129],"tags":[],"class_list":["post-68118","post","type-post","status-publish","format-standard","has-post-thumbnail","hentry","category-mondo"],"yoast_head":"<!-- This site is optimized with the Yoast SEO plugin v27.5 - https:\/\/yoast.com\/product\/yoast-seo-wordpress\/ -->\n<title>Mattarella \u201cNella Repubblica non c\u2019\u00e8 posto per razzismo e discriminazione\u201d - Live Magazine<\/title>\n<meta name=\"robots\" content=\"index, follow, max-snippet:-1, max-image-preview:large, max-video-preview:-1\" \/>\n<link rel=\"canonical\" href=\"https:\/\/www.livemag.it\/index.php\/2026\/01\/27\/mattarella-nella-repubblica-non-ce-posto-per-razzismo-e-discriminazione\/\" \/>\n<meta property=\"og:locale\" content=\"it_IT\" \/>\n<meta property=\"og:type\" content=\"article\" \/>\n<meta property=\"og:title\" content=\"Mattarella \u201cNella Repubblica non c\u2019\u00e8 posto per razzismo e discriminazione\u201d - Live Magazine\" \/>\n<meta property=\"og:description\" content=\"ROMA (ITALPRESS) \u2013 \u201cIn questo giorno siamo qui per ricordare la schiera di vittime incolpevoli \u2013 sei milioni di persone \u2013 soffocate nelle camere a gas, trucidate dai plotoni di esecuzione, perite per i maltrattamenti e per l\u2019inedia dentro le cupe mura dei ghetti: anziani, giovani, donne, uomini, bambini, neonati. Ebrei, in massima parte, rom [&hellip;]\" \/>\n<meta property=\"og:url\" content=\"https:\/\/www.livemag.it\/index.php\/2026\/01\/27\/mattarella-nella-repubblica-non-ce-posto-per-razzismo-e-discriminazione\/\" \/>\n<meta property=\"og:site_name\" content=\"Live Magazine\" \/>\n<meta property=\"article:publisher\" content=\"https:\/\/www.facebook.com\/LiveMag\/\" \/>\n<meta property=\"article:published_time\" content=\"2026-01-27T17:02:55+00:00\" \/>\n<meta property=\"og:image\" content=\"https:\/\/www.livemag.it\/wp-content\/uploads\/2024\/02\/ograph.jpg\" \/>\n\t<meta property=\"og:image:width\" content=\"1200\" \/>\n\t<meta property=\"og:image:height\" content=\"675\" \/>\n\t<meta property=\"og:image:type\" content=\"image\/jpeg\" \/>\n<meta name=\"author\" content=\"italpress\" \/>\n<meta name=\"twitter:card\" content=\"summary_large_image\" \/>\n<meta name=\"twitter:creator\" content=\"@LiveNotizie\" \/>\n<meta name=\"twitter:site\" content=\"@LiveNotizie\" \/>\n<meta name=\"twitter:label1\" content=\"Scritto da\" \/>\n\t<meta name=\"twitter:data1\" content=\"italpress\" \/>\n\t<meta name=\"twitter:label2\" content=\"Tempo di lettura stimato\" \/>\n\t<meta name=\"twitter:data2\" content=\"4 minuti\" \/>\n<script type=\"application\/ld+json\" class=\"yoast-schema-graph\">{\"@context\":\"https:\\\/\\\/schema.org\",\"@graph\":[{\"@type\":\"Article\",\"@id\":\"https:\\\/\\\/www.livemag.it\\\/index.php\\\/2026\\\/01\\\/27\\\/mattarella-nella-repubblica-non-ce-posto-per-razzismo-e-discriminazione\\\/#article\",\"isPartOf\":{\"@id\":\"https:\\\/\\\/www.livemag.it\\\/index.php\\\/2026\\\/01\\\/27\\\/mattarella-nella-repubblica-non-ce-posto-per-razzismo-e-discriminazione\\\/\"},\"author\":{\"name\":\"italpress\",\"@id\":\"https:\\\/\\\/www.livemag.it\\\/#\\\/schema\\\/person\\\/b62c5f44451fdcdaeb0afe6c2424e73c\"},\"headline\":\"Mattarella \u201cNella Repubblica non c\u2019\u00e8 posto per razzismo e discriminazione\u201d\",\"datePublished\":\"2026-01-27T17:02:55+00:00\",\"mainEntityOfPage\":{\"@id\":\"https:\\\/\\\/www.livemag.it\\\/index.php\\\/2026\\\/01\\\/27\\\/mattarella-nella-repubblica-non-ce-posto-per-razzismo-e-discriminazione\\\/\"},\"wordCount\":751,\"publisher\":{\"@id\":\"https:\\\/\\\/www.livemag.it\\\/#organization\"},\"image\":{\"@id\":\"https:\\\/\\\/www.livemag.it\\\/index.php\\\/2026\\\/01\\\/27\\\/mattarella-nella-repubblica-non-ce-posto-per-razzismo-e-discriminazione\\\/#primaryimage\"},\"thumbnailUrl\":\"https:\\\/\\\/www.livemag.it\\\/wp-content\\\/uploads\\\/2026\\\/01\\\/20260127_1629.jpg\",\"articleSection\":[\"Mondo\"],\"inLanguage\":\"it-IT\"},{\"@type\":\"WebPage\",\"@id\":\"https:\\\/\\\/www.livemag.it\\\/index.php\\\/2026\\\/01\\\/27\\\/mattarella-nella-repubblica-non-ce-posto-per-razzismo-e-discriminazione\\\/\",\"url\":\"https:\\\/\\\/www.livemag.it\\\/index.php\\\/2026\\\/01\\\/27\\\/mattarella-nella-repubblica-non-ce-posto-per-razzismo-e-discriminazione\\\/\",\"name\":\"Mattarella \u201cNella Repubblica non c\u2019\u00e8 posto per razzismo e discriminazione\u201d - Live Magazine\",\"isPartOf\":{\"@id\":\"https:\\\/\\\/www.livemag.it\\\/#website\"},\"primaryImageOfPage\":{\"@id\":\"https:\\\/\\\/www.livemag.it\\\/index.php\\\/2026\\\/01\\\/27\\\/mattarella-nella-repubblica-non-ce-posto-per-razzismo-e-discriminazione\\\/#primaryimage\"},\"image\":{\"@id\":\"https:\\\/\\\/www.livemag.it\\\/index.php\\\/2026\\\/01\\\/27\\\/mattarella-nella-repubblica-non-ce-posto-per-razzismo-e-discriminazione\\\/#primaryimage\"},\"thumbnailUrl\":\"https:\\\/\\\/www.livemag.it\\\/wp-content\\\/uploads\\\/2026\\\/01\\\/20260127_1629.jpg\",\"datePublished\":\"2026-01-27T17:02:55+00:00\",\"breadcrumb\":{\"@id\":\"https:\\\/\\\/www.livemag.it\\\/index.php\\\/2026\\\/01\\\/27\\\/mattarella-nella-repubblica-non-ce-posto-per-razzismo-e-discriminazione\\\/#breadcrumb\"},\"inLanguage\":\"it-IT\",\"potentialAction\":[{\"@type\":\"ReadAction\",\"target\":[\"https:\\\/\\\/www.livemag.it\\\/index.php\\\/2026\\\/01\\\/27\\\/mattarella-nella-repubblica-non-ce-posto-per-razzismo-e-discriminazione\\\/\"]}]},{\"@type\":\"ImageObject\",\"inLanguage\":\"it-IT\",\"@id\":\"https:\\\/\\\/www.livemag.it\\\/index.php\\\/2026\\\/01\\\/27\\\/mattarella-nella-repubblica-non-ce-posto-per-razzismo-e-discriminazione\\\/#primaryimage\",\"url\":\"https:\\\/\\\/www.livemag.it\\\/wp-content\\\/uploads\\\/2026\\\/01\\\/20260127_1629.jpg\",\"contentUrl\":\"https:\\\/\\\/www.livemag.it\\\/wp-content\\\/uploads\\\/2026\\\/01\\\/20260127_1629.jpg\",\"width\":703,\"height\":467},{\"@type\":\"BreadcrumbList\",\"@id\":\"https:\\\/\\\/www.livemag.it\\\/index.php\\\/2026\\\/01\\\/27\\\/mattarella-nella-repubblica-non-ce-posto-per-razzismo-e-discriminazione\\\/#breadcrumb\",\"itemListElement\":[{\"@type\":\"ListItem\",\"position\":1,\"name\":\"Home\",\"item\":\"https:\\\/\\\/www.livemag.it\\\/\"},{\"@type\":\"ListItem\",\"position\":2,\"name\":\"Mattarella \u201cNella Repubblica non c\u2019\u00e8 posto per razzismo e discriminazione\u201d\"}]},{\"@type\":\"WebSite\",\"@id\":\"https:\\\/\\\/www.livemag.it\\\/#website\",\"url\":\"https:\\\/\\\/www.livemag.it\\\/\",\"name\":\"Live Magazine\",\"description\":\"Varie ed eventi\",\"publisher\":{\"@id\":\"https:\\\/\\\/www.livemag.it\\\/#organization\"},\"potentialAction\":[{\"@type\":\"SearchAction\",\"target\":{\"@type\":\"EntryPoint\",\"urlTemplate\":\"https:\\\/\\\/www.livemag.it\\\/?s={search_term_string}\"},\"query-input\":{\"@type\":\"PropertyValueSpecification\",\"valueRequired\":true,\"valueName\":\"search_term_string\"}}],\"inLanguage\":\"it-IT\"},{\"@type\":\"Organization\",\"@id\":\"https:\\\/\\\/www.livemag.it\\\/#organization\",\"name\":\"LiveMag\",\"alternateName\":\"LiveMag News ed eventi\",\"url\":\"https:\\\/\\\/www.livemag.it\\\/\",\"logo\":{\"@type\":\"ImageObject\",\"inLanguage\":\"it-IT\",\"@id\":\"https:\\\/\\\/www.livemag.it\\\/#\\\/schema\\\/logo\\\/image\\\/\",\"url\":\"https:\\\/\\\/www.livemag.it\\\/wp-content\\\/uploads\\\/2024\\\/02\\\/immagine-sito.jpg\",\"contentUrl\":\"https:\\\/\\\/www.livemag.it\\\/wp-content\\\/uploads\\\/2024\\\/02\\\/immagine-sito.jpg\",\"width\":696,\"height\":696,\"caption\":\"LiveMag\"},\"image\":{\"@id\":\"https:\\\/\\\/www.livemag.it\\\/#\\\/schema\\\/logo\\\/image\\\/\"},\"sameAs\":[\"https:\\\/\\\/www.facebook.com\\\/LiveMag\\\/\",\"https:\\\/\\\/x.com\\\/LiveNotizie\",\"https:\\\/\\\/www.instagram.com\\\/livemag\\\/\"]},{\"@type\":\"Person\",\"@id\":\"https:\\\/\\\/www.livemag.it\\\/#\\\/schema\\\/person\\\/b62c5f44451fdcdaeb0afe6c2424e73c\",\"name\":\"italpress\",\"image\":{\"@type\":\"ImageObject\",\"inLanguage\":\"it-IT\",\"@id\":\"https:\\\/\\\/secure.gravatar.com\\\/avatar\\\/b6a21695fc713ce7ee312cf57c97e2e641feb365be72d8745574d3c3e2b59066?s=96&r=g\",\"url\":\"https:\\\/\\\/secure.gravatar.com\\\/avatar\\\/b6a21695fc713ce7ee312cf57c97e2e641feb365be72d8745574d3c3e2b59066?s=96&r=g\",\"contentUrl\":\"https:\\\/\\\/secure.gravatar.com\\\/avatar\\\/b6a21695fc713ce7ee312cf57c97e2e641feb365be72d8745574d3c3e2b59066?s=96&r=g\",\"caption\":\"italpress\"},\"description\":\"Italpress \u00e8 un'agenzia di stampa italiana a carattere nazionale.\",\"url\":\"https:\\\/\\\/www.livemag.it\\\/index.php\\\/author\\\/italpress\\\/\"}]}<\/script>\n<!-- \/ Yoast SEO plugin. -->","yoast_head_json":{"title":"Mattarella \u201cNella Repubblica non c\u2019\u00e8 posto per razzismo e discriminazione\u201d - Live Magazine","robots":{"index":"index","follow":"follow","max-snippet":"max-snippet:-1","max-image-preview":"max-image-preview:large","max-video-preview":"max-video-preview:-1"},"canonical":"https:\/\/www.livemag.it\/index.php\/2026\/01\/27\/mattarella-nella-repubblica-non-ce-posto-per-razzismo-e-discriminazione\/","og_locale":"it_IT","og_type":"article","og_title":"Mattarella \u201cNella Repubblica non c\u2019\u00e8 posto per razzismo e discriminazione\u201d - Live Magazine","og_description":"ROMA (ITALPRESS) \u2013 \u201cIn questo giorno siamo qui per ricordare la schiera di vittime incolpevoli \u2013 sei milioni di persone \u2013 soffocate nelle camere a gas, trucidate dai plotoni di esecuzione, perite per i maltrattamenti e per l\u2019inedia dentro le cupe mura dei ghetti: anziani, giovani, donne, uomini, bambini, neonati. Ebrei, in massima parte, rom [&hellip;]","og_url":"https:\/\/www.livemag.it\/index.php\/2026\/01\/27\/mattarella-nella-repubblica-non-ce-posto-per-razzismo-e-discriminazione\/","og_site_name":"Live Magazine","article_publisher":"https:\/\/www.facebook.com\/LiveMag\/","article_published_time":"2026-01-27T17:02:55+00:00","og_image":[{"width":1200,"height":675,"url":"https:\/\/www.livemag.it\/wp-content\/uploads\/2024\/02\/ograph.jpg","type":"image\/jpeg"}],"author":"italpress","twitter_card":"summary_large_image","twitter_creator":"@LiveNotizie","twitter_site":"@LiveNotizie","twitter_misc":{"Scritto da":"italpress","Tempo di lettura stimato":"4 minuti"},"schema":{"@context":"https:\/\/schema.org","@graph":[{"@type":"Article","@id":"https:\/\/www.livemag.it\/index.php\/2026\/01\/27\/mattarella-nella-repubblica-non-ce-posto-per-razzismo-e-discriminazione\/#article","isPartOf":{"@id":"https:\/\/www.livemag.it\/index.php\/2026\/01\/27\/mattarella-nella-repubblica-non-ce-posto-per-razzismo-e-discriminazione\/"},"author":{"name":"italpress","@id":"https:\/\/www.livemag.it\/#\/schema\/person\/b62c5f44451fdcdaeb0afe6c2424e73c"},"headline":"Mattarella \u201cNella Repubblica non c\u2019\u00e8 posto per razzismo e discriminazione\u201d","datePublished":"2026-01-27T17:02:55+00:00","mainEntityOfPage":{"@id":"https:\/\/www.livemag.it\/index.php\/2026\/01\/27\/mattarella-nella-repubblica-non-ce-posto-per-razzismo-e-discriminazione\/"},"wordCount":751,"publisher":{"@id":"https:\/\/www.livemag.it\/#organization"},"image":{"@id":"https:\/\/www.livemag.it\/index.php\/2026\/01\/27\/mattarella-nella-repubblica-non-ce-posto-per-razzismo-e-discriminazione\/#primaryimage"},"thumbnailUrl":"https:\/\/www.livemag.it\/wp-content\/uploads\/2026\/01\/20260127_1629.jpg","articleSection":["Mondo"],"inLanguage":"it-IT"},{"@type":"WebPage","@id":"https:\/\/www.livemag.it\/index.php\/2026\/01\/27\/mattarella-nella-repubblica-non-ce-posto-per-razzismo-e-discriminazione\/","url":"https:\/\/www.livemag.it\/index.php\/2026\/01\/27\/mattarella-nella-repubblica-non-ce-posto-per-razzismo-e-discriminazione\/","name":"Mattarella \u201cNella Repubblica non c\u2019\u00e8 posto per razzismo e discriminazione\u201d - Live Magazine","isPartOf":{"@id":"https:\/\/www.livemag.it\/#website"},"primaryImageOfPage":{"@id":"https:\/\/www.livemag.it\/index.php\/2026\/01\/27\/mattarella-nella-repubblica-non-ce-posto-per-razzismo-e-discriminazione\/#primaryimage"},"image":{"@id":"https:\/\/www.livemag.it\/index.php\/2026\/01\/27\/mattarella-nella-repubblica-non-ce-posto-per-razzismo-e-discriminazione\/#primaryimage"},"thumbnailUrl":"https:\/\/www.livemag.it\/wp-content\/uploads\/2026\/01\/20260127_1629.jpg","datePublished":"2026-01-27T17:02:55+00:00","breadcrumb":{"@id":"https:\/\/www.livemag.it\/index.php\/2026\/01\/27\/mattarella-nella-repubblica-non-ce-posto-per-razzismo-e-discriminazione\/#breadcrumb"},"inLanguage":"it-IT","potentialAction":[{"@type":"ReadAction","target":["https:\/\/www.livemag.it\/index.php\/2026\/01\/27\/mattarella-nella-repubblica-non-ce-posto-per-razzismo-e-discriminazione\/"]}]},{"@type":"ImageObject","inLanguage":"it-IT","@id":"https:\/\/www.livemag.it\/index.php\/2026\/01\/27\/mattarella-nella-repubblica-non-ce-posto-per-razzismo-e-discriminazione\/#primaryimage","url":"https:\/\/www.livemag.it\/wp-content\/uploads\/2026\/01\/20260127_1629.jpg","contentUrl":"https:\/\/www.livemag.it\/wp-content\/uploads\/2026\/01\/20260127_1629.jpg","width":703,"height":467},{"@type":"BreadcrumbList","@id":"https:\/\/www.livemag.it\/index.php\/2026\/01\/27\/mattarella-nella-repubblica-non-ce-posto-per-razzismo-e-discriminazione\/#breadcrumb","itemListElement":[{"@type":"ListItem","position":1,"name":"Home","item":"https:\/\/www.livemag.it\/"},{"@type":"ListItem","position":2,"name":"Mattarella \u201cNella Repubblica non c\u2019\u00e8 posto per razzismo e discriminazione\u201d"}]},{"@type":"WebSite","@id":"https:\/\/www.livemag.it\/#website","url":"https:\/\/www.livemag.it\/","name":"Live Magazine","description":"Varie ed eventi","publisher":{"@id":"https:\/\/www.livemag.it\/#organization"},"potentialAction":[{"@type":"SearchAction","target":{"@type":"EntryPoint","urlTemplate":"https:\/\/www.livemag.it\/?s={search_term_string}"},"query-input":{"@type":"PropertyValueSpecification","valueRequired":true,"valueName":"search_term_string"}}],"inLanguage":"it-IT"},{"@type":"Organization","@id":"https:\/\/www.livemag.it\/#organization","name":"LiveMag","alternateName":"LiveMag News ed eventi","url":"https:\/\/www.livemag.it\/","logo":{"@type":"ImageObject","inLanguage":"it-IT","@id":"https:\/\/www.livemag.it\/#\/schema\/logo\/image\/","url":"https:\/\/www.livemag.it\/wp-content\/uploads\/2024\/02\/immagine-sito.jpg","contentUrl":"https:\/\/www.livemag.it\/wp-content\/uploads\/2024\/02\/immagine-sito.jpg","width":696,"height":696,"caption":"LiveMag"},"image":{"@id":"https:\/\/www.livemag.it\/#\/schema\/logo\/image\/"},"sameAs":["https:\/\/www.facebook.com\/LiveMag\/","https:\/\/x.com\/LiveNotizie","https:\/\/www.instagram.com\/livemag\/"]},{"@type":"Person","@id":"https:\/\/www.livemag.it\/#\/schema\/person\/b62c5f44451fdcdaeb0afe6c2424e73c","name":"italpress","image":{"@type":"ImageObject","inLanguage":"it-IT","@id":"https:\/\/secure.gravatar.com\/avatar\/b6a21695fc713ce7ee312cf57c97e2e641feb365be72d8745574d3c3e2b59066?s=96&r=g","url":"https:\/\/secure.gravatar.com\/avatar\/b6a21695fc713ce7ee312cf57c97e2e641feb365be72d8745574d3c3e2b59066?s=96&r=g","contentUrl":"https:\/\/secure.gravatar.com\/avatar\/b6a21695fc713ce7ee312cf57c97e2e641feb365be72d8745574d3c3e2b59066?s=96&r=g","caption":"italpress"},"description":"Italpress \u00e8 un'agenzia di stampa italiana a carattere nazionale.","url":"https:\/\/www.livemag.it\/index.php\/author\/italpress\/"}]}},"jetpack_featured_media_url":"https:\/\/www.livemag.it\/wp-content\/uploads\/2026\/01\/20260127_1629.jpg","_links":{"self":[{"href":"https:\/\/www.livemag.it\/index.php\/wp-json\/wp\/v2\/posts\/68118","targetHints":{"allow":["GET"]}}],"collection":[{"href":"https:\/\/www.livemag.it\/index.php\/wp-json\/wp\/v2\/posts"}],"about":[{"href":"https:\/\/www.livemag.it\/index.php\/wp-json\/wp\/v2\/types\/post"}],"author":[{"embeddable":true,"href":"https:\/\/www.livemag.it\/index.php\/wp-json\/wp\/v2\/users\/16"}],"replies":[{"embeddable":true,"href":"https:\/\/www.livemag.it\/index.php\/wp-json\/wp\/v2\/comments?post=68118"}],"version-history":[{"count":0,"href":"https:\/\/www.livemag.it\/index.php\/wp-json\/wp\/v2\/posts\/68118\/revisions"}],"wp:featuredmedia":[{"embeddable":true,"href":"https:\/\/www.livemag.it\/index.php\/wp-json\/wp\/v2\/media\/68119"}],"wp:attachment":[{"href":"https:\/\/www.livemag.it\/index.php\/wp-json\/wp\/v2\/media?parent=68118"}],"wp:term":[{"taxonomy":"category","embeddable":true,"href":"https:\/\/www.livemag.it\/index.php\/wp-json\/wp\/v2\/categories?post=68118"},{"taxonomy":"post_tag","embeddable":true,"href":"https:\/\/www.livemag.it\/index.php\/wp-json\/wp\/v2\/tags?post=68118"}],"curies":[{"name":"wp","href":"https:\/\/api.w.org\/{rel}","templated":true}]}}