{"id":68096,"date":"2026-01-27T15:02:49","date_gmt":"2026-01-27T14:02:49","guid":{"rendered":"https:\/\/www.livemag.it\/index.php\/2026\/01\/27\/mattarella-nella-repubblica-non-ce-posto-per-il-veleno-dellodio-razziale\/"},"modified":"2026-01-27T15:02:49","modified_gmt":"2026-01-27T14:02:49","slug":"mattarella-nella-repubblica-non-ce-posto-per-il-veleno-dellodio-razziale","status":"publish","type":"post","link":"https:\/\/www.livemag.it\/index.php\/2026\/01\/27\/mattarella-nella-repubblica-non-ce-posto-per-il-veleno-dellodio-razziale\/","title":{"rendered":"<div>Mattarella &#8220;Nella Repubblica non c\u2019\u00e8 posto per il veleno dell\u2019odio razziale&#8221;<\/div>"},"content":{"rendered":"<p>    <video-js id=\"videojs69f11c6d8b3d4\" class=\"vjs-big-play-centered\" controls preload=\"auto\" playsinline data-setup='{\"fluid\": true}'>\r\n        <source src=\"https:\/\/video.italpress.com\/play\/mp4\/video\/gE7G\" type=\"video\/mp4\" \/>\r\n    <\/video-js>\r\n           <br \/>\n<\/p>\n<div> ROMA (ITALPRESS) &#8211; &#8220;La Repubblica Italiana e la sua Costituzione sono nate contro le ideologie disumane e sanguinarie che avevano avvelenato la prima met\u00e0 del Novecento, lasciando dietro di s\u00e9 lutti, devastazioni, memorie incancellabili di orrore. Sono sorte dal sangue innocente dei deportati nei campi di sterminio, dei combattenti per la libert\u00e0, delle donne e degli uomini annientati solo per ci\u00f2 che erano, per quel che pensavano, per ci\u00f2 in cui credevano&#8221;. Lo ha detto il presidente della Repubblica, Sergio Mattarella, nel suo intervento al Quirinale alla celebrazione del &#8220;Giorno della Memoria&#8221;.<br \/>\n&#8220;Nella Repubblica non c\u2019\u00e8 posto per il veleno dell\u2019odio razziale, per i germi della discriminazione, per l\u2019antisemitismo che affiora ancora pericolosamente, per coloro che predicano la violenza, per chi coltiva ideologie di oppressione, di sopraffazione, per chi coltiva odio&#8221;, ha proseguito il capo dello Stato.<\/p>\n<p>sat\/azn<\/p><\/div>\n","protected":false},"excerpt":{"rendered":"<p>ROMA (ITALPRESS) &#8211; &#8220;La Repubblica Italiana e la sua Costituzione sono nate contro le ideologie disumane e sanguinarie che avevano avvelenato la prima met\u00e0 del Novecento, lasciando dietro di s\u00e9 lutti, devastazioni, memorie incancellabili di orrore. Sono sorte dal sangue innocente dei deportati nei campi di sterminio, dei combattenti per la libert\u00e0, delle donne e [&hellip;]<\/p>\n","protected":false},"author":16,"featured_media":68097,"comment_status":"closed","ping_status":"closed","sticky":false,"template":"","format":"video","meta":{"jnews-multi-image_gallery":[],"jnews_single_post":[],"jnews_primary_category":[],"jnews_social_meta":[],"jnews_override_counter":[],"jnews_post_split":[],"footnotes":""},"categories":[1171],"tags":[],"class_list":["post-68096","post","type-post","status-publish","format-video","has-post-thumbnail","hentry","category-video","post_format-post-format-video"],"yoast_head":"<!-- This site is optimized with the Yoast SEO plugin v27.5 - https:\/\/yoast.com\/product\/yoast-seo-wordpress\/ -->\n<title>Mattarella &quot;Nella Repubblica non c\u2019\u00e8 posto per il veleno dell\u2019odio razziale&quot; - Live Magazine<\/title>\n<meta name=\"robots\" content=\"index, follow, max-snippet:-1, max-image-preview:large, max-video-preview:-1\" \/>\n<link rel=\"canonical\" href=\"https:\/\/www.livemag.it\/index.php\/2026\/01\/27\/mattarella-nella-repubblica-non-ce-posto-per-il-veleno-dellodio-razziale\/\" \/>\n<meta property=\"og:locale\" content=\"it_IT\" \/>\n<meta property=\"og:type\" content=\"article\" \/>\n<meta property=\"og:title\" content=\"Mattarella &quot;Nella Repubblica non c\u2019\u00e8 posto per il veleno dell\u2019odio razziale&quot; - Live Magazine\" \/>\n<meta property=\"og:description\" content=\"ROMA (ITALPRESS) &#8211; &#8220;La Repubblica Italiana e la sua Costituzione sono nate contro le ideologie disumane e sanguinarie che avevano avvelenato la prima met\u00e0 del Novecento, lasciando dietro di s\u00e9 lutti, devastazioni, memorie incancellabili di orrore. Sono sorte dal sangue innocente dei deportati nei campi di sterminio, dei combattenti per la libert\u00e0, delle donne e [&hellip;]\" \/>\n<meta property=\"og:url\" content=\"https:\/\/www.livemag.it\/index.php\/2026\/01\/27\/mattarella-nella-repubblica-non-ce-posto-per-il-veleno-dellodio-razziale\/\" \/>\n<meta property=\"og:site_name\" content=\"Live Magazine\" \/>\n<meta property=\"article:publisher\" content=\"https:\/\/www.facebook.com\/LiveMag\/\" \/>\n<meta property=\"article:published_time\" content=\"2026-01-27T14:02:49+00:00\" \/>\n<meta property=\"og:image\" content=\"https:\/\/www.livemag.it\/wp-content\/uploads\/2024\/02\/ograph.jpg\" \/>\n\t<meta property=\"og:image:width\" content=\"1200\" \/>\n\t<meta property=\"og:image:height\" content=\"675\" \/>\n\t<meta property=\"og:image:type\" content=\"image\/jpeg\" \/>\n<meta name=\"author\" content=\"italpress\" \/>\n<meta name=\"twitter:card\" content=\"summary_large_image\" \/>\n<meta name=\"twitter:creator\" content=\"@LiveNotizie\" \/>\n<meta name=\"twitter:site\" content=\"@LiveNotizie\" \/>\n<meta name=\"twitter:label1\" content=\"Scritto da\" \/>\n\t<meta name=\"twitter:data1\" content=\"italpress\" \/>\n\t<meta name=\"twitter:label2\" content=\"Tempo di lettura stimato\" \/>\n\t<meta name=\"twitter:data2\" content=\"1 minuto\" \/>\n<script type=\"application\/ld+json\" class=\"yoast-schema-graph\">{\"@context\":\"https:\\\/\\\/schema.org\",\"@graph\":[{\"@type\":\"Article\",\"@id\":\"https:\\\/\\\/www.livemag.it\\\/index.php\\\/2026\\\/01\\\/27\\\/mattarella-nella-repubblica-non-ce-posto-per-il-veleno-dellodio-razziale\\\/#article\",\"isPartOf\":{\"@id\":\"https:\\\/\\\/www.livemag.it\\\/index.php\\\/2026\\\/01\\\/27\\\/mattarella-nella-repubblica-non-ce-posto-per-il-veleno-dellodio-razziale\\\/\"},\"author\":{\"name\":\"italpress\",\"@id\":\"https:\\\/\\\/www.livemag.it\\\/#\\\/schema\\\/person\\\/b62c5f44451fdcdaeb0afe6c2424e73c\"},\"headline\":\"Mattarella &#8220;Nella Repubblica non c\u2019\u00e8 posto per il veleno dell\u2019odio razziale&#8221;\",\"datePublished\":\"2026-01-27T14:02:49+00:00\",\"mainEntityOfPage\":{\"@id\":\"https:\\\/\\\/www.livemag.it\\\/index.php\\\/2026\\\/01\\\/27\\\/mattarella-nella-repubblica-non-ce-posto-per-il-veleno-dellodio-razziale\\\/\"},\"wordCount\":165,\"publisher\":{\"@id\":\"https:\\\/\\\/www.livemag.it\\\/#organization\"},\"image\":{\"@id\":\"https:\\\/\\\/www.livemag.it\\\/index.php\\\/2026\\\/01\\\/27\\\/mattarella-nella-repubblica-non-ce-posto-per-il-veleno-dellodio-razziale\\\/#primaryimage\"},\"thumbnailUrl\":\"https:\\\/\\\/www.livemag.it\\\/wp-content\\\/uploads\\\/2026\\\/01\\\/gE7G.jpg\",\"articleSection\":[\"Video\"],\"inLanguage\":\"it-IT\"},{\"@type\":\"WebPage\",\"@id\":\"https:\\\/\\\/www.livemag.it\\\/index.php\\\/2026\\\/01\\\/27\\\/mattarella-nella-repubblica-non-ce-posto-per-il-veleno-dellodio-razziale\\\/\",\"url\":\"https:\\\/\\\/www.livemag.it\\\/index.php\\\/2026\\\/01\\\/27\\\/mattarella-nella-repubblica-non-ce-posto-per-il-veleno-dellodio-razziale\\\/\",\"name\":\"Mattarella \\\"Nella Repubblica non c\u2019\u00e8 posto per il veleno dell\u2019odio razziale\\\" - Live Magazine\",\"isPartOf\":{\"@id\":\"https:\\\/\\\/www.livemag.it\\\/#website\"},\"primaryImageOfPage\":{\"@id\":\"https:\\\/\\\/www.livemag.it\\\/index.php\\\/2026\\\/01\\\/27\\\/mattarella-nella-repubblica-non-ce-posto-per-il-veleno-dellodio-razziale\\\/#primaryimage\"},\"image\":{\"@id\":\"https:\\\/\\\/www.livemag.it\\\/index.php\\\/2026\\\/01\\\/27\\\/mattarella-nella-repubblica-non-ce-posto-per-il-veleno-dellodio-razziale\\\/#primaryimage\"},\"thumbnailUrl\":\"https:\\\/\\\/www.livemag.it\\\/wp-content\\\/uploads\\\/2026\\\/01\\\/gE7G.jpg\",\"datePublished\":\"2026-01-27T14:02:49+00:00\",\"breadcrumb\":{\"@id\":\"https:\\\/\\\/www.livemag.it\\\/index.php\\\/2026\\\/01\\\/27\\\/mattarella-nella-repubblica-non-ce-posto-per-il-veleno-dellodio-razziale\\\/#breadcrumb\"},\"inLanguage\":\"it-IT\",\"potentialAction\":[{\"@type\":\"ReadAction\",\"target\":[\"https:\\\/\\\/www.livemag.it\\\/index.php\\\/2026\\\/01\\\/27\\\/mattarella-nella-repubblica-non-ce-posto-per-il-veleno-dellodio-razziale\\\/\"]}]},{\"@type\":\"ImageObject\",\"inLanguage\":\"it-IT\",\"@id\":\"https:\\\/\\\/www.livemag.it\\\/index.php\\\/2026\\\/01\\\/27\\\/mattarella-nella-repubblica-non-ce-posto-per-il-veleno-dellodio-razziale\\\/#primaryimage\",\"url\":\"https:\\\/\\\/www.livemag.it\\\/wp-content\\\/uploads\\\/2026\\\/01\\\/gE7G.jpg\",\"contentUrl\":\"https:\\\/\\\/www.livemag.it\\\/wp-content\\\/uploads\\\/2026\\\/01\\\/gE7G.jpg\",\"width\":1920,\"height\":1080},{\"@type\":\"BreadcrumbList\",\"@id\":\"https:\\\/\\\/www.livemag.it\\\/index.php\\\/2026\\\/01\\\/27\\\/mattarella-nella-repubblica-non-ce-posto-per-il-veleno-dellodio-razziale\\\/#breadcrumb\",\"itemListElement\":[{\"@type\":\"ListItem\",\"position\":1,\"name\":\"Home\",\"item\":\"https:\\\/\\\/www.livemag.it\\\/\"},{\"@type\":\"ListItem\",\"position\":2,\"name\":\"Mattarella &#8220;Nella Repubblica non c\u2019\u00e8 posto per il veleno dell\u2019odio razziale&#8221;\"}]},{\"@type\":\"WebSite\",\"@id\":\"https:\\\/\\\/www.livemag.it\\\/#website\",\"url\":\"https:\\\/\\\/www.livemag.it\\\/\",\"name\":\"Live Magazine\",\"description\":\"Varie ed eventi\",\"publisher\":{\"@id\":\"https:\\\/\\\/www.livemag.it\\\/#organization\"},\"potentialAction\":[{\"@type\":\"SearchAction\",\"target\":{\"@type\":\"EntryPoint\",\"urlTemplate\":\"https:\\\/\\\/www.livemag.it\\\/?s={search_term_string}\"},\"query-input\":{\"@type\":\"PropertyValueSpecification\",\"valueRequired\":true,\"valueName\":\"search_term_string\"}}],\"inLanguage\":\"it-IT\"},{\"@type\":\"Organization\",\"@id\":\"https:\\\/\\\/www.livemag.it\\\/#organization\",\"name\":\"LiveMag\",\"alternateName\":\"LiveMag News ed eventi\",\"url\":\"https:\\\/\\\/www.livemag.it\\\/\",\"logo\":{\"@type\":\"ImageObject\",\"inLanguage\":\"it-IT\",\"@id\":\"https:\\\/\\\/www.livemag.it\\\/#\\\/schema\\\/logo\\\/image\\\/\",\"url\":\"https:\\\/\\\/www.livemag.it\\\/wp-content\\\/uploads\\\/2024\\\/02\\\/immagine-sito.jpg\",\"contentUrl\":\"https:\\\/\\\/www.livemag.it\\\/wp-content\\\/uploads\\\/2024\\\/02\\\/immagine-sito.jpg\",\"width\":696,\"height\":696,\"caption\":\"LiveMag\"},\"image\":{\"@id\":\"https:\\\/\\\/www.livemag.it\\\/#\\\/schema\\\/logo\\\/image\\\/\"},\"sameAs\":[\"https:\\\/\\\/www.facebook.com\\\/LiveMag\\\/\",\"https:\\\/\\\/x.com\\\/LiveNotizie\",\"https:\\\/\\\/www.instagram.com\\\/livemag\\\/\"]},{\"@type\":\"Person\",\"@id\":\"https:\\\/\\\/www.livemag.it\\\/#\\\/schema\\\/person\\\/b62c5f44451fdcdaeb0afe6c2424e73c\",\"name\":\"italpress\",\"image\":{\"@type\":\"ImageObject\",\"inLanguage\":\"it-IT\",\"@id\":\"https:\\\/\\\/secure.gravatar.com\\\/avatar\\\/b6a21695fc713ce7ee312cf57c97e2e641feb365be72d8745574d3c3e2b59066?s=96&r=g\",\"url\":\"https:\\\/\\\/secure.gravatar.com\\\/avatar\\\/b6a21695fc713ce7ee312cf57c97e2e641feb365be72d8745574d3c3e2b59066?s=96&r=g\",\"contentUrl\":\"https:\\\/\\\/secure.gravatar.com\\\/avatar\\\/b6a21695fc713ce7ee312cf57c97e2e641feb365be72d8745574d3c3e2b59066?s=96&r=g\",\"caption\":\"italpress\"},\"description\":\"Italpress \u00e8 un'agenzia di stampa italiana a carattere nazionale.\",\"url\":\"https:\\\/\\\/www.livemag.it\\\/index.php\\\/author\\\/italpress\\\/\"}]}<\/script>\n<!-- \/ Yoast SEO plugin. -->","yoast_head_json":{"title":"Mattarella \"Nella Repubblica non c\u2019\u00e8 posto per il veleno dell\u2019odio razziale\" - Live Magazine","robots":{"index":"index","follow":"follow","max-snippet":"max-snippet:-1","max-image-preview":"max-image-preview:large","max-video-preview":"max-video-preview:-1"},"canonical":"https:\/\/www.livemag.it\/index.php\/2026\/01\/27\/mattarella-nella-repubblica-non-ce-posto-per-il-veleno-dellodio-razziale\/","og_locale":"it_IT","og_type":"article","og_title":"Mattarella \"Nella Repubblica non c\u2019\u00e8 posto per il veleno dell\u2019odio razziale\" - Live Magazine","og_description":"ROMA (ITALPRESS) &#8211; &#8220;La Repubblica Italiana e la sua Costituzione sono nate contro le ideologie disumane e sanguinarie che avevano avvelenato la prima met\u00e0 del Novecento, lasciando dietro di s\u00e9 lutti, devastazioni, memorie incancellabili di orrore. Sono sorte dal sangue innocente dei deportati nei campi di sterminio, dei combattenti per la libert\u00e0, delle donne e [&hellip;]","og_url":"https:\/\/www.livemag.it\/index.php\/2026\/01\/27\/mattarella-nella-repubblica-non-ce-posto-per-il-veleno-dellodio-razziale\/","og_site_name":"Live Magazine","article_publisher":"https:\/\/www.facebook.com\/LiveMag\/","article_published_time":"2026-01-27T14:02:49+00:00","og_image":[{"width":1200,"height":675,"url":"https:\/\/www.livemag.it\/wp-content\/uploads\/2024\/02\/ograph.jpg","type":"image\/jpeg"}],"author":"italpress","twitter_card":"summary_large_image","twitter_creator":"@LiveNotizie","twitter_site":"@LiveNotizie","twitter_misc":{"Scritto da":"italpress","Tempo di lettura stimato":"1 minuto"},"schema":{"@context":"https:\/\/schema.org","@graph":[{"@type":"Article","@id":"https:\/\/www.livemag.it\/index.php\/2026\/01\/27\/mattarella-nella-repubblica-non-ce-posto-per-il-veleno-dellodio-razziale\/#article","isPartOf":{"@id":"https:\/\/www.livemag.it\/index.php\/2026\/01\/27\/mattarella-nella-repubblica-non-ce-posto-per-il-veleno-dellodio-razziale\/"},"author":{"name":"italpress","@id":"https:\/\/www.livemag.it\/#\/schema\/person\/b62c5f44451fdcdaeb0afe6c2424e73c"},"headline":"Mattarella &#8220;Nella Repubblica non c\u2019\u00e8 posto per il veleno dell\u2019odio razziale&#8221;","datePublished":"2026-01-27T14:02:49+00:00","mainEntityOfPage":{"@id":"https:\/\/www.livemag.it\/index.php\/2026\/01\/27\/mattarella-nella-repubblica-non-ce-posto-per-il-veleno-dellodio-razziale\/"},"wordCount":165,"publisher":{"@id":"https:\/\/www.livemag.it\/#organization"},"image":{"@id":"https:\/\/www.livemag.it\/index.php\/2026\/01\/27\/mattarella-nella-repubblica-non-ce-posto-per-il-veleno-dellodio-razziale\/#primaryimage"},"thumbnailUrl":"https:\/\/www.livemag.it\/wp-content\/uploads\/2026\/01\/gE7G.jpg","articleSection":["Video"],"inLanguage":"it-IT"},{"@type":"WebPage","@id":"https:\/\/www.livemag.it\/index.php\/2026\/01\/27\/mattarella-nella-repubblica-non-ce-posto-per-il-veleno-dellodio-razziale\/","url":"https:\/\/www.livemag.it\/index.php\/2026\/01\/27\/mattarella-nella-repubblica-non-ce-posto-per-il-veleno-dellodio-razziale\/","name":"Mattarella \"Nella Repubblica non c\u2019\u00e8 posto per il veleno dell\u2019odio razziale\" - Live Magazine","isPartOf":{"@id":"https:\/\/www.livemag.it\/#website"},"primaryImageOfPage":{"@id":"https:\/\/www.livemag.it\/index.php\/2026\/01\/27\/mattarella-nella-repubblica-non-ce-posto-per-il-veleno-dellodio-razziale\/#primaryimage"},"image":{"@id":"https:\/\/www.livemag.it\/index.php\/2026\/01\/27\/mattarella-nella-repubblica-non-ce-posto-per-il-veleno-dellodio-razziale\/#primaryimage"},"thumbnailUrl":"https:\/\/www.livemag.it\/wp-content\/uploads\/2026\/01\/gE7G.jpg","datePublished":"2026-01-27T14:02:49+00:00","breadcrumb":{"@id":"https:\/\/www.livemag.it\/index.php\/2026\/01\/27\/mattarella-nella-repubblica-non-ce-posto-per-il-veleno-dellodio-razziale\/#breadcrumb"},"inLanguage":"it-IT","potentialAction":[{"@type":"ReadAction","target":["https:\/\/www.livemag.it\/index.php\/2026\/01\/27\/mattarella-nella-repubblica-non-ce-posto-per-il-veleno-dellodio-razziale\/"]}]},{"@type":"ImageObject","inLanguage":"it-IT","@id":"https:\/\/www.livemag.it\/index.php\/2026\/01\/27\/mattarella-nella-repubblica-non-ce-posto-per-il-veleno-dellodio-razziale\/#primaryimage","url":"https:\/\/www.livemag.it\/wp-content\/uploads\/2026\/01\/gE7G.jpg","contentUrl":"https:\/\/www.livemag.it\/wp-content\/uploads\/2026\/01\/gE7G.jpg","width":1920,"height":1080},{"@type":"BreadcrumbList","@id":"https:\/\/www.livemag.it\/index.php\/2026\/01\/27\/mattarella-nella-repubblica-non-ce-posto-per-il-veleno-dellodio-razziale\/#breadcrumb","itemListElement":[{"@type":"ListItem","position":1,"name":"Home","item":"https:\/\/www.livemag.it\/"},{"@type":"ListItem","position":2,"name":"Mattarella &#8220;Nella Repubblica non c\u2019\u00e8 posto per il veleno dell\u2019odio razziale&#8221;"}]},{"@type":"WebSite","@id":"https:\/\/www.livemag.it\/#website","url":"https:\/\/www.livemag.it\/","name":"Live Magazine","description":"Varie ed eventi","publisher":{"@id":"https:\/\/www.livemag.it\/#organization"},"potentialAction":[{"@type":"SearchAction","target":{"@type":"EntryPoint","urlTemplate":"https:\/\/www.livemag.it\/?s={search_term_string}"},"query-input":{"@type":"PropertyValueSpecification","valueRequired":true,"valueName":"search_term_string"}}],"inLanguage":"it-IT"},{"@type":"Organization","@id":"https:\/\/www.livemag.it\/#organization","name":"LiveMag","alternateName":"LiveMag News ed eventi","url":"https:\/\/www.livemag.it\/","logo":{"@type":"ImageObject","inLanguage":"it-IT","@id":"https:\/\/www.livemag.it\/#\/schema\/logo\/image\/","url":"https:\/\/www.livemag.it\/wp-content\/uploads\/2024\/02\/immagine-sito.jpg","contentUrl":"https:\/\/www.livemag.it\/wp-content\/uploads\/2024\/02\/immagine-sito.jpg","width":696,"height":696,"caption":"LiveMag"},"image":{"@id":"https:\/\/www.livemag.it\/#\/schema\/logo\/image\/"},"sameAs":["https:\/\/www.facebook.com\/LiveMag\/","https:\/\/x.com\/LiveNotizie","https:\/\/www.instagram.com\/livemag\/"]},{"@type":"Person","@id":"https:\/\/www.livemag.it\/#\/schema\/person\/b62c5f44451fdcdaeb0afe6c2424e73c","name":"italpress","image":{"@type":"ImageObject","inLanguage":"it-IT","@id":"https:\/\/secure.gravatar.com\/avatar\/b6a21695fc713ce7ee312cf57c97e2e641feb365be72d8745574d3c3e2b59066?s=96&r=g","url":"https:\/\/secure.gravatar.com\/avatar\/b6a21695fc713ce7ee312cf57c97e2e641feb365be72d8745574d3c3e2b59066?s=96&r=g","contentUrl":"https:\/\/secure.gravatar.com\/avatar\/b6a21695fc713ce7ee312cf57c97e2e641feb365be72d8745574d3c3e2b59066?s=96&r=g","caption":"italpress"},"description":"Italpress \u00e8 un'agenzia di stampa italiana a carattere nazionale.","url":"https:\/\/www.livemag.it\/index.php\/author\/italpress\/"}]}},"jetpack_featured_media_url":"https:\/\/www.livemag.it\/wp-content\/uploads\/2026\/01\/gE7G.jpg","_links":{"self":[{"href":"https:\/\/www.livemag.it\/index.php\/wp-json\/wp\/v2\/posts\/68096","targetHints":{"allow":["GET"]}}],"collection":[{"href":"https:\/\/www.livemag.it\/index.php\/wp-json\/wp\/v2\/posts"}],"about":[{"href":"https:\/\/www.livemag.it\/index.php\/wp-json\/wp\/v2\/types\/post"}],"author":[{"embeddable":true,"href":"https:\/\/www.livemag.it\/index.php\/wp-json\/wp\/v2\/users\/16"}],"replies":[{"embeddable":true,"href":"https:\/\/www.livemag.it\/index.php\/wp-json\/wp\/v2\/comments?post=68096"}],"version-history":[{"count":0,"href":"https:\/\/www.livemag.it\/index.php\/wp-json\/wp\/v2\/posts\/68096\/revisions"}],"wp:featuredmedia":[{"embeddable":true,"href":"https:\/\/www.livemag.it\/index.php\/wp-json\/wp\/v2\/media\/68097"}],"wp:attachment":[{"href":"https:\/\/www.livemag.it\/index.php\/wp-json\/wp\/v2\/media?parent=68096"}],"wp:term":[{"taxonomy":"category","embeddable":true,"href":"https:\/\/www.livemag.it\/index.php\/wp-json\/wp\/v2\/categories?post=68096"},{"taxonomy":"post_tag","embeddable":true,"href":"https:\/\/www.livemag.it\/index.php\/wp-json\/wp\/v2\/tags?post=68096"}],"curies":[{"name":"wp","href":"https:\/\/api.w.org\/{rel}","templated":true}]}}