{"id":68090,"date":"2026-01-27T15:02:40","date_gmt":"2026-01-27T14:02:40","guid":{"rendered":"https:\/\/www.livemag.it\/index.php\/2026\/01\/27\/frana-niscemi-schifani-chi-perde-casa-non-rimarra-senza-sara-salvaguardato\/"},"modified":"2026-01-27T15:02:40","modified_gmt":"2026-01-27T14:02:40","slug":"frana-niscemi-schifani-chi-perde-casa-non-rimarra-senza-sara-salvaguardato","status":"publish","type":"post","link":"https:\/\/www.livemag.it\/index.php\/2026\/01\/27\/frana-niscemi-schifani-chi-perde-casa-non-rimarra-senza-sara-salvaguardato\/","title":{"rendered":"<div>Frana Niscemi, Schifani &#8220;Chi perde casa non rimarr\u00e0 senza, sar\u00e0 salvaguardato&#8221;<\/div>"},"content":{"rendered":"<p>    <video-js id=\"videojs69f1600cbc66a\" class=\"vjs-big-play-centered\" controls preload=\"auto\" playsinline data-setup='{\"fluid\": true}'>\r\n        <source src=\"https:\/\/video.italpress.com\/play\/mp4\/video\/54AK\" type=\"video\/mp4\" \/>\r\n    <\/video-js>\r\n           <br \/>\n<\/p>\n<div> NISCEMI (CALTANISSETTA) (ITALPRESS) &#8211; &#8220;E&#8217; chiaro che \u00e8 una situazione grave, dinamica; non \u00e8 un terremoto, dove avviene e poi si ricostruisce. Questa \u00e8 una situazione critica in evoluzione, per cui \u00e8 giusta l&#8217;indicazione dei 150 metri di sicurezza. Poi si decider\u00e0 se ridurla o meno, per\u00f2 \u00e8 evidente che c&#8217;\u00e8 tanta gente che non torner\u00e0 pi\u00f9 in quelle abitazioni&#8221;. Lo ha detto il Presidente della Regione Siciliana, Renato Schifani, al termine del vertice che si \u00e8 tenuto al Comune di Niscemi, in seguito alla frana che domenica scorsa ha investito il paese del nisseno. Presenti all&#8217;incontro, fra gli altri, il capo del dipartimento nazionale della Protezione civile Fabio Ciciliano, il dirigente generale della Protezione civile regionale Salvo Cocina, il prefetto di Caltanissetta Donatella Licia Messina, l&#8217;assessore alla Salute Daniela Faraoni, il sindaco di Niscemi Massimiliano Conti, il soggetto attuatore della Struttura commissariale contro il dissesto idrogeologico Sergio Tumminello, il segretario generale dell&#8217;Autorit\u00e0 di bacino Leonardo Santoro. &#8220;Si sono fatte analisi sull&#8217;aspetto dell&#8217;assistenza sanitaria che viene garantita &#8211; ha aggiunto -. Abbiamo fatto degli incontri, stiamo sollecitando il riaggancio del gas che manca, naturalmente si potenzieranno le squadre dedicate a questa attivit\u00e0, le abbiamo fatto chiamare. Per quanto riguarda poi la questione della ripopolazione di chi perder\u00e0 la casa, ci stiamo facendo carico di realizzare un progetto programma di ricollocazione, a spese naturalmente pubbliche di nuovi alloggi; alcuni nuovi in via di fatto, sostanzialmente, altri trasferimenti in alloggi gi\u00e0 esistenti, ma comunque c&#8217;\u00e8 un piano che prevede di dare garanzia a tutti coloro i quali non potranno rientrare nella loro abitazione di potere avere una nuova abitazione. Questo \u00e8 l&#8217;impegno della Regione. Chi perde la casa non rimarr\u00e0 senza casa e certamente sar\u00e0 salvaguardato&#8221;, ha sottolineato il Governatore. vbo\/mca1<br \/>\n(Fonte video: Regione Siciliana)<\/div>\n","protected":false},"excerpt":{"rendered":"<p>NISCEMI (CALTANISSETTA) (ITALPRESS) &#8211; &#8220;E&#8217; chiaro che \u00e8 una situazione grave, dinamica; non \u00e8 un terremoto, dove avviene e poi si ricostruisce. Questa \u00e8 una situazione critica in evoluzione, per cui \u00e8 giusta l&#8217;indicazione dei 150 metri di sicurezza. Poi si decider\u00e0 se ridurla o meno, per\u00f2 \u00e8 evidente che c&#8217;\u00e8 tanta gente che non [&hellip;]<\/p>\n","protected":false},"author":16,"featured_media":68091,"comment_status":"closed","ping_status":"closed","sticky":false,"template":"","format":"video","meta":{"jnews-multi-image_gallery":[],"jnews_single_post":[],"jnews_primary_category":[],"jnews_social_meta":[],"jnews_override_counter":[],"jnews_post_split":[],"footnotes":""},"categories":[1171],"tags":[],"class_list":["post-68090","post","type-post","status-publish","format-video","has-post-thumbnail","hentry","category-video","post_format-post-format-video"],"yoast_head":"<!-- This site is optimized with the Yoast SEO plugin v27.5 - https:\/\/yoast.com\/product\/yoast-seo-wordpress\/ -->\n<title>Frana Niscemi, Schifani &quot;Chi perde casa non rimarr\u00e0 senza, sar\u00e0 salvaguardato&quot; - Live Magazine<\/title>\n<meta name=\"robots\" content=\"index, follow, max-snippet:-1, max-image-preview:large, max-video-preview:-1\" \/>\n<link rel=\"canonical\" href=\"https:\/\/www.livemag.it\/index.php\/2026\/01\/27\/frana-niscemi-schifani-chi-perde-casa-non-rimarra-senza-sara-salvaguardato\/\" \/>\n<meta property=\"og:locale\" content=\"it_IT\" \/>\n<meta property=\"og:type\" content=\"article\" \/>\n<meta property=\"og:title\" content=\"Frana Niscemi, Schifani &quot;Chi perde casa non rimarr\u00e0 senza, sar\u00e0 salvaguardato&quot; - Live Magazine\" \/>\n<meta property=\"og:description\" content=\"NISCEMI (CALTANISSETTA) (ITALPRESS) &#8211; &#8220;E&#8217; chiaro che \u00e8 una situazione grave, dinamica; non \u00e8 un terremoto, dove avviene e poi si ricostruisce. Questa \u00e8 una situazione critica in evoluzione, per cui \u00e8 giusta l&#8217;indicazione dei 150 metri di sicurezza. Poi si decider\u00e0 se ridurla o meno, per\u00f2 \u00e8 evidente che c&#8217;\u00e8 tanta gente che non [&hellip;]\" \/>\n<meta property=\"og:url\" content=\"https:\/\/www.livemag.it\/index.php\/2026\/01\/27\/frana-niscemi-schifani-chi-perde-casa-non-rimarra-senza-sara-salvaguardato\/\" \/>\n<meta property=\"og:site_name\" content=\"Live Magazine\" \/>\n<meta property=\"article:publisher\" content=\"https:\/\/www.facebook.com\/LiveMag\/\" \/>\n<meta property=\"article:published_time\" content=\"2026-01-27T14:02:40+00:00\" \/>\n<meta property=\"og:image\" content=\"https:\/\/www.livemag.it\/wp-content\/uploads\/2024\/02\/ograph.jpg\" \/>\n\t<meta property=\"og:image:width\" content=\"1200\" \/>\n\t<meta property=\"og:image:height\" content=\"675\" \/>\n\t<meta property=\"og:image:type\" content=\"image\/jpeg\" \/>\n<meta name=\"author\" content=\"italpress\" \/>\n<meta name=\"twitter:card\" content=\"summary_large_image\" \/>\n<meta name=\"twitter:creator\" content=\"@LiveNotizie\" \/>\n<meta name=\"twitter:site\" content=\"@LiveNotizie\" \/>\n<meta name=\"twitter:label1\" content=\"Scritto da\" \/>\n\t<meta name=\"twitter:data1\" content=\"italpress\" \/>\n\t<meta name=\"twitter:label2\" content=\"Tempo di lettura stimato\" \/>\n\t<meta name=\"twitter:data2\" content=\"1 minuto\" \/>\n<script type=\"application\/ld+json\" class=\"yoast-schema-graph\">{\"@context\":\"https:\\\/\\\/schema.org\",\"@graph\":[{\"@type\":\"Article\",\"@id\":\"https:\\\/\\\/www.livemag.it\\\/index.php\\\/2026\\\/01\\\/27\\\/frana-niscemi-schifani-chi-perde-casa-non-rimarra-senza-sara-salvaguardato\\\/#article\",\"isPartOf\":{\"@id\":\"https:\\\/\\\/www.livemag.it\\\/index.php\\\/2026\\\/01\\\/27\\\/frana-niscemi-schifani-chi-perde-casa-non-rimarra-senza-sara-salvaguardato\\\/\"},\"author\":{\"name\":\"italpress\",\"@id\":\"https:\\\/\\\/www.livemag.it\\\/#\\\/schema\\\/person\\\/b62c5f44451fdcdaeb0afe6c2424e73c\"},\"headline\":\"Frana Niscemi, Schifani &#8220;Chi perde casa non rimarr\u00e0 senza, sar\u00e0 salvaguardato&#8221;\",\"datePublished\":\"2026-01-27T14:02:40+00:00\",\"mainEntityOfPage\":{\"@id\":\"https:\\\/\\\/www.livemag.it\\\/index.php\\\/2026\\\/01\\\/27\\\/frana-niscemi-schifani-chi-perde-casa-non-rimarra-senza-sara-salvaguardato\\\/\"},\"wordCount\":315,\"publisher\":{\"@id\":\"https:\\\/\\\/www.livemag.it\\\/#organization\"},\"image\":{\"@id\":\"https:\\\/\\\/www.livemag.it\\\/index.php\\\/2026\\\/01\\\/27\\\/frana-niscemi-schifani-chi-perde-casa-non-rimarra-senza-sara-salvaguardato\\\/#primaryimage\"},\"thumbnailUrl\":\"https:\\\/\\\/www.livemag.it\\\/wp-content\\\/uploads\\\/2026\\\/01\\\/54AK.jpg\",\"articleSection\":[\"Video\"],\"inLanguage\":\"it-IT\"},{\"@type\":\"WebPage\",\"@id\":\"https:\\\/\\\/www.livemag.it\\\/index.php\\\/2026\\\/01\\\/27\\\/frana-niscemi-schifani-chi-perde-casa-non-rimarra-senza-sara-salvaguardato\\\/\",\"url\":\"https:\\\/\\\/www.livemag.it\\\/index.php\\\/2026\\\/01\\\/27\\\/frana-niscemi-schifani-chi-perde-casa-non-rimarra-senza-sara-salvaguardato\\\/\",\"name\":\"Frana Niscemi, Schifani \\\"Chi perde casa non rimarr\u00e0 senza, sar\u00e0 salvaguardato\\\" - Live Magazine\",\"isPartOf\":{\"@id\":\"https:\\\/\\\/www.livemag.it\\\/#website\"},\"primaryImageOfPage\":{\"@id\":\"https:\\\/\\\/www.livemag.it\\\/index.php\\\/2026\\\/01\\\/27\\\/frana-niscemi-schifani-chi-perde-casa-non-rimarra-senza-sara-salvaguardato\\\/#primaryimage\"},\"image\":{\"@id\":\"https:\\\/\\\/www.livemag.it\\\/index.php\\\/2026\\\/01\\\/27\\\/frana-niscemi-schifani-chi-perde-casa-non-rimarra-senza-sara-salvaguardato\\\/#primaryimage\"},\"thumbnailUrl\":\"https:\\\/\\\/www.livemag.it\\\/wp-content\\\/uploads\\\/2026\\\/01\\\/54AK.jpg\",\"datePublished\":\"2026-01-27T14:02:40+00:00\",\"breadcrumb\":{\"@id\":\"https:\\\/\\\/www.livemag.it\\\/index.php\\\/2026\\\/01\\\/27\\\/frana-niscemi-schifani-chi-perde-casa-non-rimarra-senza-sara-salvaguardato\\\/#breadcrumb\"},\"inLanguage\":\"it-IT\",\"potentialAction\":[{\"@type\":\"ReadAction\",\"target\":[\"https:\\\/\\\/www.livemag.it\\\/index.php\\\/2026\\\/01\\\/27\\\/frana-niscemi-schifani-chi-perde-casa-non-rimarra-senza-sara-salvaguardato\\\/\"]}]},{\"@type\":\"ImageObject\",\"inLanguage\":\"it-IT\",\"@id\":\"https:\\\/\\\/www.livemag.it\\\/index.php\\\/2026\\\/01\\\/27\\\/frana-niscemi-schifani-chi-perde-casa-non-rimarra-senza-sara-salvaguardato\\\/#primaryimage\",\"url\":\"https:\\\/\\\/www.livemag.it\\\/wp-content\\\/uploads\\\/2026\\\/01\\\/54AK.jpg\",\"contentUrl\":\"https:\\\/\\\/www.livemag.it\\\/wp-content\\\/uploads\\\/2026\\\/01\\\/54AK.jpg\",\"width\":1920,\"height\":1080},{\"@type\":\"BreadcrumbList\",\"@id\":\"https:\\\/\\\/www.livemag.it\\\/index.php\\\/2026\\\/01\\\/27\\\/frana-niscemi-schifani-chi-perde-casa-non-rimarra-senza-sara-salvaguardato\\\/#breadcrumb\",\"itemListElement\":[{\"@type\":\"ListItem\",\"position\":1,\"name\":\"Home\",\"item\":\"https:\\\/\\\/www.livemag.it\\\/\"},{\"@type\":\"ListItem\",\"position\":2,\"name\":\"Frana Niscemi, Schifani &#8220;Chi perde casa non rimarr\u00e0 senza, sar\u00e0 salvaguardato&#8221;\"}]},{\"@type\":\"WebSite\",\"@id\":\"https:\\\/\\\/www.livemag.it\\\/#website\",\"url\":\"https:\\\/\\\/www.livemag.it\\\/\",\"name\":\"Live Magazine\",\"description\":\"Varie ed eventi\",\"publisher\":{\"@id\":\"https:\\\/\\\/www.livemag.it\\\/#organization\"},\"potentialAction\":[{\"@type\":\"SearchAction\",\"target\":{\"@type\":\"EntryPoint\",\"urlTemplate\":\"https:\\\/\\\/www.livemag.it\\\/?s={search_term_string}\"},\"query-input\":{\"@type\":\"PropertyValueSpecification\",\"valueRequired\":true,\"valueName\":\"search_term_string\"}}],\"inLanguage\":\"it-IT\"},{\"@type\":\"Organization\",\"@id\":\"https:\\\/\\\/www.livemag.it\\\/#organization\",\"name\":\"LiveMag\",\"alternateName\":\"LiveMag News ed eventi\",\"url\":\"https:\\\/\\\/www.livemag.it\\\/\",\"logo\":{\"@type\":\"ImageObject\",\"inLanguage\":\"it-IT\",\"@id\":\"https:\\\/\\\/www.livemag.it\\\/#\\\/schema\\\/logo\\\/image\\\/\",\"url\":\"https:\\\/\\\/www.livemag.it\\\/wp-content\\\/uploads\\\/2024\\\/02\\\/immagine-sito.jpg\",\"contentUrl\":\"https:\\\/\\\/www.livemag.it\\\/wp-content\\\/uploads\\\/2024\\\/02\\\/immagine-sito.jpg\",\"width\":696,\"height\":696,\"caption\":\"LiveMag\"},\"image\":{\"@id\":\"https:\\\/\\\/www.livemag.it\\\/#\\\/schema\\\/logo\\\/image\\\/\"},\"sameAs\":[\"https:\\\/\\\/www.facebook.com\\\/LiveMag\\\/\",\"https:\\\/\\\/x.com\\\/LiveNotizie\",\"https:\\\/\\\/www.instagram.com\\\/livemag\\\/\"]},{\"@type\":\"Person\",\"@id\":\"https:\\\/\\\/www.livemag.it\\\/#\\\/schema\\\/person\\\/b62c5f44451fdcdaeb0afe6c2424e73c\",\"name\":\"italpress\",\"image\":{\"@type\":\"ImageObject\",\"inLanguage\":\"it-IT\",\"@id\":\"https:\\\/\\\/secure.gravatar.com\\\/avatar\\\/b6a21695fc713ce7ee312cf57c97e2e641feb365be72d8745574d3c3e2b59066?s=96&r=g\",\"url\":\"https:\\\/\\\/secure.gravatar.com\\\/avatar\\\/b6a21695fc713ce7ee312cf57c97e2e641feb365be72d8745574d3c3e2b59066?s=96&r=g\",\"contentUrl\":\"https:\\\/\\\/secure.gravatar.com\\\/avatar\\\/b6a21695fc713ce7ee312cf57c97e2e641feb365be72d8745574d3c3e2b59066?s=96&r=g\",\"caption\":\"italpress\"},\"description\":\"Italpress \u00e8 un'agenzia di stampa italiana a carattere nazionale.\",\"url\":\"https:\\\/\\\/www.livemag.it\\\/index.php\\\/author\\\/italpress\\\/\"}]}<\/script>\n<!-- \/ Yoast SEO plugin. -->","yoast_head_json":{"title":"Frana Niscemi, Schifani \"Chi perde casa non rimarr\u00e0 senza, sar\u00e0 salvaguardato\" - Live Magazine","robots":{"index":"index","follow":"follow","max-snippet":"max-snippet:-1","max-image-preview":"max-image-preview:large","max-video-preview":"max-video-preview:-1"},"canonical":"https:\/\/www.livemag.it\/index.php\/2026\/01\/27\/frana-niscemi-schifani-chi-perde-casa-non-rimarra-senza-sara-salvaguardato\/","og_locale":"it_IT","og_type":"article","og_title":"Frana Niscemi, Schifani \"Chi perde casa non rimarr\u00e0 senza, sar\u00e0 salvaguardato\" - Live Magazine","og_description":"NISCEMI (CALTANISSETTA) (ITALPRESS) &#8211; &#8220;E&#8217; chiaro che \u00e8 una situazione grave, dinamica; non \u00e8 un terremoto, dove avviene e poi si ricostruisce. Questa \u00e8 una situazione critica in evoluzione, per cui \u00e8 giusta l&#8217;indicazione dei 150 metri di sicurezza. Poi si decider\u00e0 se ridurla o meno, per\u00f2 \u00e8 evidente che c&#8217;\u00e8 tanta gente che non [&hellip;]","og_url":"https:\/\/www.livemag.it\/index.php\/2026\/01\/27\/frana-niscemi-schifani-chi-perde-casa-non-rimarra-senza-sara-salvaguardato\/","og_site_name":"Live Magazine","article_publisher":"https:\/\/www.facebook.com\/LiveMag\/","article_published_time":"2026-01-27T14:02:40+00:00","og_image":[{"width":1200,"height":675,"url":"https:\/\/www.livemag.it\/wp-content\/uploads\/2024\/02\/ograph.jpg","type":"image\/jpeg"}],"author":"italpress","twitter_card":"summary_large_image","twitter_creator":"@LiveNotizie","twitter_site":"@LiveNotizie","twitter_misc":{"Scritto da":"italpress","Tempo di lettura stimato":"1 minuto"},"schema":{"@context":"https:\/\/schema.org","@graph":[{"@type":"Article","@id":"https:\/\/www.livemag.it\/index.php\/2026\/01\/27\/frana-niscemi-schifani-chi-perde-casa-non-rimarra-senza-sara-salvaguardato\/#article","isPartOf":{"@id":"https:\/\/www.livemag.it\/index.php\/2026\/01\/27\/frana-niscemi-schifani-chi-perde-casa-non-rimarra-senza-sara-salvaguardato\/"},"author":{"name":"italpress","@id":"https:\/\/www.livemag.it\/#\/schema\/person\/b62c5f44451fdcdaeb0afe6c2424e73c"},"headline":"Frana Niscemi, Schifani &#8220;Chi perde casa non rimarr\u00e0 senza, sar\u00e0 salvaguardato&#8221;","datePublished":"2026-01-27T14:02:40+00:00","mainEntityOfPage":{"@id":"https:\/\/www.livemag.it\/index.php\/2026\/01\/27\/frana-niscemi-schifani-chi-perde-casa-non-rimarra-senza-sara-salvaguardato\/"},"wordCount":315,"publisher":{"@id":"https:\/\/www.livemag.it\/#organization"},"image":{"@id":"https:\/\/www.livemag.it\/index.php\/2026\/01\/27\/frana-niscemi-schifani-chi-perde-casa-non-rimarra-senza-sara-salvaguardato\/#primaryimage"},"thumbnailUrl":"https:\/\/www.livemag.it\/wp-content\/uploads\/2026\/01\/54AK.jpg","articleSection":["Video"],"inLanguage":"it-IT"},{"@type":"WebPage","@id":"https:\/\/www.livemag.it\/index.php\/2026\/01\/27\/frana-niscemi-schifani-chi-perde-casa-non-rimarra-senza-sara-salvaguardato\/","url":"https:\/\/www.livemag.it\/index.php\/2026\/01\/27\/frana-niscemi-schifani-chi-perde-casa-non-rimarra-senza-sara-salvaguardato\/","name":"Frana Niscemi, Schifani \"Chi perde casa non rimarr\u00e0 senza, sar\u00e0 salvaguardato\" - Live Magazine","isPartOf":{"@id":"https:\/\/www.livemag.it\/#website"},"primaryImageOfPage":{"@id":"https:\/\/www.livemag.it\/index.php\/2026\/01\/27\/frana-niscemi-schifani-chi-perde-casa-non-rimarra-senza-sara-salvaguardato\/#primaryimage"},"image":{"@id":"https:\/\/www.livemag.it\/index.php\/2026\/01\/27\/frana-niscemi-schifani-chi-perde-casa-non-rimarra-senza-sara-salvaguardato\/#primaryimage"},"thumbnailUrl":"https:\/\/www.livemag.it\/wp-content\/uploads\/2026\/01\/54AK.jpg","datePublished":"2026-01-27T14:02:40+00:00","breadcrumb":{"@id":"https:\/\/www.livemag.it\/index.php\/2026\/01\/27\/frana-niscemi-schifani-chi-perde-casa-non-rimarra-senza-sara-salvaguardato\/#breadcrumb"},"inLanguage":"it-IT","potentialAction":[{"@type":"ReadAction","target":["https:\/\/www.livemag.it\/index.php\/2026\/01\/27\/frana-niscemi-schifani-chi-perde-casa-non-rimarra-senza-sara-salvaguardato\/"]}]},{"@type":"ImageObject","inLanguage":"it-IT","@id":"https:\/\/www.livemag.it\/index.php\/2026\/01\/27\/frana-niscemi-schifani-chi-perde-casa-non-rimarra-senza-sara-salvaguardato\/#primaryimage","url":"https:\/\/www.livemag.it\/wp-content\/uploads\/2026\/01\/54AK.jpg","contentUrl":"https:\/\/www.livemag.it\/wp-content\/uploads\/2026\/01\/54AK.jpg","width":1920,"height":1080},{"@type":"BreadcrumbList","@id":"https:\/\/www.livemag.it\/index.php\/2026\/01\/27\/frana-niscemi-schifani-chi-perde-casa-non-rimarra-senza-sara-salvaguardato\/#breadcrumb","itemListElement":[{"@type":"ListItem","position":1,"name":"Home","item":"https:\/\/www.livemag.it\/"},{"@type":"ListItem","position":2,"name":"Frana Niscemi, Schifani &#8220;Chi perde casa non rimarr\u00e0 senza, sar\u00e0 salvaguardato&#8221;"}]},{"@type":"WebSite","@id":"https:\/\/www.livemag.it\/#website","url":"https:\/\/www.livemag.it\/","name":"Live Magazine","description":"Varie ed eventi","publisher":{"@id":"https:\/\/www.livemag.it\/#organization"},"potentialAction":[{"@type":"SearchAction","target":{"@type":"EntryPoint","urlTemplate":"https:\/\/www.livemag.it\/?s={search_term_string}"},"query-input":{"@type":"PropertyValueSpecification","valueRequired":true,"valueName":"search_term_string"}}],"inLanguage":"it-IT"},{"@type":"Organization","@id":"https:\/\/www.livemag.it\/#organization","name":"LiveMag","alternateName":"LiveMag News ed eventi","url":"https:\/\/www.livemag.it\/","logo":{"@type":"ImageObject","inLanguage":"it-IT","@id":"https:\/\/www.livemag.it\/#\/schema\/logo\/image\/","url":"https:\/\/www.livemag.it\/wp-content\/uploads\/2024\/02\/immagine-sito.jpg","contentUrl":"https:\/\/www.livemag.it\/wp-content\/uploads\/2024\/02\/immagine-sito.jpg","width":696,"height":696,"caption":"LiveMag"},"image":{"@id":"https:\/\/www.livemag.it\/#\/schema\/logo\/image\/"},"sameAs":["https:\/\/www.facebook.com\/LiveMag\/","https:\/\/x.com\/LiveNotizie","https:\/\/www.instagram.com\/livemag\/"]},{"@type":"Person","@id":"https:\/\/www.livemag.it\/#\/schema\/person\/b62c5f44451fdcdaeb0afe6c2424e73c","name":"italpress","image":{"@type":"ImageObject","inLanguage":"it-IT","@id":"https:\/\/secure.gravatar.com\/avatar\/b6a21695fc713ce7ee312cf57c97e2e641feb365be72d8745574d3c3e2b59066?s=96&r=g","url":"https:\/\/secure.gravatar.com\/avatar\/b6a21695fc713ce7ee312cf57c97e2e641feb365be72d8745574d3c3e2b59066?s=96&r=g","contentUrl":"https:\/\/secure.gravatar.com\/avatar\/b6a21695fc713ce7ee312cf57c97e2e641feb365be72d8745574d3c3e2b59066?s=96&r=g","caption":"italpress"},"description":"Italpress \u00e8 un'agenzia di stampa italiana a carattere nazionale.","url":"https:\/\/www.livemag.it\/index.php\/author\/italpress\/"}]}},"jetpack_featured_media_url":"https:\/\/www.livemag.it\/wp-content\/uploads\/2026\/01\/54AK.jpg","_links":{"self":[{"href":"https:\/\/www.livemag.it\/index.php\/wp-json\/wp\/v2\/posts\/68090","targetHints":{"allow":["GET"]}}],"collection":[{"href":"https:\/\/www.livemag.it\/index.php\/wp-json\/wp\/v2\/posts"}],"about":[{"href":"https:\/\/www.livemag.it\/index.php\/wp-json\/wp\/v2\/types\/post"}],"author":[{"embeddable":true,"href":"https:\/\/www.livemag.it\/index.php\/wp-json\/wp\/v2\/users\/16"}],"replies":[{"embeddable":true,"href":"https:\/\/www.livemag.it\/index.php\/wp-json\/wp\/v2\/comments?post=68090"}],"version-history":[{"count":0,"href":"https:\/\/www.livemag.it\/index.php\/wp-json\/wp\/v2\/posts\/68090\/revisions"}],"wp:featuredmedia":[{"embeddable":true,"href":"https:\/\/www.livemag.it\/index.php\/wp-json\/wp\/v2\/media\/68091"}],"wp:attachment":[{"href":"https:\/\/www.livemag.it\/index.php\/wp-json\/wp\/v2\/media?parent=68090"}],"wp:term":[{"taxonomy":"category","embeddable":true,"href":"https:\/\/www.livemag.it\/index.php\/wp-json\/wp\/v2\/categories?post=68090"},{"taxonomy":"post_tag","embeddable":true,"href":"https:\/\/www.livemag.it\/index.php\/wp-json\/wp\/v2\/tags?post=68090"}],"curies":[{"name":"wp","href":"https:\/\/api.w.org\/{rel}","templated":true}]}}