{"id":68057,"date":"2026-01-27T00:03:24","date_gmt":"2026-01-26T23:03:24","guid":{"rendered":"https:\/\/www.livemag.it\/index.php\/2026\/01\/27\/sala-no-a-ice-a-milano-incompatibile-con-la-nostra-gestione-della-sicurezza\/"},"modified":"2026-01-27T00:03:24","modified_gmt":"2026-01-26T23:03:24","slug":"sala-no-a-ice-a-milano-incompatibile-con-la-nostra-gestione-della-sicurezza","status":"publish","type":"post","link":"https:\/\/www.livemag.it\/index.php\/2026\/01\/27\/sala-no-a-ice-a-milano-incompatibile-con-la-nostra-gestione-della-sicurezza\/","title":{"rendered":"<div>Sala &#8220;No a ICE a Milano, incompatibile con la nostra gestione della sicurezza&#8221;<\/div>"},"content":{"rendered":"<p>    <video-js id=\"videojs69f25cc89cb8b\" class=\"vjs-big-play-centered\" controls preload=\"auto\" playsinline data-setup='{\"fluid\": true}'>\r\n        <source src=\"https:\/\/video.italpress.com\/play\/mp4\/video\/zzBZ\" type=\"video\/mp4\" \/>\r\n    <\/video-js>\r\n           <br \/>\n<\/p>\n<div> MILANO (ITALPRESS) &#8211; &#8220;Io sono abbastanza stupito dall&#8217;atteggiamento del ministro Piantedosi. Prima dice che il problema c&#8217;\u00e8, poi dice stiamo facendo una polemica sul nulla. No, non \u00e8 il nulla. Io credo che da primo cittadino di Milano e da italiano non vorrei proprio che questo corpo di polizia privata di fatto venga a Milano&#8221;. Cos\u00ec il sindaco di Milano Giuseppe Sala, a margine di un incontro con Azione sulla sicurezza urbana, commentando l&#8217;ipotesi che l&#8217;Ice statunitense venga in citt\u00e0 durante le Olimpiadi di Milano Cortina. &#8220;\u00c8 un corpo di polizia che agisce nella totale illegalit\u00e0, a parte che uccide, ma in ogni caso agisce nell&#8217;illegalit\u00e0 &#8211; ha puntualizzato poi &#8211; . Vuol dire entrare nella casa di cittadini senza nessun mandato, il mandato se lo firmano loro. Per cui sono totalmente incompatibili con le nostre modalit\u00e0 per gestire la sicurezza. Veramente \u00e8 stupefacente sentir dire che il problema non c&#8217;\u00e8. Il problema c&#8217;\u00e8, c&#8217;\u00e8 eccome&#8221;. Quindi &#8220;mi pare che alla fine si stia arrivando a una smentita &#8211; come mo auguro &#8211; per\u00f2 certamente non penso che siano compatibili con i nostri modi per gestire una tematica delicata come quella della sicurezza, perch\u00e9 delicata lo \u00e8 senz&#8217;altro. Io auspico fortemente che non passino le frontiere italiane&#8221;, ha concluso il primo cittadino.<\/p>\n<p>xm4\/pc\/mca1<\/p><\/div>\n","protected":false},"excerpt":{"rendered":"<p>MILANO (ITALPRESS) &#8211; &#8220;Io sono abbastanza stupito dall&#8217;atteggiamento del ministro Piantedosi. Prima dice che il problema c&#8217;\u00e8, poi dice stiamo facendo una polemica sul nulla. No, non \u00e8 il nulla. Io credo che da primo cittadino di Milano e da italiano non vorrei proprio che questo corpo di polizia privata di fatto venga a Milano&#8221;. [&hellip;]<\/p>\n","protected":false},"author":16,"featured_media":68058,"comment_status":"closed","ping_status":"closed","sticky":false,"template":"","format":"video","meta":{"jnews-multi-image_gallery":[],"jnews_single_post":[],"jnews_primary_category":[],"jnews_social_meta":[],"jnews_override_counter":[],"jnews_post_split":[],"footnotes":""},"categories":[1171],"tags":[],"class_list":["post-68057","post","type-post","status-publish","format-video","has-post-thumbnail","hentry","category-video","post_format-post-format-video"],"yoast_head":"<!-- This site is optimized with the Yoast SEO plugin v27.5 - https:\/\/yoast.com\/product\/yoast-seo-wordpress\/ -->\n<title>Sala &quot;No a ICE a Milano, incompatibile con la nostra gestione della sicurezza&quot; - Live Magazine<\/title>\n<meta name=\"robots\" content=\"index, follow, max-snippet:-1, max-image-preview:large, max-video-preview:-1\" \/>\n<link rel=\"canonical\" href=\"https:\/\/www.livemag.it\/index.php\/2026\/01\/27\/sala-no-a-ice-a-milano-incompatibile-con-la-nostra-gestione-della-sicurezza\/\" \/>\n<meta property=\"og:locale\" content=\"it_IT\" \/>\n<meta property=\"og:type\" content=\"article\" \/>\n<meta property=\"og:title\" content=\"Sala &quot;No a ICE a Milano, incompatibile con la nostra gestione della sicurezza&quot; - Live Magazine\" \/>\n<meta property=\"og:description\" content=\"MILANO (ITALPRESS) &#8211; &#8220;Io sono abbastanza stupito dall&#8217;atteggiamento del ministro Piantedosi. Prima dice che il problema c&#8217;\u00e8, poi dice stiamo facendo una polemica sul nulla. No, non \u00e8 il nulla. Io credo che da primo cittadino di Milano e da italiano non vorrei proprio che questo corpo di polizia privata di fatto venga a Milano&#8221;. [&hellip;]\" \/>\n<meta property=\"og:url\" content=\"https:\/\/www.livemag.it\/index.php\/2026\/01\/27\/sala-no-a-ice-a-milano-incompatibile-con-la-nostra-gestione-della-sicurezza\/\" \/>\n<meta property=\"og:site_name\" content=\"Live Magazine\" \/>\n<meta property=\"article:publisher\" content=\"https:\/\/www.facebook.com\/LiveMag\/\" \/>\n<meta property=\"article:published_time\" content=\"2026-01-26T23:03:24+00:00\" \/>\n<meta property=\"og:image\" content=\"https:\/\/www.livemag.it\/wp-content\/uploads\/2024\/02\/ograph.jpg\" \/>\n\t<meta property=\"og:image:width\" content=\"1200\" \/>\n\t<meta property=\"og:image:height\" content=\"675\" \/>\n\t<meta property=\"og:image:type\" content=\"image\/jpeg\" \/>\n<meta name=\"author\" content=\"italpress\" \/>\n<meta name=\"twitter:card\" content=\"summary_large_image\" \/>\n<meta name=\"twitter:creator\" content=\"@LiveNotizie\" \/>\n<meta name=\"twitter:site\" content=\"@LiveNotizie\" \/>\n<meta name=\"twitter:label1\" content=\"Scritto da\" \/>\n\t<meta name=\"twitter:data1\" content=\"italpress\" \/>\n\t<meta name=\"twitter:label2\" content=\"Tempo di lettura stimato\" \/>\n\t<meta name=\"twitter:data2\" content=\"1 minuto\" \/>\n<script type=\"application\/ld+json\" class=\"yoast-schema-graph\">{\"@context\":\"https:\\\/\\\/schema.org\",\"@graph\":[{\"@type\":\"Article\",\"@id\":\"https:\\\/\\\/www.livemag.it\\\/index.php\\\/2026\\\/01\\\/27\\\/sala-no-a-ice-a-milano-incompatibile-con-la-nostra-gestione-della-sicurezza\\\/#article\",\"isPartOf\":{\"@id\":\"https:\\\/\\\/www.livemag.it\\\/index.php\\\/2026\\\/01\\\/27\\\/sala-no-a-ice-a-milano-incompatibile-con-la-nostra-gestione-della-sicurezza\\\/\"},\"author\":{\"name\":\"italpress\",\"@id\":\"https:\\\/\\\/www.livemag.it\\\/#\\\/schema\\\/person\\\/b62c5f44451fdcdaeb0afe6c2424e73c\"},\"headline\":\"Sala &#8220;No a ICE a Milano, incompatibile con la nostra gestione della sicurezza&#8221;\",\"datePublished\":\"2026-01-26T23:03:24+00:00\",\"mainEntityOfPage\":{\"@id\":\"https:\\\/\\\/www.livemag.it\\\/index.php\\\/2026\\\/01\\\/27\\\/sala-no-a-ice-a-milano-incompatibile-con-la-nostra-gestione-della-sicurezza\\\/\"},\"wordCount\":239,\"publisher\":{\"@id\":\"https:\\\/\\\/www.livemag.it\\\/#organization\"},\"image\":{\"@id\":\"https:\\\/\\\/www.livemag.it\\\/index.php\\\/2026\\\/01\\\/27\\\/sala-no-a-ice-a-milano-incompatibile-con-la-nostra-gestione-della-sicurezza\\\/#primaryimage\"},\"thumbnailUrl\":\"https:\\\/\\\/www.livemag.it\\\/wp-content\\\/uploads\\\/2026\\\/01\\\/zzBZ.jpg\",\"articleSection\":[\"Video\"],\"inLanguage\":\"it-IT\"},{\"@type\":\"WebPage\",\"@id\":\"https:\\\/\\\/www.livemag.it\\\/index.php\\\/2026\\\/01\\\/27\\\/sala-no-a-ice-a-milano-incompatibile-con-la-nostra-gestione-della-sicurezza\\\/\",\"url\":\"https:\\\/\\\/www.livemag.it\\\/index.php\\\/2026\\\/01\\\/27\\\/sala-no-a-ice-a-milano-incompatibile-con-la-nostra-gestione-della-sicurezza\\\/\",\"name\":\"Sala \\\"No a ICE a Milano, incompatibile con la nostra gestione della sicurezza\\\" - Live Magazine\",\"isPartOf\":{\"@id\":\"https:\\\/\\\/www.livemag.it\\\/#website\"},\"primaryImageOfPage\":{\"@id\":\"https:\\\/\\\/www.livemag.it\\\/index.php\\\/2026\\\/01\\\/27\\\/sala-no-a-ice-a-milano-incompatibile-con-la-nostra-gestione-della-sicurezza\\\/#primaryimage\"},\"image\":{\"@id\":\"https:\\\/\\\/www.livemag.it\\\/index.php\\\/2026\\\/01\\\/27\\\/sala-no-a-ice-a-milano-incompatibile-con-la-nostra-gestione-della-sicurezza\\\/#primaryimage\"},\"thumbnailUrl\":\"https:\\\/\\\/www.livemag.it\\\/wp-content\\\/uploads\\\/2026\\\/01\\\/zzBZ.jpg\",\"datePublished\":\"2026-01-26T23:03:24+00:00\",\"breadcrumb\":{\"@id\":\"https:\\\/\\\/www.livemag.it\\\/index.php\\\/2026\\\/01\\\/27\\\/sala-no-a-ice-a-milano-incompatibile-con-la-nostra-gestione-della-sicurezza\\\/#breadcrumb\"},\"inLanguage\":\"it-IT\",\"potentialAction\":[{\"@type\":\"ReadAction\",\"target\":[\"https:\\\/\\\/www.livemag.it\\\/index.php\\\/2026\\\/01\\\/27\\\/sala-no-a-ice-a-milano-incompatibile-con-la-nostra-gestione-della-sicurezza\\\/\"]}]},{\"@type\":\"ImageObject\",\"inLanguage\":\"it-IT\",\"@id\":\"https:\\\/\\\/www.livemag.it\\\/index.php\\\/2026\\\/01\\\/27\\\/sala-no-a-ice-a-milano-incompatibile-con-la-nostra-gestione-della-sicurezza\\\/#primaryimage\",\"url\":\"https:\\\/\\\/www.livemag.it\\\/wp-content\\\/uploads\\\/2026\\\/01\\\/zzBZ.jpg\",\"contentUrl\":\"https:\\\/\\\/www.livemag.it\\\/wp-content\\\/uploads\\\/2026\\\/01\\\/zzBZ.jpg\",\"width\":1920,\"height\":1080},{\"@type\":\"BreadcrumbList\",\"@id\":\"https:\\\/\\\/www.livemag.it\\\/index.php\\\/2026\\\/01\\\/27\\\/sala-no-a-ice-a-milano-incompatibile-con-la-nostra-gestione-della-sicurezza\\\/#breadcrumb\",\"itemListElement\":[{\"@type\":\"ListItem\",\"position\":1,\"name\":\"Home\",\"item\":\"https:\\\/\\\/www.livemag.it\\\/\"},{\"@type\":\"ListItem\",\"position\":2,\"name\":\"Sala &#8220;No a ICE a Milano, incompatibile con la nostra gestione della sicurezza&#8221;\"}]},{\"@type\":\"WebSite\",\"@id\":\"https:\\\/\\\/www.livemag.it\\\/#website\",\"url\":\"https:\\\/\\\/www.livemag.it\\\/\",\"name\":\"Live Magazine\",\"description\":\"Varie ed eventi\",\"publisher\":{\"@id\":\"https:\\\/\\\/www.livemag.it\\\/#organization\"},\"potentialAction\":[{\"@type\":\"SearchAction\",\"target\":{\"@type\":\"EntryPoint\",\"urlTemplate\":\"https:\\\/\\\/www.livemag.it\\\/?s={search_term_string}\"},\"query-input\":{\"@type\":\"PropertyValueSpecification\",\"valueRequired\":true,\"valueName\":\"search_term_string\"}}],\"inLanguage\":\"it-IT\"},{\"@type\":\"Organization\",\"@id\":\"https:\\\/\\\/www.livemag.it\\\/#organization\",\"name\":\"LiveMag\",\"alternateName\":\"LiveMag News ed eventi\",\"url\":\"https:\\\/\\\/www.livemag.it\\\/\",\"logo\":{\"@type\":\"ImageObject\",\"inLanguage\":\"it-IT\",\"@id\":\"https:\\\/\\\/www.livemag.it\\\/#\\\/schema\\\/logo\\\/image\\\/\",\"url\":\"https:\\\/\\\/www.livemag.it\\\/wp-content\\\/uploads\\\/2024\\\/02\\\/immagine-sito.jpg\",\"contentUrl\":\"https:\\\/\\\/www.livemag.it\\\/wp-content\\\/uploads\\\/2024\\\/02\\\/immagine-sito.jpg\",\"width\":696,\"height\":696,\"caption\":\"LiveMag\"},\"image\":{\"@id\":\"https:\\\/\\\/www.livemag.it\\\/#\\\/schema\\\/logo\\\/image\\\/\"},\"sameAs\":[\"https:\\\/\\\/www.facebook.com\\\/LiveMag\\\/\",\"https:\\\/\\\/x.com\\\/LiveNotizie\",\"https:\\\/\\\/www.instagram.com\\\/livemag\\\/\"]},{\"@type\":\"Person\",\"@id\":\"https:\\\/\\\/www.livemag.it\\\/#\\\/schema\\\/person\\\/b62c5f44451fdcdaeb0afe6c2424e73c\",\"name\":\"italpress\",\"image\":{\"@type\":\"ImageObject\",\"inLanguage\":\"it-IT\",\"@id\":\"https:\\\/\\\/secure.gravatar.com\\\/avatar\\\/b6a21695fc713ce7ee312cf57c97e2e641feb365be72d8745574d3c3e2b59066?s=96&r=g\",\"url\":\"https:\\\/\\\/secure.gravatar.com\\\/avatar\\\/b6a21695fc713ce7ee312cf57c97e2e641feb365be72d8745574d3c3e2b59066?s=96&r=g\",\"contentUrl\":\"https:\\\/\\\/secure.gravatar.com\\\/avatar\\\/b6a21695fc713ce7ee312cf57c97e2e641feb365be72d8745574d3c3e2b59066?s=96&r=g\",\"caption\":\"italpress\"},\"description\":\"Italpress \u00e8 un'agenzia di stampa italiana a carattere nazionale.\",\"url\":\"https:\\\/\\\/www.livemag.it\\\/index.php\\\/author\\\/italpress\\\/\"}]}<\/script>\n<!-- \/ Yoast SEO plugin. -->","yoast_head_json":{"title":"Sala \"No a ICE a Milano, incompatibile con la nostra gestione della sicurezza\" - Live Magazine","robots":{"index":"index","follow":"follow","max-snippet":"max-snippet:-1","max-image-preview":"max-image-preview:large","max-video-preview":"max-video-preview:-1"},"canonical":"https:\/\/www.livemag.it\/index.php\/2026\/01\/27\/sala-no-a-ice-a-milano-incompatibile-con-la-nostra-gestione-della-sicurezza\/","og_locale":"it_IT","og_type":"article","og_title":"Sala \"No a ICE a Milano, incompatibile con la nostra gestione della sicurezza\" - Live Magazine","og_description":"MILANO (ITALPRESS) &#8211; &#8220;Io sono abbastanza stupito dall&#8217;atteggiamento del ministro Piantedosi. Prima dice che il problema c&#8217;\u00e8, poi dice stiamo facendo una polemica sul nulla. No, non \u00e8 il nulla. Io credo che da primo cittadino di Milano e da italiano non vorrei proprio che questo corpo di polizia privata di fatto venga a Milano&#8221;. [&hellip;]","og_url":"https:\/\/www.livemag.it\/index.php\/2026\/01\/27\/sala-no-a-ice-a-milano-incompatibile-con-la-nostra-gestione-della-sicurezza\/","og_site_name":"Live Magazine","article_publisher":"https:\/\/www.facebook.com\/LiveMag\/","article_published_time":"2026-01-26T23:03:24+00:00","og_image":[{"width":1200,"height":675,"url":"https:\/\/www.livemag.it\/wp-content\/uploads\/2024\/02\/ograph.jpg","type":"image\/jpeg"}],"author":"italpress","twitter_card":"summary_large_image","twitter_creator":"@LiveNotizie","twitter_site":"@LiveNotizie","twitter_misc":{"Scritto da":"italpress","Tempo di lettura stimato":"1 minuto"},"schema":{"@context":"https:\/\/schema.org","@graph":[{"@type":"Article","@id":"https:\/\/www.livemag.it\/index.php\/2026\/01\/27\/sala-no-a-ice-a-milano-incompatibile-con-la-nostra-gestione-della-sicurezza\/#article","isPartOf":{"@id":"https:\/\/www.livemag.it\/index.php\/2026\/01\/27\/sala-no-a-ice-a-milano-incompatibile-con-la-nostra-gestione-della-sicurezza\/"},"author":{"name":"italpress","@id":"https:\/\/www.livemag.it\/#\/schema\/person\/b62c5f44451fdcdaeb0afe6c2424e73c"},"headline":"Sala &#8220;No a ICE a Milano, incompatibile con la nostra gestione della sicurezza&#8221;","datePublished":"2026-01-26T23:03:24+00:00","mainEntityOfPage":{"@id":"https:\/\/www.livemag.it\/index.php\/2026\/01\/27\/sala-no-a-ice-a-milano-incompatibile-con-la-nostra-gestione-della-sicurezza\/"},"wordCount":239,"publisher":{"@id":"https:\/\/www.livemag.it\/#organization"},"image":{"@id":"https:\/\/www.livemag.it\/index.php\/2026\/01\/27\/sala-no-a-ice-a-milano-incompatibile-con-la-nostra-gestione-della-sicurezza\/#primaryimage"},"thumbnailUrl":"https:\/\/www.livemag.it\/wp-content\/uploads\/2026\/01\/zzBZ.jpg","articleSection":["Video"],"inLanguage":"it-IT"},{"@type":"WebPage","@id":"https:\/\/www.livemag.it\/index.php\/2026\/01\/27\/sala-no-a-ice-a-milano-incompatibile-con-la-nostra-gestione-della-sicurezza\/","url":"https:\/\/www.livemag.it\/index.php\/2026\/01\/27\/sala-no-a-ice-a-milano-incompatibile-con-la-nostra-gestione-della-sicurezza\/","name":"Sala \"No a ICE a Milano, incompatibile con la nostra gestione della sicurezza\" - Live Magazine","isPartOf":{"@id":"https:\/\/www.livemag.it\/#website"},"primaryImageOfPage":{"@id":"https:\/\/www.livemag.it\/index.php\/2026\/01\/27\/sala-no-a-ice-a-milano-incompatibile-con-la-nostra-gestione-della-sicurezza\/#primaryimage"},"image":{"@id":"https:\/\/www.livemag.it\/index.php\/2026\/01\/27\/sala-no-a-ice-a-milano-incompatibile-con-la-nostra-gestione-della-sicurezza\/#primaryimage"},"thumbnailUrl":"https:\/\/www.livemag.it\/wp-content\/uploads\/2026\/01\/zzBZ.jpg","datePublished":"2026-01-26T23:03:24+00:00","breadcrumb":{"@id":"https:\/\/www.livemag.it\/index.php\/2026\/01\/27\/sala-no-a-ice-a-milano-incompatibile-con-la-nostra-gestione-della-sicurezza\/#breadcrumb"},"inLanguage":"it-IT","potentialAction":[{"@type":"ReadAction","target":["https:\/\/www.livemag.it\/index.php\/2026\/01\/27\/sala-no-a-ice-a-milano-incompatibile-con-la-nostra-gestione-della-sicurezza\/"]}]},{"@type":"ImageObject","inLanguage":"it-IT","@id":"https:\/\/www.livemag.it\/index.php\/2026\/01\/27\/sala-no-a-ice-a-milano-incompatibile-con-la-nostra-gestione-della-sicurezza\/#primaryimage","url":"https:\/\/www.livemag.it\/wp-content\/uploads\/2026\/01\/zzBZ.jpg","contentUrl":"https:\/\/www.livemag.it\/wp-content\/uploads\/2026\/01\/zzBZ.jpg","width":1920,"height":1080},{"@type":"BreadcrumbList","@id":"https:\/\/www.livemag.it\/index.php\/2026\/01\/27\/sala-no-a-ice-a-milano-incompatibile-con-la-nostra-gestione-della-sicurezza\/#breadcrumb","itemListElement":[{"@type":"ListItem","position":1,"name":"Home","item":"https:\/\/www.livemag.it\/"},{"@type":"ListItem","position":2,"name":"Sala &#8220;No a ICE a Milano, incompatibile con la nostra gestione della sicurezza&#8221;"}]},{"@type":"WebSite","@id":"https:\/\/www.livemag.it\/#website","url":"https:\/\/www.livemag.it\/","name":"Live Magazine","description":"Varie ed eventi","publisher":{"@id":"https:\/\/www.livemag.it\/#organization"},"potentialAction":[{"@type":"SearchAction","target":{"@type":"EntryPoint","urlTemplate":"https:\/\/www.livemag.it\/?s={search_term_string}"},"query-input":{"@type":"PropertyValueSpecification","valueRequired":true,"valueName":"search_term_string"}}],"inLanguage":"it-IT"},{"@type":"Organization","@id":"https:\/\/www.livemag.it\/#organization","name":"LiveMag","alternateName":"LiveMag News ed eventi","url":"https:\/\/www.livemag.it\/","logo":{"@type":"ImageObject","inLanguage":"it-IT","@id":"https:\/\/www.livemag.it\/#\/schema\/logo\/image\/","url":"https:\/\/www.livemag.it\/wp-content\/uploads\/2024\/02\/immagine-sito.jpg","contentUrl":"https:\/\/www.livemag.it\/wp-content\/uploads\/2024\/02\/immagine-sito.jpg","width":696,"height":696,"caption":"LiveMag"},"image":{"@id":"https:\/\/www.livemag.it\/#\/schema\/logo\/image\/"},"sameAs":["https:\/\/www.facebook.com\/LiveMag\/","https:\/\/x.com\/LiveNotizie","https:\/\/www.instagram.com\/livemag\/"]},{"@type":"Person","@id":"https:\/\/www.livemag.it\/#\/schema\/person\/b62c5f44451fdcdaeb0afe6c2424e73c","name":"italpress","image":{"@type":"ImageObject","inLanguage":"it-IT","@id":"https:\/\/secure.gravatar.com\/avatar\/b6a21695fc713ce7ee312cf57c97e2e641feb365be72d8745574d3c3e2b59066?s=96&r=g","url":"https:\/\/secure.gravatar.com\/avatar\/b6a21695fc713ce7ee312cf57c97e2e641feb365be72d8745574d3c3e2b59066?s=96&r=g","contentUrl":"https:\/\/secure.gravatar.com\/avatar\/b6a21695fc713ce7ee312cf57c97e2e641feb365be72d8745574d3c3e2b59066?s=96&r=g","caption":"italpress"},"description":"Italpress \u00e8 un'agenzia di stampa italiana a carattere nazionale.","url":"https:\/\/www.livemag.it\/index.php\/author\/italpress\/"}]}},"jetpack_featured_media_url":"https:\/\/www.livemag.it\/wp-content\/uploads\/2026\/01\/zzBZ.jpg","_links":{"self":[{"href":"https:\/\/www.livemag.it\/index.php\/wp-json\/wp\/v2\/posts\/68057","targetHints":{"allow":["GET"]}}],"collection":[{"href":"https:\/\/www.livemag.it\/index.php\/wp-json\/wp\/v2\/posts"}],"about":[{"href":"https:\/\/www.livemag.it\/index.php\/wp-json\/wp\/v2\/types\/post"}],"author":[{"embeddable":true,"href":"https:\/\/www.livemag.it\/index.php\/wp-json\/wp\/v2\/users\/16"}],"replies":[{"embeddable":true,"href":"https:\/\/www.livemag.it\/index.php\/wp-json\/wp\/v2\/comments?post=68057"}],"version-history":[{"count":0,"href":"https:\/\/www.livemag.it\/index.php\/wp-json\/wp\/v2\/posts\/68057\/revisions"}],"wp:featuredmedia":[{"embeddable":true,"href":"https:\/\/www.livemag.it\/index.php\/wp-json\/wp\/v2\/media\/68058"}],"wp:attachment":[{"href":"https:\/\/www.livemag.it\/index.php\/wp-json\/wp\/v2\/media?parent=68057"}],"wp:term":[{"taxonomy":"category","embeddable":true,"href":"https:\/\/www.livemag.it\/index.php\/wp-json\/wp\/v2\/categories?post=68057"},{"taxonomy":"post_tag","embeddable":true,"href":"https:\/\/www.livemag.it\/index.php\/wp-json\/wp\/v2\/tags?post=68057"}],"curies":[{"name":"wp","href":"https:\/\/api.w.org\/{rel}","templated":true}]}}