{"id":68033,"date":"2026-01-26T18:02:50","date_gmt":"2026-01-26T17:02:50","guid":{"rendered":"https:\/\/www.livemag.it\/index.php\/2026\/01\/26\/ciclone-musumeci-dichiarata-emergenza-nazionale-sicilia-sardegna-e-calabria\/"},"modified":"2026-01-26T18:02:50","modified_gmt":"2026-01-26T17:02:50","slug":"ciclone-musumeci-dichiarata-emergenza-nazionale-sicilia-sardegna-e-calabria","status":"publish","type":"post","link":"https:\/\/www.livemag.it\/index.php\/2026\/01\/26\/ciclone-musumeci-dichiarata-emergenza-nazionale-sicilia-sardegna-e-calabria\/","title":{"rendered":"Ciclone, Musumeci \u201cDichiarata emergenza nazionale Sicilia, Sardegna e Calabria\u201d"},"content":{"rendered":"<div>\n<p>ROMA (ITALPRESS) \u2013 Il governo Meloni ha deliberato la dichiarazione dello stato di emergenza nazionale nei territori della Sicilia, Sardegna e Calabria colpiti dal violento maltempo dei giorni scorsi. La proposta \u00e8 stata avanzata e illustrata dal ministro per la Protezione civile e le Politiche del mare Nello Musumeci nella seduta di oggi pomeriggio del Consiglio dei ministri, alla presenza anche dei presidenti delle Regioni Sicilia, Sardegna e Calabria. Lo stato di emergenza pu\u00f2 durare 12 mesi, prorogabile per altri 12, come prevede il Codice di Protezione civile. Per fare fronte ai primissimi interventi previsti dall\u2019art. 25 lettere a,B,c del Codice di protezione civile,  \u00e8 stata deliberata la somma complessiva di 100 milioni di euro, a valere sul Fondo per le emergenze nazionali. Nei prossimi giorni il governo adotter\u00e0 un nuovo provvedimento interministeriale, per consentire il ripristino e la ricostruzione delle infrastrutture danneggiate, non appena sar\u00e0 definita la ricognizione dettagliata dei danni da parte delle Regioni. La attivit\u00e0 di ricostruzione sar\u00e0 coordinata dai rispettivi presidenti di Regione, nominati oggi commissari delegati con ampi poteri di deroga.<\/p>\n<p>\u2013 Foto IPA Agency \u2013<\/p>\n<p>(ITALPRESS).<\/p>\n<\/div>\n","protected":false},"excerpt":{"rendered":"<p>ROMA (ITALPRESS) \u2013 Il governo Meloni ha deliberato la dichiarazione dello stato di emergenza nazionale nei territori della Sicilia, Sardegna e Calabria colpiti dal violento maltempo dei giorni scorsi. La proposta \u00e8 stata avanzata e illustrata dal ministro per la Protezione civile e le Politiche del mare Nello Musumeci nella seduta di oggi pomeriggio del [&hellip;]<\/p>\n","protected":false},"author":16,"featured_media":68034,"comment_status":"closed","ping_status":"closed","sticky":false,"template":"","format":"standard","meta":{"jnews-multi-image_gallery":[],"jnews_single_post":[],"jnews_primary_category":[],"jnews_social_meta":[],"jnews_override_counter":[],"jnews_post_split":[],"footnotes":""},"categories":[1129],"tags":[],"class_list":["post-68033","post","type-post","status-publish","format-standard","has-post-thumbnail","hentry","category-mondo"],"yoast_head":"<!-- This site is optimized with the Yoast SEO plugin v27.5 - https:\/\/yoast.com\/product\/yoast-seo-wordpress\/ -->\n<title>Ciclone, Musumeci \u201cDichiarata emergenza nazionale Sicilia, Sardegna e Calabria\u201d - Live Magazine<\/title>\n<meta name=\"robots\" content=\"index, follow, max-snippet:-1, max-image-preview:large, max-video-preview:-1\" \/>\n<link rel=\"canonical\" href=\"https:\/\/www.livemag.it\/index.php\/2026\/01\/26\/ciclone-musumeci-dichiarata-emergenza-nazionale-sicilia-sardegna-e-calabria\/\" \/>\n<meta property=\"og:locale\" content=\"it_IT\" \/>\n<meta property=\"og:type\" content=\"article\" \/>\n<meta property=\"og:title\" content=\"Ciclone, Musumeci \u201cDichiarata emergenza nazionale Sicilia, Sardegna e Calabria\u201d - Live Magazine\" \/>\n<meta property=\"og:description\" content=\"ROMA (ITALPRESS) \u2013 Il governo Meloni ha deliberato la dichiarazione dello stato di emergenza nazionale nei territori della Sicilia, Sardegna e Calabria colpiti dal violento maltempo dei giorni scorsi. La proposta \u00e8 stata avanzata e illustrata dal ministro per la Protezione civile e le Politiche del mare Nello Musumeci nella seduta di oggi pomeriggio del [&hellip;]\" \/>\n<meta property=\"og:url\" content=\"https:\/\/www.livemag.it\/index.php\/2026\/01\/26\/ciclone-musumeci-dichiarata-emergenza-nazionale-sicilia-sardegna-e-calabria\/\" \/>\n<meta property=\"og:site_name\" content=\"Live Magazine\" \/>\n<meta property=\"article:publisher\" content=\"https:\/\/www.facebook.com\/LiveMag\/\" \/>\n<meta property=\"article:published_time\" content=\"2026-01-26T17:02:50+00:00\" \/>\n<meta property=\"og:image\" content=\"https:\/\/www.livemag.it\/wp-content\/uploads\/2024\/02\/ograph.jpg\" \/>\n\t<meta property=\"og:image:width\" content=\"1200\" \/>\n\t<meta property=\"og:image:height\" content=\"675\" \/>\n\t<meta property=\"og:image:type\" content=\"image\/jpeg\" \/>\n<meta name=\"author\" content=\"italpress\" \/>\n<meta name=\"twitter:card\" content=\"summary_large_image\" \/>\n<meta name=\"twitter:creator\" content=\"@LiveNotizie\" \/>\n<meta name=\"twitter:site\" content=\"@LiveNotizie\" \/>\n<meta name=\"twitter:label1\" content=\"Scritto da\" \/>\n\t<meta name=\"twitter:data1\" content=\"italpress\" \/>\n\t<meta name=\"twitter:label2\" content=\"Tempo di lettura stimato\" \/>\n\t<meta name=\"twitter:data2\" content=\"1 minuto\" \/>\n<script type=\"application\/ld+json\" class=\"yoast-schema-graph\">{\"@context\":\"https:\\\/\\\/schema.org\",\"@graph\":[{\"@type\":\"Article\",\"@id\":\"https:\\\/\\\/www.livemag.it\\\/index.php\\\/2026\\\/01\\\/26\\\/ciclone-musumeci-dichiarata-emergenza-nazionale-sicilia-sardegna-e-calabria\\\/#article\",\"isPartOf\":{\"@id\":\"https:\\\/\\\/www.livemag.it\\\/index.php\\\/2026\\\/01\\\/26\\\/ciclone-musumeci-dichiarata-emergenza-nazionale-sicilia-sardegna-e-calabria\\\/\"},\"author\":{\"name\":\"italpress\",\"@id\":\"https:\\\/\\\/www.livemag.it\\\/#\\\/schema\\\/person\\\/b62c5f44451fdcdaeb0afe6c2424e73c\"},\"headline\":\"Ciclone, Musumeci \u201cDichiarata emergenza nazionale Sicilia, Sardegna e Calabria\u201d\",\"datePublished\":\"2026-01-26T17:02:50+00:00\",\"mainEntityOfPage\":{\"@id\":\"https:\\\/\\\/www.livemag.it\\\/index.php\\\/2026\\\/01\\\/26\\\/ciclone-musumeci-dichiarata-emergenza-nazionale-sicilia-sardegna-e-calabria\\\/\"},\"wordCount\":185,\"publisher\":{\"@id\":\"https:\\\/\\\/www.livemag.it\\\/#organization\"},\"image\":{\"@id\":\"https:\\\/\\\/www.livemag.it\\\/index.php\\\/2026\\\/01\\\/26\\\/ciclone-musumeci-dichiarata-emergenza-nazionale-sicilia-sardegna-e-calabria\\\/#primaryimage\"},\"thumbnailUrl\":\"https:\\\/\\\/www.livemag.it\\\/wp-content\\\/uploads\\\/2026\\\/01\\\/20260126_2281.jpg\",\"articleSection\":[\"Mondo\"],\"inLanguage\":\"it-IT\"},{\"@type\":\"WebPage\",\"@id\":\"https:\\\/\\\/www.livemag.it\\\/index.php\\\/2026\\\/01\\\/26\\\/ciclone-musumeci-dichiarata-emergenza-nazionale-sicilia-sardegna-e-calabria\\\/\",\"url\":\"https:\\\/\\\/www.livemag.it\\\/index.php\\\/2026\\\/01\\\/26\\\/ciclone-musumeci-dichiarata-emergenza-nazionale-sicilia-sardegna-e-calabria\\\/\",\"name\":\"Ciclone, Musumeci \u201cDichiarata emergenza nazionale Sicilia, Sardegna e Calabria\u201d - Live Magazine\",\"isPartOf\":{\"@id\":\"https:\\\/\\\/www.livemag.it\\\/#website\"},\"primaryImageOfPage\":{\"@id\":\"https:\\\/\\\/www.livemag.it\\\/index.php\\\/2026\\\/01\\\/26\\\/ciclone-musumeci-dichiarata-emergenza-nazionale-sicilia-sardegna-e-calabria\\\/#primaryimage\"},\"image\":{\"@id\":\"https:\\\/\\\/www.livemag.it\\\/index.php\\\/2026\\\/01\\\/26\\\/ciclone-musumeci-dichiarata-emergenza-nazionale-sicilia-sardegna-e-calabria\\\/#primaryimage\"},\"thumbnailUrl\":\"https:\\\/\\\/www.livemag.it\\\/wp-content\\\/uploads\\\/2026\\\/01\\\/20260126_2281.jpg\",\"datePublished\":\"2026-01-26T17:02:50+00:00\",\"breadcrumb\":{\"@id\":\"https:\\\/\\\/www.livemag.it\\\/index.php\\\/2026\\\/01\\\/26\\\/ciclone-musumeci-dichiarata-emergenza-nazionale-sicilia-sardegna-e-calabria\\\/#breadcrumb\"},\"inLanguage\":\"it-IT\",\"potentialAction\":[{\"@type\":\"ReadAction\",\"target\":[\"https:\\\/\\\/www.livemag.it\\\/index.php\\\/2026\\\/01\\\/26\\\/ciclone-musumeci-dichiarata-emergenza-nazionale-sicilia-sardegna-e-calabria\\\/\"]}]},{\"@type\":\"ImageObject\",\"inLanguage\":\"it-IT\",\"@id\":\"https:\\\/\\\/www.livemag.it\\\/index.php\\\/2026\\\/01\\\/26\\\/ciclone-musumeci-dichiarata-emergenza-nazionale-sicilia-sardegna-e-calabria\\\/#primaryimage\",\"url\":\"https:\\\/\\\/www.livemag.it\\\/wp-content\\\/uploads\\\/2026\\\/01\\\/20260126_2281.jpg\",\"contentUrl\":\"https:\\\/\\\/www.livemag.it\\\/wp-content\\\/uploads\\\/2026\\\/01\\\/20260126_2281.jpg\",\"width\":1200,\"height\":799},{\"@type\":\"BreadcrumbList\",\"@id\":\"https:\\\/\\\/www.livemag.it\\\/index.php\\\/2026\\\/01\\\/26\\\/ciclone-musumeci-dichiarata-emergenza-nazionale-sicilia-sardegna-e-calabria\\\/#breadcrumb\",\"itemListElement\":[{\"@type\":\"ListItem\",\"position\":1,\"name\":\"Home\",\"item\":\"https:\\\/\\\/www.livemag.it\\\/\"},{\"@type\":\"ListItem\",\"position\":2,\"name\":\"Ciclone, Musumeci \u201cDichiarata emergenza nazionale Sicilia, Sardegna e Calabria\u201d\"}]},{\"@type\":\"WebSite\",\"@id\":\"https:\\\/\\\/www.livemag.it\\\/#website\",\"url\":\"https:\\\/\\\/www.livemag.it\\\/\",\"name\":\"Live Magazine\",\"description\":\"Varie ed eventi\",\"publisher\":{\"@id\":\"https:\\\/\\\/www.livemag.it\\\/#organization\"},\"potentialAction\":[{\"@type\":\"SearchAction\",\"target\":{\"@type\":\"EntryPoint\",\"urlTemplate\":\"https:\\\/\\\/www.livemag.it\\\/?s={search_term_string}\"},\"query-input\":{\"@type\":\"PropertyValueSpecification\",\"valueRequired\":true,\"valueName\":\"search_term_string\"}}],\"inLanguage\":\"it-IT\"},{\"@type\":\"Organization\",\"@id\":\"https:\\\/\\\/www.livemag.it\\\/#organization\",\"name\":\"LiveMag\",\"alternateName\":\"LiveMag News ed eventi\",\"url\":\"https:\\\/\\\/www.livemag.it\\\/\",\"logo\":{\"@type\":\"ImageObject\",\"inLanguage\":\"it-IT\",\"@id\":\"https:\\\/\\\/www.livemag.it\\\/#\\\/schema\\\/logo\\\/image\\\/\",\"url\":\"https:\\\/\\\/www.livemag.it\\\/wp-content\\\/uploads\\\/2024\\\/02\\\/immagine-sito.jpg\",\"contentUrl\":\"https:\\\/\\\/www.livemag.it\\\/wp-content\\\/uploads\\\/2024\\\/02\\\/immagine-sito.jpg\",\"width\":696,\"height\":696,\"caption\":\"LiveMag\"},\"image\":{\"@id\":\"https:\\\/\\\/www.livemag.it\\\/#\\\/schema\\\/logo\\\/image\\\/\"},\"sameAs\":[\"https:\\\/\\\/www.facebook.com\\\/LiveMag\\\/\",\"https:\\\/\\\/x.com\\\/LiveNotizie\",\"https:\\\/\\\/www.instagram.com\\\/livemag\\\/\"]},{\"@type\":\"Person\",\"@id\":\"https:\\\/\\\/www.livemag.it\\\/#\\\/schema\\\/person\\\/b62c5f44451fdcdaeb0afe6c2424e73c\",\"name\":\"italpress\",\"image\":{\"@type\":\"ImageObject\",\"inLanguage\":\"it-IT\",\"@id\":\"https:\\\/\\\/secure.gravatar.com\\\/avatar\\\/b6a21695fc713ce7ee312cf57c97e2e641feb365be72d8745574d3c3e2b59066?s=96&r=g\",\"url\":\"https:\\\/\\\/secure.gravatar.com\\\/avatar\\\/b6a21695fc713ce7ee312cf57c97e2e641feb365be72d8745574d3c3e2b59066?s=96&r=g\",\"contentUrl\":\"https:\\\/\\\/secure.gravatar.com\\\/avatar\\\/b6a21695fc713ce7ee312cf57c97e2e641feb365be72d8745574d3c3e2b59066?s=96&r=g\",\"caption\":\"italpress\"},\"description\":\"Italpress \u00e8 un'agenzia di stampa italiana a carattere nazionale.\",\"url\":\"https:\\\/\\\/www.livemag.it\\\/index.php\\\/author\\\/italpress\\\/\"}]}<\/script>\n<!-- \/ Yoast SEO plugin. -->","yoast_head_json":{"title":"Ciclone, Musumeci \u201cDichiarata emergenza nazionale Sicilia, Sardegna e Calabria\u201d - Live Magazine","robots":{"index":"index","follow":"follow","max-snippet":"max-snippet:-1","max-image-preview":"max-image-preview:large","max-video-preview":"max-video-preview:-1"},"canonical":"https:\/\/www.livemag.it\/index.php\/2026\/01\/26\/ciclone-musumeci-dichiarata-emergenza-nazionale-sicilia-sardegna-e-calabria\/","og_locale":"it_IT","og_type":"article","og_title":"Ciclone, Musumeci \u201cDichiarata emergenza nazionale Sicilia, Sardegna e Calabria\u201d - Live Magazine","og_description":"ROMA (ITALPRESS) \u2013 Il governo Meloni ha deliberato la dichiarazione dello stato di emergenza nazionale nei territori della Sicilia, Sardegna e Calabria colpiti dal violento maltempo dei giorni scorsi. La proposta \u00e8 stata avanzata e illustrata dal ministro per la Protezione civile e le Politiche del mare Nello Musumeci nella seduta di oggi pomeriggio del [&hellip;]","og_url":"https:\/\/www.livemag.it\/index.php\/2026\/01\/26\/ciclone-musumeci-dichiarata-emergenza-nazionale-sicilia-sardegna-e-calabria\/","og_site_name":"Live Magazine","article_publisher":"https:\/\/www.facebook.com\/LiveMag\/","article_published_time":"2026-01-26T17:02:50+00:00","og_image":[{"width":1200,"height":675,"url":"https:\/\/www.livemag.it\/wp-content\/uploads\/2024\/02\/ograph.jpg","type":"image\/jpeg"}],"author":"italpress","twitter_card":"summary_large_image","twitter_creator":"@LiveNotizie","twitter_site":"@LiveNotizie","twitter_misc":{"Scritto da":"italpress","Tempo di lettura stimato":"1 minuto"},"schema":{"@context":"https:\/\/schema.org","@graph":[{"@type":"Article","@id":"https:\/\/www.livemag.it\/index.php\/2026\/01\/26\/ciclone-musumeci-dichiarata-emergenza-nazionale-sicilia-sardegna-e-calabria\/#article","isPartOf":{"@id":"https:\/\/www.livemag.it\/index.php\/2026\/01\/26\/ciclone-musumeci-dichiarata-emergenza-nazionale-sicilia-sardegna-e-calabria\/"},"author":{"name":"italpress","@id":"https:\/\/www.livemag.it\/#\/schema\/person\/b62c5f44451fdcdaeb0afe6c2424e73c"},"headline":"Ciclone, Musumeci \u201cDichiarata emergenza nazionale Sicilia, Sardegna e Calabria\u201d","datePublished":"2026-01-26T17:02:50+00:00","mainEntityOfPage":{"@id":"https:\/\/www.livemag.it\/index.php\/2026\/01\/26\/ciclone-musumeci-dichiarata-emergenza-nazionale-sicilia-sardegna-e-calabria\/"},"wordCount":185,"publisher":{"@id":"https:\/\/www.livemag.it\/#organization"},"image":{"@id":"https:\/\/www.livemag.it\/index.php\/2026\/01\/26\/ciclone-musumeci-dichiarata-emergenza-nazionale-sicilia-sardegna-e-calabria\/#primaryimage"},"thumbnailUrl":"https:\/\/www.livemag.it\/wp-content\/uploads\/2026\/01\/20260126_2281.jpg","articleSection":["Mondo"],"inLanguage":"it-IT"},{"@type":"WebPage","@id":"https:\/\/www.livemag.it\/index.php\/2026\/01\/26\/ciclone-musumeci-dichiarata-emergenza-nazionale-sicilia-sardegna-e-calabria\/","url":"https:\/\/www.livemag.it\/index.php\/2026\/01\/26\/ciclone-musumeci-dichiarata-emergenza-nazionale-sicilia-sardegna-e-calabria\/","name":"Ciclone, Musumeci \u201cDichiarata emergenza nazionale Sicilia, Sardegna e Calabria\u201d - Live Magazine","isPartOf":{"@id":"https:\/\/www.livemag.it\/#website"},"primaryImageOfPage":{"@id":"https:\/\/www.livemag.it\/index.php\/2026\/01\/26\/ciclone-musumeci-dichiarata-emergenza-nazionale-sicilia-sardegna-e-calabria\/#primaryimage"},"image":{"@id":"https:\/\/www.livemag.it\/index.php\/2026\/01\/26\/ciclone-musumeci-dichiarata-emergenza-nazionale-sicilia-sardegna-e-calabria\/#primaryimage"},"thumbnailUrl":"https:\/\/www.livemag.it\/wp-content\/uploads\/2026\/01\/20260126_2281.jpg","datePublished":"2026-01-26T17:02:50+00:00","breadcrumb":{"@id":"https:\/\/www.livemag.it\/index.php\/2026\/01\/26\/ciclone-musumeci-dichiarata-emergenza-nazionale-sicilia-sardegna-e-calabria\/#breadcrumb"},"inLanguage":"it-IT","potentialAction":[{"@type":"ReadAction","target":["https:\/\/www.livemag.it\/index.php\/2026\/01\/26\/ciclone-musumeci-dichiarata-emergenza-nazionale-sicilia-sardegna-e-calabria\/"]}]},{"@type":"ImageObject","inLanguage":"it-IT","@id":"https:\/\/www.livemag.it\/index.php\/2026\/01\/26\/ciclone-musumeci-dichiarata-emergenza-nazionale-sicilia-sardegna-e-calabria\/#primaryimage","url":"https:\/\/www.livemag.it\/wp-content\/uploads\/2026\/01\/20260126_2281.jpg","contentUrl":"https:\/\/www.livemag.it\/wp-content\/uploads\/2026\/01\/20260126_2281.jpg","width":1200,"height":799},{"@type":"BreadcrumbList","@id":"https:\/\/www.livemag.it\/index.php\/2026\/01\/26\/ciclone-musumeci-dichiarata-emergenza-nazionale-sicilia-sardegna-e-calabria\/#breadcrumb","itemListElement":[{"@type":"ListItem","position":1,"name":"Home","item":"https:\/\/www.livemag.it\/"},{"@type":"ListItem","position":2,"name":"Ciclone, Musumeci \u201cDichiarata emergenza nazionale Sicilia, Sardegna e Calabria\u201d"}]},{"@type":"WebSite","@id":"https:\/\/www.livemag.it\/#website","url":"https:\/\/www.livemag.it\/","name":"Live Magazine","description":"Varie ed eventi","publisher":{"@id":"https:\/\/www.livemag.it\/#organization"},"potentialAction":[{"@type":"SearchAction","target":{"@type":"EntryPoint","urlTemplate":"https:\/\/www.livemag.it\/?s={search_term_string}"},"query-input":{"@type":"PropertyValueSpecification","valueRequired":true,"valueName":"search_term_string"}}],"inLanguage":"it-IT"},{"@type":"Organization","@id":"https:\/\/www.livemag.it\/#organization","name":"LiveMag","alternateName":"LiveMag News ed eventi","url":"https:\/\/www.livemag.it\/","logo":{"@type":"ImageObject","inLanguage":"it-IT","@id":"https:\/\/www.livemag.it\/#\/schema\/logo\/image\/","url":"https:\/\/www.livemag.it\/wp-content\/uploads\/2024\/02\/immagine-sito.jpg","contentUrl":"https:\/\/www.livemag.it\/wp-content\/uploads\/2024\/02\/immagine-sito.jpg","width":696,"height":696,"caption":"LiveMag"},"image":{"@id":"https:\/\/www.livemag.it\/#\/schema\/logo\/image\/"},"sameAs":["https:\/\/www.facebook.com\/LiveMag\/","https:\/\/x.com\/LiveNotizie","https:\/\/www.instagram.com\/livemag\/"]},{"@type":"Person","@id":"https:\/\/www.livemag.it\/#\/schema\/person\/b62c5f44451fdcdaeb0afe6c2424e73c","name":"italpress","image":{"@type":"ImageObject","inLanguage":"it-IT","@id":"https:\/\/secure.gravatar.com\/avatar\/b6a21695fc713ce7ee312cf57c97e2e641feb365be72d8745574d3c3e2b59066?s=96&r=g","url":"https:\/\/secure.gravatar.com\/avatar\/b6a21695fc713ce7ee312cf57c97e2e641feb365be72d8745574d3c3e2b59066?s=96&r=g","contentUrl":"https:\/\/secure.gravatar.com\/avatar\/b6a21695fc713ce7ee312cf57c97e2e641feb365be72d8745574d3c3e2b59066?s=96&r=g","caption":"italpress"},"description":"Italpress \u00e8 un'agenzia di stampa italiana a carattere nazionale.","url":"https:\/\/www.livemag.it\/index.php\/author\/italpress\/"}]}},"jetpack_featured_media_url":"https:\/\/www.livemag.it\/wp-content\/uploads\/2026\/01\/20260126_2281.jpg","_links":{"self":[{"href":"https:\/\/www.livemag.it\/index.php\/wp-json\/wp\/v2\/posts\/68033","targetHints":{"allow":["GET"]}}],"collection":[{"href":"https:\/\/www.livemag.it\/index.php\/wp-json\/wp\/v2\/posts"}],"about":[{"href":"https:\/\/www.livemag.it\/index.php\/wp-json\/wp\/v2\/types\/post"}],"author":[{"embeddable":true,"href":"https:\/\/www.livemag.it\/index.php\/wp-json\/wp\/v2\/users\/16"}],"replies":[{"embeddable":true,"href":"https:\/\/www.livemag.it\/index.php\/wp-json\/wp\/v2\/comments?post=68033"}],"version-history":[{"count":0,"href":"https:\/\/www.livemag.it\/index.php\/wp-json\/wp\/v2\/posts\/68033\/revisions"}],"wp:featuredmedia":[{"embeddable":true,"href":"https:\/\/www.livemag.it\/index.php\/wp-json\/wp\/v2\/media\/68034"}],"wp:attachment":[{"href":"https:\/\/www.livemag.it\/index.php\/wp-json\/wp\/v2\/media?parent=68033"}],"wp:term":[{"taxonomy":"category","embeddable":true,"href":"https:\/\/www.livemag.it\/index.php\/wp-json\/wp\/v2\/categories?post=68033"},{"taxonomy":"post_tag","embeddable":true,"href":"https:\/\/www.livemag.it\/index.php\/wp-json\/wp\/v2\/tags?post=68033"}],"curies":[{"name":"wp","href":"https:\/\/api.w.org\/{rel}","templated":true}]}}