{"id":68013,"date":"2026-01-26T15:02:57","date_gmt":"2026-01-26T14:02:57","guid":{"rendered":"https:\/\/www.livemag.it\/index.php\/2026\/01\/26\/a-scuola-di-sogni-con-pan-di-stelle-al-via-2-edizione-del-progetto-educativo\/"},"modified":"2026-01-26T15:02:57","modified_gmt":"2026-01-26T14:02:57","slug":"a-scuola-di-sogni-con-pan-di-stelle-al-via-2-edizione-del-progetto-educativo","status":"publish","type":"post","link":"https:\/\/www.livemag.it\/index.php\/2026\/01\/26\/a-scuola-di-sogni-con-pan-di-stelle-al-via-2-edizione-del-progetto-educativo\/","title":{"rendered":"A scuola di sogni con Pan di Stelle, al via 2^ edizione del progetto educativo"},"content":{"rendered":"<div>\n<p>TORINO (ITALPRESS) \u2013 Parte dal planetario di Torino la seconda edizione di \u201cSogna e credici fino alle stelle\u201d, il progetto educativo di Pan di Stelle realizzato in collaborazione con l\u2019agenzia di comunicazione ed ente di formazione D&amp;F. L\u2019iniziativa mira a coinvolgere insegnanti e allievi di circa 3000 classi della scuola primaria di tutta Italia tramite un percorso formativo con attivit\u00e0 didattiche mirate grazie al quale i docenti possono stimolare l\u2019importanza dei sogni nello sviluppo personale e invitare ogni bambina e bambino a trovare, inseguire e condividere i propri sogni, come stelle che guidano alla ricerca delle proprie aspirazioni. Attraverso un bando di partecipazione, inoltre, \u00e8 prevista l\u2019assegnazione di una speciale \u201cAula dei sogni\u201d, uno spazio arricchito con strumenti musicali, libri e materiali creativi, ideato e donato da Pan di Stelle per regalare alle scuole un ambiente appositamente dedicato ai sogni, al confronto e alle passioni. \u201cLa seconda edizione del progetto Sogna e credici fino alle stelle \u2013 commenta Chiara Pisano, Marketing Director Pan di Stelle \u2013 conferma quanto sia fondamentale mettere i sogni dei bambini al centro dell\u2019esperienza educativa. Attraverso le Aule dei Sogni e le attivit\u00e0 dedicate, il progetto trasforma la scuola in uno spazio stimolante, dove i bambini possono esprimere creativit\u00e0 e collaborazione. L\u2019educazione diventa cos\u00ec uno strumento concreto per coltivare fiducia, resilienza e immaginazione. In questo senso, il progetto non solo celebra i sogni dei bambini, ma li pone al cuore di un percorso di crescita personale e collettiva, dimostrando come le scuole possano ispirare e guidare le nuove generazioni verso il futuro\u201d. Immerso nella cornice della collina torinese, il planetario INFINI.TO ha ospitato la presentazione del nuovo progetto e la mostra \u201cI Sogni Pan di Stelle\u201d, che ha raccolto le aspirazioni e le fantasie dei pi\u00f9 piccoli, espresse durante la prima edizione dell\u2019iniziativa. \u201cI risultati del progetto \u2013 dichiara Matteo Lancini, psicologo e psicoterapeuta \u2013 testimoniano che bambine e bambini hanno sempre pi\u00f9 necessit\u00e0 di vivere la scuola non come semplice luogo di apprendimento delle materie, ma come spazio di espressione di s\u00e8. Quando in classe alunne e alunni si sentono ascoltati autenticamente dal docente e tra pari, vivono un\u2019esperienza relazionale fondante la loro identit\u00e0 attuale e futura. A questo dovrebbe tendere la scuola: aiutare le nuove generazioni a esprimere le proprie emozioni e le parti pi\u00f9 autentiche di s\u00e8, non tanto trasferendo saperi, ma sviluppando le competenze per costruire la societ\u00e0 di domani. I seimila sogni raccolti nel 2025 dimostrano che \u00e8 possibile trasformare l\u2019aula in un luogo di relazione profonda: un modello educativo che meriterebbe di essere esteso anche agli ordini scolastici superiori\u201d. Quest\u2019anno sono in programma inoltre due incontri con i Dreamer di questa edizione per inaugurare due nuove Aule dei Sogni. A marzo, infatti, la ginnasta campionessa olimpica Alice D\u2019Amato torner\u00e0 nella sua scuola di Genova raccontando il proprio percorso, mentre a Valenzano, in provincia di Bari, il ballerino Mattia Zenzola, noto per la sua partecipazione ad Amici, condivider\u00e0 la sua esperienza personale e professionale. Un\u2019esperienza gi\u00e0 vissuta nella precedente edizione dalla fisica Linda Raimondo ad Almese, in provincia di Torino: \u201cTornare nella mia vecchia scuola con Pan di Stelle \u2013 ha dichiarato Raimondo \u2013 \u00e8 stato un momento incredibile, ricco di emozioni, ricordi e sogni condivisi con i bambini di oggi. E\u2019 stato uno scambio prezioso che ci ha fatto sentire sotto lo stesso cielo di speranze e desideri. Sono felice di poter passare il timone ai nuovi Dreamer, che continueranno a far sognare le nuove generazioni, e ancora pi\u00f9 emozionante farlo nella cornice del planetario di Torino, a cui sono molto legata\u201d. Dal 22 gennaio al 20 maggio 2026, i docenti delle scuole primarie di tutta Italia potranno iscrivere gratuitamente le proprie classi al progetto educativo \u201cSogna e credici fino alle stelle\u201d per ricevere il kit didattico dedicato, composto da una guida per l\u2019insegnante e una serie di slide di supporto, sviluppati con la supervisione dello psicologo Matteo Lancini e il contributo di un team di docenti. Le attivit\u00e0 proposte consentono di integrare le ore di Educazione Civica con percorsi mirati allo sviluppo di competenze trasversali fondamentali: dal pensiero divergente, che valorizza diversit\u00e0, unicit\u00e0 e immaginazione, alla motivazione e all\u2019impegno; dall\u2019accettazione del fallimento e della resilienza alla conoscenza di s\u00e8, per favorire la consapevolezza delle proprie inclinazioni e aspirazioni come basi del percorso di crescita personale. Ogni sogno inviato consentir\u00e0 di partecipare all\u2019estrazione finale, che assegner\u00e0 a una scuola vincitrice una speciale Aula dei sogni, sul modello di quelle donate alle scuole primarie dei due Dreamer. Uno spazio che pu\u00f2 rivelarsi importantissimo, come testimoniato da Paola Marchese, Dirigente Scolastica del Settimo Circolo Didattico \u201cSalvatore Di Giacomo\u201d di Giugliano in Campania, in provincia di Napoli, scuola vincitrice nel 2025 di un\u2019Aula dei Sogni, ottenuta grazie al caricamento dei sogni dei suoi alunni sulla piattaforma online dedicata: \u201cPartecipare al progetto \u2013 ha commentato Marchese \u2013 \u00e8 stata un\u2019esperienza entusiasmante e unica. La gioia pi\u00f9 grande \u00e8 vedere i nostri alunni vivere quotidianamente l\u2019Aula dei Sogni, uno spazio polifunzionale dove possono leggere, disegnare, approfondire le materie scientifiche e condividere esperienze significative. Ogni giorno l\u2019aula accoglie i loro desideri e contribuisce al loro successo formativo, educandoli alla bellezza, una necessit\u00e0 fondamentale per la nostra comunit\u00e0\u201d. Lo scorso anno sono stati raccolti a livello nazionale oltre 5mila sogni che offrono uno spaccato significativo dell\u2019immaginario dei bambini tra i 6 e gli 11 anni. Quasi la met\u00e0 riguarda le aspirazioni professionali, e tra i mestieri pi\u00f9 gettonati vi sono il calciatore, l\u2019insegnante, il poliziotto, l\u2019astronauta e il medico. Oltre il 20 per cento si sofferma sulla sfera affettiva familiare mentre il 16 percento riguarda valori pi\u00f9 astratti e collettivi come la fine delle guerre e il desiderio di un mondo pi\u00f9 rispettoso dell\u2019ambiente, libero da povert\u00e0, bullismo e diseguaglianze.<br \/>\n-foto xb4\/Italpress-<br \/>\n(ITALPRESS).<\/p>\n<\/div>\n","protected":false},"excerpt":{"rendered":"<p>TORINO (ITALPRESS) \u2013 Parte dal planetario di Torino la seconda edizione di \u201cSogna e credici fino alle stelle\u201d, il progetto educativo di Pan di Stelle realizzato in collaborazione con l\u2019agenzia di comunicazione ed ente di formazione D&amp;F. L\u2019iniziativa mira a coinvolgere insegnanti e allievi di circa 3000 classi della scuola primaria di tutta Italia tramite [&hellip;]<\/p>\n","protected":false},"author":16,"featured_media":68014,"comment_status":"closed","ping_status":"closed","sticky":false,"template":"","format":"standard","meta":{"jnews-multi-image_gallery":[],"jnews_single_post":[],"jnews_primary_category":[],"jnews_social_meta":[],"jnews_override_counter":[],"jnews_post_split":[],"footnotes":""},"categories":[1129],"tags":[],"class_list":["post-68013","post","type-post","status-publish","format-standard","has-post-thumbnail","hentry","category-mondo"],"yoast_head":"<!-- This site is optimized with the Yoast SEO plugin v27.5 - https:\/\/yoast.com\/product\/yoast-seo-wordpress\/ -->\n<title>A scuola di sogni con Pan di Stelle, al via 2^ edizione del progetto educativo - Live Magazine<\/title>\n<meta name=\"robots\" content=\"index, follow, max-snippet:-1, max-image-preview:large, max-video-preview:-1\" \/>\n<link rel=\"canonical\" href=\"https:\/\/www.livemag.it\/index.php\/2026\/01\/26\/a-scuola-di-sogni-con-pan-di-stelle-al-via-2-edizione-del-progetto-educativo\/\" \/>\n<meta property=\"og:locale\" content=\"it_IT\" \/>\n<meta property=\"og:type\" content=\"article\" \/>\n<meta property=\"og:title\" content=\"A scuola di sogni con Pan di Stelle, al via 2^ edizione del progetto educativo - Live Magazine\" \/>\n<meta property=\"og:description\" content=\"TORINO (ITALPRESS) \u2013 Parte dal planetario di Torino la seconda edizione di \u201cSogna e credici fino alle stelle\u201d, il progetto educativo di Pan di Stelle realizzato in collaborazione con l\u2019agenzia di comunicazione ed ente di formazione D&amp;F. L\u2019iniziativa mira a coinvolgere insegnanti e allievi di circa 3000 classi della scuola primaria di tutta Italia tramite [&hellip;]\" \/>\n<meta property=\"og:url\" content=\"https:\/\/www.livemag.it\/index.php\/2026\/01\/26\/a-scuola-di-sogni-con-pan-di-stelle-al-via-2-edizione-del-progetto-educativo\/\" \/>\n<meta property=\"og:site_name\" content=\"Live Magazine\" \/>\n<meta property=\"article:publisher\" content=\"https:\/\/www.facebook.com\/LiveMag\/\" \/>\n<meta property=\"article:published_time\" content=\"2026-01-26T14:02:57+00:00\" \/>\n<meta property=\"og:image\" content=\"https:\/\/www.livemag.it\/wp-content\/uploads\/2024\/02\/ograph.jpg\" \/>\n\t<meta property=\"og:image:width\" content=\"1200\" \/>\n\t<meta property=\"og:image:height\" content=\"675\" \/>\n\t<meta property=\"og:image:type\" content=\"image\/jpeg\" \/>\n<meta name=\"author\" content=\"italpress\" \/>\n<meta name=\"twitter:card\" content=\"summary_large_image\" \/>\n<meta name=\"twitter:creator\" content=\"@LiveNotizie\" \/>\n<meta name=\"twitter:site\" content=\"@LiveNotizie\" \/>\n<meta name=\"twitter:label1\" content=\"Scritto da\" \/>\n\t<meta name=\"twitter:data1\" content=\"italpress\" \/>\n\t<meta name=\"twitter:label2\" content=\"Tempo di lettura stimato\" \/>\n\t<meta name=\"twitter:data2\" content=\"5 minuti\" \/>\n<script type=\"application\/ld+json\" class=\"yoast-schema-graph\">{\"@context\":\"https:\\\/\\\/schema.org\",\"@graph\":[{\"@type\":\"Article\",\"@id\":\"https:\\\/\\\/www.livemag.it\\\/index.php\\\/2026\\\/01\\\/26\\\/a-scuola-di-sogni-con-pan-di-stelle-al-via-2-edizione-del-progetto-educativo\\\/#article\",\"isPartOf\":{\"@id\":\"https:\\\/\\\/www.livemag.it\\\/index.php\\\/2026\\\/01\\\/26\\\/a-scuola-di-sogni-con-pan-di-stelle-al-via-2-edizione-del-progetto-educativo\\\/\"},\"author\":{\"name\":\"italpress\",\"@id\":\"https:\\\/\\\/www.livemag.it\\\/#\\\/schema\\\/person\\\/b62c5f44451fdcdaeb0afe6c2424e73c\"},\"headline\":\"A scuola di sogni con Pan di Stelle, al via 2^ edizione del progetto educativo\",\"datePublished\":\"2026-01-26T14:02:57+00:00\",\"mainEntityOfPage\":{\"@id\":\"https:\\\/\\\/www.livemag.it\\\/index.php\\\/2026\\\/01\\\/26\\\/a-scuola-di-sogni-con-pan-di-stelle-al-via-2-edizione-del-progetto-educativo\\\/\"},\"wordCount\":974,\"publisher\":{\"@id\":\"https:\\\/\\\/www.livemag.it\\\/#organization\"},\"image\":{\"@id\":\"https:\\\/\\\/www.livemag.it\\\/index.php\\\/2026\\\/01\\\/26\\\/a-scuola-di-sogni-con-pan-di-stelle-al-via-2-edizione-del-progetto-educativo\\\/#primaryimage\"},\"thumbnailUrl\":\"https:\\\/\\\/www.livemag.it\\\/wp-content\\\/uploads\\\/2026\\\/01\\\/20260126_0923.jpg\",\"articleSection\":[\"Mondo\"],\"inLanguage\":\"it-IT\"},{\"@type\":\"WebPage\",\"@id\":\"https:\\\/\\\/www.livemag.it\\\/index.php\\\/2026\\\/01\\\/26\\\/a-scuola-di-sogni-con-pan-di-stelle-al-via-2-edizione-del-progetto-educativo\\\/\",\"url\":\"https:\\\/\\\/www.livemag.it\\\/index.php\\\/2026\\\/01\\\/26\\\/a-scuola-di-sogni-con-pan-di-stelle-al-via-2-edizione-del-progetto-educativo\\\/\",\"name\":\"A scuola di sogni con Pan di Stelle, al via 2^ edizione del progetto educativo - Live Magazine\",\"isPartOf\":{\"@id\":\"https:\\\/\\\/www.livemag.it\\\/#website\"},\"primaryImageOfPage\":{\"@id\":\"https:\\\/\\\/www.livemag.it\\\/index.php\\\/2026\\\/01\\\/26\\\/a-scuola-di-sogni-con-pan-di-stelle-al-via-2-edizione-del-progetto-educativo\\\/#primaryimage\"},\"image\":{\"@id\":\"https:\\\/\\\/www.livemag.it\\\/index.php\\\/2026\\\/01\\\/26\\\/a-scuola-di-sogni-con-pan-di-stelle-al-via-2-edizione-del-progetto-educativo\\\/#primaryimage\"},\"thumbnailUrl\":\"https:\\\/\\\/www.livemag.it\\\/wp-content\\\/uploads\\\/2026\\\/01\\\/20260126_0923.jpg\",\"datePublished\":\"2026-01-26T14:02:57+00:00\",\"breadcrumb\":{\"@id\":\"https:\\\/\\\/www.livemag.it\\\/index.php\\\/2026\\\/01\\\/26\\\/a-scuola-di-sogni-con-pan-di-stelle-al-via-2-edizione-del-progetto-educativo\\\/#breadcrumb\"},\"inLanguage\":\"it-IT\",\"potentialAction\":[{\"@type\":\"ReadAction\",\"target\":[\"https:\\\/\\\/www.livemag.it\\\/index.php\\\/2026\\\/01\\\/26\\\/a-scuola-di-sogni-con-pan-di-stelle-al-via-2-edizione-del-progetto-educativo\\\/\"]}]},{\"@type\":\"ImageObject\",\"inLanguage\":\"it-IT\",\"@id\":\"https:\\\/\\\/www.livemag.it\\\/index.php\\\/2026\\\/01\\\/26\\\/a-scuola-di-sogni-con-pan-di-stelle-al-via-2-edizione-del-progetto-educativo\\\/#primaryimage\",\"url\":\"https:\\\/\\\/www.livemag.it\\\/wp-content\\\/uploads\\\/2026\\\/01\\\/20260126_0923.jpg\",\"contentUrl\":\"https:\\\/\\\/www.livemag.it\\\/wp-content\\\/uploads\\\/2026\\\/01\\\/20260126_0923.jpg\",\"width\":1200,\"height\":790},{\"@type\":\"BreadcrumbList\",\"@id\":\"https:\\\/\\\/www.livemag.it\\\/index.php\\\/2026\\\/01\\\/26\\\/a-scuola-di-sogni-con-pan-di-stelle-al-via-2-edizione-del-progetto-educativo\\\/#breadcrumb\",\"itemListElement\":[{\"@type\":\"ListItem\",\"position\":1,\"name\":\"Home\",\"item\":\"https:\\\/\\\/www.livemag.it\\\/\"},{\"@type\":\"ListItem\",\"position\":2,\"name\":\"A scuola di sogni con Pan di Stelle, al via 2^ edizione del progetto educativo\"}]},{\"@type\":\"WebSite\",\"@id\":\"https:\\\/\\\/www.livemag.it\\\/#website\",\"url\":\"https:\\\/\\\/www.livemag.it\\\/\",\"name\":\"Live Magazine\",\"description\":\"Varie ed eventi\",\"publisher\":{\"@id\":\"https:\\\/\\\/www.livemag.it\\\/#organization\"},\"potentialAction\":[{\"@type\":\"SearchAction\",\"target\":{\"@type\":\"EntryPoint\",\"urlTemplate\":\"https:\\\/\\\/www.livemag.it\\\/?s={search_term_string}\"},\"query-input\":{\"@type\":\"PropertyValueSpecification\",\"valueRequired\":true,\"valueName\":\"search_term_string\"}}],\"inLanguage\":\"it-IT\"},{\"@type\":\"Organization\",\"@id\":\"https:\\\/\\\/www.livemag.it\\\/#organization\",\"name\":\"LiveMag\",\"alternateName\":\"LiveMag News ed eventi\",\"url\":\"https:\\\/\\\/www.livemag.it\\\/\",\"logo\":{\"@type\":\"ImageObject\",\"inLanguage\":\"it-IT\",\"@id\":\"https:\\\/\\\/www.livemag.it\\\/#\\\/schema\\\/logo\\\/image\\\/\",\"url\":\"https:\\\/\\\/www.livemag.it\\\/wp-content\\\/uploads\\\/2024\\\/02\\\/immagine-sito.jpg\",\"contentUrl\":\"https:\\\/\\\/www.livemag.it\\\/wp-content\\\/uploads\\\/2024\\\/02\\\/immagine-sito.jpg\",\"width\":696,\"height\":696,\"caption\":\"LiveMag\"},\"image\":{\"@id\":\"https:\\\/\\\/www.livemag.it\\\/#\\\/schema\\\/logo\\\/image\\\/\"},\"sameAs\":[\"https:\\\/\\\/www.facebook.com\\\/LiveMag\\\/\",\"https:\\\/\\\/x.com\\\/LiveNotizie\",\"https:\\\/\\\/www.instagram.com\\\/livemag\\\/\"]},{\"@type\":\"Person\",\"@id\":\"https:\\\/\\\/www.livemag.it\\\/#\\\/schema\\\/person\\\/b62c5f44451fdcdaeb0afe6c2424e73c\",\"name\":\"italpress\",\"image\":{\"@type\":\"ImageObject\",\"inLanguage\":\"it-IT\",\"@id\":\"https:\\\/\\\/secure.gravatar.com\\\/avatar\\\/b6a21695fc713ce7ee312cf57c97e2e641feb365be72d8745574d3c3e2b59066?s=96&r=g\",\"url\":\"https:\\\/\\\/secure.gravatar.com\\\/avatar\\\/b6a21695fc713ce7ee312cf57c97e2e641feb365be72d8745574d3c3e2b59066?s=96&r=g\",\"contentUrl\":\"https:\\\/\\\/secure.gravatar.com\\\/avatar\\\/b6a21695fc713ce7ee312cf57c97e2e641feb365be72d8745574d3c3e2b59066?s=96&r=g\",\"caption\":\"italpress\"},\"description\":\"Italpress \u00e8 un'agenzia di stampa italiana a carattere nazionale.\",\"url\":\"https:\\\/\\\/www.livemag.it\\\/index.php\\\/author\\\/italpress\\\/\"}]}<\/script>\n<!-- \/ Yoast SEO plugin. -->","yoast_head_json":{"title":"A scuola di sogni con Pan di Stelle, al via 2^ edizione del progetto educativo - Live Magazine","robots":{"index":"index","follow":"follow","max-snippet":"max-snippet:-1","max-image-preview":"max-image-preview:large","max-video-preview":"max-video-preview:-1"},"canonical":"https:\/\/www.livemag.it\/index.php\/2026\/01\/26\/a-scuola-di-sogni-con-pan-di-stelle-al-via-2-edizione-del-progetto-educativo\/","og_locale":"it_IT","og_type":"article","og_title":"A scuola di sogni con Pan di Stelle, al via 2^ edizione del progetto educativo - Live Magazine","og_description":"TORINO (ITALPRESS) \u2013 Parte dal planetario di Torino la seconda edizione di \u201cSogna e credici fino alle stelle\u201d, il progetto educativo di Pan di Stelle realizzato in collaborazione con l\u2019agenzia di comunicazione ed ente di formazione D&amp;F. L\u2019iniziativa mira a coinvolgere insegnanti e allievi di circa 3000 classi della scuola primaria di tutta Italia tramite [&hellip;]","og_url":"https:\/\/www.livemag.it\/index.php\/2026\/01\/26\/a-scuola-di-sogni-con-pan-di-stelle-al-via-2-edizione-del-progetto-educativo\/","og_site_name":"Live Magazine","article_publisher":"https:\/\/www.facebook.com\/LiveMag\/","article_published_time":"2026-01-26T14:02:57+00:00","og_image":[{"width":1200,"height":675,"url":"https:\/\/www.livemag.it\/wp-content\/uploads\/2024\/02\/ograph.jpg","type":"image\/jpeg"}],"author":"italpress","twitter_card":"summary_large_image","twitter_creator":"@LiveNotizie","twitter_site":"@LiveNotizie","twitter_misc":{"Scritto da":"italpress","Tempo di lettura stimato":"5 minuti"},"schema":{"@context":"https:\/\/schema.org","@graph":[{"@type":"Article","@id":"https:\/\/www.livemag.it\/index.php\/2026\/01\/26\/a-scuola-di-sogni-con-pan-di-stelle-al-via-2-edizione-del-progetto-educativo\/#article","isPartOf":{"@id":"https:\/\/www.livemag.it\/index.php\/2026\/01\/26\/a-scuola-di-sogni-con-pan-di-stelle-al-via-2-edizione-del-progetto-educativo\/"},"author":{"name":"italpress","@id":"https:\/\/www.livemag.it\/#\/schema\/person\/b62c5f44451fdcdaeb0afe6c2424e73c"},"headline":"A scuola di sogni con Pan di Stelle, al via 2^ edizione del progetto educativo","datePublished":"2026-01-26T14:02:57+00:00","mainEntityOfPage":{"@id":"https:\/\/www.livemag.it\/index.php\/2026\/01\/26\/a-scuola-di-sogni-con-pan-di-stelle-al-via-2-edizione-del-progetto-educativo\/"},"wordCount":974,"publisher":{"@id":"https:\/\/www.livemag.it\/#organization"},"image":{"@id":"https:\/\/www.livemag.it\/index.php\/2026\/01\/26\/a-scuola-di-sogni-con-pan-di-stelle-al-via-2-edizione-del-progetto-educativo\/#primaryimage"},"thumbnailUrl":"https:\/\/www.livemag.it\/wp-content\/uploads\/2026\/01\/20260126_0923.jpg","articleSection":["Mondo"],"inLanguage":"it-IT"},{"@type":"WebPage","@id":"https:\/\/www.livemag.it\/index.php\/2026\/01\/26\/a-scuola-di-sogni-con-pan-di-stelle-al-via-2-edizione-del-progetto-educativo\/","url":"https:\/\/www.livemag.it\/index.php\/2026\/01\/26\/a-scuola-di-sogni-con-pan-di-stelle-al-via-2-edizione-del-progetto-educativo\/","name":"A scuola di sogni con Pan di Stelle, al via 2^ edizione del progetto educativo - Live Magazine","isPartOf":{"@id":"https:\/\/www.livemag.it\/#website"},"primaryImageOfPage":{"@id":"https:\/\/www.livemag.it\/index.php\/2026\/01\/26\/a-scuola-di-sogni-con-pan-di-stelle-al-via-2-edizione-del-progetto-educativo\/#primaryimage"},"image":{"@id":"https:\/\/www.livemag.it\/index.php\/2026\/01\/26\/a-scuola-di-sogni-con-pan-di-stelle-al-via-2-edizione-del-progetto-educativo\/#primaryimage"},"thumbnailUrl":"https:\/\/www.livemag.it\/wp-content\/uploads\/2026\/01\/20260126_0923.jpg","datePublished":"2026-01-26T14:02:57+00:00","breadcrumb":{"@id":"https:\/\/www.livemag.it\/index.php\/2026\/01\/26\/a-scuola-di-sogni-con-pan-di-stelle-al-via-2-edizione-del-progetto-educativo\/#breadcrumb"},"inLanguage":"it-IT","potentialAction":[{"@type":"ReadAction","target":["https:\/\/www.livemag.it\/index.php\/2026\/01\/26\/a-scuola-di-sogni-con-pan-di-stelle-al-via-2-edizione-del-progetto-educativo\/"]}]},{"@type":"ImageObject","inLanguage":"it-IT","@id":"https:\/\/www.livemag.it\/index.php\/2026\/01\/26\/a-scuola-di-sogni-con-pan-di-stelle-al-via-2-edizione-del-progetto-educativo\/#primaryimage","url":"https:\/\/www.livemag.it\/wp-content\/uploads\/2026\/01\/20260126_0923.jpg","contentUrl":"https:\/\/www.livemag.it\/wp-content\/uploads\/2026\/01\/20260126_0923.jpg","width":1200,"height":790},{"@type":"BreadcrumbList","@id":"https:\/\/www.livemag.it\/index.php\/2026\/01\/26\/a-scuola-di-sogni-con-pan-di-stelle-al-via-2-edizione-del-progetto-educativo\/#breadcrumb","itemListElement":[{"@type":"ListItem","position":1,"name":"Home","item":"https:\/\/www.livemag.it\/"},{"@type":"ListItem","position":2,"name":"A scuola di sogni con Pan di Stelle, al via 2^ edizione del progetto educativo"}]},{"@type":"WebSite","@id":"https:\/\/www.livemag.it\/#website","url":"https:\/\/www.livemag.it\/","name":"Live Magazine","description":"Varie ed eventi","publisher":{"@id":"https:\/\/www.livemag.it\/#organization"},"potentialAction":[{"@type":"SearchAction","target":{"@type":"EntryPoint","urlTemplate":"https:\/\/www.livemag.it\/?s={search_term_string}"},"query-input":{"@type":"PropertyValueSpecification","valueRequired":true,"valueName":"search_term_string"}}],"inLanguage":"it-IT"},{"@type":"Organization","@id":"https:\/\/www.livemag.it\/#organization","name":"LiveMag","alternateName":"LiveMag News ed eventi","url":"https:\/\/www.livemag.it\/","logo":{"@type":"ImageObject","inLanguage":"it-IT","@id":"https:\/\/www.livemag.it\/#\/schema\/logo\/image\/","url":"https:\/\/www.livemag.it\/wp-content\/uploads\/2024\/02\/immagine-sito.jpg","contentUrl":"https:\/\/www.livemag.it\/wp-content\/uploads\/2024\/02\/immagine-sito.jpg","width":696,"height":696,"caption":"LiveMag"},"image":{"@id":"https:\/\/www.livemag.it\/#\/schema\/logo\/image\/"},"sameAs":["https:\/\/www.facebook.com\/LiveMag\/","https:\/\/x.com\/LiveNotizie","https:\/\/www.instagram.com\/livemag\/"]},{"@type":"Person","@id":"https:\/\/www.livemag.it\/#\/schema\/person\/b62c5f44451fdcdaeb0afe6c2424e73c","name":"italpress","image":{"@type":"ImageObject","inLanguage":"it-IT","@id":"https:\/\/secure.gravatar.com\/avatar\/b6a21695fc713ce7ee312cf57c97e2e641feb365be72d8745574d3c3e2b59066?s=96&r=g","url":"https:\/\/secure.gravatar.com\/avatar\/b6a21695fc713ce7ee312cf57c97e2e641feb365be72d8745574d3c3e2b59066?s=96&r=g","contentUrl":"https:\/\/secure.gravatar.com\/avatar\/b6a21695fc713ce7ee312cf57c97e2e641feb365be72d8745574d3c3e2b59066?s=96&r=g","caption":"italpress"},"description":"Italpress \u00e8 un'agenzia di stampa italiana a carattere nazionale.","url":"https:\/\/www.livemag.it\/index.php\/author\/italpress\/"}]}},"jetpack_featured_media_url":"https:\/\/www.livemag.it\/wp-content\/uploads\/2026\/01\/20260126_0923.jpg","_links":{"self":[{"href":"https:\/\/www.livemag.it\/index.php\/wp-json\/wp\/v2\/posts\/68013","targetHints":{"allow":["GET"]}}],"collection":[{"href":"https:\/\/www.livemag.it\/index.php\/wp-json\/wp\/v2\/posts"}],"about":[{"href":"https:\/\/www.livemag.it\/index.php\/wp-json\/wp\/v2\/types\/post"}],"author":[{"embeddable":true,"href":"https:\/\/www.livemag.it\/index.php\/wp-json\/wp\/v2\/users\/16"}],"replies":[{"embeddable":true,"href":"https:\/\/www.livemag.it\/index.php\/wp-json\/wp\/v2\/comments?post=68013"}],"version-history":[{"count":0,"href":"https:\/\/www.livemag.it\/index.php\/wp-json\/wp\/v2\/posts\/68013\/revisions"}],"wp:featuredmedia":[{"embeddable":true,"href":"https:\/\/www.livemag.it\/index.php\/wp-json\/wp\/v2\/media\/68014"}],"wp:attachment":[{"href":"https:\/\/www.livemag.it\/index.php\/wp-json\/wp\/v2\/media?parent=68013"}],"wp:term":[{"taxonomy":"category","embeddable":true,"href":"https:\/\/www.livemag.it\/index.php\/wp-json\/wp\/v2\/categories?post=68013"},{"taxonomy":"post_tag","embeddable":true,"href":"https:\/\/www.livemag.it\/index.php\/wp-json\/wp\/v2\/tags?post=68013"}],"curies":[{"name":"wp","href":"https:\/\/api.w.org\/{rel}","templated":true}]}}