{"id":67951,"date":"2026-01-25T18:02:31","date_gmt":"2026-01-25T17:02:31","guid":{"rendered":"https:\/\/www.livemag.it\/index.php\/2026\/01\/25\/tajani-con-calenda-si-puo-avere-un-dialogo-forte-poi-se-son-rose-fioriranno\/"},"modified":"2026-01-25T18:02:31","modified_gmt":"2026-01-25T17:02:31","slug":"tajani-con-calenda-si-puo-avere-un-dialogo-forte-poi-se-son-rose-fioriranno","status":"publish","type":"post","link":"https:\/\/www.livemag.it\/index.php\/2026\/01\/25\/tajani-con-calenda-si-puo-avere-un-dialogo-forte-poi-se-son-rose-fioriranno\/","title":{"rendered":"<div>Tajani &#8220;Con Calenda si pu\u00f2 avere un dialogo forte, poi se son rose fioriranno&#8221;<\/div>"},"content":{"rendered":"<p>    <video-js id=\"videojs69f34a4111d63\" class=\"vjs-big-play-centered\" controls preload=\"auto\" playsinline data-setup='{\"fluid\": true}'>\r\n        <source src=\"https:\/\/video.italpress.com\/play\/mp4\/video\/xxl3\" type=\"video\/mp4\" \/>\r\n    <\/video-js>\r\n           <br \/>\n<\/p>\n<div> MILANO (ITALPRESS) &#8211; &#8220;Per quanto riguarda Milano e anche le altre grandi citt\u00e0, si pu\u00f2 ripetere l&#8217;esperimento che abbiamo fatto in Basilicata, dove Azione \u00e8 stata alleata del centrodestra per sostenere il candidato presidente di Forza Italia, Vito Bardi. Io credo che con un candidato civico di area moderata Azione possa sostenere un accordo e sostenere questo candidato&#8221;. Cos\u00ec il segretario nazionale di Forza Italia, Antonio Tajani, a margine dell&#8217;evento &#8220;Pi\u00f9 libert\u00e0, pi\u00f9 crescita&#8221;, organizzato dal partito a Milano per celebrare l&#8217;anniversario dalla discesa in campo di Silvio Berlusconi. &#8220;Ne parleremo, vediamo. Intanto, oggi parliamo di economia e su molte questioni possiamo trovarci in sintonia&#8221; con Calenda &#8211; ha sottolineato poi &#8211; . D&#8217;altronde Calenda \u00e8 stato la guida di Confindustria e anche ministro dell&#8217;industria, quindi una persona con cui si pu\u00f2 avere un dialogo forte. Poi se son rose fioriranno&#8221;. Tajani ha ribadito che il partito apre &#8220;il confronto con forze diverse, l&#8217;abbiamo fatto con il Partito Radicale sulla giustizia, lo facciamo con Calenda sull&#8217;economia sociale di mercato, cio\u00e8 sul libero mercato. \u00c8 un modo per confrontarsi, per vedere se c&#8217;\u00e8 possibilit\u00e0 di avere convergenze&#8221;.<\/p>\n<p>xm4\/trl\/mca1<\/p><\/div>\n","protected":false},"excerpt":{"rendered":"<p>MILANO (ITALPRESS) &#8211; &#8220;Per quanto riguarda Milano e anche le altre grandi citt\u00e0, si pu\u00f2 ripetere l&#8217;esperimento che abbiamo fatto in Basilicata, dove Azione \u00e8 stata alleata del centrodestra per sostenere il candidato presidente di Forza Italia, Vito Bardi. Io credo che con un candidato civico di area moderata Azione possa sostenere un accordo e [&hellip;]<\/p>\n","protected":false},"author":16,"featured_media":67952,"comment_status":"closed","ping_status":"closed","sticky":false,"template":"","format":"video","meta":{"jnews-multi-image_gallery":[],"jnews_single_post":[],"jnews_primary_category":[],"jnews_social_meta":[],"jnews_override_counter":[],"jnews_post_split":[],"footnotes":""},"categories":[1171],"tags":[],"class_list":["post-67951","post","type-post","status-publish","format-video","has-post-thumbnail","hentry","category-video","post_format-post-format-video"],"yoast_head":"<!-- This site is optimized with the Yoast SEO plugin v27.5 - https:\/\/yoast.com\/product\/yoast-seo-wordpress\/ -->\n<title>Tajani &quot;Con Calenda si pu\u00f2 avere un dialogo forte, poi se son rose fioriranno&quot; - Live Magazine<\/title>\n<meta name=\"robots\" content=\"index, follow, max-snippet:-1, max-image-preview:large, max-video-preview:-1\" \/>\n<link rel=\"canonical\" href=\"https:\/\/www.livemag.it\/index.php\/2026\/01\/25\/tajani-con-calenda-si-puo-avere-un-dialogo-forte-poi-se-son-rose-fioriranno\/\" \/>\n<meta property=\"og:locale\" content=\"it_IT\" \/>\n<meta property=\"og:type\" content=\"article\" \/>\n<meta property=\"og:title\" content=\"Tajani &quot;Con Calenda si pu\u00f2 avere un dialogo forte, poi se son rose fioriranno&quot; - Live Magazine\" \/>\n<meta property=\"og:description\" content=\"MILANO (ITALPRESS) &#8211; &#8220;Per quanto riguarda Milano e anche le altre grandi citt\u00e0, si pu\u00f2 ripetere l&#8217;esperimento che abbiamo fatto in Basilicata, dove Azione \u00e8 stata alleata del centrodestra per sostenere il candidato presidente di Forza Italia, Vito Bardi. Io credo che con un candidato civico di area moderata Azione possa sostenere un accordo e [&hellip;]\" \/>\n<meta property=\"og:url\" content=\"https:\/\/www.livemag.it\/index.php\/2026\/01\/25\/tajani-con-calenda-si-puo-avere-un-dialogo-forte-poi-se-son-rose-fioriranno\/\" \/>\n<meta property=\"og:site_name\" content=\"Live Magazine\" \/>\n<meta property=\"article:publisher\" content=\"https:\/\/www.facebook.com\/LiveMag\/\" \/>\n<meta property=\"article:published_time\" content=\"2026-01-25T17:02:31+00:00\" \/>\n<meta property=\"og:image\" content=\"https:\/\/www.livemag.it\/wp-content\/uploads\/2024\/02\/ograph.jpg\" \/>\n\t<meta property=\"og:image:width\" content=\"1200\" \/>\n\t<meta property=\"og:image:height\" content=\"675\" \/>\n\t<meta property=\"og:image:type\" content=\"image\/jpeg\" \/>\n<meta name=\"author\" content=\"italpress\" \/>\n<meta name=\"twitter:card\" content=\"summary_large_image\" \/>\n<meta name=\"twitter:creator\" content=\"@LiveNotizie\" \/>\n<meta name=\"twitter:site\" content=\"@LiveNotizie\" \/>\n<meta name=\"twitter:label1\" content=\"Scritto da\" \/>\n\t<meta name=\"twitter:data1\" content=\"italpress\" \/>\n\t<meta name=\"twitter:label2\" content=\"Tempo di lettura stimato\" \/>\n\t<meta name=\"twitter:data2\" content=\"1 minuto\" \/>\n<script type=\"application\/ld+json\" class=\"yoast-schema-graph\">{\"@context\":\"https:\\\/\\\/schema.org\",\"@graph\":[{\"@type\":\"Article\",\"@id\":\"https:\\\/\\\/www.livemag.it\\\/index.php\\\/2026\\\/01\\\/25\\\/tajani-con-calenda-si-puo-avere-un-dialogo-forte-poi-se-son-rose-fioriranno\\\/#article\",\"isPartOf\":{\"@id\":\"https:\\\/\\\/www.livemag.it\\\/index.php\\\/2026\\\/01\\\/25\\\/tajani-con-calenda-si-puo-avere-un-dialogo-forte-poi-se-son-rose-fioriranno\\\/\"},\"author\":{\"name\":\"italpress\",\"@id\":\"https:\\\/\\\/www.livemag.it\\\/#\\\/schema\\\/person\\\/b62c5f44451fdcdaeb0afe6c2424e73c\"},\"headline\":\"Tajani &#8220;Con Calenda si pu\u00f2 avere un dialogo forte, poi se son rose fioriranno&#8221;\",\"datePublished\":\"2026-01-25T17:02:31+00:00\",\"mainEntityOfPage\":{\"@id\":\"https:\\\/\\\/www.livemag.it\\\/index.php\\\/2026\\\/01\\\/25\\\/tajani-con-calenda-si-puo-avere-un-dialogo-forte-poi-se-son-rose-fioriranno\\\/\"},\"wordCount\":217,\"publisher\":{\"@id\":\"https:\\\/\\\/www.livemag.it\\\/#organization\"},\"image\":{\"@id\":\"https:\\\/\\\/www.livemag.it\\\/index.php\\\/2026\\\/01\\\/25\\\/tajani-con-calenda-si-puo-avere-un-dialogo-forte-poi-se-son-rose-fioriranno\\\/#primaryimage\"},\"thumbnailUrl\":\"https:\\\/\\\/www.livemag.it\\\/wp-content\\\/uploads\\\/2026\\\/01\\\/xxl3.jpg\",\"articleSection\":[\"Video\"],\"inLanguage\":\"it-IT\"},{\"@type\":\"WebPage\",\"@id\":\"https:\\\/\\\/www.livemag.it\\\/index.php\\\/2026\\\/01\\\/25\\\/tajani-con-calenda-si-puo-avere-un-dialogo-forte-poi-se-son-rose-fioriranno\\\/\",\"url\":\"https:\\\/\\\/www.livemag.it\\\/index.php\\\/2026\\\/01\\\/25\\\/tajani-con-calenda-si-puo-avere-un-dialogo-forte-poi-se-son-rose-fioriranno\\\/\",\"name\":\"Tajani \\\"Con Calenda si pu\u00f2 avere un dialogo forte, poi se son rose fioriranno\\\" - Live Magazine\",\"isPartOf\":{\"@id\":\"https:\\\/\\\/www.livemag.it\\\/#website\"},\"primaryImageOfPage\":{\"@id\":\"https:\\\/\\\/www.livemag.it\\\/index.php\\\/2026\\\/01\\\/25\\\/tajani-con-calenda-si-puo-avere-un-dialogo-forte-poi-se-son-rose-fioriranno\\\/#primaryimage\"},\"image\":{\"@id\":\"https:\\\/\\\/www.livemag.it\\\/index.php\\\/2026\\\/01\\\/25\\\/tajani-con-calenda-si-puo-avere-un-dialogo-forte-poi-se-son-rose-fioriranno\\\/#primaryimage\"},\"thumbnailUrl\":\"https:\\\/\\\/www.livemag.it\\\/wp-content\\\/uploads\\\/2026\\\/01\\\/xxl3.jpg\",\"datePublished\":\"2026-01-25T17:02:31+00:00\",\"breadcrumb\":{\"@id\":\"https:\\\/\\\/www.livemag.it\\\/index.php\\\/2026\\\/01\\\/25\\\/tajani-con-calenda-si-puo-avere-un-dialogo-forte-poi-se-son-rose-fioriranno\\\/#breadcrumb\"},\"inLanguage\":\"it-IT\",\"potentialAction\":[{\"@type\":\"ReadAction\",\"target\":[\"https:\\\/\\\/www.livemag.it\\\/index.php\\\/2026\\\/01\\\/25\\\/tajani-con-calenda-si-puo-avere-un-dialogo-forte-poi-se-son-rose-fioriranno\\\/\"]}]},{\"@type\":\"ImageObject\",\"inLanguage\":\"it-IT\",\"@id\":\"https:\\\/\\\/www.livemag.it\\\/index.php\\\/2026\\\/01\\\/25\\\/tajani-con-calenda-si-puo-avere-un-dialogo-forte-poi-se-son-rose-fioriranno\\\/#primaryimage\",\"url\":\"https:\\\/\\\/www.livemag.it\\\/wp-content\\\/uploads\\\/2026\\\/01\\\/xxl3.jpg\",\"contentUrl\":\"https:\\\/\\\/www.livemag.it\\\/wp-content\\\/uploads\\\/2026\\\/01\\\/xxl3.jpg\",\"width\":1920,\"height\":1080},{\"@type\":\"BreadcrumbList\",\"@id\":\"https:\\\/\\\/www.livemag.it\\\/index.php\\\/2026\\\/01\\\/25\\\/tajani-con-calenda-si-puo-avere-un-dialogo-forte-poi-se-son-rose-fioriranno\\\/#breadcrumb\",\"itemListElement\":[{\"@type\":\"ListItem\",\"position\":1,\"name\":\"Home\",\"item\":\"https:\\\/\\\/www.livemag.it\\\/\"},{\"@type\":\"ListItem\",\"position\":2,\"name\":\"Tajani &#8220;Con Calenda si pu\u00f2 avere un dialogo forte, poi se son rose fioriranno&#8221;\"}]},{\"@type\":\"WebSite\",\"@id\":\"https:\\\/\\\/www.livemag.it\\\/#website\",\"url\":\"https:\\\/\\\/www.livemag.it\\\/\",\"name\":\"Live Magazine\",\"description\":\"Varie ed eventi\",\"publisher\":{\"@id\":\"https:\\\/\\\/www.livemag.it\\\/#organization\"},\"potentialAction\":[{\"@type\":\"SearchAction\",\"target\":{\"@type\":\"EntryPoint\",\"urlTemplate\":\"https:\\\/\\\/www.livemag.it\\\/?s={search_term_string}\"},\"query-input\":{\"@type\":\"PropertyValueSpecification\",\"valueRequired\":true,\"valueName\":\"search_term_string\"}}],\"inLanguage\":\"it-IT\"},{\"@type\":\"Organization\",\"@id\":\"https:\\\/\\\/www.livemag.it\\\/#organization\",\"name\":\"LiveMag\",\"alternateName\":\"LiveMag News ed eventi\",\"url\":\"https:\\\/\\\/www.livemag.it\\\/\",\"logo\":{\"@type\":\"ImageObject\",\"inLanguage\":\"it-IT\",\"@id\":\"https:\\\/\\\/www.livemag.it\\\/#\\\/schema\\\/logo\\\/image\\\/\",\"url\":\"https:\\\/\\\/www.livemag.it\\\/wp-content\\\/uploads\\\/2024\\\/02\\\/immagine-sito.jpg\",\"contentUrl\":\"https:\\\/\\\/www.livemag.it\\\/wp-content\\\/uploads\\\/2024\\\/02\\\/immagine-sito.jpg\",\"width\":696,\"height\":696,\"caption\":\"LiveMag\"},\"image\":{\"@id\":\"https:\\\/\\\/www.livemag.it\\\/#\\\/schema\\\/logo\\\/image\\\/\"},\"sameAs\":[\"https:\\\/\\\/www.facebook.com\\\/LiveMag\\\/\",\"https:\\\/\\\/x.com\\\/LiveNotizie\",\"https:\\\/\\\/www.instagram.com\\\/livemag\\\/\"]},{\"@type\":\"Person\",\"@id\":\"https:\\\/\\\/www.livemag.it\\\/#\\\/schema\\\/person\\\/b62c5f44451fdcdaeb0afe6c2424e73c\",\"name\":\"italpress\",\"image\":{\"@type\":\"ImageObject\",\"inLanguage\":\"it-IT\",\"@id\":\"https:\\\/\\\/secure.gravatar.com\\\/avatar\\\/b6a21695fc713ce7ee312cf57c97e2e641feb365be72d8745574d3c3e2b59066?s=96&r=g\",\"url\":\"https:\\\/\\\/secure.gravatar.com\\\/avatar\\\/b6a21695fc713ce7ee312cf57c97e2e641feb365be72d8745574d3c3e2b59066?s=96&r=g\",\"contentUrl\":\"https:\\\/\\\/secure.gravatar.com\\\/avatar\\\/b6a21695fc713ce7ee312cf57c97e2e641feb365be72d8745574d3c3e2b59066?s=96&r=g\",\"caption\":\"italpress\"},\"description\":\"Italpress \u00e8 un'agenzia di stampa italiana a carattere nazionale.\",\"url\":\"https:\\\/\\\/www.livemag.it\\\/index.php\\\/author\\\/italpress\\\/\"}]}<\/script>\n<!-- \/ Yoast SEO plugin. -->","yoast_head_json":{"title":"Tajani \"Con Calenda si pu\u00f2 avere un dialogo forte, poi se son rose fioriranno\" - Live Magazine","robots":{"index":"index","follow":"follow","max-snippet":"max-snippet:-1","max-image-preview":"max-image-preview:large","max-video-preview":"max-video-preview:-1"},"canonical":"https:\/\/www.livemag.it\/index.php\/2026\/01\/25\/tajani-con-calenda-si-puo-avere-un-dialogo-forte-poi-se-son-rose-fioriranno\/","og_locale":"it_IT","og_type":"article","og_title":"Tajani \"Con Calenda si pu\u00f2 avere un dialogo forte, poi se son rose fioriranno\" - Live Magazine","og_description":"MILANO (ITALPRESS) &#8211; &#8220;Per quanto riguarda Milano e anche le altre grandi citt\u00e0, si pu\u00f2 ripetere l&#8217;esperimento che abbiamo fatto in Basilicata, dove Azione \u00e8 stata alleata del centrodestra per sostenere il candidato presidente di Forza Italia, Vito Bardi. Io credo che con un candidato civico di area moderata Azione possa sostenere un accordo e [&hellip;]","og_url":"https:\/\/www.livemag.it\/index.php\/2026\/01\/25\/tajani-con-calenda-si-puo-avere-un-dialogo-forte-poi-se-son-rose-fioriranno\/","og_site_name":"Live Magazine","article_publisher":"https:\/\/www.facebook.com\/LiveMag\/","article_published_time":"2026-01-25T17:02:31+00:00","og_image":[{"width":1200,"height":675,"url":"https:\/\/www.livemag.it\/wp-content\/uploads\/2024\/02\/ograph.jpg","type":"image\/jpeg"}],"author":"italpress","twitter_card":"summary_large_image","twitter_creator":"@LiveNotizie","twitter_site":"@LiveNotizie","twitter_misc":{"Scritto da":"italpress","Tempo di lettura stimato":"1 minuto"},"schema":{"@context":"https:\/\/schema.org","@graph":[{"@type":"Article","@id":"https:\/\/www.livemag.it\/index.php\/2026\/01\/25\/tajani-con-calenda-si-puo-avere-un-dialogo-forte-poi-se-son-rose-fioriranno\/#article","isPartOf":{"@id":"https:\/\/www.livemag.it\/index.php\/2026\/01\/25\/tajani-con-calenda-si-puo-avere-un-dialogo-forte-poi-se-son-rose-fioriranno\/"},"author":{"name":"italpress","@id":"https:\/\/www.livemag.it\/#\/schema\/person\/b62c5f44451fdcdaeb0afe6c2424e73c"},"headline":"Tajani &#8220;Con Calenda si pu\u00f2 avere un dialogo forte, poi se son rose fioriranno&#8221;","datePublished":"2026-01-25T17:02:31+00:00","mainEntityOfPage":{"@id":"https:\/\/www.livemag.it\/index.php\/2026\/01\/25\/tajani-con-calenda-si-puo-avere-un-dialogo-forte-poi-se-son-rose-fioriranno\/"},"wordCount":217,"publisher":{"@id":"https:\/\/www.livemag.it\/#organization"},"image":{"@id":"https:\/\/www.livemag.it\/index.php\/2026\/01\/25\/tajani-con-calenda-si-puo-avere-un-dialogo-forte-poi-se-son-rose-fioriranno\/#primaryimage"},"thumbnailUrl":"https:\/\/www.livemag.it\/wp-content\/uploads\/2026\/01\/xxl3.jpg","articleSection":["Video"],"inLanguage":"it-IT"},{"@type":"WebPage","@id":"https:\/\/www.livemag.it\/index.php\/2026\/01\/25\/tajani-con-calenda-si-puo-avere-un-dialogo-forte-poi-se-son-rose-fioriranno\/","url":"https:\/\/www.livemag.it\/index.php\/2026\/01\/25\/tajani-con-calenda-si-puo-avere-un-dialogo-forte-poi-se-son-rose-fioriranno\/","name":"Tajani \"Con Calenda si pu\u00f2 avere un dialogo forte, poi se son rose fioriranno\" - Live Magazine","isPartOf":{"@id":"https:\/\/www.livemag.it\/#website"},"primaryImageOfPage":{"@id":"https:\/\/www.livemag.it\/index.php\/2026\/01\/25\/tajani-con-calenda-si-puo-avere-un-dialogo-forte-poi-se-son-rose-fioriranno\/#primaryimage"},"image":{"@id":"https:\/\/www.livemag.it\/index.php\/2026\/01\/25\/tajani-con-calenda-si-puo-avere-un-dialogo-forte-poi-se-son-rose-fioriranno\/#primaryimage"},"thumbnailUrl":"https:\/\/www.livemag.it\/wp-content\/uploads\/2026\/01\/xxl3.jpg","datePublished":"2026-01-25T17:02:31+00:00","breadcrumb":{"@id":"https:\/\/www.livemag.it\/index.php\/2026\/01\/25\/tajani-con-calenda-si-puo-avere-un-dialogo-forte-poi-se-son-rose-fioriranno\/#breadcrumb"},"inLanguage":"it-IT","potentialAction":[{"@type":"ReadAction","target":["https:\/\/www.livemag.it\/index.php\/2026\/01\/25\/tajani-con-calenda-si-puo-avere-un-dialogo-forte-poi-se-son-rose-fioriranno\/"]}]},{"@type":"ImageObject","inLanguage":"it-IT","@id":"https:\/\/www.livemag.it\/index.php\/2026\/01\/25\/tajani-con-calenda-si-puo-avere-un-dialogo-forte-poi-se-son-rose-fioriranno\/#primaryimage","url":"https:\/\/www.livemag.it\/wp-content\/uploads\/2026\/01\/xxl3.jpg","contentUrl":"https:\/\/www.livemag.it\/wp-content\/uploads\/2026\/01\/xxl3.jpg","width":1920,"height":1080},{"@type":"BreadcrumbList","@id":"https:\/\/www.livemag.it\/index.php\/2026\/01\/25\/tajani-con-calenda-si-puo-avere-un-dialogo-forte-poi-se-son-rose-fioriranno\/#breadcrumb","itemListElement":[{"@type":"ListItem","position":1,"name":"Home","item":"https:\/\/www.livemag.it\/"},{"@type":"ListItem","position":2,"name":"Tajani &#8220;Con Calenda si pu\u00f2 avere un dialogo forte, poi se son rose fioriranno&#8221;"}]},{"@type":"WebSite","@id":"https:\/\/www.livemag.it\/#website","url":"https:\/\/www.livemag.it\/","name":"Live Magazine","description":"Varie ed eventi","publisher":{"@id":"https:\/\/www.livemag.it\/#organization"},"potentialAction":[{"@type":"SearchAction","target":{"@type":"EntryPoint","urlTemplate":"https:\/\/www.livemag.it\/?s={search_term_string}"},"query-input":{"@type":"PropertyValueSpecification","valueRequired":true,"valueName":"search_term_string"}}],"inLanguage":"it-IT"},{"@type":"Organization","@id":"https:\/\/www.livemag.it\/#organization","name":"LiveMag","alternateName":"LiveMag News ed eventi","url":"https:\/\/www.livemag.it\/","logo":{"@type":"ImageObject","inLanguage":"it-IT","@id":"https:\/\/www.livemag.it\/#\/schema\/logo\/image\/","url":"https:\/\/www.livemag.it\/wp-content\/uploads\/2024\/02\/immagine-sito.jpg","contentUrl":"https:\/\/www.livemag.it\/wp-content\/uploads\/2024\/02\/immagine-sito.jpg","width":696,"height":696,"caption":"LiveMag"},"image":{"@id":"https:\/\/www.livemag.it\/#\/schema\/logo\/image\/"},"sameAs":["https:\/\/www.facebook.com\/LiveMag\/","https:\/\/x.com\/LiveNotizie","https:\/\/www.instagram.com\/livemag\/"]},{"@type":"Person","@id":"https:\/\/www.livemag.it\/#\/schema\/person\/b62c5f44451fdcdaeb0afe6c2424e73c","name":"italpress","image":{"@type":"ImageObject","inLanguage":"it-IT","@id":"https:\/\/secure.gravatar.com\/avatar\/b6a21695fc713ce7ee312cf57c97e2e641feb365be72d8745574d3c3e2b59066?s=96&r=g","url":"https:\/\/secure.gravatar.com\/avatar\/b6a21695fc713ce7ee312cf57c97e2e641feb365be72d8745574d3c3e2b59066?s=96&r=g","contentUrl":"https:\/\/secure.gravatar.com\/avatar\/b6a21695fc713ce7ee312cf57c97e2e641feb365be72d8745574d3c3e2b59066?s=96&r=g","caption":"italpress"},"description":"Italpress \u00e8 un'agenzia di stampa italiana a carattere nazionale.","url":"https:\/\/www.livemag.it\/index.php\/author\/italpress\/"}]}},"jetpack_featured_media_url":"https:\/\/www.livemag.it\/wp-content\/uploads\/2026\/01\/xxl3.jpg","_links":{"self":[{"href":"https:\/\/www.livemag.it\/index.php\/wp-json\/wp\/v2\/posts\/67951","targetHints":{"allow":["GET"]}}],"collection":[{"href":"https:\/\/www.livemag.it\/index.php\/wp-json\/wp\/v2\/posts"}],"about":[{"href":"https:\/\/www.livemag.it\/index.php\/wp-json\/wp\/v2\/types\/post"}],"author":[{"embeddable":true,"href":"https:\/\/www.livemag.it\/index.php\/wp-json\/wp\/v2\/users\/16"}],"replies":[{"embeddable":true,"href":"https:\/\/www.livemag.it\/index.php\/wp-json\/wp\/v2\/comments?post=67951"}],"version-history":[{"count":0,"href":"https:\/\/www.livemag.it\/index.php\/wp-json\/wp\/v2\/posts\/67951\/revisions"}],"wp:featuredmedia":[{"embeddable":true,"href":"https:\/\/www.livemag.it\/index.php\/wp-json\/wp\/v2\/media\/67952"}],"wp:attachment":[{"href":"https:\/\/www.livemag.it\/index.php\/wp-json\/wp\/v2\/media?parent=67951"}],"wp:term":[{"taxonomy":"category","embeddable":true,"href":"https:\/\/www.livemag.it\/index.php\/wp-json\/wp\/v2\/categories?post=67951"},{"taxonomy":"post_tag","embeddable":true,"href":"https:\/\/www.livemag.it\/index.php\/wp-json\/wp\/v2\/tags?post=67951"}],"curies":[{"name":"wp","href":"https:\/\/api.w.org\/{rel}","templated":true}]}}