{"id":67907,"date":"2026-01-24T15:04:15","date_gmt":"2026-01-24T14:04:15","guid":{"rendered":"https:\/\/www.livemag.it\/index.php\/2026\/01\/24\/crans-montana-italia-richiama-ambasciatore-in-svizzera-tajani-indignati\/"},"modified":"2026-01-24T15:04:15","modified_gmt":"2026-01-24T14:04:15","slug":"crans-montana-italia-richiama-ambasciatore-in-svizzera-tajani-indignati","status":"publish","type":"post","link":"https:\/\/www.livemag.it\/index.php\/2026\/01\/24\/crans-montana-italia-richiama-ambasciatore-in-svizzera-tajani-indignati\/","title":{"rendered":"Crans Montana, Italia richiama ambasciatore in Svizzera. Tajani \u201cIndignati\u201d"},"content":{"rendered":"<div>\n<p>ROMA (ITALPRESS) \u2013 Il presidente del Consiglio Giorgia Meloni e il Ministro degli Esteri Antonio Tajani hanno dato istruzione all\u2019Ambasciatore d\u2019Italia in Svizzera Gian Lorenzo Cornado di prendere immediatamente contatto con la procuratrice generale del Canton Vallese B\u00e8atrice Pilloud \u201cper rappresentarle la viva indignazione del Governo e dell\u2019Italia di fronte alla decisione del Tribunale delle Misure Coercitive di Sion di scarcerare Jacques Moretti, nonostante l\u2019estrema gravit\u00e0 del reato di cui \u00e8 sospettato, le pesanti responsabilit\u00e0 che incombono su di lui, il persistente pericolo di fuga e l\u2019evidente rischio di ulteriore inquinamento delle prove a suo carico\u201d. <br \/>\u201cUna decisione che rappresenta una grave offesa e una ulteriore ferita inferta alle famiglie delle vittime della tragedia di Crans-Montana e di coloro che sono tuttora ricoverati in ospedale. L\u2019Italia tutta chiede a gran voce verit\u00e0 e giustizia, e chiede che a ridosso di questa sciagura vengano adottati provvedimenti rispettosi, che tengano pienamente conto delle sofferenze e delle aspettative delle famiglie\u201d.<br \/>Il Presidente del Consiglio Giorgia Meloni ed il Ministro degli Esteri Antonio Tajani hanno quindi disposto \u201cil richiamo a Roma dell\u2019Ambasciatore Cornado per definire le ulteriori azioni da intraprendere\u201d.<br \/>\u201cCi aspettiamo che la magistratura Svizzera acceleri i tempi del procedimento penale. Gi\u00e0 \u00e8 partito in ritardo, c\u2019\u00e8 da vedere molto, siamo profondamenti indignati, come genitori e nonni. E\u2019 inaccettabile ci\u00f2 che \u00e8 accaduto, la lentezza della giustizia e il fatto di rimettere in libert\u00e0 il responsabile\u201d. Cos\u00ec il vicepreier e il ministro degli Esteri Antonio Tajani a Sky Tg24 dopo la decisione dell\u2019Italia di richiamare l\u2019ambasciatore in Svizzera. \u201cLa cauzione? Vediamo chi sono questi amici, ma su questo sono garantista. I due sono oggetrtivamente resposnabili di quanto accaduto perch\u00e8 sono i titolari di un locale che ha preso fuoco a causa dei pannelli, non c\u2019era l\u2019uscita di sicurezza, solo una stretta che era chiusa a chiave e c\u2019era anche un mobile che ostruiva l\u2019uscita. Non bisognava permettere di andare con le candele verso i soffitti, la padrona stava li e quello che accadeva lo sapeva. Non \u00e8 stato un terremoto, ma una cosa che doveva esssere impedita. C\u2019\u00e8 una resposanabilit\u00e0 oggettiva e rimettere in libert\u00e0 il proprietario del locale indigna. Non possiamo permettre che il popolo italiano venga offeso in questa maniera\u201d.<\/p>\n<p>\u2013 Foto: Ipa Agency \u2013 <\/p>\n<p>(ITALPRESS).<\/p>\n<\/div>\n","protected":false},"excerpt":{"rendered":"<p>ROMA (ITALPRESS) \u2013 Il presidente del Consiglio Giorgia Meloni e il Ministro degli Esteri Antonio Tajani hanno dato istruzione all\u2019Ambasciatore d\u2019Italia in Svizzera Gian Lorenzo Cornado di prendere immediatamente contatto con la procuratrice generale del Canton Vallese B\u00e8atrice Pilloud \u201cper rappresentarle la viva indignazione del Governo e dell\u2019Italia di fronte alla decisione del Tribunale delle [&hellip;]<\/p>\n","protected":false},"author":16,"featured_media":67908,"comment_status":"closed","ping_status":"closed","sticky":false,"template":"","format":"standard","meta":{"jnews-multi-image_gallery":[],"jnews_single_post":[],"jnews_primary_category":[],"jnews_social_meta":[],"jnews_override_counter":[],"jnews_post_split":[],"footnotes":""},"categories":[1129],"tags":[],"class_list":["post-67907","post","type-post","status-publish","format-standard","has-post-thumbnail","hentry","category-mondo"],"yoast_head":"<!-- This site is optimized with the Yoast SEO plugin v27.4 - https:\/\/yoast.com\/product\/yoast-seo-wordpress\/ -->\n<title>Crans Montana, Italia richiama ambasciatore in Svizzera. Tajani \u201cIndignati\u201d - Live Magazine<\/title>\n<meta name=\"robots\" content=\"index, follow, max-snippet:-1, max-image-preview:large, max-video-preview:-1\" \/>\n<link rel=\"canonical\" href=\"https:\/\/www.livemag.it\/index.php\/2026\/01\/24\/crans-montana-italia-richiama-ambasciatore-in-svizzera-tajani-indignati\/\" \/>\n<meta property=\"og:locale\" content=\"it_IT\" \/>\n<meta property=\"og:type\" content=\"article\" \/>\n<meta property=\"og:title\" content=\"Crans Montana, Italia richiama ambasciatore in Svizzera. Tajani \u201cIndignati\u201d - Live Magazine\" \/>\n<meta property=\"og:description\" content=\"ROMA (ITALPRESS) \u2013 Il presidente del Consiglio Giorgia Meloni e il Ministro degli Esteri Antonio Tajani hanno dato istruzione all\u2019Ambasciatore d\u2019Italia in Svizzera Gian Lorenzo Cornado di prendere immediatamente contatto con la procuratrice generale del Canton Vallese B\u00e8atrice Pilloud \u201cper rappresentarle la viva indignazione del Governo e dell\u2019Italia di fronte alla decisione del Tribunale delle [&hellip;]\" \/>\n<meta property=\"og:url\" content=\"https:\/\/www.livemag.it\/index.php\/2026\/01\/24\/crans-montana-italia-richiama-ambasciatore-in-svizzera-tajani-indignati\/\" \/>\n<meta property=\"og:site_name\" content=\"Live Magazine\" \/>\n<meta property=\"article:publisher\" content=\"https:\/\/www.facebook.com\/LiveMag\/\" \/>\n<meta property=\"article:published_time\" content=\"2026-01-24T14:04:15+00:00\" \/>\n<meta property=\"og:image\" content=\"https:\/\/www.livemag.it\/wp-content\/uploads\/2024\/02\/ograph.jpg\" \/>\n\t<meta property=\"og:image:width\" content=\"1200\" \/>\n\t<meta property=\"og:image:height\" content=\"675\" \/>\n\t<meta property=\"og:image:type\" content=\"image\/jpeg\" \/>\n<meta name=\"author\" content=\"italpress\" \/>\n<meta name=\"twitter:card\" content=\"summary_large_image\" \/>\n<meta name=\"twitter:creator\" content=\"@LiveNotizie\" \/>\n<meta name=\"twitter:site\" content=\"@LiveNotizie\" \/>\n<meta name=\"twitter:label1\" content=\"Scritto da\" \/>\n\t<meta name=\"twitter:data1\" content=\"italpress\" \/>\n\t<meta name=\"twitter:label2\" content=\"Tempo di lettura stimato\" \/>\n\t<meta name=\"twitter:data2\" content=\"2 minuti\" \/>\n<script type=\"application\/ld+json\" class=\"yoast-schema-graph\">{\"@context\":\"https:\\\/\\\/schema.org\",\"@graph\":[{\"@type\":\"Article\",\"@id\":\"https:\\\/\\\/www.livemag.it\\\/index.php\\\/2026\\\/01\\\/24\\\/crans-montana-italia-richiama-ambasciatore-in-svizzera-tajani-indignati\\\/#article\",\"isPartOf\":{\"@id\":\"https:\\\/\\\/www.livemag.it\\\/index.php\\\/2026\\\/01\\\/24\\\/crans-montana-italia-richiama-ambasciatore-in-svizzera-tajani-indignati\\\/\"},\"author\":{\"name\":\"italpress\",\"@id\":\"https:\\\/\\\/www.livemag.it\\\/#\\\/schema\\\/person\\\/b62c5f44451fdcdaeb0afe6c2424e73c\"},\"headline\":\"Crans Montana, Italia richiama ambasciatore in Svizzera. Tajani \u201cIndignati\u201d\",\"datePublished\":\"2026-01-24T14:04:15+00:00\",\"mainEntityOfPage\":{\"@id\":\"https:\\\/\\\/www.livemag.it\\\/index.php\\\/2026\\\/01\\\/24\\\/crans-montana-italia-richiama-ambasciatore-in-svizzera-tajani-indignati\\\/\"},\"wordCount\":391,\"publisher\":{\"@id\":\"https:\\\/\\\/www.livemag.it\\\/#organization\"},\"image\":{\"@id\":\"https:\\\/\\\/www.livemag.it\\\/index.php\\\/2026\\\/01\\\/24\\\/crans-montana-italia-richiama-ambasciatore-in-svizzera-tajani-indignati\\\/#primaryimage\"},\"thumbnailUrl\":\"https:\\\/\\\/www.livemag.it\\\/wp-content\\\/uploads\\\/2026\\\/01\\\/20260124_0468.jpg\",\"articleSection\":[\"Mondo\"],\"inLanguage\":\"it-IT\"},{\"@type\":\"WebPage\",\"@id\":\"https:\\\/\\\/www.livemag.it\\\/index.php\\\/2026\\\/01\\\/24\\\/crans-montana-italia-richiama-ambasciatore-in-svizzera-tajani-indignati\\\/\",\"url\":\"https:\\\/\\\/www.livemag.it\\\/index.php\\\/2026\\\/01\\\/24\\\/crans-montana-italia-richiama-ambasciatore-in-svizzera-tajani-indignati\\\/\",\"name\":\"Crans Montana, Italia richiama ambasciatore in Svizzera. Tajani \u201cIndignati\u201d - Live Magazine\",\"isPartOf\":{\"@id\":\"https:\\\/\\\/www.livemag.it\\\/#website\"},\"primaryImageOfPage\":{\"@id\":\"https:\\\/\\\/www.livemag.it\\\/index.php\\\/2026\\\/01\\\/24\\\/crans-montana-italia-richiama-ambasciatore-in-svizzera-tajani-indignati\\\/#primaryimage\"},\"image\":{\"@id\":\"https:\\\/\\\/www.livemag.it\\\/index.php\\\/2026\\\/01\\\/24\\\/crans-montana-italia-richiama-ambasciatore-in-svizzera-tajani-indignati\\\/#primaryimage\"},\"thumbnailUrl\":\"https:\\\/\\\/www.livemag.it\\\/wp-content\\\/uploads\\\/2026\\\/01\\\/20260124_0468.jpg\",\"datePublished\":\"2026-01-24T14:04:15+00:00\",\"breadcrumb\":{\"@id\":\"https:\\\/\\\/www.livemag.it\\\/index.php\\\/2026\\\/01\\\/24\\\/crans-montana-italia-richiama-ambasciatore-in-svizzera-tajani-indignati\\\/#breadcrumb\"},\"inLanguage\":\"it-IT\",\"potentialAction\":[{\"@type\":\"ReadAction\",\"target\":[\"https:\\\/\\\/www.livemag.it\\\/index.php\\\/2026\\\/01\\\/24\\\/crans-montana-italia-richiama-ambasciatore-in-svizzera-tajani-indignati\\\/\"]}]},{\"@type\":\"ImageObject\",\"inLanguage\":\"it-IT\",\"@id\":\"https:\\\/\\\/www.livemag.it\\\/index.php\\\/2026\\\/01\\\/24\\\/crans-montana-italia-richiama-ambasciatore-in-svizzera-tajani-indignati\\\/#primaryimage\",\"url\":\"https:\\\/\\\/www.livemag.it\\\/wp-content\\\/uploads\\\/2026\\\/01\\\/20260124_0468.jpg\",\"contentUrl\":\"https:\\\/\\\/www.livemag.it\\\/wp-content\\\/uploads\\\/2026\\\/01\\\/20260124_0468.jpg\",\"width\":1024,\"height\":683},{\"@type\":\"BreadcrumbList\",\"@id\":\"https:\\\/\\\/www.livemag.it\\\/index.php\\\/2026\\\/01\\\/24\\\/crans-montana-italia-richiama-ambasciatore-in-svizzera-tajani-indignati\\\/#breadcrumb\",\"itemListElement\":[{\"@type\":\"ListItem\",\"position\":1,\"name\":\"Home\",\"item\":\"https:\\\/\\\/www.livemag.it\\\/\"},{\"@type\":\"ListItem\",\"position\":2,\"name\":\"Crans Montana, Italia richiama ambasciatore in Svizzera. Tajani \u201cIndignati\u201d\"}]},{\"@type\":\"WebSite\",\"@id\":\"https:\\\/\\\/www.livemag.it\\\/#website\",\"url\":\"https:\\\/\\\/www.livemag.it\\\/\",\"name\":\"Live Magazine\",\"description\":\"Varie ed eventi\",\"publisher\":{\"@id\":\"https:\\\/\\\/www.livemag.it\\\/#organization\"},\"potentialAction\":[{\"@type\":\"SearchAction\",\"target\":{\"@type\":\"EntryPoint\",\"urlTemplate\":\"https:\\\/\\\/www.livemag.it\\\/?s={search_term_string}\"},\"query-input\":{\"@type\":\"PropertyValueSpecification\",\"valueRequired\":true,\"valueName\":\"search_term_string\"}}],\"inLanguage\":\"it-IT\"},{\"@type\":\"Organization\",\"@id\":\"https:\\\/\\\/www.livemag.it\\\/#organization\",\"name\":\"LiveMag\",\"alternateName\":\"LiveMag News ed eventi\",\"url\":\"https:\\\/\\\/www.livemag.it\\\/\",\"logo\":{\"@type\":\"ImageObject\",\"inLanguage\":\"it-IT\",\"@id\":\"https:\\\/\\\/www.livemag.it\\\/#\\\/schema\\\/logo\\\/image\\\/\",\"url\":\"https:\\\/\\\/www.livemag.it\\\/wp-content\\\/uploads\\\/2024\\\/02\\\/immagine-sito.jpg\",\"contentUrl\":\"https:\\\/\\\/www.livemag.it\\\/wp-content\\\/uploads\\\/2024\\\/02\\\/immagine-sito.jpg\",\"width\":696,\"height\":696,\"caption\":\"LiveMag\"},\"image\":{\"@id\":\"https:\\\/\\\/www.livemag.it\\\/#\\\/schema\\\/logo\\\/image\\\/\"},\"sameAs\":[\"https:\\\/\\\/www.facebook.com\\\/LiveMag\\\/\",\"https:\\\/\\\/x.com\\\/LiveNotizie\",\"https:\\\/\\\/www.instagram.com\\\/livemag\\\/\"]},{\"@type\":\"Person\",\"@id\":\"https:\\\/\\\/www.livemag.it\\\/#\\\/schema\\\/person\\\/b62c5f44451fdcdaeb0afe6c2424e73c\",\"name\":\"italpress\",\"image\":{\"@type\":\"ImageObject\",\"inLanguage\":\"it-IT\",\"@id\":\"https:\\\/\\\/secure.gravatar.com\\\/avatar\\\/b6a21695fc713ce7ee312cf57c97e2e641feb365be72d8745574d3c3e2b59066?s=96&r=g\",\"url\":\"https:\\\/\\\/secure.gravatar.com\\\/avatar\\\/b6a21695fc713ce7ee312cf57c97e2e641feb365be72d8745574d3c3e2b59066?s=96&r=g\",\"contentUrl\":\"https:\\\/\\\/secure.gravatar.com\\\/avatar\\\/b6a21695fc713ce7ee312cf57c97e2e641feb365be72d8745574d3c3e2b59066?s=96&r=g\",\"caption\":\"italpress\"},\"description\":\"Italpress \u00e8 un'agenzia di stampa italiana a carattere nazionale.\",\"url\":\"https:\\\/\\\/www.livemag.it\\\/index.php\\\/author\\\/italpress\\\/\"}]}<\/script>\n<!-- \/ Yoast SEO plugin. -->","yoast_head_json":{"title":"Crans Montana, Italia richiama ambasciatore in Svizzera. Tajani \u201cIndignati\u201d - Live Magazine","robots":{"index":"index","follow":"follow","max-snippet":"max-snippet:-1","max-image-preview":"max-image-preview:large","max-video-preview":"max-video-preview:-1"},"canonical":"https:\/\/www.livemag.it\/index.php\/2026\/01\/24\/crans-montana-italia-richiama-ambasciatore-in-svizzera-tajani-indignati\/","og_locale":"it_IT","og_type":"article","og_title":"Crans Montana, Italia richiama ambasciatore in Svizzera. Tajani \u201cIndignati\u201d - Live Magazine","og_description":"ROMA (ITALPRESS) \u2013 Il presidente del Consiglio Giorgia Meloni e il Ministro degli Esteri Antonio Tajani hanno dato istruzione all\u2019Ambasciatore d\u2019Italia in Svizzera Gian Lorenzo Cornado di prendere immediatamente contatto con la procuratrice generale del Canton Vallese B\u00e8atrice Pilloud \u201cper rappresentarle la viva indignazione del Governo e dell\u2019Italia di fronte alla decisione del Tribunale delle [&hellip;]","og_url":"https:\/\/www.livemag.it\/index.php\/2026\/01\/24\/crans-montana-italia-richiama-ambasciatore-in-svizzera-tajani-indignati\/","og_site_name":"Live Magazine","article_publisher":"https:\/\/www.facebook.com\/LiveMag\/","article_published_time":"2026-01-24T14:04:15+00:00","og_image":[{"width":1200,"height":675,"url":"https:\/\/www.livemag.it\/wp-content\/uploads\/2024\/02\/ograph.jpg","type":"image\/jpeg"}],"author":"italpress","twitter_card":"summary_large_image","twitter_creator":"@LiveNotizie","twitter_site":"@LiveNotizie","twitter_misc":{"Scritto da":"italpress","Tempo di lettura stimato":"2 minuti"},"schema":{"@context":"https:\/\/schema.org","@graph":[{"@type":"Article","@id":"https:\/\/www.livemag.it\/index.php\/2026\/01\/24\/crans-montana-italia-richiama-ambasciatore-in-svizzera-tajani-indignati\/#article","isPartOf":{"@id":"https:\/\/www.livemag.it\/index.php\/2026\/01\/24\/crans-montana-italia-richiama-ambasciatore-in-svizzera-tajani-indignati\/"},"author":{"name":"italpress","@id":"https:\/\/www.livemag.it\/#\/schema\/person\/b62c5f44451fdcdaeb0afe6c2424e73c"},"headline":"Crans Montana, Italia richiama ambasciatore in Svizzera. Tajani \u201cIndignati\u201d","datePublished":"2026-01-24T14:04:15+00:00","mainEntityOfPage":{"@id":"https:\/\/www.livemag.it\/index.php\/2026\/01\/24\/crans-montana-italia-richiama-ambasciatore-in-svizzera-tajani-indignati\/"},"wordCount":391,"publisher":{"@id":"https:\/\/www.livemag.it\/#organization"},"image":{"@id":"https:\/\/www.livemag.it\/index.php\/2026\/01\/24\/crans-montana-italia-richiama-ambasciatore-in-svizzera-tajani-indignati\/#primaryimage"},"thumbnailUrl":"https:\/\/www.livemag.it\/wp-content\/uploads\/2026\/01\/20260124_0468.jpg","articleSection":["Mondo"],"inLanguage":"it-IT"},{"@type":"WebPage","@id":"https:\/\/www.livemag.it\/index.php\/2026\/01\/24\/crans-montana-italia-richiama-ambasciatore-in-svizzera-tajani-indignati\/","url":"https:\/\/www.livemag.it\/index.php\/2026\/01\/24\/crans-montana-italia-richiama-ambasciatore-in-svizzera-tajani-indignati\/","name":"Crans Montana, Italia richiama ambasciatore in Svizzera. Tajani \u201cIndignati\u201d - Live Magazine","isPartOf":{"@id":"https:\/\/www.livemag.it\/#website"},"primaryImageOfPage":{"@id":"https:\/\/www.livemag.it\/index.php\/2026\/01\/24\/crans-montana-italia-richiama-ambasciatore-in-svizzera-tajani-indignati\/#primaryimage"},"image":{"@id":"https:\/\/www.livemag.it\/index.php\/2026\/01\/24\/crans-montana-italia-richiama-ambasciatore-in-svizzera-tajani-indignati\/#primaryimage"},"thumbnailUrl":"https:\/\/www.livemag.it\/wp-content\/uploads\/2026\/01\/20260124_0468.jpg","datePublished":"2026-01-24T14:04:15+00:00","breadcrumb":{"@id":"https:\/\/www.livemag.it\/index.php\/2026\/01\/24\/crans-montana-italia-richiama-ambasciatore-in-svizzera-tajani-indignati\/#breadcrumb"},"inLanguage":"it-IT","potentialAction":[{"@type":"ReadAction","target":["https:\/\/www.livemag.it\/index.php\/2026\/01\/24\/crans-montana-italia-richiama-ambasciatore-in-svizzera-tajani-indignati\/"]}]},{"@type":"ImageObject","inLanguage":"it-IT","@id":"https:\/\/www.livemag.it\/index.php\/2026\/01\/24\/crans-montana-italia-richiama-ambasciatore-in-svizzera-tajani-indignati\/#primaryimage","url":"https:\/\/www.livemag.it\/wp-content\/uploads\/2026\/01\/20260124_0468.jpg","contentUrl":"https:\/\/www.livemag.it\/wp-content\/uploads\/2026\/01\/20260124_0468.jpg","width":1024,"height":683},{"@type":"BreadcrumbList","@id":"https:\/\/www.livemag.it\/index.php\/2026\/01\/24\/crans-montana-italia-richiama-ambasciatore-in-svizzera-tajani-indignati\/#breadcrumb","itemListElement":[{"@type":"ListItem","position":1,"name":"Home","item":"https:\/\/www.livemag.it\/"},{"@type":"ListItem","position":2,"name":"Crans Montana, Italia richiama ambasciatore in Svizzera. Tajani \u201cIndignati\u201d"}]},{"@type":"WebSite","@id":"https:\/\/www.livemag.it\/#website","url":"https:\/\/www.livemag.it\/","name":"Live Magazine","description":"Varie ed eventi","publisher":{"@id":"https:\/\/www.livemag.it\/#organization"},"potentialAction":[{"@type":"SearchAction","target":{"@type":"EntryPoint","urlTemplate":"https:\/\/www.livemag.it\/?s={search_term_string}"},"query-input":{"@type":"PropertyValueSpecification","valueRequired":true,"valueName":"search_term_string"}}],"inLanguage":"it-IT"},{"@type":"Organization","@id":"https:\/\/www.livemag.it\/#organization","name":"LiveMag","alternateName":"LiveMag News ed eventi","url":"https:\/\/www.livemag.it\/","logo":{"@type":"ImageObject","inLanguage":"it-IT","@id":"https:\/\/www.livemag.it\/#\/schema\/logo\/image\/","url":"https:\/\/www.livemag.it\/wp-content\/uploads\/2024\/02\/immagine-sito.jpg","contentUrl":"https:\/\/www.livemag.it\/wp-content\/uploads\/2024\/02\/immagine-sito.jpg","width":696,"height":696,"caption":"LiveMag"},"image":{"@id":"https:\/\/www.livemag.it\/#\/schema\/logo\/image\/"},"sameAs":["https:\/\/www.facebook.com\/LiveMag\/","https:\/\/x.com\/LiveNotizie","https:\/\/www.instagram.com\/livemag\/"]},{"@type":"Person","@id":"https:\/\/www.livemag.it\/#\/schema\/person\/b62c5f44451fdcdaeb0afe6c2424e73c","name":"italpress","image":{"@type":"ImageObject","inLanguage":"it-IT","@id":"https:\/\/secure.gravatar.com\/avatar\/b6a21695fc713ce7ee312cf57c97e2e641feb365be72d8745574d3c3e2b59066?s=96&r=g","url":"https:\/\/secure.gravatar.com\/avatar\/b6a21695fc713ce7ee312cf57c97e2e641feb365be72d8745574d3c3e2b59066?s=96&r=g","contentUrl":"https:\/\/secure.gravatar.com\/avatar\/b6a21695fc713ce7ee312cf57c97e2e641feb365be72d8745574d3c3e2b59066?s=96&r=g","caption":"italpress"},"description":"Italpress \u00e8 un'agenzia di stampa italiana a carattere nazionale.","url":"https:\/\/www.livemag.it\/index.php\/author\/italpress\/"}]}},"jetpack_featured_media_url":"https:\/\/www.livemag.it\/wp-content\/uploads\/2026\/01\/20260124_0468.jpg","_links":{"self":[{"href":"https:\/\/www.livemag.it\/index.php\/wp-json\/wp\/v2\/posts\/67907","targetHints":{"allow":["GET"]}}],"collection":[{"href":"https:\/\/www.livemag.it\/index.php\/wp-json\/wp\/v2\/posts"}],"about":[{"href":"https:\/\/www.livemag.it\/index.php\/wp-json\/wp\/v2\/types\/post"}],"author":[{"embeddable":true,"href":"https:\/\/www.livemag.it\/index.php\/wp-json\/wp\/v2\/users\/16"}],"replies":[{"embeddable":true,"href":"https:\/\/www.livemag.it\/index.php\/wp-json\/wp\/v2\/comments?post=67907"}],"version-history":[{"count":0,"href":"https:\/\/www.livemag.it\/index.php\/wp-json\/wp\/v2\/posts\/67907\/revisions"}],"wp:featuredmedia":[{"embeddable":true,"href":"https:\/\/www.livemag.it\/index.php\/wp-json\/wp\/v2\/media\/67908"}],"wp:attachment":[{"href":"https:\/\/www.livemag.it\/index.php\/wp-json\/wp\/v2\/media?parent=67907"}],"wp:term":[{"taxonomy":"category","embeddable":true,"href":"https:\/\/www.livemag.it\/index.php\/wp-json\/wp\/v2\/categories?post=67907"},{"taxonomy":"post_tag","embeddable":true,"href":"https:\/\/www.livemag.it\/index.php\/wp-json\/wp\/v2\/tags?post=67907"}],"curies":[{"name":"wp","href":"https:\/\/api.w.org\/{rel}","templated":true}]}}