{"id":67895,"date":"2026-01-24T12:02:58","date_gmt":"2026-01-24T11:02:58","guid":{"rendered":"https:\/\/www.livemag.it\/index.php\/2026\/01\/24\/orsini-da-parlamento-ue-voto-miope-su-mercosur\/"},"modified":"2026-01-24T12:02:58","modified_gmt":"2026-01-24T11:02:58","slug":"orsini-da-parlamento-ue-voto-miope-su-mercosur","status":"publish","type":"post","link":"https:\/\/www.livemag.it\/index.php\/2026\/01\/24\/orsini-da-parlamento-ue-voto-miope-su-mercosur\/","title":{"rendered":"Orsini \u201cDa Parlamento Ue voto miope su Mercosur\u201d"},"content":{"rendered":"<div>\n<p>MILANO (ITALPRESS) \u2013 <em>\u201cIo credo che in un momento come questo, con le tensioni geopolitiche internazionali, l\u2019Europa debba essere forte e capace di dimostrare la sua compattezza. Io credo che il voto avvenuto la settimana scorsa sia un voto molto molto miope\u201d. <\/em>Lo ha detto il presidente di <strong>Confindustria<\/strong> Emanuele <strong>Orsini<\/strong> in videocollegamento con il <strong>Forum Internazionale del Turismo a Milano<\/strong> riferendosi al voto del Parlamento Europeo sull\u2019accordo UE-Mercosur, respinto con una maggioranza di appena 10 voti.<\/p>\n<p>Secondo Orsini, l\u2019accordo con i paesi del Mercosur <em>\u201cper il nostro paese vuol dire riuscire a esportare 14,5 miliardi di prodotti. Io condivido la reciprocit\u00e0 degli agricoltori, ovvero il fatto che i produttori che entrano ed escono devono avere la stessa qualit\u00e0, ma non dimentichiamo la capacit\u00e0 di essere capillari nel mondo come l\u2019Italia ha dimostrato di riuscire meglio di altri paesi negli accordi commerciali\u201d.<\/em><\/p>\n<p><em>\u201cUn mercato del Mercosur da 700 milioni di persone pu\u00f2 non dico superare gli Stati Uniti, ma dare un\u2019alternativa di un mercato enorme che non possiamo perdere \u2013<\/em> ha aggiunto \u2013<em> Mi aspetto che dopo il Mercosur ci possa essere <\/em>[un accordo commerciale con, ndr]<em> l\u2019India e incrementare i mercati dell\u2019Arabia Saudita. Credo che la capacit\u00e0 di reciprocit\u00e0 sia fondamentale, quindi chiudersi \u00e8 veramente miope. Bene la reciprocit\u00e0, ma non deve finire nel fare male l\u2019Italia perch\u00e8 perdere la capacit\u00e0 di esportare \u00e8 una cosa da pazzi. Il voto degli ultimi giorni \u00e8 un grande problema per la tenuta stessa dell\u2019Europa\u201d.<\/em><\/p>\n<p>Il presidente Orsini ha poi sottolineato come il vero tema sia <em>\u201cmettere gli interessi generali del paese davanti ai propri. Quindi, credo che oggi non bisogna avere paura di riuscire a essere competitivi nel mondo\u201d.<\/em><\/p>\n<p>\u2013 Foto: Ipa Agency \u2013<\/p>\n<p>(ITALPRESS).<\/p>\n<\/div>\n","protected":false},"excerpt":{"rendered":"<p>MILANO (ITALPRESS) \u2013 \u201cIo credo che in un momento come questo, con le tensioni geopolitiche internazionali, l\u2019Europa debba essere forte e capace di dimostrare la sua compattezza. Io credo che il voto avvenuto la settimana scorsa sia un voto molto molto miope\u201d. Lo ha detto il presidente di Confindustria Emanuele Orsini in videocollegamento con il [&hellip;]<\/p>\n","protected":false},"author":16,"featured_media":67896,"comment_status":"closed","ping_status":"closed","sticky":false,"template":"","format":"standard","meta":{"jnews-multi-image_gallery":[],"jnews_single_post":[],"jnews_primary_category":[],"jnews_social_meta":[],"jnews_override_counter":[],"jnews_post_split":[],"footnotes":""},"categories":[1129],"tags":[],"class_list":["post-67895","post","type-post","status-publish","format-standard","has-post-thumbnail","hentry","category-mondo"],"yoast_head":"<!-- This site is optimized with the Yoast SEO plugin v27.4 - https:\/\/yoast.com\/product\/yoast-seo-wordpress\/ -->\n<title>Orsini \u201cDa Parlamento Ue voto miope su Mercosur\u201d - Live Magazine<\/title>\n<meta name=\"robots\" content=\"index, follow, max-snippet:-1, max-image-preview:large, max-video-preview:-1\" \/>\n<link rel=\"canonical\" href=\"https:\/\/www.livemag.it\/index.php\/2026\/01\/24\/orsini-da-parlamento-ue-voto-miope-su-mercosur\/\" \/>\n<meta property=\"og:locale\" content=\"it_IT\" \/>\n<meta property=\"og:type\" content=\"article\" \/>\n<meta property=\"og:title\" content=\"Orsini \u201cDa Parlamento Ue voto miope su Mercosur\u201d - Live Magazine\" \/>\n<meta property=\"og:description\" content=\"MILANO (ITALPRESS) \u2013 \u201cIo credo che in un momento come questo, con le tensioni geopolitiche internazionali, l\u2019Europa debba essere forte e capace di dimostrare la sua compattezza. Io credo che il voto avvenuto la settimana scorsa sia un voto molto molto miope\u201d. Lo ha detto il presidente di Confindustria Emanuele Orsini in videocollegamento con il [&hellip;]\" \/>\n<meta property=\"og:url\" content=\"https:\/\/www.livemag.it\/index.php\/2026\/01\/24\/orsini-da-parlamento-ue-voto-miope-su-mercosur\/\" \/>\n<meta property=\"og:site_name\" content=\"Live Magazine\" \/>\n<meta property=\"article:publisher\" content=\"https:\/\/www.facebook.com\/LiveMag\/\" \/>\n<meta property=\"article:published_time\" content=\"2026-01-24T11:02:58+00:00\" \/>\n<meta property=\"og:image\" content=\"https:\/\/www.livemag.it\/wp-content\/uploads\/2024\/02\/ograph.jpg\" \/>\n\t<meta property=\"og:image:width\" content=\"1200\" \/>\n\t<meta property=\"og:image:height\" content=\"675\" \/>\n\t<meta property=\"og:image:type\" content=\"image\/jpeg\" \/>\n<meta name=\"author\" content=\"italpress\" \/>\n<meta name=\"twitter:card\" content=\"summary_large_image\" \/>\n<meta name=\"twitter:creator\" content=\"@LiveNotizie\" \/>\n<meta name=\"twitter:site\" content=\"@LiveNotizie\" \/>\n<meta name=\"twitter:label1\" content=\"Scritto da\" \/>\n\t<meta name=\"twitter:data1\" content=\"italpress\" \/>\n\t<meta name=\"twitter:label2\" content=\"Tempo di lettura stimato\" \/>\n\t<meta name=\"twitter:data2\" content=\"1 minuto\" \/>\n<script type=\"application\/ld+json\" class=\"yoast-schema-graph\">{\"@context\":\"https:\\\/\\\/schema.org\",\"@graph\":[{\"@type\":\"Article\",\"@id\":\"https:\\\/\\\/www.livemag.it\\\/index.php\\\/2026\\\/01\\\/24\\\/orsini-da-parlamento-ue-voto-miope-su-mercosur\\\/#article\",\"isPartOf\":{\"@id\":\"https:\\\/\\\/www.livemag.it\\\/index.php\\\/2026\\\/01\\\/24\\\/orsini-da-parlamento-ue-voto-miope-su-mercosur\\\/\"},\"author\":{\"name\":\"italpress\",\"@id\":\"https:\\\/\\\/www.livemag.it\\\/#\\\/schema\\\/person\\\/b62c5f44451fdcdaeb0afe6c2424e73c\"},\"headline\":\"Orsini \u201cDa Parlamento Ue voto miope su Mercosur\u201d\",\"datePublished\":\"2026-01-24T11:02:58+00:00\",\"mainEntityOfPage\":{\"@id\":\"https:\\\/\\\/www.livemag.it\\\/index.php\\\/2026\\\/01\\\/24\\\/orsini-da-parlamento-ue-voto-miope-su-mercosur\\\/\"},\"wordCount\":290,\"publisher\":{\"@id\":\"https:\\\/\\\/www.livemag.it\\\/#organization\"},\"image\":{\"@id\":\"https:\\\/\\\/www.livemag.it\\\/index.php\\\/2026\\\/01\\\/24\\\/orsini-da-parlamento-ue-voto-miope-su-mercosur\\\/#primaryimage\"},\"thumbnailUrl\":\"https:\\\/\\\/www.livemag.it\\\/wp-content\\\/uploads\\\/2026\\\/01\\\/20260124_0444.jpg\",\"articleSection\":[\"Mondo\"],\"inLanguage\":\"it-IT\"},{\"@type\":\"WebPage\",\"@id\":\"https:\\\/\\\/www.livemag.it\\\/index.php\\\/2026\\\/01\\\/24\\\/orsini-da-parlamento-ue-voto-miope-su-mercosur\\\/\",\"url\":\"https:\\\/\\\/www.livemag.it\\\/index.php\\\/2026\\\/01\\\/24\\\/orsini-da-parlamento-ue-voto-miope-su-mercosur\\\/\",\"name\":\"Orsini \u201cDa Parlamento Ue voto miope su Mercosur\u201d - Live Magazine\",\"isPartOf\":{\"@id\":\"https:\\\/\\\/www.livemag.it\\\/#website\"},\"primaryImageOfPage\":{\"@id\":\"https:\\\/\\\/www.livemag.it\\\/index.php\\\/2026\\\/01\\\/24\\\/orsini-da-parlamento-ue-voto-miope-su-mercosur\\\/#primaryimage\"},\"image\":{\"@id\":\"https:\\\/\\\/www.livemag.it\\\/index.php\\\/2026\\\/01\\\/24\\\/orsini-da-parlamento-ue-voto-miope-su-mercosur\\\/#primaryimage\"},\"thumbnailUrl\":\"https:\\\/\\\/www.livemag.it\\\/wp-content\\\/uploads\\\/2026\\\/01\\\/20260124_0444.jpg\",\"datePublished\":\"2026-01-24T11:02:58+00:00\",\"breadcrumb\":{\"@id\":\"https:\\\/\\\/www.livemag.it\\\/index.php\\\/2026\\\/01\\\/24\\\/orsini-da-parlamento-ue-voto-miope-su-mercosur\\\/#breadcrumb\"},\"inLanguage\":\"it-IT\",\"potentialAction\":[{\"@type\":\"ReadAction\",\"target\":[\"https:\\\/\\\/www.livemag.it\\\/index.php\\\/2026\\\/01\\\/24\\\/orsini-da-parlamento-ue-voto-miope-su-mercosur\\\/\"]}]},{\"@type\":\"ImageObject\",\"inLanguage\":\"it-IT\",\"@id\":\"https:\\\/\\\/www.livemag.it\\\/index.php\\\/2026\\\/01\\\/24\\\/orsini-da-parlamento-ue-voto-miope-su-mercosur\\\/#primaryimage\",\"url\":\"https:\\\/\\\/www.livemag.it\\\/wp-content\\\/uploads\\\/2026\\\/01\\\/20260124_0444.jpg\",\"contentUrl\":\"https:\\\/\\\/www.livemag.it\\\/wp-content\\\/uploads\\\/2026\\\/01\\\/20260124_0444.jpg\",\"width\":1024,\"height\":922},{\"@type\":\"BreadcrumbList\",\"@id\":\"https:\\\/\\\/www.livemag.it\\\/index.php\\\/2026\\\/01\\\/24\\\/orsini-da-parlamento-ue-voto-miope-su-mercosur\\\/#breadcrumb\",\"itemListElement\":[{\"@type\":\"ListItem\",\"position\":1,\"name\":\"Home\",\"item\":\"https:\\\/\\\/www.livemag.it\\\/\"},{\"@type\":\"ListItem\",\"position\":2,\"name\":\"Orsini \u201cDa Parlamento Ue voto miope su Mercosur\u201d\"}]},{\"@type\":\"WebSite\",\"@id\":\"https:\\\/\\\/www.livemag.it\\\/#website\",\"url\":\"https:\\\/\\\/www.livemag.it\\\/\",\"name\":\"Live Magazine\",\"description\":\"Varie ed eventi\",\"publisher\":{\"@id\":\"https:\\\/\\\/www.livemag.it\\\/#organization\"},\"potentialAction\":[{\"@type\":\"SearchAction\",\"target\":{\"@type\":\"EntryPoint\",\"urlTemplate\":\"https:\\\/\\\/www.livemag.it\\\/?s={search_term_string}\"},\"query-input\":{\"@type\":\"PropertyValueSpecification\",\"valueRequired\":true,\"valueName\":\"search_term_string\"}}],\"inLanguage\":\"it-IT\"},{\"@type\":\"Organization\",\"@id\":\"https:\\\/\\\/www.livemag.it\\\/#organization\",\"name\":\"LiveMag\",\"alternateName\":\"LiveMag News ed eventi\",\"url\":\"https:\\\/\\\/www.livemag.it\\\/\",\"logo\":{\"@type\":\"ImageObject\",\"inLanguage\":\"it-IT\",\"@id\":\"https:\\\/\\\/www.livemag.it\\\/#\\\/schema\\\/logo\\\/image\\\/\",\"url\":\"https:\\\/\\\/www.livemag.it\\\/wp-content\\\/uploads\\\/2024\\\/02\\\/immagine-sito.jpg\",\"contentUrl\":\"https:\\\/\\\/www.livemag.it\\\/wp-content\\\/uploads\\\/2024\\\/02\\\/immagine-sito.jpg\",\"width\":696,\"height\":696,\"caption\":\"LiveMag\"},\"image\":{\"@id\":\"https:\\\/\\\/www.livemag.it\\\/#\\\/schema\\\/logo\\\/image\\\/\"},\"sameAs\":[\"https:\\\/\\\/www.facebook.com\\\/LiveMag\\\/\",\"https:\\\/\\\/x.com\\\/LiveNotizie\",\"https:\\\/\\\/www.instagram.com\\\/livemag\\\/\"]},{\"@type\":\"Person\",\"@id\":\"https:\\\/\\\/www.livemag.it\\\/#\\\/schema\\\/person\\\/b62c5f44451fdcdaeb0afe6c2424e73c\",\"name\":\"italpress\",\"image\":{\"@type\":\"ImageObject\",\"inLanguage\":\"it-IT\",\"@id\":\"https:\\\/\\\/secure.gravatar.com\\\/avatar\\\/b6a21695fc713ce7ee312cf57c97e2e641feb365be72d8745574d3c3e2b59066?s=96&r=g\",\"url\":\"https:\\\/\\\/secure.gravatar.com\\\/avatar\\\/b6a21695fc713ce7ee312cf57c97e2e641feb365be72d8745574d3c3e2b59066?s=96&r=g\",\"contentUrl\":\"https:\\\/\\\/secure.gravatar.com\\\/avatar\\\/b6a21695fc713ce7ee312cf57c97e2e641feb365be72d8745574d3c3e2b59066?s=96&r=g\",\"caption\":\"italpress\"},\"description\":\"Italpress \u00e8 un'agenzia di stampa italiana a carattere nazionale.\",\"url\":\"https:\\\/\\\/www.livemag.it\\\/index.php\\\/author\\\/italpress\\\/\"}]}<\/script>\n<!-- \/ Yoast SEO plugin. -->","yoast_head_json":{"title":"Orsini \u201cDa Parlamento Ue voto miope su Mercosur\u201d - Live Magazine","robots":{"index":"index","follow":"follow","max-snippet":"max-snippet:-1","max-image-preview":"max-image-preview:large","max-video-preview":"max-video-preview:-1"},"canonical":"https:\/\/www.livemag.it\/index.php\/2026\/01\/24\/orsini-da-parlamento-ue-voto-miope-su-mercosur\/","og_locale":"it_IT","og_type":"article","og_title":"Orsini \u201cDa Parlamento Ue voto miope su Mercosur\u201d - Live Magazine","og_description":"MILANO (ITALPRESS) \u2013 \u201cIo credo che in un momento come questo, con le tensioni geopolitiche internazionali, l\u2019Europa debba essere forte e capace di dimostrare la sua compattezza. Io credo che il voto avvenuto la settimana scorsa sia un voto molto molto miope\u201d. Lo ha detto il presidente di Confindustria Emanuele Orsini in videocollegamento con il [&hellip;]","og_url":"https:\/\/www.livemag.it\/index.php\/2026\/01\/24\/orsini-da-parlamento-ue-voto-miope-su-mercosur\/","og_site_name":"Live Magazine","article_publisher":"https:\/\/www.facebook.com\/LiveMag\/","article_published_time":"2026-01-24T11:02:58+00:00","og_image":[{"width":1200,"height":675,"url":"https:\/\/www.livemag.it\/wp-content\/uploads\/2024\/02\/ograph.jpg","type":"image\/jpeg"}],"author":"italpress","twitter_card":"summary_large_image","twitter_creator":"@LiveNotizie","twitter_site":"@LiveNotizie","twitter_misc":{"Scritto da":"italpress","Tempo di lettura stimato":"1 minuto"},"schema":{"@context":"https:\/\/schema.org","@graph":[{"@type":"Article","@id":"https:\/\/www.livemag.it\/index.php\/2026\/01\/24\/orsini-da-parlamento-ue-voto-miope-su-mercosur\/#article","isPartOf":{"@id":"https:\/\/www.livemag.it\/index.php\/2026\/01\/24\/orsini-da-parlamento-ue-voto-miope-su-mercosur\/"},"author":{"name":"italpress","@id":"https:\/\/www.livemag.it\/#\/schema\/person\/b62c5f44451fdcdaeb0afe6c2424e73c"},"headline":"Orsini \u201cDa Parlamento Ue voto miope su Mercosur\u201d","datePublished":"2026-01-24T11:02:58+00:00","mainEntityOfPage":{"@id":"https:\/\/www.livemag.it\/index.php\/2026\/01\/24\/orsini-da-parlamento-ue-voto-miope-su-mercosur\/"},"wordCount":290,"publisher":{"@id":"https:\/\/www.livemag.it\/#organization"},"image":{"@id":"https:\/\/www.livemag.it\/index.php\/2026\/01\/24\/orsini-da-parlamento-ue-voto-miope-su-mercosur\/#primaryimage"},"thumbnailUrl":"https:\/\/www.livemag.it\/wp-content\/uploads\/2026\/01\/20260124_0444.jpg","articleSection":["Mondo"],"inLanguage":"it-IT"},{"@type":"WebPage","@id":"https:\/\/www.livemag.it\/index.php\/2026\/01\/24\/orsini-da-parlamento-ue-voto-miope-su-mercosur\/","url":"https:\/\/www.livemag.it\/index.php\/2026\/01\/24\/orsini-da-parlamento-ue-voto-miope-su-mercosur\/","name":"Orsini \u201cDa Parlamento Ue voto miope su Mercosur\u201d - Live Magazine","isPartOf":{"@id":"https:\/\/www.livemag.it\/#website"},"primaryImageOfPage":{"@id":"https:\/\/www.livemag.it\/index.php\/2026\/01\/24\/orsini-da-parlamento-ue-voto-miope-su-mercosur\/#primaryimage"},"image":{"@id":"https:\/\/www.livemag.it\/index.php\/2026\/01\/24\/orsini-da-parlamento-ue-voto-miope-su-mercosur\/#primaryimage"},"thumbnailUrl":"https:\/\/www.livemag.it\/wp-content\/uploads\/2026\/01\/20260124_0444.jpg","datePublished":"2026-01-24T11:02:58+00:00","breadcrumb":{"@id":"https:\/\/www.livemag.it\/index.php\/2026\/01\/24\/orsini-da-parlamento-ue-voto-miope-su-mercosur\/#breadcrumb"},"inLanguage":"it-IT","potentialAction":[{"@type":"ReadAction","target":["https:\/\/www.livemag.it\/index.php\/2026\/01\/24\/orsini-da-parlamento-ue-voto-miope-su-mercosur\/"]}]},{"@type":"ImageObject","inLanguage":"it-IT","@id":"https:\/\/www.livemag.it\/index.php\/2026\/01\/24\/orsini-da-parlamento-ue-voto-miope-su-mercosur\/#primaryimage","url":"https:\/\/www.livemag.it\/wp-content\/uploads\/2026\/01\/20260124_0444.jpg","contentUrl":"https:\/\/www.livemag.it\/wp-content\/uploads\/2026\/01\/20260124_0444.jpg","width":1024,"height":922},{"@type":"BreadcrumbList","@id":"https:\/\/www.livemag.it\/index.php\/2026\/01\/24\/orsini-da-parlamento-ue-voto-miope-su-mercosur\/#breadcrumb","itemListElement":[{"@type":"ListItem","position":1,"name":"Home","item":"https:\/\/www.livemag.it\/"},{"@type":"ListItem","position":2,"name":"Orsini \u201cDa Parlamento Ue voto miope su Mercosur\u201d"}]},{"@type":"WebSite","@id":"https:\/\/www.livemag.it\/#website","url":"https:\/\/www.livemag.it\/","name":"Live Magazine","description":"Varie ed eventi","publisher":{"@id":"https:\/\/www.livemag.it\/#organization"},"potentialAction":[{"@type":"SearchAction","target":{"@type":"EntryPoint","urlTemplate":"https:\/\/www.livemag.it\/?s={search_term_string}"},"query-input":{"@type":"PropertyValueSpecification","valueRequired":true,"valueName":"search_term_string"}}],"inLanguage":"it-IT"},{"@type":"Organization","@id":"https:\/\/www.livemag.it\/#organization","name":"LiveMag","alternateName":"LiveMag News ed eventi","url":"https:\/\/www.livemag.it\/","logo":{"@type":"ImageObject","inLanguage":"it-IT","@id":"https:\/\/www.livemag.it\/#\/schema\/logo\/image\/","url":"https:\/\/www.livemag.it\/wp-content\/uploads\/2024\/02\/immagine-sito.jpg","contentUrl":"https:\/\/www.livemag.it\/wp-content\/uploads\/2024\/02\/immagine-sito.jpg","width":696,"height":696,"caption":"LiveMag"},"image":{"@id":"https:\/\/www.livemag.it\/#\/schema\/logo\/image\/"},"sameAs":["https:\/\/www.facebook.com\/LiveMag\/","https:\/\/x.com\/LiveNotizie","https:\/\/www.instagram.com\/livemag\/"]},{"@type":"Person","@id":"https:\/\/www.livemag.it\/#\/schema\/person\/b62c5f44451fdcdaeb0afe6c2424e73c","name":"italpress","image":{"@type":"ImageObject","inLanguage":"it-IT","@id":"https:\/\/secure.gravatar.com\/avatar\/b6a21695fc713ce7ee312cf57c97e2e641feb365be72d8745574d3c3e2b59066?s=96&r=g","url":"https:\/\/secure.gravatar.com\/avatar\/b6a21695fc713ce7ee312cf57c97e2e641feb365be72d8745574d3c3e2b59066?s=96&r=g","contentUrl":"https:\/\/secure.gravatar.com\/avatar\/b6a21695fc713ce7ee312cf57c97e2e641feb365be72d8745574d3c3e2b59066?s=96&r=g","caption":"italpress"},"description":"Italpress \u00e8 un'agenzia di stampa italiana a carattere nazionale.","url":"https:\/\/www.livemag.it\/index.php\/author\/italpress\/"}]}},"jetpack_featured_media_url":"https:\/\/www.livemag.it\/wp-content\/uploads\/2026\/01\/20260124_0444.jpg","_links":{"self":[{"href":"https:\/\/www.livemag.it\/index.php\/wp-json\/wp\/v2\/posts\/67895","targetHints":{"allow":["GET"]}}],"collection":[{"href":"https:\/\/www.livemag.it\/index.php\/wp-json\/wp\/v2\/posts"}],"about":[{"href":"https:\/\/www.livemag.it\/index.php\/wp-json\/wp\/v2\/types\/post"}],"author":[{"embeddable":true,"href":"https:\/\/www.livemag.it\/index.php\/wp-json\/wp\/v2\/users\/16"}],"replies":[{"embeddable":true,"href":"https:\/\/www.livemag.it\/index.php\/wp-json\/wp\/v2\/comments?post=67895"}],"version-history":[{"count":0,"href":"https:\/\/www.livemag.it\/index.php\/wp-json\/wp\/v2\/posts\/67895\/revisions"}],"wp:featuredmedia":[{"embeddable":true,"href":"https:\/\/www.livemag.it\/index.php\/wp-json\/wp\/v2\/media\/67896"}],"wp:attachment":[{"href":"https:\/\/www.livemag.it\/index.php\/wp-json\/wp\/v2\/media?parent=67895"}],"wp:term":[{"taxonomy":"category","embeddable":true,"href":"https:\/\/www.livemag.it\/index.php\/wp-json\/wp\/v2\/categories?post=67895"},{"taxonomy":"post_tag","embeddable":true,"href":"https:\/\/www.livemag.it\/index.php\/wp-json\/wp\/v2\/tags?post=67895"}],"curies":[{"name":"wp","href":"https:\/\/api.w.org\/{rel}","templated":true}]}}