{"id":67873,"date":"2026-01-24T00:02:39","date_gmt":"2026-01-23T23:02:39","guid":{"rendered":"https:\/\/www.livemag.it\/index.php\/2026\/01\/24\/portavoce-esteri-cinese-riconosciuti-i-nostri-sforzi-su-clima-e-rinnovabili\/"},"modified":"2026-01-24T00:02:39","modified_gmt":"2026-01-23T23:02:39","slug":"portavoce-esteri-cinese-riconosciuti-i-nostri-sforzi-su-clima-e-rinnovabili","status":"publish","type":"post","link":"https:\/\/www.livemag.it\/index.php\/2026\/01\/24\/portavoce-esteri-cinese-riconosciuti-i-nostri-sforzi-su-clima-e-rinnovabili\/","title":{"rendered":"Portavoce Esteri cinese \u201cRiconosciuti i nostri sforzi su clima e rinnovabili\u201d"},"content":{"rendered":"<div>\n<p>PECHINO (CINA) (XINHUA\/ITALPRESS) \u2013 In qualit\u00e0 di importante Paese in via di sviluppo responsabile, gli sforzi della Cina nella risposta al cambiamento climatico e nella promozione dello sviluppo e dell\u2019applicazione globali delle energie rinnovabili sono ampiamente riconosciuti, ha dichiarato gioved\u00ec il portavoce del ministero cinese degli Esteri Guo Jiakun.<\/p>\n<p>Guo ha formulato queste osservazioni durante un briefing con la stampa in risposta al presidente degli Stati Uniti Donald Trump, che, secondo quanto riferito, mercoled\u00ec a Davos ha affermato che la Cina produce molte turbine eoliche ma lui stesso non \u00e8 riuscito a \u201ctrovare alcun parco eolico in Cina\u201d. Trump ha inoltre affermato che la Cina sta vendendo turbine eoliche a persone \u201cstupide\u201d.<\/p>\n<p>La Cina ha sviluppato il sistema di politiche pi\u00f9 completo al mondo per la riduzione delle emissioni di carbonio, cos\u00ec come il pi\u00f9 grande sistema di energie rinnovabili al mondo, e condivide attivamente i propri risultati nello sviluppo verde, ha affermato Guo.<\/p>\n<p>Il portavoce ha sottolineato che la capacit\u00e0 installata di energia eolica della Cina si \u00e8 classificata al primo posto al mondo per 15 anni consecutivi. Fino a novembre 2025, la capacit\u00e0 installata di energia eolica della Cina aveva superato i 600 milioni di kW.<\/p>\n<p>Nel periodo 2021-2025, i prodotti eolici e fotovoltaici esportati dalla Cina hanno contribuito a ridurre complessivamente circa 4,1 miliardi di tonnellate di emissioni di carbonio in altri Paesi, ha affermato il portavoce.<\/p>\n<p>La Cina \u00e8 pronta a lavorare con tutte le parti per continuare a promuovere la transizione globale verde e a basse emissioni di carbonio e costruire congiuntamente un mondo pulito e bello, ha aggiunto il funzionario.<br \/>(ITALPRESS).<br \/> \u2013 Foto Xinhua-<\/p>\n<\/div>\n","protected":false},"excerpt":{"rendered":"<p>PECHINO (CINA) (XINHUA\/ITALPRESS) \u2013 In qualit\u00e0 di importante Paese in via di sviluppo responsabile, gli sforzi della Cina nella risposta al cambiamento climatico e nella promozione dello sviluppo e dell\u2019applicazione globali delle energie rinnovabili sono ampiamente riconosciuti, ha dichiarato gioved\u00ec il portavoce del ministero cinese degli Esteri Guo Jiakun. Guo ha formulato queste osservazioni durante [&hellip;]<\/p>\n","protected":false},"author":16,"featured_media":67874,"comment_status":"closed","ping_status":"closed","sticky":false,"template":"","format":"standard","meta":{"jnews-multi-image_gallery":[],"jnews_single_post":[],"jnews_primary_category":[],"jnews_social_meta":[],"jnews_override_counter":[],"jnews_post_split":[],"footnotes":""},"categories":[1129],"tags":[],"class_list":["post-67873","post","type-post","status-publish","format-standard","has-post-thumbnail","hentry","category-mondo"],"yoast_head":"<!-- This site is optimized with the Yoast SEO plugin v27.4 - https:\/\/yoast.com\/product\/yoast-seo-wordpress\/ -->\n<title>Portavoce Esteri cinese \u201cRiconosciuti i nostri sforzi su clima e rinnovabili\u201d - Live Magazine<\/title>\n<meta name=\"robots\" content=\"index, follow, max-snippet:-1, max-image-preview:large, max-video-preview:-1\" \/>\n<link rel=\"canonical\" href=\"https:\/\/www.livemag.it\/index.php\/2026\/01\/24\/portavoce-esteri-cinese-riconosciuti-i-nostri-sforzi-su-clima-e-rinnovabili\/\" \/>\n<meta property=\"og:locale\" content=\"it_IT\" \/>\n<meta property=\"og:type\" content=\"article\" \/>\n<meta property=\"og:title\" content=\"Portavoce Esteri cinese \u201cRiconosciuti i nostri sforzi su clima e rinnovabili\u201d - Live Magazine\" \/>\n<meta property=\"og:description\" content=\"PECHINO (CINA) (XINHUA\/ITALPRESS) \u2013 In qualit\u00e0 di importante Paese in via di sviluppo responsabile, gli sforzi della Cina nella risposta al cambiamento climatico e nella promozione dello sviluppo e dell\u2019applicazione globali delle energie rinnovabili sono ampiamente riconosciuti, ha dichiarato gioved\u00ec il portavoce del ministero cinese degli Esteri Guo Jiakun. Guo ha formulato queste osservazioni durante [&hellip;]\" \/>\n<meta property=\"og:url\" content=\"https:\/\/www.livemag.it\/index.php\/2026\/01\/24\/portavoce-esteri-cinese-riconosciuti-i-nostri-sforzi-su-clima-e-rinnovabili\/\" \/>\n<meta property=\"og:site_name\" content=\"Live Magazine\" \/>\n<meta property=\"article:publisher\" content=\"https:\/\/www.facebook.com\/LiveMag\/\" \/>\n<meta property=\"article:published_time\" content=\"2026-01-23T23:02:39+00:00\" \/>\n<meta property=\"og:image\" content=\"https:\/\/www.livemag.it\/wp-content\/uploads\/2024\/02\/ograph.jpg\" \/>\n\t<meta property=\"og:image:width\" content=\"1200\" \/>\n\t<meta property=\"og:image:height\" content=\"675\" \/>\n\t<meta property=\"og:image:type\" content=\"image\/jpeg\" \/>\n<meta name=\"author\" content=\"italpress\" \/>\n<meta name=\"twitter:card\" content=\"summary_large_image\" \/>\n<meta name=\"twitter:creator\" content=\"@LiveNotizie\" \/>\n<meta name=\"twitter:site\" content=\"@LiveNotizie\" \/>\n<meta name=\"twitter:label1\" content=\"Scritto da\" \/>\n\t<meta name=\"twitter:data1\" content=\"italpress\" \/>\n\t<meta name=\"twitter:label2\" content=\"Tempo di lettura stimato\" \/>\n\t<meta name=\"twitter:data2\" content=\"1 minuto\" \/>\n<script type=\"application\/ld+json\" class=\"yoast-schema-graph\">{\"@context\":\"https:\\\/\\\/schema.org\",\"@graph\":[{\"@type\":\"Article\",\"@id\":\"https:\\\/\\\/www.livemag.it\\\/index.php\\\/2026\\\/01\\\/24\\\/portavoce-esteri-cinese-riconosciuti-i-nostri-sforzi-su-clima-e-rinnovabili\\\/#article\",\"isPartOf\":{\"@id\":\"https:\\\/\\\/www.livemag.it\\\/index.php\\\/2026\\\/01\\\/24\\\/portavoce-esteri-cinese-riconosciuti-i-nostri-sforzi-su-clima-e-rinnovabili\\\/\"},\"author\":{\"name\":\"italpress\",\"@id\":\"https:\\\/\\\/www.livemag.it\\\/#\\\/schema\\\/person\\\/b62c5f44451fdcdaeb0afe6c2424e73c\"},\"headline\":\"Portavoce Esteri cinese \u201cRiconosciuti i nostri sforzi su clima e rinnovabili\u201d\",\"datePublished\":\"2026-01-23T23:02:39+00:00\",\"mainEntityOfPage\":{\"@id\":\"https:\\\/\\\/www.livemag.it\\\/index.php\\\/2026\\\/01\\\/24\\\/portavoce-esteri-cinese-riconosciuti-i-nostri-sforzi-su-clima-e-rinnovabili\\\/\"},\"wordCount\":274,\"publisher\":{\"@id\":\"https:\\\/\\\/www.livemag.it\\\/#organization\"},\"image\":{\"@id\":\"https:\\\/\\\/www.livemag.it\\\/index.php\\\/2026\\\/01\\\/24\\\/portavoce-esteri-cinese-riconosciuti-i-nostri-sforzi-su-clima-e-rinnovabili\\\/#primaryimage\"},\"thumbnailUrl\":\"https:\\\/\\\/www.livemag.it\\\/wp-content\\\/uploads\\\/2026\\\/01\\\/20260123_3030.jpg\",\"articleSection\":[\"Mondo\"],\"inLanguage\":\"it-IT\"},{\"@type\":\"WebPage\",\"@id\":\"https:\\\/\\\/www.livemag.it\\\/index.php\\\/2026\\\/01\\\/24\\\/portavoce-esteri-cinese-riconosciuti-i-nostri-sforzi-su-clima-e-rinnovabili\\\/\",\"url\":\"https:\\\/\\\/www.livemag.it\\\/index.php\\\/2026\\\/01\\\/24\\\/portavoce-esteri-cinese-riconosciuti-i-nostri-sforzi-su-clima-e-rinnovabili\\\/\",\"name\":\"Portavoce Esteri cinese \u201cRiconosciuti i nostri sforzi su clima e rinnovabili\u201d - Live Magazine\",\"isPartOf\":{\"@id\":\"https:\\\/\\\/www.livemag.it\\\/#website\"},\"primaryImageOfPage\":{\"@id\":\"https:\\\/\\\/www.livemag.it\\\/index.php\\\/2026\\\/01\\\/24\\\/portavoce-esteri-cinese-riconosciuti-i-nostri-sforzi-su-clima-e-rinnovabili\\\/#primaryimage\"},\"image\":{\"@id\":\"https:\\\/\\\/www.livemag.it\\\/index.php\\\/2026\\\/01\\\/24\\\/portavoce-esteri-cinese-riconosciuti-i-nostri-sforzi-su-clima-e-rinnovabili\\\/#primaryimage\"},\"thumbnailUrl\":\"https:\\\/\\\/www.livemag.it\\\/wp-content\\\/uploads\\\/2026\\\/01\\\/20260123_3030.jpg\",\"datePublished\":\"2026-01-23T23:02:39+00:00\",\"breadcrumb\":{\"@id\":\"https:\\\/\\\/www.livemag.it\\\/index.php\\\/2026\\\/01\\\/24\\\/portavoce-esteri-cinese-riconosciuti-i-nostri-sforzi-su-clima-e-rinnovabili\\\/#breadcrumb\"},\"inLanguage\":\"it-IT\",\"potentialAction\":[{\"@type\":\"ReadAction\",\"target\":[\"https:\\\/\\\/www.livemag.it\\\/index.php\\\/2026\\\/01\\\/24\\\/portavoce-esteri-cinese-riconosciuti-i-nostri-sforzi-su-clima-e-rinnovabili\\\/\"]}]},{\"@type\":\"ImageObject\",\"inLanguage\":\"it-IT\",\"@id\":\"https:\\\/\\\/www.livemag.it\\\/index.php\\\/2026\\\/01\\\/24\\\/portavoce-esteri-cinese-riconosciuti-i-nostri-sforzi-su-clima-e-rinnovabili\\\/#primaryimage\",\"url\":\"https:\\\/\\\/www.livemag.it\\\/wp-content\\\/uploads\\\/2026\\\/01\\\/20260123_3030.jpg\",\"contentUrl\":\"https:\\\/\\\/www.livemag.it\\\/wp-content\\\/uploads\\\/2026\\\/01\\\/20260123_3030.jpg\",\"width\":1000,\"height\":750},{\"@type\":\"BreadcrumbList\",\"@id\":\"https:\\\/\\\/www.livemag.it\\\/index.php\\\/2026\\\/01\\\/24\\\/portavoce-esteri-cinese-riconosciuti-i-nostri-sforzi-su-clima-e-rinnovabili\\\/#breadcrumb\",\"itemListElement\":[{\"@type\":\"ListItem\",\"position\":1,\"name\":\"Home\",\"item\":\"https:\\\/\\\/www.livemag.it\\\/\"},{\"@type\":\"ListItem\",\"position\":2,\"name\":\"Portavoce Esteri cinese \u201cRiconosciuti i nostri sforzi su clima e rinnovabili\u201d\"}]},{\"@type\":\"WebSite\",\"@id\":\"https:\\\/\\\/www.livemag.it\\\/#website\",\"url\":\"https:\\\/\\\/www.livemag.it\\\/\",\"name\":\"Live Magazine\",\"description\":\"Varie ed eventi\",\"publisher\":{\"@id\":\"https:\\\/\\\/www.livemag.it\\\/#organization\"},\"potentialAction\":[{\"@type\":\"SearchAction\",\"target\":{\"@type\":\"EntryPoint\",\"urlTemplate\":\"https:\\\/\\\/www.livemag.it\\\/?s={search_term_string}\"},\"query-input\":{\"@type\":\"PropertyValueSpecification\",\"valueRequired\":true,\"valueName\":\"search_term_string\"}}],\"inLanguage\":\"it-IT\"},{\"@type\":\"Organization\",\"@id\":\"https:\\\/\\\/www.livemag.it\\\/#organization\",\"name\":\"LiveMag\",\"alternateName\":\"LiveMag News ed eventi\",\"url\":\"https:\\\/\\\/www.livemag.it\\\/\",\"logo\":{\"@type\":\"ImageObject\",\"inLanguage\":\"it-IT\",\"@id\":\"https:\\\/\\\/www.livemag.it\\\/#\\\/schema\\\/logo\\\/image\\\/\",\"url\":\"https:\\\/\\\/www.livemag.it\\\/wp-content\\\/uploads\\\/2024\\\/02\\\/immagine-sito.jpg\",\"contentUrl\":\"https:\\\/\\\/www.livemag.it\\\/wp-content\\\/uploads\\\/2024\\\/02\\\/immagine-sito.jpg\",\"width\":696,\"height\":696,\"caption\":\"LiveMag\"},\"image\":{\"@id\":\"https:\\\/\\\/www.livemag.it\\\/#\\\/schema\\\/logo\\\/image\\\/\"},\"sameAs\":[\"https:\\\/\\\/www.facebook.com\\\/LiveMag\\\/\",\"https:\\\/\\\/x.com\\\/LiveNotizie\",\"https:\\\/\\\/www.instagram.com\\\/livemag\\\/\"]},{\"@type\":\"Person\",\"@id\":\"https:\\\/\\\/www.livemag.it\\\/#\\\/schema\\\/person\\\/b62c5f44451fdcdaeb0afe6c2424e73c\",\"name\":\"italpress\",\"image\":{\"@type\":\"ImageObject\",\"inLanguage\":\"it-IT\",\"@id\":\"https:\\\/\\\/secure.gravatar.com\\\/avatar\\\/b6a21695fc713ce7ee312cf57c97e2e641feb365be72d8745574d3c3e2b59066?s=96&r=g\",\"url\":\"https:\\\/\\\/secure.gravatar.com\\\/avatar\\\/b6a21695fc713ce7ee312cf57c97e2e641feb365be72d8745574d3c3e2b59066?s=96&r=g\",\"contentUrl\":\"https:\\\/\\\/secure.gravatar.com\\\/avatar\\\/b6a21695fc713ce7ee312cf57c97e2e641feb365be72d8745574d3c3e2b59066?s=96&r=g\",\"caption\":\"italpress\"},\"description\":\"Italpress \u00e8 un'agenzia di stampa italiana a carattere nazionale.\",\"url\":\"https:\\\/\\\/www.livemag.it\\\/index.php\\\/author\\\/italpress\\\/\"}]}<\/script>\n<!-- \/ Yoast SEO plugin. -->","yoast_head_json":{"title":"Portavoce Esteri cinese \u201cRiconosciuti i nostri sforzi su clima e rinnovabili\u201d - Live Magazine","robots":{"index":"index","follow":"follow","max-snippet":"max-snippet:-1","max-image-preview":"max-image-preview:large","max-video-preview":"max-video-preview:-1"},"canonical":"https:\/\/www.livemag.it\/index.php\/2026\/01\/24\/portavoce-esteri-cinese-riconosciuti-i-nostri-sforzi-su-clima-e-rinnovabili\/","og_locale":"it_IT","og_type":"article","og_title":"Portavoce Esteri cinese \u201cRiconosciuti i nostri sforzi su clima e rinnovabili\u201d - Live Magazine","og_description":"PECHINO (CINA) (XINHUA\/ITALPRESS) \u2013 In qualit\u00e0 di importante Paese in via di sviluppo responsabile, gli sforzi della Cina nella risposta al cambiamento climatico e nella promozione dello sviluppo e dell\u2019applicazione globali delle energie rinnovabili sono ampiamente riconosciuti, ha dichiarato gioved\u00ec il portavoce del ministero cinese degli Esteri Guo Jiakun. Guo ha formulato queste osservazioni durante [&hellip;]","og_url":"https:\/\/www.livemag.it\/index.php\/2026\/01\/24\/portavoce-esteri-cinese-riconosciuti-i-nostri-sforzi-su-clima-e-rinnovabili\/","og_site_name":"Live Magazine","article_publisher":"https:\/\/www.facebook.com\/LiveMag\/","article_published_time":"2026-01-23T23:02:39+00:00","og_image":[{"width":1200,"height":675,"url":"https:\/\/www.livemag.it\/wp-content\/uploads\/2024\/02\/ograph.jpg","type":"image\/jpeg"}],"author":"italpress","twitter_card":"summary_large_image","twitter_creator":"@LiveNotizie","twitter_site":"@LiveNotizie","twitter_misc":{"Scritto da":"italpress","Tempo di lettura stimato":"1 minuto"},"schema":{"@context":"https:\/\/schema.org","@graph":[{"@type":"Article","@id":"https:\/\/www.livemag.it\/index.php\/2026\/01\/24\/portavoce-esteri-cinese-riconosciuti-i-nostri-sforzi-su-clima-e-rinnovabili\/#article","isPartOf":{"@id":"https:\/\/www.livemag.it\/index.php\/2026\/01\/24\/portavoce-esteri-cinese-riconosciuti-i-nostri-sforzi-su-clima-e-rinnovabili\/"},"author":{"name":"italpress","@id":"https:\/\/www.livemag.it\/#\/schema\/person\/b62c5f44451fdcdaeb0afe6c2424e73c"},"headline":"Portavoce Esteri cinese \u201cRiconosciuti i nostri sforzi su clima e rinnovabili\u201d","datePublished":"2026-01-23T23:02:39+00:00","mainEntityOfPage":{"@id":"https:\/\/www.livemag.it\/index.php\/2026\/01\/24\/portavoce-esteri-cinese-riconosciuti-i-nostri-sforzi-su-clima-e-rinnovabili\/"},"wordCount":274,"publisher":{"@id":"https:\/\/www.livemag.it\/#organization"},"image":{"@id":"https:\/\/www.livemag.it\/index.php\/2026\/01\/24\/portavoce-esteri-cinese-riconosciuti-i-nostri-sforzi-su-clima-e-rinnovabili\/#primaryimage"},"thumbnailUrl":"https:\/\/www.livemag.it\/wp-content\/uploads\/2026\/01\/20260123_3030.jpg","articleSection":["Mondo"],"inLanguage":"it-IT"},{"@type":"WebPage","@id":"https:\/\/www.livemag.it\/index.php\/2026\/01\/24\/portavoce-esteri-cinese-riconosciuti-i-nostri-sforzi-su-clima-e-rinnovabili\/","url":"https:\/\/www.livemag.it\/index.php\/2026\/01\/24\/portavoce-esteri-cinese-riconosciuti-i-nostri-sforzi-su-clima-e-rinnovabili\/","name":"Portavoce Esteri cinese \u201cRiconosciuti i nostri sforzi su clima e rinnovabili\u201d - Live Magazine","isPartOf":{"@id":"https:\/\/www.livemag.it\/#website"},"primaryImageOfPage":{"@id":"https:\/\/www.livemag.it\/index.php\/2026\/01\/24\/portavoce-esteri-cinese-riconosciuti-i-nostri-sforzi-su-clima-e-rinnovabili\/#primaryimage"},"image":{"@id":"https:\/\/www.livemag.it\/index.php\/2026\/01\/24\/portavoce-esteri-cinese-riconosciuti-i-nostri-sforzi-su-clima-e-rinnovabili\/#primaryimage"},"thumbnailUrl":"https:\/\/www.livemag.it\/wp-content\/uploads\/2026\/01\/20260123_3030.jpg","datePublished":"2026-01-23T23:02:39+00:00","breadcrumb":{"@id":"https:\/\/www.livemag.it\/index.php\/2026\/01\/24\/portavoce-esteri-cinese-riconosciuti-i-nostri-sforzi-su-clima-e-rinnovabili\/#breadcrumb"},"inLanguage":"it-IT","potentialAction":[{"@type":"ReadAction","target":["https:\/\/www.livemag.it\/index.php\/2026\/01\/24\/portavoce-esteri-cinese-riconosciuti-i-nostri-sforzi-su-clima-e-rinnovabili\/"]}]},{"@type":"ImageObject","inLanguage":"it-IT","@id":"https:\/\/www.livemag.it\/index.php\/2026\/01\/24\/portavoce-esteri-cinese-riconosciuti-i-nostri-sforzi-su-clima-e-rinnovabili\/#primaryimage","url":"https:\/\/www.livemag.it\/wp-content\/uploads\/2026\/01\/20260123_3030.jpg","contentUrl":"https:\/\/www.livemag.it\/wp-content\/uploads\/2026\/01\/20260123_3030.jpg","width":1000,"height":750},{"@type":"BreadcrumbList","@id":"https:\/\/www.livemag.it\/index.php\/2026\/01\/24\/portavoce-esteri-cinese-riconosciuti-i-nostri-sforzi-su-clima-e-rinnovabili\/#breadcrumb","itemListElement":[{"@type":"ListItem","position":1,"name":"Home","item":"https:\/\/www.livemag.it\/"},{"@type":"ListItem","position":2,"name":"Portavoce Esteri cinese \u201cRiconosciuti i nostri sforzi su clima e rinnovabili\u201d"}]},{"@type":"WebSite","@id":"https:\/\/www.livemag.it\/#website","url":"https:\/\/www.livemag.it\/","name":"Live Magazine","description":"Varie ed eventi","publisher":{"@id":"https:\/\/www.livemag.it\/#organization"},"potentialAction":[{"@type":"SearchAction","target":{"@type":"EntryPoint","urlTemplate":"https:\/\/www.livemag.it\/?s={search_term_string}"},"query-input":{"@type":"PropertyValueSpecification","valueRequired":true,"valueName":"search_term_string"}}],"inLanguage":"it-IT"},{"@type":"Organization","@id":"https:\/\/www.livemag.it\/#organization","name":"LiveMag","alternateName":"LiveMag News ed eventi","url":"https:\/\/www.livemag.it\/","logo":{"@type":"ImageObject","inLanguage":"it-IT","@id":"https:\/\/www.livemag.it\/#\/schema\/logo\/image\/","url":"https:\/\/www.livemag.it\/wp-content\/uploads\/2024\/02\/immagine-sito.jpg","contentUrl":"https:\/\/www.livemag.it\/wp-content\/uploads\/2024\/02\/immagine-sito.jpg","width":696,"height":696,"caption":"LiveMag"},"image":{"@id":"https:\/\/www.livemag.it\/#\/schema\/logo\/image\/"},"sameAs":["https:\/\/www.facebook.com\/LiveMag\/","https:\/\/x.com\/LiveNotizie","https:\/\/www.instagram.com\/livemag\/"]},{"@type":"Person","@id":"https:\/\/www.livemag.it\/#\/schema\/person\/b62c5f44451fdcdaeb0afe6c2424e73c","name":"italpress","image":{"@type":"ImageObject","inLanguage":"it-IT","@id":"https:\/\/secure.gravatar.com\/avatar\/b6a21695fc713ce7ee312cf57c97e2e641feb365be72d8745574d3c3e2b59066?s=96&r=g","url":"https:\/\/secure.gravatar.com\/avatar\/b6a21695fc713ce7ee312cf57c97e2e641feb365be72d8745574d3c3e2b59066?s=96&r=g","contentUrl":"https:\/\/secure.gravatar.com\/avatar\/b6a21695fc713ce7ee312cf57c97e2e641feb365be72d8745574d3c3e2b59066?s=96&r=g","caption":"italpress"},"description":"Italpress \u00e8 un'agenzia di stampa italiana a carattere nazionale.","url":"https:\/\/www.livemag.it\/index.php\/author\/italpress\/"}]}},"jetpack_featured_media_url":"https:\/\/www.livemag.it\/wp-content\/uploads\/2026\/01\/20260123_3030.jpg","_links":{"self":[{"href":"https:\/\/www.livemag.it\/index.php\/wp-json\/wp\/v2\/posts\/67873","targetHints":{"allow":["GET"]}}],"collection":[{"href":"https:\/\/www.livemag.it\/index.php\/wp-json\/wp\/v2\/posts"}],"about":[{"href":"https:\/\/www.livemag.it\/index.php\/wp-json\/wp\/v2\/types\/post"}],"author":[{"embeddable":true,"href":"https:\/\/www.livemag.it\/index.php\/wp-json\/wp\/v2\/users\/16"}],"replies":[{"embeddable":true,"href":"https:\/\/www.livemag.it\/index.php\/wp-json\/wp\/v2\/comments?post=67873"}],"version-history":[{"count":0,"href":"https:\/\/www.livemag.it\/index.php\/wp-json\/wp\/v2\/posts\/67873\/revisions"}],"wp:featuredmedia":[{"embeddable":true,"href":"https:\/\/www.livemag.it\/index.php\/wp-json\/wp\/v2\/media\/67874"}],"wp:attachment":[{"href":"https:\/\/www.livemag.it\/index.php\/wp-json\/wp\/v2\/media?parent=67873"}],"wp:term":[{"taxonomy":"category","embeddable":true,"href":"https:\/\/www.livemag.it\/index.php\/wp-json\/wp\/v2\/categories?post=67873"},{"taxonomy":"post_tag","embeddable":true,"href":"https:\/\/www.livemag.it\/index.php\/wp-json\/wp\/v2\/tags?post=67873"}],"curies":[{"name":"wp","href":"https:\/\/api.w.org\/{rel}","templated":true}]}}