{"id":67851,"date":"2026-01-23T18:02:45","date_gmt":"2026-01-23T17:02:45","guid":{"rendered":"https:\/\/www.livemag.it\/index.php\/2026\/01\/23\/la-ferrari-presenta-la-sf-26-vasseur-linizio-di-un-nuovo-ciclo\/"},"modified":"2026-01-23T18:02:45","modified_gmt":"2026-01-23T17:02:45","slug":"la-ferrari-presenta-la-sf-26-vasseur-linizio-di-un-nuovo-ciclo","status":"publish","type":"post","link":"https:\/\/www.livemag.it\/index.php\/2026\/01\/23\/la-ferrari-presenta-la-sf-26-vasseur-linizio-di-un-nuovo-ciclo\/","title":{"rendered":"La Ferrari presenta la SF-26, Vasseur \u201cL\u2019inizio di un nuovo ciclo\u201d"},"content":{"rendered":"<div>\n<p>FIORANO (MODENA) (ITALPRESS) \u2013 Un nuovo inizio. L\u2019ennesimo della lunga storia della Ferrari, sempre con la stessa voglia di vincere, anzi di tornare a farlo dopo stagioni non facili. Il primo passo \u00e8 stata la presentazione della nuova monoposto per il Mondiale 2026. La scuderia di Maranello si lancia verso il ciclo regolamentare 2026-2030 con la SF-26, che sar\u00e0 la vettura di Charles Leclerc e Lewis Hamilton, per una stagione al via l\u20198 marzo con il Gran Premio d\u2019Australia, entrambi a caccia di un titolo mondiale che da queste parti manca da 19 anni. Monoposto dove predomina il consueto rosso, spezzato nella zona dell\u2019abitacolo da una banda bianca in stile \u2018312\u2019, riprendendo le livree anni \u201970 con Niki Lauda campione del mondo, e simile alla SF16-H, guidata da Sebastian Vettel e Kimi Raikkonen nel 2016. Giornata di presentazione proseguita con lo shakedown per Hamilton, primo a testare la SF-26, e Leclerc, in una Fiorano gremita di tifosi della Rossa sin dalle prime ore del mattino. <br \/>Diverse le novit\u00e0 del nuovo ciclo tecnico, che segna l\u2019inizio di una fase completamente inedita per la F1, caratterizzata da vetture pi\u00f9 leggere, da un profondo ripensamento dei concetti aerodinamici e da una nuova generazione di power unit. <br \/>Il telaio abbandona l\u2019effetto suolo a favore di un approccio aerodinamico differente, con linee pi\u00f9 pulite e una filosofia complessiva orientata alla riduzione del peso e a una maggiore efficienza. Per quanto riguarda la power unit, la novit\u00e0 principale \u00e8 l\u2019eliminazione della MGU-H e una MGU-K potenziata fino a 350 kW, a rafforzare il ruolo della componente elettrica. \u201cLe regole 2026 richiedono una preparazione ancora pi\u00f9 approfondita, soprattutto a noi piloti. Ci sono molti sistemi nuovi da comprendere e sfruttare al meglio. Nei miei anni in Ferrari abbiamo gi\u00e0 vissuto insieme importanti cambiamenti regolamentari: sappiamo quanto la sfida sia complessa, ma stiamo lavorando con grande motivazione\u201d, le parole di Charles Leclerc, pronto ad iniziare l\u2019ottava stagione con la scuderia di Maranello. \u201cIl 2026 rappresenta una sfida enorme per tutti: \u00e8 probabilmente il cambiamento regolamentare pi\u00f9 grande che abbia vissuto nel corso della mia carriera. Quando si entra in una nuova era come questa tutto ruota attorno allo sviluppo, alla capacit\u00e0 di crescere come squadra e di farlo nella stessa direzione\u201d, spiega Hamilton, a caccia di riscatto dopo una prima stagione in Ferrari piuttosto complicata. <br \/>Regna grande incertezza sui nuovi regolamenti, ma il team principal Frederic Vasseur sottolinea la compattezza tra reparto tecnico e progettuale: \u201cLa SF-26 segna l\u2019inizio di un nuovo ciclo per la Formula 1 e per la Ferrari. Questa vettura \u00e8 il risultato di un grande lavoro di squadra e segna l\u2019inizio di un percorso completamente nuovo, costruito su regole diverse che vede tutti i concorrenti dover fare i conti con non poche incognite. Il team \u00e8 allineato e pi\u00f9 unito che mai in vista della stagione che ci attende. In questa prima fase la priorit\u00e0 sar\u00e0 imparare quanto pi\u00f9 possibile e iniziare a costruire basi solide sulle quali pianificare il lavoro in vista dell\u2019inizio della stagione\u201d. <br \/>Con l\u2019inizio dei test, che si aprono con uno shakedown collettivo a Barcellona la settimana prossima (26-30 gennaio) \u2013 cui seguiranno due sessioni in Bahrain (11-13 febbraio, 18-20 febbraio) \u2013 la stagione 2026 inizier\u00e0 ad entrare nel vivo.<br \/>\u2013 Foto Ufficio stampa Ferrari \u2013<br \/>(ITALPRESS).<\/p>\n<\/div>\n","protected":false},"excerpt":{"rendered":"<p>FIORANO (MODENA) (ITALPRESS) \u2013 Un nuovo inizio. L\u2019ennesimo della lunga storia della Ferrari, sempre con la stessa voglia di vincere, anzi di tornare a farlo dopo stagioni non facili. Il primo passo \u00e8 stata la presentazione della nuova monoposto per il Mondiale 2026. La scuderia di Maranello si lancia verso il ciclo regolamentare 2026-2030 con [&hellip;]<\/p>\n","protected":false},"author":16,"featured_media":67852,"comment_status":"closed","ping_status":"closed","sticky":false,"template":"","format":"standard","meta":{"jnews-multi-image_gallery":[],"jnews_single_post":[],"jnews_primary_category":[],"jnews_social_meta":[],"jnews_override_counter":[],"jnews_post_split":[],"footnotes":""},"categories":[1129],"tags":[],"class_list":["post-67851","post","type-post","status-publish","format-standard","has-post-thumbnail","hentry","category-mondo"],"yoast_head":"<!-- This site is optimized with the Yoast SEO plugin v27.4 - https:\/\/yoast.com\/product\/yoast-seo-wordpress\/ -->\n<title>La Ferrari presenta la SF-26, Vasseur \u201cL\u2019inizio di un nuovo ciclo\u201d - Live Magazine<\/title>\n<meta name=\"robots\" content=\"index, follow, max-snippet:-1, max-image-preview:large, max-video-preview:-1\" \/>\n<link rel=\"canonical\" href=\"https:\/\/www.livemag.it\/index.php\/2026\/01\/23\/la-ferrari-presenta-la-sf-26-vasseur-linizio-di-un-nuovo-ciclo\/\" \/>\n<meta property=\"og:locale\" content=\"it_IT\" \/>\n<meta property=\"og:type\" content=\"article\" \/>\n<meta property=\"og:title\" content=\"La Ferrari presenta la SF-26, Vasseur \u201cL\u2019inizio di un nuovo ciclo\u201d - Live Magazine\" \/>\n<meta property=\"og:description\" content=\"FIORANO (MODENA) (ITALPRESS) \u2013 Un nuovo inizio. L\u2019ennesimo della lunga storia della Ferrari, sempre con la stessa voglia di vincere, anzi di tornare a farlo dopo stagioni non facili. Il primo passo \u00e8 stata la presentazione della nuova monoposto per il Mondiale 2026. La scuderia di Maranello si lancia verso il ciclo regolamentare 2026-2030 con [&hellip;]\" \/>\n<meta property=\"og:url\" content=\"https:\/\/www.livemag.it\/index.php\/2026\/01\/23\/la-ferrari-presenta-la-sf-26-vasseur-linizio-di-un-nuovo-ciclo\/\" \/>\n<meta property=\"og:site_name\" content=\"Live Magazine\" \/>\n<meta property=\"article:publisher\" content=\"https:\/\/www.facebook.com\/LiveMag\/\" \/>\n<meta property=\"article:published_time\" content=\"2026-01-23T17:02:45+00:00\" \/>\n<meta property=\"og:image\" content=\"https:\/\/www.livemag.it\/wp-content\/uploads\/2024\/02\/ograph.jpg\" \/>\n\t<meta property=\"og:image:width\" content=\"1200\" \/>\n\t<meta property=\"og:image:height\" content=\"675\" \/>\n\t<meta property=\"og:image:type\" content=\"image\/jpeg\" \/>\n<meta name=\"author\" content=\"italpress\" \/>\n<meta name=\"twitter:card\" content=\"summary_large_image\" \/>\n<meta name=\"twitter:creator\" content=\"@LiveNotizie\" \/>\n<meta name=\"twitter:site\" content=\"@LiveNotizie\" \/>\n<meta name=\"twitter:label1\" content=\"Scritto da\" \/>\n\t<meta name=\"twitter:data1\" content=\"italpress\" \/>\n\t<meta name=\"twitter:label2\" content=\"Tempo di lettura stimato\" \/>\n\t<meta name=\"twitter:data2\" content=\"3 minuti\" \/>\n<script type=\"application\/ld+json\" class=\"yoast-schema-graph\">{\"@context\":\"https:\\\/\\\/schema.org\",\"@graph\":[{\"@type\":\"Article\",\"@id\":\"https:\\\/\\\/www.livemag.it\\\/index.php\\\/2026\\\/01\\\/23\\\/la-ferrari-presenta-la-sf-26-vasseur-linizio-di-un-nuovo-ciclo\\\/#article\",\"isPartOf\":{\"@id\":\"https:\\\/\\\/www.livemag.it\\\/index.php\\\/2026\\\/01\\\/23\\\/la-ferrari-presenta-la-sf-26-vasseur-linizio-di-un-nuovo-ciclo\\\/\"},\"author\":{\"name\":\"italpress\",\"@id\":\"https:\\\/\\\/www.livemag.it\\\/#\\\/schema\\\/person\\\/b62c5f44451fdcdaeb0afe6c2424e73c\"},\"headline\":\"La Ferrari presenta la SF-26, Vasseur \u201cL\u2019inizio di un nuovo ciclo\u201d\",\"datePublished\":\"2026-01-23T17:02:45+00:00\",\"mainEntityOfPage\":{\"@id\":\"https:\\\/\\\/www.livemag.it\\\/index.php\\\/2026\\\/01\\\/23\\\/la-ferrari-presenta-la-sf-26-vasseur-linizio-di-un-nuovo-ciclo\\\/\"},\"wordCount\":551,\"publisher\":{\"@id\":\"https:\\\/\\\/www.livemag.it\\\/#organization\"},\"image\":{\"@id\":\"https:\\\/\\\/www.livemag.it\\\/index.php\\\/2026\\\/01\\\/23\\\/la-ferrari-presenta-la-sf-26-vasseur-linizio-di-un-nuovo-ciclo\\\/#primaryimage\"},\"thumbnailUrl\":\"https:\\\/\\\/www.livemag.it\\\/wp-content\\\/uploads\\\/2026\\\/01\\\/20260123_1028.jpg\",\"articleSection\":[\"Mondo\"],\"inLanguage\":\"it-IT\"},{\"@type\":\"WebPage\",\"@id\":\"https:\\\/\\\/www.livemag.it\\\/index.php\\\/2026\\\/01\\\/23\\\/la-ferrari-presenta-la-sf-26-vasseur-linizio-di-un-nuovo-ciclo\\\/\",\"url\":\"https:\\\/\\\/www.livemag.it\\\/index.php\\\/2026\\\/01\\\/23\\\/la-ferrari-presenta-la-sf-26-vasseur-linizio-di-un-nuovo-ciclo\\\/\",\"name\":\"La Ferrari presenta la SF-26, Vasseur \u201cL\u2019inizio di un nuovo ciclo\u201d - Live Magazine\",\"isPartOf\":{\"@id\":\"https:\\\/\\\/www.livemag.it\\\/#website\"},\"primaryImageOfPage\":{\"@id\":\"https:\\\/\\\/www.livemag.it\\\/index.php\\\/2026\\\/01\\\/23\\\/la-ferrari-presenta-la-sf-26-vasseur-linizio-di-un-nuovo-ciclo\\\/#primaryimage\"},\"image\":{\"@id\":\"https:\\\/\\\/www.livemag.it\\\/index.php\\\/2026\\\/01\\\/23\\\/la-ferrari-presenta-la-sf-26-vasseur-linizio-di-un-nuovo-ciclo\\\/#primaryimage\"},\"thumbnailUrl\":\"https:\\\/\\\/www.livemag.it\\\/wp-content\\\/uploads\\\/2026\\\/01\\\/20260123_1028.jpg\",\"datePublished\":\"2026-01-23T17:02:45+00:00\",\"breadcrumb\":{\"@id\":\"https:\\\/\\\/www.livemag.it\\\/index.php\\\/2026\\\/01\\\/23\\\/la-ferrari-presenta-la-sf-26-vasseur-linizio-di-un-nuovo-ciclo\\\/#breadcrumb\"},\"inLanguage\":\"it-IT\",\"potentialAction\":[{\"@type\":\"ReadAction\",\"target\":[\"https:\\\/\\\/www.livemag.it\\\/index.php\\\/2026\\\/01\\\/23\\\/la-ferrari-presenta-la-sf-26-vasseur-linizio-di-un-nuovo-ciclo\\\/\"]}]},{\"@type\":\"ImageObject\",\"inLanguage\":\"it-IT\",\"@id\":\"https:\\\/\\\/www.livemag.it\\\/index.php\\\/2026\\\/01\\\/23\\\/la-ferrari-presenta-la-sf-26-vasseur-linizio-di-un-nuovo-ciclo\\\/#primaryimage\",\"url\":\"https:\\\/\\\/www.livemag.it\\\/wp-content\\\/uploads\\\/2026\\\/01\\\/20260123_1028.jpg\",\"contentUrl\":\"https:\\\/\\\/www.livemag.it\\\/wp-content\\\/uploads\\\/2026\\\/01\\\/20260123_1028.jpg\",\"width\":1200,\"height\":676},{\"@type\":\"BreadcrumbList\",\"@id\":\"https:\\\/\\\/www.livemag.it\\\/index.php\\\/2026\\\/01\\\/23\\\/la-ferrari-presenta-la-sf-26-vasseur-linizio-di-un-nuovo-ciclo\\\/#breadcrumb\",\"itemListElement\":[{\"@type\":\"ListItem\",\"position\":1,\"name\":\"Home\",\"item\":\"https:\\\/\\\/www.livemag.it\\\/\"},{\"@type\":\"ListItem\",\"position\":2,\"name\":\"La Ferrari presenta la SF-26, Vasseur \u201cL\u2019inizio di un nuovo ciclo\u201d\"}]},{\"@type\":\"WebSite\",\"@id\":\"https:\\\/\\\/www.livemag.it\\\/#website\",\"url\":\"https:\\\/\\\/www.livemag.it\\\/\",\"name\":\"Live Magazine\",\"description\":\"Varie ed eventi\",\"publisher\":{\"@id\":\"https:\\\/\\\/www.livemag.it\\\/#organization\"},\"potentialAction\":[{\"@type\":\"SearchAction\",\"target\":{\"@type\":\"EntryPoint\",\"urlTemplate\":\"https:\\\/\\\/www.livemag.it\\\/?s={search_term_string}\"},\"query-input\":{\"@type\":\"PropertyValueSpecification\",\"valueRequired\":true,\"valueName\":\"search_term_string\"}}],\"inLanguage\":\"it-IT\"},{\"@type\":\"Organization\",\"@id\":\"https:\\\/\\\/www.livemag.it\\\/#organization\",\"name\":\"LiveMag\",\"alternateName\":\"LiveMag News ed eventi\",\"url\":\"https:\\\/\\\/www.livemag.it\\\/\",\"logo\":{\"@type\":\"ImageObject\",\"inLanguage\":\"it-IT\",\"@id\":\"https:\\\/\\\/www.livemag.it\\\/#\\\/schema\\\/logo\\\/image\\\/\",\"url\":\"https:\\\/\\\/www.livemag.it\\\/wp-content\\\/uploads\\\/2024\\\/02\\\/immagine-sito.jpg\",\"contentUrl\":\"https:\\\/\\\/www.livemag.it\\\/wp-content\\\/uploads\\\/2024\\\/02\\\/immagine-sito.jpg\",\"width\":696,\"height\":696,\"caption\":\"LiveMag\"},\"image\":{\"@id\":\"https:\\\/\\\/www.livemag.it\\\/#\\\/schema\\\/logo\\\/image\\\/\"},\"sameAs\":[\"https:\\\/\\\/www.facebook.com\\\/LiveMag\\\/\",\"https:\\\/\\\/x.com\\\/LiveNotizie\",\"https:\\\/\\\/www.instagram.com\\\/livemag\\\/\"]},{\"@type\":\"Person\",\"@id\":\"https:\\\/\\\/www.livemag.it\\\/#\\\/schema\\\/person\\\/b62c5f44451fdcdaeb0afe6c2424e73c\",\"name\":\"italpress\",\"image\":{\"@type\":\"ImageObject\",\"inLanguage\":\"it-IT\",\"@id\":\"https:\\\/\\\/secure.gravatar.com\\\/avatar\\\/b6a21695fc713ce7ee312cf57c97e2e641feb365be72d8745574d3c3e2b59066?s=96&r=g\",\"url\":\"https:\\\/\\\/secure.gravatar.com\\\/avatar\\\/b6a21695fc713ce7ee312cf57c97e2e641feb365be72d8745574d3c3e2b59066?s=96&r=g\",\"contentUrl\":\"https:\\\/\\\/secure.gravatar.com\\\/avatar\\\/b6a21695fc713ce7ee312cf57c97e2e641feb365be72d8745574d3c3e2b59066?s=96&r=g\",\"caption\":\"italpress\"},\"description\":\"Italpress \u00e8 un'agenzia di stampa italiana a carattere nazionale.\",\"url\":\"https:\\\/\\\/www.livemag.it\\\/index.php\\\/author\\\/italpress\\\/\"}]}<\/script>\n<!-- \/ Yoast SEO plugin. -->","yoast_head_json":{"title":"La Ferrari presenta la SF-26, Vasseur \u201cL\u2019inizio di un nuovo ciclo\u201d - Live Magazine","robots":{"index":"index","follow":"follow","max-snippet":"max-snippet:-1","max-image-preview":"max-image-preview:large","max-video-preview":"max-video-preview:-1"},"canonical":"https:\/\/www.livemag.it\/index.php\/2026\/01\/23\/la-ferrari-presenta-la-sf-26-vasseur-linizio-di-un-nuovo-ciclo\/","og_locale":"it_IT","og_type":"article","og_title":"La Ferrari presenta la SF-26, Vasseur \u201cL\u2019inizio di un nuovo ciclo\u201d - Live Magazine","og_description":"FIORANO (MODENA) (ITALPRESS) \u2013 Un nuovo inizio. L\u2019ennesimo della lunga storia della Ferrari, sempre con la stessa voglia di vincere, anzi di tornare a farlo dopo stagioni non facili. Il primo passo \u00e8 stata la presentazione della nuova monoposto per il Mondiale 2026. La scuderia di Maranello si lancia verso il ciclo regolamentare 2026-2030 con [&hellip;]","og_url":"https:\/\/www.livemag.it\/index.php\/2026\/01\/23\/la-ferrari-presenta-la-sf-26-vasseur-linizio-di-un-nuovo-ciclo\/","og_site_name":"Live Magazine","article_publisher":"https:\/\/www.facebook.com\/LiveMag\/","article_published_time":"2026-01-23T17:02:45+00:00","og_image":[{"width":1200,"height":675,"url":"https:\/\/www.livemag.it\/wp-content\/uploads\/2024\/02\/ograph.jpg","type":"image\/jpeg"}],"author":"italpress","twitter_card":"summary_large_image","twitter_creator":"@LiveNotizie","twitter_site":"@LiveNotizie","twitter_misc":{"Scritto da":"italpress","Tempo di lettura stimato":"3 minuti"},"schema":{"@context":"https:\/\/schema.org","@graph":[{"@type":"Article","@id":"https:\/\/www.livemag.it\/index.php\/2026\/01\/23\/la-ferrari-presenta-la-sf-26-vasseur-linizio-di-un-nuovo-ciclo\/#article","isPartOf":{"@id":"https:\/\/www.livemag.it\/index.php\/2026\/01\/23\/la-ferrari-presenta-la-sf-26-vasseur-linizio-di-un-nuovo-ciclo\/"},"author":{"name":"italpress","@id":"https:\/\/www.livemag.it\/#\/schema\/person\/b62c5f44451fdcdaeb0afe6c2424e73c"},"headline":"La Ferrari presenta la SF-26, Vasseur \u201cL\u2019inizio di un nuovo ciclo\u201d","datePublished":"2026-01-23T17:02:45+00:00","mainEntityOfPage":{"@id":"https:\/\/www.livemag.it\/index.php\/2026\/01\/23\/la-ferrari-presenta-la-sf-26-vasseur-linizio-di-un-nuovo-ciclo\/"},"wordCount":551,"publisher":{"@id":"https:\/\/www.livemag.it\/#organization"},"image":{"@id":"https:\/\/www.livemag.it\/index.php\/2026\/01\/23\/la-ferrari-presenta-la-sf-26-vasseur-linizio-di-un-nuovo-ciclo\/#primaryimage"},"thumbnailUrl":"https:\/\/www.livemag.it\/wp-content\/uploads\/2026\/01\/20260123_1028.jpg","articleSection":["Mondo"],"inLanguage":"it-IT"},{"@type":"WebPage","@id":"https:\/\/www.livemag.it\/index.php\/2026\/01\/23\/la-ferrari-presenta-la-sf-26-vasseur-linizio-di-un-nuovo-ciclo\/","url":"https:\/\/www.livemag.it\/index.php\/2026\/01\/23\/la-ferrari-presenta-la-sf-26-vasseur-linizio-di-un-nuovo-ciclo\/","name":"La Ferrari presenta la SF-26, Vasseur \u201cL\u2019inizio di un nuovo ciclo\u201d - Live Magazine","isPartOf":{"@id":"https:\/\/www.livemag.it\/#website"},"primaryImageOfPage":{"@id":"https:\/\/www.livemag.it\/index.php\/2026\/01\/23\/la-ferrari-presenta-la-sf-26-vasseur-linizio-di-un-nuovo-ciclo\/#primaryimage"},"image":{"@id":"https:\/\/www.livemag.it\/index.php\/2026\/01\/23\/la-ferrari-presenta-la-sf-26-vasseur-linizio-di-un-nuovo-ciclo\/#primaryimage"},"thumbnailUrl":"https:\/\/www.livemag.it\/wp-content\/uploads\/2026\/01\/20260123_1028.jpg","datePublished":"2026-01-23T17:02:45+00:00","breadcrumb":{"@id":"https:\/\/www.livemag.it\/index.php\/2026\/01\/23\/la-ferrari-presenta-la-sf-26-vasseur-linizio-di-un-nuovo-ciclo\/#breadcrumb"},"inLanguage":"it-IT","potentialAction":[{"@type":"ReadAction","target":["https:\/\/www.livemag.it\/index.php\/2026\/01\/23\/la-ferrari-presenta-la-sf-26-vasseur-linizio-di-un-nuovo-ciclo\/"]}]},{"@type":"ImageObject","inLanguage":"it-IT","@id":"https:\/\/www.livemag.it\/index.php\/2026\/01\/23\/la-ferrari-presenta-la-sf-26-vasseur-linizio-di-un-nuovo-ciclo\/#primaryimage","url":"https:\/\/www.livemag.it\/wp-content\/uploads\/2026\/01\/20260123_1028.jpg","contentUrl":"https:\/\/www.livemag.it\/wp-content\/uploads\/2026\/01\/20260123_1028.jpg","width":1200,"height":676},{"@type":"BreadcrumbList","@id":"https:\/\/www.livemag.it\/index.php\/2026\/01\/23\/la-ferrari-presenta-la-sf-26-vasseur-linizio-di-un-nuovo-ciclo\/#breadcrumb","itemListElement":[{"@type":"ListItem","position":1,"name":"Home","item":"https:\/\/www.livemag.it\/"},{"@type":"ListItem","position":2,"name":"La Ferrari presenta la SF-26, Vasseur \u201cL\u2019inizio di un nuovo ciclo\u201d"}]},{"@type":"WebSite","@id":"https:\/\/www.livemag.it\/#website","url":"https:\/\/www.livemag.it\/","name":"Live Magazine","description":"Varie ed eventi","publisher":{"@id":"https:\/\/www.livemag.it\/#organization"},"potentialAction":[{"@type":"SearchAction","target":{"@type":"EntryPoint","urlTemplate":"https:\/\/www.livemag.it\/?s={search_term_string}"},"query-input":{"@type":"PropertyValueSpecification","valueRequired":true,"valueName":"search_term_string"}}],"inLanguage":"it-IT"},{"@type":"Organization","@id":"https:\/\/www.livemag.it\/#organization","name":"LiveMag","alternateName":"LiveMag News ed eventi","url":"https:\/\/www.livemag.it\/","logo":{"@type":"ImageObject","inLanguage":"it-IT","@id":"https:\/\/www.livemag.it\/#\/schema\/logo\/image\/","url":"https:\/\/www.livemag.it\/wp-content\/uploads\/2024\/02\/immagine-sito.jpg","contentUrl":"https:\/\/www.livemag.it\/wp-content\/uploads\/2024\/02\/immagine-sito.jpg","width":696,"height":696,"caption":"LiveMag"},"image":{"@id":"https:\/\/www.livemag.it\/#\/schema\/logo\/image\/"},"sameAs":["https:\/\/www.facebook.com\/LiveMag\/","https:\/\/x.com\/LiveNotizie","https:\/\/www.instagram.com\/livemag\/"]},{"@type":"Person","@id":"https:\/\/www.livemag.it\/#\/schema\/person\/b62c5f44451fdcdaeb0afe6c2424e73c","name":"italpress","image":{"@type":"ImageObject","inLanguage":"it-IT","@id":"https:\/\/secure.gravatar.com\/avatar\/b6a21695fc713ce7ee312cf57c97e2e641feb365be72d8745574d3c3e2b59066?s=96&r=g","url":"https:\/\/secure.gravatar.com\/avatar\/b6a21695fc713ce7ee312cf57c97e2e641feb365be72d8745574d3c3e2b59066?s=96&r=g","contentUrl":"https:\/\/secure.gravatar.com\/avatar\/b6a21695fc713ce7ee312cf57c97e2e641feb365be72d8745574d3c3e2b59066?s=96&r=g","caption":"italpress"},"description":"Italpress \u00e8 un'agenzia di stampa italiana a carattere nazionale.","url":"https:\/\/www.livemag.it\/index.php\/author\/italpress\/"}]}},"jetpack_featured_media_url":"https:\/\/www.livemag.it\/wp-content\/uploads\/2026\/01\/20260123_1028.jpg","_links":{"self":[{"href":"https:\/\/www.livemag.it\/index.php\/wp-json\/wp\/v2\/posts\/67851","targetHints":{"allow":["GET"]}}],"collection":[{"href":"https:\/\/www.livemag.it\/index.php\/wp-json\/wp\/v2\/posts"}],"about":[{"href":"https:\/\/www.livemag.it\/index.php\/wp-json\/wp\/v2\/types\/post"}],"author":[{"embeddable":true,"href":"https:\/\/www.livemag.it\/index.php\/wp-json\/wp\/v2\/users\/16"}],"replies":[{"embeddable":true,"href":"https:\/\/www.livemag.it\/index.php\/wp-json\/wp\/v2\/comments?post=67851"}],"version-history":[{"count":0,"href":"https:\/\/www.livemag.it\/index.php\/wp-json\/wp\/v2\/posts\/67851\/revisions"}],"wp:featuredmedia":[{"embeddable":true,"href":"https:\/\/www.livemag.it\/index.php\/wp-json\/wp\/v2\/media\/67852"}],"wp:attachment":[{"href":"https:\/\/www.livemag.it\/index.php\/wp-json\/wp\/v2\/media?parent=67851"}],"wp:term":[{"taxonomy":"category","embeddable":true,"href":"https:\/\/www.livemag.it\/index.php\/wp-json\/wp\/v2\/categories?post=67851"},{"taxonomy":"post_tag","embeddable":true,"href":"https:\/\/www.livemag.it\/index.php\/wp-json\/wp\/v2\/tags?post=67851"}],"curies":[{"name":"wp","href":"https:\/\/api.w.org\/{rel}","templated":true}]}}