{"id":67843,"date":"2026-01-23T15:02:50","date_gmt":"2026-01-23T14:02:50","guid":{"rendered":"https:\/\/www.livemag.it\/index.php\/2026\/01\/23\/calabria-occhiuto-trecento-milioni-per-i-danni-causati-dal-maltempo\/"},"modified":"2026-01-23T15:02:50","modified_gmt":"2026-01-23T14:02:50","slug":"calabria-occhiuto-trecento-milioni-per-i-danni-causati-dal-maltempo","status":"publish","type":"post","link":"https:\/\/www.livemag.it\/index.php\/2026\/01\/23\/calabria-occhiuto-trecento-milioni-per-i-danni-causati-dal-maltempo\/","title":{"rendered":"<div>Calabria, Occhiuto &#8220;Trecento milioni per i danni causati dal maltempo&#8221;<\/div>"},"content":{"rendered":"<p>    <video-js id=\"videojs69f05e52beff3\" class=\"vjs-big-play-centered\" controls preload=\"auto\" playsinline data-setup='{\"fluid\": true}'>\r\n        <source src=\"https:\/\/video.italpress.com\/play\/mp4\/video\/Al1l\" type=\"video\/mp4\" \/>\r\n    <\/video-js>\r\n           <br \/>\n<\/p>\n<div> CATANZARO (ITALPRESS) &#8211; Trecento milioni di euro per i danni alle infrastrutture e per ristorare i danni subiti dagli privati. L&#8217;annuncio arriva dalla voce del Presidente della Regione Calabria, Roberto Occhiuto, a margine di un sopralluogo tenuto nel quartiere Lido di Catanzaro, nell&#8217;area colpita dal ciclone Harry dei giorni scorsi. &#8220;Abbiamo fatto anche un&#8217;ulteriore delibera per riconoscere lo stato di calamit\u00e0 relativo ad alcune produzioni agricole colpite in altre parti della regione dalle mareggiate nei giorni scorsi. Sono convinto che il governo raccoglier\u00e0 questa richiesta della Regione Calabria nella prossima settimana, grazie anche all&#8217;impegno della sottosegretaria Wanda Ferro. Sulla base della prima sommaria quantificazione dei danni, fatta dal Dipartimento della protezione civile, ascoltando i sindaci e facendo anche una ricognizione dei danni ai privati, abbiamo deciso di chiedere 300 milioni di euro. Poi ci sar\u00e0 chiaramente una valutazione pi\u00f9 puntuale dei danni, ma l&#8217;importante \u00e8 che il governo riconosca nella prossima settimana lo stato di calamit\u00e0 nazionale. Stiamo attivando delle interlocuzioni anche con gli altri presidenti di Regione per capire se possiamo utilizzare fondi europei destinati alla ricostruzione in caso di fenomeni avversi derivanti dai cambiamenti climatici&#8221;.<\/p>\n<p>xd2\/tvi\/mca3<\/p><\/div>\n","protected":false},"excerpt":{"rendered":"<p>CATANZARO (ITALPRESS) &#8211; Trecento milioni di euro per i danni alle infrastrutture e per ristorare i danni subiti dagli privati. L&#8217;annuncio arriva dalla voce del Presidente della Regione Calabria, Roberto Occhiuto, a margine di un sopralluogo tenuto nel quartiere Lido di Catanzaro, nell&#8217;area colpita dal ciclone Harry dei giorni scorsi. &#8220;Abbiamo fatto anche un&#8217;ulteriore delibera [&hellip;]<\/p>\n","protected":false},"author":16,"featured_media":67844,"comment_status":"closed","ping_status":"closed","sticky":false,"template":"","format":"video","meta":{"jnews-multi-image_gallery":[],"jnews_single_post":[],"jnews_primary_category":[],"jnews_social_meta":[],"jnews_override_counter":[],"jnews_post_split":[],"footnotes":""},"categories":[1171],"tags":[],"class_list":["post-67843","post","type-post","status-publish","format-video","has-post-thumbnail","hentry","category-video","post_format-post-format-video"],"yoast_head":"<!-- This site is optimized with the Yoast SEO plugin v27.4 - https:\/\/yoast.com\/product\/yoast-seo-wordpress\/ -->\n<title>Calabria, Occhiuto &quot;Trecento milioni per i danni causati dal maltempo&quot; - Live Magazine<\/title>\n<meta name=\"robots\" content=\"index, follow, max-snippet:-1, max-image-preview:large, max-video-preview:-1\" \/>\n<link rel=\"canonical\" href=\"https:\/\/www.livemag.it\/index.php\/2026\/01\/23\/calabria-occhiuto-trecento-milioni-per-i-danni-causati-dal-maltempo\/\" \/>\n<meta property=\"og:locale\" content=\"it_IT\" \/>\n<meta property=\"og:type\" content=\"article\" \/>\n<meta property=\"og:title\" content=\"Calabria, Occhiuto &quot;Trecento milioni per i danni causati dal maltempo&quot; - Live Magazine\" \/>\n<meta property=\"og:description\" content=\"CATANZARO (ITALPRESS) &#8211; Trecento milioni di euro per i danni alle infrastrutture e per ristorare i danni subiti dagli privati. L&#8217;annuncio arriva dalla voce del Presidente della Regione Calabria, Roberto Occhiuto, a margine di un sopralluogo tenuto nel quartiere Lido di Catanzaro, nell&#8217;area colpita dal ciclone Harry dei giorni scorsi. &#8220;Abbiamo fatto anche un&#8217;ulteriore delibera [&hellip;]\" \/>\n<meta property=\"og:url\" content=\"https:\/\/www.livemag.it\/index.php\/2026\/01\/23\/calabria-occhiuto-trecento-milioni-per-i-danni-causati-dal-maltempo\/\" \/>\n<meta property=\"og:site_name\" content=\"Live Magazine\" \/>\n<meta property=\"article:publisher\" content=\"https:\/\/www.facebook.com\/LiveMag\/\" \/>\n<meta property=\"article:published_time\" content=\"2026-01-23T14:02:50+00:00\" \/>\n<meta property=\"og:image\" content=\"https:\/\/www.livemag.it\/wp-content\/uploads\/2024\/02\/ograph.jpg\" \/>\n\t<meta property=\"og:image:width\" content=\"1200\" \/>\n\t<meta property=\"og:image:height\" content=\"675\" \/>\n\t<meta property=\"og:image:type\" content=\"image\/jpeg\" \/>\n<meta name=\"author\" content=\"italpress\" \/>\n<meta name=\"twitter:card\" content=\"summary_large_image\" \/>\n<meta name=\"twitter:creator\" content=\"@LiveNotizie\" \/>\n<meta name=\"twitter:site\" content=\"@LiveNotizie\" \/>\n<meta name=\"twitter:label1\" content=\"Scritto da\" \/>\n\t<meta name=\"twitter:data1\" content=\"italpress\" \/>\n\t<meta name=\"twitter:label2\" content=\"Tempo di lettura stimato\" \/>\n\t<meta name=\"twitter:data2\" content=\"1 minuto\" \/>\n<script type=\"application\/ld+json\" class=\"yoast-schema-graph\">{\"@context\":\"https:\\\/\\\/schema.org\",\"@graph\":[{\"@type\":\"Article\",\"@id\":\"https:\\\/\\\/www.livemag.it\\\/index.php\\\/2026\\\/01\\\/23\\\/calabria-occhiuto-trecento-milioni-per-i-danni-causati-dal-maltempo\\\/#article\",\"isPartOf\":{\"@id\":\"https:\\\/\\\/www.livemag.it\\\/index.php\\\/2026\\\/01\\\/23\\\/calabria-occhiuto-trecento-milioni-per-i-danni-causati-dal-maltempo\\\/\"},\"author\":{\"name\":\"italpress\",\"@id\":\"https:\\\/\\\/www.livemag.it\\\/#\\\/schema\\\/person\\\/b62c5f44451fdcdaeb0afe6c2424e73c\"},\"headline\":\"Calabria, Occhiuto &#8220;Trecento milioni per i danni causati dal maltempo&#8221;\",\"datePublished\":\"2026-01-23T14:02:50+00:00\",\"mainEntityOfPage\":{\"@id\":\"https:\\\/\\\/www.livemag.it\\\/index.php\\\/2026\\\/01\\\/23\\\/calabria-occhiuto-trecento-milioni-per-i-danni-causati-dal-maltempo\\\/\"},\"wordCount\":215,\"publisher\":{\"@id\":\"https:\\\/\\\/www.livemag.it\\\/#organization\"},\"image\":{\"@id\":\"https:\\\/\\\/www.livemag.it\\\/index.php\\\/2026\\\/01\\\/23\\\/calabria-occhiuto-trecento-milioni-per-i-danni-causati-dal-maltempo\\\/#primaryimage\"},\"thumbnailUrl\":\"https:\\\/\\\/www.livemag.it\\\/wp-content\\\/uploads\\\/2026\\\/01\\\/Al1l.jpg\",\"articleSection\":[\"Video\"],\"inLanguage\":\"it-IT\"},{\"@type\":\"WebPage\",\"@id\":\"https:\\\/\\\/www.livemag.it\\\/index.php\\\/2026\\\/01\\\/23\\\/calabria-occhiuto-trecento-milioni-per-i-danni-causati-dal-maltempo\\\/\",\"url\":\"https:\\\/\\\/www.livemag.it\\\/index.php\\\/2026\\\/01\\\/23\\\/calabria-occhiuto-trecento-milioni-per-i-danni-causati-dal-maltempo\\\/\",\"name\":\"Calabria, Occhiuto \\\"Trecento milioni per i danni causati dal maltempo\\\" - Live Magazine\",\"isPartOf\":{\"@id\":\"https:\\\/\\\/www.livemag.it\\\/#website\"},\"primaryImageOfPage\":{\"@id\":\"https:\\\/\\\/www.livemag.it\\\/index.php\\\/2026\\\/01\\\/23\\\/calabria-occhiuto-trecento-milioni-per-i-danni-causati-dal-maltempo\\\/#primaryimage\"},\"image\":{\"@id\":\"https:\\\/\\\/www.livemag.it\\\/index.php\\\/2026\\\/01\\\/23\\\/calabria-occhiuto-trecento-milioni-per-i-danni-causati-dal-maltempo\\\/#primaryimage\"},\"thumbnailUrl\":\"https:\\\/\\\/www.livemag.it\\\/wp-content\\\/uploads\\\/2026\\\/01\\\/Al1l.jpg\",\"datePublished\":\"2026-01-23T14:02:50+00:00\",\"breadcrumb\":{\"@id\":\"https:\\\/\\\/www.livemag.it\\\/index.php\\\/2026\\\/01\\\/23\\\/calabria-occhiuto-trecento-milioni-per-i-danni-causati-dal-maltempo\\\/#breadcrumb\"},\"inLanguage\":\"it-IT\",\"potentialAction\":[{\"@type\":\"ReadAction\",\"target\":[\"https:\\\/\\\/www.livemag.it\\\/index.php\\\/2026\\\/01\\\/23\\\/calabria-occhiuto-trecento-milioni-per-i-danni-causati-dal-maltempo\\\/\"]}]},{\"@type\":\"ImageObject\",\"inLanguage\":\"it-IT\",\"@id\":\"https:\\\/\\\/www.livemag.it\\\/index.php\\\/2026\\\/01\\\/23\\\/calabria-occhiuto-trecento-milioni-per-i-danni-causati-dal-maltempo\\\/#primaryimage\",\"url\":\"https:\\\/\\\/www.livemag.it\\\/wp-content\\\/uploads\\\/2026\\\/01\\\/Al1l.jpg\",\"contentUrl\":\"https:\\\/\\\/www.livemag.it\\\/wp-content\\\/uploads\\\/2026\\\/01\\\/Al1l.jpg\",\"width\":1920,\"height\":1080},{\"@type\":\"BreadcrumbList\",\"@id\":\"https:\\\/\\\/www.livemag.it\\\/index.php\\\/2026\\\/01\\\/23\\\/calabria-occhiuto-trecento-milioni-per-i-danni-causati-dal-maltempo\\\/#breadcrumb\",\"itemListElement\":[{\"@type\":\"ListItem\",\"position\":1,\"name\":\"Home\",\"item\":\"https:\\\/\\\/www.livemag.it\\\/\"},{\"@type\":\"ListItem\",\"position\":2,\"name\":\"Calabria, Occhiuto &#8220;Trecento milioni per i danni causati dal maltempo&#8221;\"}]},{\"@type\":\"WebSite\",\"@id\":\"https:\\\/\\\/www.livemag.it\\\/#website\",\"url\":\"https:\\\/\\\/www.livemag.it\\\/\",\"name\":\"Live Magazine\",\"description\":\"Varie ed eventi\",\"publisher\":{\"@id\":\"https:\\\/\\\/www.livemag.it\\\/#organization\"},\"potentialAction\":[{\"@type\":\"SearchAction\",\"target\":{\"@type\":\"EntryPoint\",\"urlTemplate\":\"https:\\\/\\\/www.livemag.it\\\/?s={search_term_string}\"},\"query-input\":{\"@type\":\"PropertyValueSpecification\",\"valueRequired\":true,\"valueName\":\"search_term_string\"}}],\"inLanguage\":\"it-IT\"},{\"@type\":\"Organization\",\"@id\":\"https:\\\/\\\/www.livemag.it\\\/#organization\",\"name\":\"LiveMag\",\"alternateName\":\"LiveMag News ed eventi\",\"url\":\"https:\\\/\\\/www.livemag.it\\\/\",\"logo\":{\"@type\":\"ImageObject\",\"inLanguage\":\"it-IT\",\"@id\":\"https:\\\/\\\/www.livemag.it\\\/#\\\/schema\\\/logo\\\/image\\\/\",\"url\":\"https:\\\/\\\/www.livemag.it\\\/wp-content\\\/uploads\\\/2024\\\/02\\\/immagine-sito.jpg\",\"contentUrl\":\"https:\\\/\\\/www.livemag.it\\\/wp-content\\\/uploads\\\/2024\\\/02\\\/immagine-sito.jpg\",\"width\":696,\"height\":696,\"caption\":\"LiveMag\"},\"image\":{\"@id\":\"https:\\\/\\\/www.livemag.it\\\/#\\\/schema\\\/logo\\\/image\\\/\"},\"sameAs\":[\"https:\\\/\\\/www.facebook.com\\\/LiveMag\\\/\",\"https:\\\/\\\/x.com\\\/LiveNotizie\",\"https:\\\/\\\/www.instagram.com\\\/livemag\\\/\"]},{\"@type\":\"Person\",\"@id\":\"https:\\\/\\\/www.livemag.it\\\/#\\\/schema\\\/person\\\/b62c5f44451fdcdaeb0afe6c2424e73c\",\"name\":\"italpress\",\"image\":{\"@type\":\"ImageObject\",\"inLanguage\":\"it-IT\",\"@id\":\"https:\\\/\\\/secure.gravatar.com\\\/avatar\\\/b6a21695fc713ce7ee312cf57c97e2e641feb365be72d8745574d3c3e2b59066?s=96&r=g\",\"url\":\"https:\\\/\\\/secure.gravatar.com\\\/avatar\\\/b6a21695fc713ce7ee312cf57c97e2e641feb365be72d8745574d3c3e2b59066?s=96&r=g\",\"contentUrl\":\"https:\\\/\\\/secure.gravatar.com\\\/avatar\\\/b6a21695fc713ce7ee312cf57c97e2e641feb365be72d8745574d3c3e2b59066?s=96&r=g\",\"caption\":\"italpress\"},\"description\":\"Italpress \u00e8 un'agenzia di stampa italiana a carattere nazionale.\",\"url\":\"https:\\\/\\\/www.livemag.it\\\/index.php\\\/author\\\/italpress\\\/\"}]}<\/script>\n<!-- \/ Yoast SEO plugin. -->","yoast_head_json":{"title":"Calabria, Occhiuto \"Trecento milioni per i danni causati dal maltempo\" - Live Magazine","robots":{"index":"index","follow":"follow","max-snippet":"max-snippet:-1","max-image-preview":"max-image-preview:large","max-video-preview":"max-video-preview:-1"},"canonical":"https:\/\/www.livemag.it\/index.php\/2026\/01\/23\/calabria-occhiuto-trecento-milioni-per-i-danni-causati-dal-maltempo\/","og_locale":"it_IT","og_type":"article","og_title":"Calabria, Occhiuto \"Trecento milioni per i danni causati dal maltempo\" - Live Magazine","og_description":"CATANZARO (ITALPRESS) &#8211; Trecento milioni di euro per i danni alle infrastrutture e per ristorare i danni subiti dagli privati. L&#8217;annuncio arriva dalla voce del Presidente della Regione Calabria, Roberto Occhiuto, a margine di un sopralluogo tenuto nel quartiere Lido di Catanzaro, nell&#8217;area colpita dal ciclone Harry dei giorni scorsi. &#8220;Abbiamo fatto anche un&#8217;ulteriore delibera [&hellip;]","og_url":"https:\/\/www.livemag.it\/index.php\/2026\/01\/23\/calabria-occhiuto-trecento-milioni-per-i-danni-causati-dal-maltempo\/","og_site_name":"Live Magazine","article_publisher":"https:\/\/www.facebook.com\/LiveMag\/","article_published_time":"2026-01-23T14:02:50+00:00","og_image":[{"width":1200,"height":675,"url":"https:\/\/www.livemag.it\/wp-content\/uploads\/2024\/02\/ograph.jpg","type":"image\/jpeg"}],"author":"italpress","twitter_card":"summary_large_image","twitter_creator":"@LiveNotizie","twitter_site":"@LiveNotizie","twitter_misc":{"Scritto da":"italpress","Tempo di lettura stimato":"1 minuto"},"schema":{"@context":"https:\/\/schema.org","@graph":[{"@type":"Article","@id":"https:\/\/www.livemag.it\/index.php\/2026\/01\/23\/calabria-occhiuto-trecento-milioni-per-i-danni-causati-dal-maltempo\/#article","isPartOf":{"@id":"https:\/\/www.livemag.it\/index.php\/2026\/01\/23\/calabria-occhiuto-trecento-milioni-per-i-danni-causati-dal-maltempo\/"},"author":{"name":"italpress","@id":"https:\/\/www.livemag.it\/#\/schema\/person\/b62c5f44451fdcdaeb0afe6c2424e73c"},"headline":"Calabria, Occhiuto &#8220;Trecento milioni per i danni causati dal maltempo&#8221;","datePublished":"2026-01-23T14:02:50+00:00","mainEntityOfPage":{"@id":"https:\/\/www.livemag.it\/index.php\/2026\/01\/23\/calabria-occhiuto-trecento-milioni-per-i-danni-causati-dal-maltempo\/"},"wordCount":215,"publisher":{"@id":"https:\/\/www.livemag.it\/#organization"},"image":{"@id":"https:\/\/www.livemag.it\/index.php\/2026\/01\/23\/calabria-occhiuto-trecento-milioni-per-i-danni-causati-dal-maltempo\/#primaryimage"},"thumbnailUrl":"https:\/\/www.livemag.it\/wp-content\/uploads\/2026\/01\/Al1l.jpg","articleSection":["Video"],"inLanguage":"it-IT"},{"@type":"WebPage","@id":"https:\/\/www.livemag.it\/index.php\/2026\/01\/23\/calabria-occhiuto-trecento-milioni-per-i-danni-causati-dal-maltempo\/","url":"https:\/\/www.livemag.it\/index.php\/2026\/01\/23\/calabria-occhiuto-trecento-milioni-per-i-danni-causati-dal-maltempo\/","name":"Calabria, Occhiuto \"Trecento milioni per i danni causati dal maltempo\" - Live Magazine","isPartOf":{"@id":"https:\/\/www.livemag.it\/#website"},"primaryImageOfPage":{"@id":"https:\/\/www.livemag.it\/index.php\/2026\/01\/23\/calabria-occhiuto-trecento-milioni-per-i-danni-causati-dal-maltempo\/#primaryimage"},"image":{"@id":"https:\/\/www.livemag.it\/index.php\/2026\/01\/23\/calabria-occhiuto-trecento-milioni-per-i-danni-causati-dal-maltempo\/#primaryimage"},"thumbnailUrl":"https:\/\/www.livemag.it\/wp-content\/uploads\/2026\/01\/Al1l.jpg","datePublished":"2026-01-23T14:02:50+00:00","breadcrumb":{"@id":"https:\/\/www.livemag.it\/index.php\/2026\/01\/23\/calabria-occhiuto-trecento-milioni-per-i-danni-causati-dal-maltempo\/#breadcrumb"},"inLanguage":"it-IT","potentialAction":[{"@type":"ReadAction","target":["https:\/\/www.livemag.it\/index.php\/2026\/01\/23\/calabria-occhiuto-trecento-milioni-per-i-danni-causati-dal-maltempo\/"]}]},{"@type":"ImageObject","inLanguage":"it-IT","@id":"https:\/\/www.livemag.it\/index.php\/2026\/01\/23\/calabria-occhiuto-trecento-milioni-per-i-danni-causati-dal-maltempo\/#primaryimage","url":"https:\/\/www.livemag.it\/wp-content\/uploads\/2026\/01\/Al1l.jpg","contentUrl":"https:\/\/www.livemag.it\/wp-content\/uploads\/2026\/01\/Al1l.jpg","width":1920,"height":1080},{"@type":"BreadcrumbList","@id":"https:\/\/www.livemag.it\/index.php\/2026\/01\/23\/calabria-occhiuto-trecento-milioni-per-i-danni-causati-dal-maltempo\/#breadcrumb","itemListElement":[{"@type":"ListItem","position":1,"name":"Home","item":"https:\/\/www.livemag.it\/"},{"@type":"ListItem","position":2,"name":"Calabria, Occhiuto &#8220;Trecento milioni per i danni causati dal maltempo&#8221;"}]},{"@type":"WebSite","@id":"https:\/\/www.livemag.it\/#website","url":"https:\/\/www.livemag.it\/","name":"Live Magazine","description":"Varie ed eventi","publisher":{"@id":"https:\/\/www.livemag.it\/#organization"},"potentialAction":[{"@type":"SearchAction","target":{"@type":"EntryPoint","urlTemplate":"https:\/\/www.livemag.it\/?s={search_term_string}"},"query-input":{"@type":"PropertyValueSpecification","valueRequired":true,"valueName":"search_term_string"}}],"inLanguage":"it-IT"},{"@type":"Organization","@id":"https:\/\/www.livemag.it\/#organization","name":"LiveMag","alternateName":"LiveMag News ed eventi","url":"https:\/\/www.livemag.it\/","logo":{"@type":"ImageObject","inLanguage":"it-IT","@id":"https:\/\/www.livemag.it\/#\/schema\/logo\/image\/","url":"https:\/\/www.livemag.it\/wp-content\/uploads\/2024\/02\/immagine-sito.jpg","contentUrl":"https:\/\/www.livemag.it\/wp-content\/uploads\/2024\/02\/immagine-sito.jpg","width":696,"height":696,"caption":"LiveMag"},"image":{"@id":"https:\/\/www.livemag.it\/#\/schema\/logo\/image\/"},"sameAs":["https:\/\/www.facebook.com\/LiveMag\/","https:\/\/x.com\/LiveNotizie","https:\/\/www.instagram.com\/livemag\/"]},{"@type":"Person","@id":"https:\/\/www.livemag.it\/#\/schema\/person\/b62c5f44451fdcdaeb0afe6c2424e73c","name":"italpress","image":{"@type":"ImageObject","inLanguage":"it-IT","@id":"https:\/\/secure.gravatar.com\/avatar\/b6a21695fc713ce7ee312cf57c97e2e641feb365be72d8745574d3c3e2b59066?s=96&r=g","url":"https:\/\/secure.gravatar.com\/avatar\/b6a21695fc713ce7ee312cf57c97e2e641feb365be72d8745574d3c3e2b59066?s=96&r=g","contentUrl":"https:\/\/secure.gravatar.com\/avatar\/b6a21695fc713ce7ee312cf57c97e2e641feb365be72d8745574d3c3e2b59066?s=96&r=g","caption":"italpress"},"description":"Italpress \u00e8 un'agenzia di stampa italiana a carattere nazionale.","url":"https:\/\/www.livemag.it\/index.php\/author\/italpress\/"}]}},"jetpack_featured_media_url":"https:\/\/www.livemag.it\/wp-content\/uploads\/2026\/01\/Al1l.jpg","_links":{"self":[{"href":"https:\/\/www.livemag.it\/index.php\/wp-json\/wp\/v2\/posts\/67843","targetHints":{"allow":["GET"]}}],"collection":[{"href":"https:\/\/www.livemag.it\/index.php\/wp-json\/wp\/v2\/posts"}],"about":[{"href":"https:\/\/www.livemag.it\/index.php\/wp-json\/wp\/v2\/types\/post"}],"author":[{"embeddable":true,"href":"https:\/\/www.livemag.it\/index.php\/wp-json\/wp\/v2\/users\/16"}],"replies":[{"embeddable":true,"href":"https:\/\/www.livemag.it\/index.php\/wp-json\/wp\/v2\/comments?post=67843"}],"version-history":[{"count":0,"href":"https:\/\/www.livemag.it\/index.php\/wp-json\/wp\/v2\/posts\/67843\/revisions"}],"wp:featuredmedia":[{"embeddable":true,"href":"https:\/\/www.livemag.it\/index.php\/wp-json\/wp\/v2\/media\/67844"}],"wp:attachment":[{"href":"https:\/\/www.livemag.it\/index.php\/wp-json\/wp\/v2\/media?parent=67843"}],"wp:term":[{"taxonomy":"category","embeddable":true,"href":"https:\/\/www.livemag.it\/index.php\/wp-json\/wp\/v2\/categories?post=67843"},{"taxonomy":"post_tag","embeddable":true,"href":"https:\/\/www.livemag.it\/index.php\/wp-json\/wp\/v2\/tags?post=67843"}],"curies":[{"name":"wp","href":"https:\/\/api.w.org\/{rel}","templated":true}]}}