{"id":67796,"date":"2026-01-22T21:04:35","date_gmt":"2026-01-22T20:04:35","guid":{"rendered":"https:\/\/www.livemag.it\/index.php\/2026\/01\/22\/mattarella-azione-dellitalia-inscindibile-da-quella-dellunione-europea\/"},"modified":"2026-01-22T21:04:35","modified_gmt":"2026-01-22T20:04:35","slug":"mattarella-azione-dellitalia-inscindibile-da-quella-dellunione-europea","status":"publish","type":"post","link":"https:\/\/www.livemag.it\/index.php\/2026\/01\/22\/mattarella-azione-dellitalia-inscindibile-da-quella-dellunione-europea\/","title":{"rendered":"Mattarella \u201cAzione dell\u2019Italia inscindibile da quella dell\u2019Unione Europea\u201d"},"content":{"rendered":"<div>\n<p>ROMA (ITALPRESS) \u2013 \u201cL\u2019Unione Europea riveste un ruolo centrale per quanto riguarda la nostra vita internazionale e la nostra attivit\u00e0 diplomatica. L\u2019azione del nostro Paese, l\u2019azione dell\u2019Italia \u00e8 inscindibile da quella dell\u2019Unione e tutelarne coesione, prestigio, forza, efficacia di posizioni \u00e8 in realt\u00e0 un\u2019altra forma di tutela del nostro protagonismo, del nostro interesse nazionale, della nostra capacit\u00e0 di essere ascoltati nella vita internazionale\u201d. Lo ha detto il presidente della Repubblica, Sergio Mattarella, ricevendo al Quirinale i vincitori del concorso per Segretari di Legazione \u2013 Corso \u201cBoris Biancheri Chiappori\u201d.<br \/>Quella di Bianchieri Chiappori \u00e8 una \u201cfigura straordinaria di diplomatico \u2013 ha spiegato Mattarella -. Io sono sufficientemente anziano per ricordarne l\u2019azione mentre era in diplomazia. Come il suo esempio ha ricordato, occorre avere nella diplomazia anche coraggio, il coraggio di difendere posizioni di civilt\u00e0 che il nostro Paese interpreta e manifesta anche contro contro ostinazioni e posizioni totalmente difformi, difendendo quindi il dialogo anche in stagioni di contrapposizioni, e di affermare i principi del diritto internazionale quando vengono disattesi o violati\u201d.<br \/>Per il capo dello Stato \u201csi avverte il dovere di fare in modo che si eviti che il percorso compiuto dalla comunit\u00e0 internazionale nei decenni che hanno fatto seguito alla seconda guerra mondiale venga dissolto, e che venga cancellato un percorso che, con tante contraddizioni, lacune, difetti, ha fatto avanzare la comunit\u00e0 internazionale su un piano positivo di regole condivise. E\u2019 un patrimonio da tutelare, \u00e8 un percorso da difendere\u201d.<br \/>\u201cSi tratta di evitare che questo percorso subisca una repentina e drammatica inversione verso la barbarie della vita internazionale\u201d, ha aggiunto Mattarella.<br \/>\u201cLa diplomazia \u00e8 un esercizio di straordinaria maestria e di straordinario valore. Non \u00e8 mera rappresentanza, \u00e8 interpretazione della Repubblica Italiana nei rapporti con gli altri Paesi e quindi \u00e8 uno strumento indispensabile di dialogo con gli altri Paesi nella vita internazionale, per rendere protagonista la nostra Repubblica \u2013 ha detto ancora il presidente -. E\u2019 un\u2019attivit\u00e0 di paziente costruzione della fiducia tra gli Stati e tra i popoli, che \u00e8 che ben pi\u00f9 consistente, stabile, permanente, robusta di quella semplicemente tra le istituzioni. L\u2019Italia ha una tradizione diplomatica prestigiosa, riconosciuta ovunque, apprezzata, di livello particolarmente elevato. E questo apprezzamento, questa considerazione ovunque nel mondo si fonda sulla credibilit\u00e0, sull\u2019equilibrio, sulla capacit\u00e0 di ascolto, sulla costante e anche ostinata ricerca di soluzioni condivise, arricchita in questo concorso dall\u2019alta presenza femminile che accresce la qualit\u00e0 della diplomazia del nostro Paese\u201d.<\/p>\n<p>\u2013 Foto ufficio stampa Quirinale \u2013<\/p>\n<p>(ITALPRESS).<\/p>\n<\/div>\n","protected":false},"excerpt":{"rendered":"<p>ROMA (ITALPRESS) \u2013 \u201cL\u2019Unione Europea riveste un ruolo centrale per quanto riguarda la nostra vita internazionale e la nostra attivit\u00e0 diplomatica. L\u2019azione del nostro Paese, l\u2019azione dell\u2019Italia \u00e8 inscindibile da quella dell\u2019Unione e tutelarne coesione, prestigio, forza, efficacia di posizioni \u00e8 in realt\u00e0 un\u2019altra forma di tutela del nostro protagonismo, del nostro interesse nazionale, della [&hellip;]<\/p>\n","protected":false},"author":16,"featured_media":67797,"comment_status":"closed","ping_status":"closed","sticky":false,"template":"","format":"standard","meta":{"jnews-multi-image_gallery":[],"jnews_single_post":[],"jnews_primary_category":[],"jnews_social_meta":[],"jnews_override_counter":[],"jnews_post_split":[],"footnotes":""},"categories":[1129],"tags":[],"class_list":["post-67796","post","type-post","status-publish","format-standard","has-post-thumbnail","hentry","category-mondo"],"yoast_head":"<!-- This site is optimized with the Yoast SEO plugin v27.4 - https:\/\/yoast.com\/product\/yoast-seo-wordpress\/ -->\n<title>Mattarella \u201cAzione dell\u2019Italia inscindibile da quella dell\u2019Unione Europea\u201d - Live Magazine<\/title>\n<meta name=\"robots\" content=\"index, follow, max-snippet:-1, max-image-preview:large, max-video-preview:-1\" \/>\n<link rel=\"canonical\" href=\"https:\/\/www.livemag.it\/index.php\/2026\/01\/22\/mattarella-azione-dellitalia-inscindibile-da-quella-dellunione-europea\/\" \/>\n<meta property=\"og:locale\" content=\"it_IT\" \/>\n<meta property=\"og:type\" content=\"article\" \/>\n<meta property=\"og:title\" content=\"Mattarella \u201cAzione dell\u2019Italia inscindibile da quella dell\u2019Unione Europea\u201d - Live Magazine\" \/>\n<meta property=\"og:description\" content=\"ROMA (ITALPRESS) \u2013 \u201cL\u2019Unione Europea riveste un ruolo centrale per quanto riguarda la nostra vita internazionale e la nostra attivit\u00e0 diplomatica. L\u2019azione del nostro Paese, l\u2019azione dell\u2019Italia \u00e8 inscindibile da quella dell\u2019Unione e tutelarne coesione, prestigio, forza, efficacia di posizioni \u00e8 in realt\u00e0 un\u2019altra forma di tutela del nostro protagonismo, del nostro interesse nazionale, della [&hellip;]\" \/>\n<meta property=\"og:url\" content=\"https:\/\/www.livemag.it\/index.php\/2026\/01\/22\/mattarella-azione-dellitalia-inscindibile-da-quella-dellunione-europea\/\" \/>\n<meta property=\"og:site_name\" content=\"Live Magazine\" \/>\n<meta property=\"article:publisher\" content=\"https:\/\/www.facebook.com\/LiveMag\/\" \/>\n<meta property=\"article:published_time\" content=\"2026-01-22T20:04:35+00:00\" \/>\n<meta property=\"og:image\" content=\"https:\/\/www.livemag.it\/wp-content\/uploads\/2024\/02\/ograph.jpg\" \/>\n\t<meta property=\"og:image:width\" content=\"1200\" \/>\n\t<meta property=\"og:image:height\" content=\"675\" \/>\n\t<meta property=\"og:image:type\" content=\"image\/jpeg\" \/>\n<meta name=\"author\" content=\"italpress\" \/>\n<meta name=\"twitter:card\" content=\"summary_large_image\" \/>\n<meta name=\"twitter:creator\" content=\"@LiveNotizie\" \/>\n<meta name=\"twitter:site\" content=\"@LiveNotizie\" \/>\n<meta name=\"twitter:label1\" content=\"Scritto da\" \/>\n\t<meta name=\"twitter:data1\" content=\"italpress\" \/>\n\t<meta name=\"twitter:label2\" content=\"Tempo di lettura stimato\" \/>\n\t<meta name=\"twitter:data2\" content=\"2 minuti\" \/>\n<script type=\"application\/ld+json\" class=\"yoast-schema-graph\">{\"@context\":\"https:\\\/\\\/schema.org\",\"@graph\":[{\"@type\":\"Article\",\"@id\":\"https:\\\/\\\/www.livemag.it\\\/index.php\\\/2026\\\/01\\\/22\\\/mattarella-azione-dellitalia-inscindibile-da-quella-dellunione-europea\\\/#article\",\"isPartOf\":{\"@id\":\"https:\\\/\\\/www.livemag.it\\\/index.php\\\/2026\\\/01\\\/22\\\/mattarella-azione-dellitalia-inscindibile-da-quella-dellunione-europea\\\/\"},\"author\":{\"name\":\"italpress\",\"@id\":\"https:\\\/\\\/www.livemag.it\\\/#\\\/schema\\\/person\\\/b62c5f44451fdcdaeb0afe6c2424e73c\"},\"headline\":\"Mattarella \u201cAzione dell\u2019Italia inscindibile da quella dell\u2019Unione Europea\u201d\",\"datePublished\":\"2026-01-22T20:04:35+00:00\",\"mainEntityOfPage\":{\"@id\":\"https:\\\/\\\/www.livemag.it\\\/index.php\\\/2026\\\/01\\\/22\\\/mattarella-azione-dellitalia-inscindibile-da-quella-dellunione-europea\\\/\"},\"wordCount\":414,\"publisher\":{\"@id\":\"https:\\\/\\\/www.livemag.it\\\/#organization\"},\"image\":{\"@id\":\"https:\\\/\\\/www.livemag.it\\\/index.php\\\/2026\\\/01\\\/22\\\/mattarella-azione-dellitalia-inscindibile-da-quella-dellunione-europea\\\/#primaryimage\"},\"thumbnailUrl\":\"https:\\\/\\\/www.livemag.it\\\/wp-content\\\/uploads\\\/2026\\\/01\\\/20260122_2775.jpg\",\"articleSection\":[\"Mondo\"],\"inLanguage\":\"it-IT\"},{\"@type\":\"WebPage\",\"@id\":\"https:\\\/\\\/www.livemag.it\\\/index.php\\\/2026\\\/01\\\/22\\\/mattarella-azione-dellitalia-inscindibile-da-quella-dellunione-europea\\\/\",\"url\":\"https:\\\/\\\/www.livemag.it\\\/index.php\\\/2026\\\/01\\\/22\\\/mattarella-azione-dellitalia-inscindibile-da-quella-dellunione-europea\\\/\",\"name\":\"Mattarella \u201cAzione dell\u2019Italia inscindibile da quella dell\u2019Unione Europea\u201d - Live Magazine\",\"isPartOf\":{\"@id\":\"https:\\\/\\\/www.livemag.it\\\/#website\"},\"primaryImageOfPage\":{\"@id\":\"https:\\\/\\\/www.livemag.it\\\/index.php\\\/2026\\\/01\\\/22\\\/mattarella-azione-dellitalia-inscindibile-da-quella-dellunione-europea\\\/#primaryimage\"},\"image\":{\"@id\":\"https:\\\/\\\/www.livemag.it\\\/index.php\\\/2026\\\/01\\\/22\\\/mattarella-azione-dellitalia-inscindibile-da-quella-dellunione-europea\\\/#primaryimage\"},\"thumbnailUrl\":\"https:\\\/\\\/www.livemag.it\\\/wp-content\\\/uploads\\\/2026\\\/01\\\/20260122_2775.jpg\",\"datePublished\":\"2026-01-22T20:04:35+00:00\",\"breadcrumb\":{\"@id\":\"https:\\\/\\\/www.livemag.it\\\/index.php\\\/2026\\\/01\\\/22\\\/mattarella-azione-dellitalia-inscindibile-da-quella-dellunione-europea\\\/#breadcrumb\"},\"inLanguage\":\"it-IT\",\"potentialAction\":[{\"@type\":\"ReadAction\",\"target\":[\"https:\\\/\\\/www.livemag.it\\\/index.php\\\/2026\\\/01\\\/22\\\/mattarella-azione-dellitalia-inscindibile-da-quella-dellunione-europea\\\/\"]}]},{\"@type\":\"ImageObject\",\"inLanguage\":\"it-IT\",\"@id\":\"https:\\\/\\\/www.livemag.it\\\/index.php\\\/2026\\\/01\\\/22\\\/mattarella-azione-dellitalia-inscindibile-da-quella-dellunione-europea\\\/#primaryimage\",\"url\":\"https:\\\/\\\/www.livemag.it\\\/wp-content\\\/uploads\\\/2026\\\/01\\\/20260122_2775.jpg\",\"contentUrl\":\"https:\\\/\\\/www.livemag.it\\\/wp-content\\\/uploads\\\/2026\\\/01\\\/20260122_2775.jpg\",\"width\":1200,\"height\":807},{\"@type\":\"BreadcrumbList\",\"@id\":\"https:\\\/\\\/www.livemag.it\\\/index.php\\\/2026\\\/01\\\/22\\\/mattarella-azione-dellitalia-inscindibile-da-quella-dellunione-europea\\\/#breadcrumb\",\"itemListElement\":[{\"@type\":\"ListItem\",\"position\":1,\"name\":\"Home\",\"item\":\"https:\\\/\\\/www.livemag.it\\\/\"},{\"@type\":\"ListItem\",\"position\":2,\"name\":\"Mattarella \u201cAzione dell\u2019Italia inscindibile da quella dell\u2019Unione Europea\u201d\"}]},{\"@type\":\"WebSite\",\"@id\":\"https:\\\/\\\/www.livemag.it\\\/#website\",\"url\":\"https:\\\/\\\/www.livemag.it\\\/\",\"name\":\"Live Magazine\",\"description\":\"Varie ed eventi\",\"publisher\":{\"@id\":\"https:\\\/\\\/www.livemag.it\\\/#organization\"},\"potentialAction\":[{\"@type\":\"SearchAction\",\"target\":{\"@type\":\"EntryPoint\",\"urlTemplate\":\"https:\\\/\\\/www.livemag.it\\\/?s={search_term_string}\"},\"query-input\":{\"@type\":\"PropertyValueSpecification\",\"valueRequired\":true,\"valueName\":\"search_term_string\"}}],\"inLanguage\":\"it-IT\"},{\"@type\":\"Organization\",\"@id\":\"https:\\\/\\\/www.livemag.it\\\/#organization\",\"name\":\"LiveMag\",\"alternateName\":\"LiveMag News ed eventi\",\"url\":\"https:\\\/\\\/www.livemag.it\\\/\",\"logo\":{\"@type\":\"ImageObject\",\"inLanguage\":\"it-IT\",\"@id\":\"https:\\\/\\\/www.livemag.it\\\/#\\\/schema\\\/logo\\\/image\\\/\",\"url\":\"https:\\\/\\\/www.livemag.it\\\/wp-content\\\/uploads\\\/2024\\\/02\\\/immagine-sito.jpg\",\"contentUrl\":\"https:\\\/\\\/www.livemag.it\\\/wp-content\\\/uploads\\\/2024\\\/02\\\/immagine-sito.jpg\",\"width\":696,\"height\":696,\"caption\":\"LiveMag\"},\"image\":{\"@id\":\"https:\\\/\\\/www.livemag.it\\\/#\\\/schema\\\/logo\\\/image\\\/\"},\"sameAs\":[\"https:\\\/\\\/www.facebook.com\\\/LiveMag\\\/\",\"https:\\\/\\\/x.com\\\/LiveNotizie\",\"https:\\\/\\\/www.instagram.com\\\/livemag\\\/\"]},{\"@type\":\"Person\",\"@id\":\"https:\\\/\\\/www.livemag.it\\\/#\\\/schema\\\/person\\\/b62c5f44451fdcdaeb0afe6c2424e73c\",\"name\":\"italpress\",\"image\":{\"@type\":\"ImageObject\",\"inLanguage\":\"it-IT\",\"@id\":\"https:\\\/\\\/secure.gravatar.com\\\/avatar\\\/b6a21695fc713ce7ee312cf57c97e2e641feb365be72d8745574d3c3e2b59066?s=96&r=g\",\"url\":\"https:\\\/\\\/secure.gravatar.com\\\/avatar\\\/b6a21695fc713ce7ee312cf57c97e2e641feb365be72d8745574d3c3e2b59066?s=96&r=g\",\"contentUrl\":\"https:\\\/\\\/secure.gravatar.com\\\/avatar\\\/b6a21695fc713ce7ee312cf57c97e2e641feb365be72d8745574d3c3e2b59066?s=96&r=g\",\"caption\":\"italpress\"},\"description\":\"Italpress \u00e8 un'agenzia di stampa italiana a carattere nazionale.\",\"url\":\"https:\\\/\\\/www.livemag.it\\\/index.php\\\/author\\\/italpress\\\/\"}]}<\/script>\n<!-- \/ Yoast SEO plugin. -->","yoast_head_json":{"title":"Mattarella \u201cAzione dell\u2019Italia inscindibile da quella dell\u2019Unione Europea\u201d - Live Magazine","robots":{"index":"index","follow":"follow","max-snippet":"max-snippet:-1","max-image-preview":"max-image-preview:large","max-video-preview":"max-video-preview:-1"},"canonical":"https:\/\/www.livemag.it\/index.php\/2026\/01\/22\/mattarella-azione-dellitalia-inscindibile-da-quella-dellunione-europea\/","og_locale":"it_IT","og_type":"article","og_title":"Mattarella \u201cAzione dell\u2019Italia inscindibile da quella dell\u2019Unione Europea\u201d - Live Magazine","og_description":"ROMA (ITALPRESS) \u2013 \u201cL\u2019Unione Europea riveste un ruolo centrale per quanto riguarda la nostra vita internazionale e la nostra attivit\u00e0 diplomatica. L\u2019azione del nostro Paese, l\u2019azione dell\u2019Italia \u00e8 inscindibile da quella dell\u2019Unione e tutelarne coesione, prestigio, forza, efficacia di posizioni \u00e8 in realt\u00e0 un\u2019altra forma di tutela del nostro protagonismo, del nostro interesse nazionale, della [&hellip;]","og_url":"https:\/\/www.livemag.it\/index.php\/2026\/01\/22\/mattarella-azione-dellitalia-inscindibile-da-quella-dellunione-europea\/","og_site_name":"Live Magazine","article_publisher":"https:\/\/www.facebook.com\/LiveMag\/","article_published_time":"2026-01-22T20:04:35+00:00","og_image":[{"width":1200,"height":675,"url":"https:\/\/www.livemag.it\/wp-content\/uploads\/2024\/02\/ograph.jpg","type":"image\/jpeg"}],"author":"italpress","twitter_card":"summary_large_image","twitter_creator":"@LiveNotizie","twitter_site":"@LiveNotizie","twitter_misc":{"Scritto da":"italpress","Tempo di lettura stimato":"2 minuti"},"schema":{"@context":"https:\/\/schema.org","@graph":[{"@type":"Article","@id":"https:\/\/www.livemag.it\/index.php\/2026\/01\/22\/mattarella-azione-dellitalia-inscindibile-da-quella-dellunione-europea\/#article","isPartOf":{"@id":"https:\/\/www.livemag.it\/index.php\/2026\/01\/22\/mattarella-azione-dellitalia-inscindibile-da-quella-dellunione-europea\/"},"author":{"name":"italpress","@id":"https:\/\/www.livemag.it\/#\/schema\/person\/b62c5f44451fdcdaeb0afe6c2424e73c"},"headline":"Mattarella \u201cAzione dell\u2019Italia inscindibile da quella dell\u2019Unione Europea\u201d","datePublished":"2026-01-22T20:04:35+00:00","mainEntityOfPage":{"@id":"https:\/\/www.livemag.it\/index.php\/2026\/01\/22\/mattarella-azione-dellitalia-inscindibile-da-quella-dellunione-europea\/"},"wordCount":414,"publisher":{"@id":"https:\/\/www.livemag.it\/#organization"},"image":{"@id":"https:\/\/www.livemag.it\/index.php\/2026\/01\/22\/mattarella-azione-dellitalia-inscindibile-da-quella-dellunione-europea\/#primaryimage"},"thumbnailUrl":"https:\/\/www.livemag.it\/wp-content\/uploads\/2026\/01\/20260122_2775.jpg","articleSection":["Mondo"],"inLanguage":"it-IT"},{"@type":"WebPage","@id":"https:\/\/www.livemag.it\/index.php\/2026\/01\/22\/mattarella-azione-dellitalia-inscindibile-da-quella-dellunione-europea\/","url":"https:\/\/www.livemag.it\/index.php\/2026\/01\/22\/mattarella-azione-dellitalia-inscindibile-da-quella-dellunione-europea\/","name":"Mattarella \u201cAzione dell\u2019Italia inscindibile da quella dell\u2019Unione Europea\u201d - Live Magazine","isPartOf":{"@id":"https:\/\/www.livemag.it\/#website"},"primaryImageOfPage":{"@id":"https:\/\/www.livemag.it\/index.php\/2026\/01\/22\/mattarella-azione-dellitalia-inscindibile-da-quella-dellunione-europea\/#primaryimage"},"image":{"@id":"https:\/\/www.livemag.it\/index.php\/2026\/01\/22\/mattarella-azione-dellitalia-inscindibile-da-quella-dellunione-europea\/#primaryimage"},"thumbnailUrl":"https:\/\/www.livemag.it\/wp-content\/uploads\/2026\/01\/20260122_2775.jpg","datePublished":"2026-01-22T20:04:35+00:00","breadcrumb":{"@id":"https:\/\/www.livemag.it\/index.php\/2026\/01\/22\/mattarella-azione-dellitalia-inscindibile-da-quella-dellunione-europea\/#breadcrumb"},"inLanguage":"it-IT","potentialAction":[{"@type":"ReadAction","target":["https:\/\/www.livemag.it\/index.php\/2026\/01\/22\/mattarella-azione-dellitalia-inscindibile-da-quella-dellunione-europea\/"]}]},{"@type":"ImageObject","inLanguage":"it-IT","@id":"https:\/\/www.livemag.it\/index.php\/2026\/01\/22\/mattarella-azione-dellitalia-inscindibile-da-quella-dellunione-europea\/#primaryimage","url":"https:\/\/www.livemag.it\/wp-content\/uploads\/2026\/01\/20260122_2775.jpg","contentUrl":"https:\/\/www.livemag.it\/wp-content\/uploads\/2026\/01\/20260122_2775.jpg","width":1200,"height":807},{"@type":"BreadcrumbList","@id":"https:\/\/www.livemag.it\/index.php\/2026\/01\/22\/mattarella-azione-dellitalia-inscindibile-da-quella-dellunione-europea\/#breadcrumb","itemListElement":[{"@type":"ListItem","position":1,"name":"Home","item":"https:\/\/www.livemag.it\/"},{"@type":"ListItem","position":2,"name":"Mattarella \u201cAzione dell\u2019Italia inscindibile da quella dell\u2019Unione Europea\u201d"}]},{"@type":"WebSite","@id":"https:\/\/www.livemag.it\/#website","url":"https:\/\/www.livemag.it\/","name":"Live Magazine","description":"Varie ed eventi","publisher":{"@id":"https:\/\/www.livemag.it\/#organization"},"potentialAction":[{"@type":"SearchAction","target":{"@type":"EntryPoint","urlTemplate":"https:\/\/www.livemag.it\/?s={search_term_string}"},"query-input":{"@type":"PropertyValueSpecification","valueRequired":true,"valueName":"search_term_string"}}],"inLanguage":"it-IT"},{"@type":"Organization","@id":"https:\/\/www.livemag.it\/#organization","name":"LiveMag","alternateName":"LiveMag News ed eventi","url":"https:\/\/www.livemag.it\/","logo":{"@type":"ImageObject","inLanguage":"it-IT","@id":"https:\/\/www.livemag.it\/#\/schema\/logo\/image\/","url":"https:\/\/www.livemag.it\/wp-content\/uploads\/2024\/02\/immagine-sito.jpg","contentUrl":"https:\/\/www.livemag.it\/wp-content\/uploads\/2024\/02\/immagine-sito.jpg","width":696,"height":696,"caption":"LiveMag"},"image":{"@id":"https:\/\/www.livemag.it\/#\/schema\/logo\/image\/"},"sameAs":["https:\/\/www.facebook.com\/LiveMag\/","https:\/\/x.com\/LiveNotizie","https:\/\/www.instagram.com\/livemag\/"]},{"@type":"Person","@id":"https:\/\/www.livemag.it\/#\/schema\/person\/b62c5f44451fdcdaeb0afe6c2424e73c","name":"italpress","image":{"@type":"ImageObject","inLanguage":"it-IT","@id":"https:\/\/secure.gravatar.com\/avatar\/b6a21695fc713ce7ee312cf57c97e2e641feb365be72d8745574d3c3e2b59066?s=96&r=g","url":"https:\/\/secure.gravatar.com\/avatar\/b6a21695fc713ce7ee312cf57c97e2e641feb365be72d8745574d3c3e2b59066?s=96&r=g","contentUrl":"https:\/\/secure.gravatar.com\/avatar\/b6a21695fc713ce7ee312cf57c97e2e641feb365be72d8745574d3c3e2b59066?s=96&r=g","caption":"italpress"},"description":"Italpress \u00e8 un'agenzia di stampa italiana a carattere nazionale.","url":"https:\/\/www.livemag.it\/index.php\/author\/italpress\/"}]}},"jetpack_featured_media_url":"https:\/\/www.livemag.it\/wp-content\/uploads\/2026\/01\/20260122_2775.jpg","_links":{"self":[{"href":"https:\/\/www.livemag.it\/index.php\/wp-json\/wp\/v2\/posts\/67796","targetHints":{"allow":["GET"]}}],"collection":[{"href":"https:\/\/www.livemag.it\/index.php\/wp-json\/wp\/v2\/posts"}],"about":[{"href":"https:\/\/www.livemag.it\/index.php\/wp-json\/wp\/v2\/types\/post"}],"author":[{"embeddable":true,"href":"https:\/\/www.livemag.it\/index.php\/wp-json\/wp\/v2\/users\/16"}],"replies":[{"embeddable":true,"href":"https:\/\/www.livemag.it\/index.php\/wp-json\/wp\/v2\/comments?post=67796"}],"version-history":[{"count":0,"href":"https:\/\/www.livemag.it\/index.php\/wp-json\/wp\/v2\/posts\/67796\/revisions"}],"wp:featuredmedia":[{"embeddable":true,"href":"https:\/\/www.livemag.it\/index.php\/wp-json\/wp\/v2\/media\/67797"}],"wp:attachment":[{"href":"https:\/\/www.livemag.it\/index.php\/wp-json\/wp\/v2\/media?parent=67796"}],"wp:term":[{"taxonomy":"category","embeddable":true,"href":"https:\/\/www.livemag.it\/index.php\/wp-json\/wp\/v2\/categories?post=67796"},{"taxonomy":"post_tag","embeddable":true,"href":"https:\/\/www.livemag.it\/index.php\/wp-json\/wp\/v2\/tags?post=67796"}],"curies":[{"name":"wp","href":"https:\/\/api.w.org\/{rel}","templated":true}]}}