{"id":67778,"date":"2026-01-22T18:02:54","date_gmt":"2026-01-22T17:02:54","guid":{"rendered":"https:\/\/www.livemag.it\/index.php\/2026\/01\/22\/dallopera-al-jazz-su-tivusat-si-celebrano-le-piu-grandi-voci-del-momento\/"},"modified":"2026-01-22T18:02:54","modified_gmt":"2026-01-22T17:02:54","slug":"dallopera-al-jazz-su-tivusat-si-celebrano-le-piu-grandi-voci-del-momento","status":"publish","type":"post","link":"https:\/\/www.livemag.it\/index.php\/2026\/01\/22\/dallopera-al-jazz-su-tivusat-si-celebrano-le-piu-grandi-voci-del-momento\/","title":{"rendered":"Dall\u2019Opera al jazz, su Tiv\u00f9sat si celebrano le pi\u00f9 grandi voci del momento"},"content":{"rendered":"<div>\n<p>ROMA (ITALPRESS) \u2013 Per gli appassionati del melodramma, a febbraio Mezzo \u2013 al canale 49 della piattaforma satellitare gratuita tiv\u00f9sat \u2013 raccoglie alcune registrazioni delle pi\u00f9 grandi voci del momento. E\u2019 il caso del tedesco Jonas Kaufmann, impegnato con l\u2019orchestra radiofonica tedesca Saarbr\u00f9cken Kaiserslautern in alcune arie di Giuseppe Verdi e Amilcare Ponchielli. La mezzosoprano statunitense Joyce DiDonato, vincitrice di tre Grammy Awards, presenta uno dei suoi ultimi lavori, Eden, un progetto che va da Biagio Marini alla contemporanea Rachel Portman- Imperdibile il recital che il Benjamin Bernheim ha tenuto con la Berliner Philharmoniker in occasione del concerto di Capodanno 2025. Un evento molto atteso in cui la voce lirica del tenore francese ha esaltato arie d\u2019opera di Bizet, Cajkovskij, Massenet eGounod. <br \/>La voce e un genere completamente diverso: il jazz. Su Mezzo la personalit\u00e0 della coreana Youn Soun-Nah, la presenza scenica di Gregory Porter cresciuto in California a gospel e Nat King Cole e la classe di Robin McKelle, artista che ha dedicato tutta la carriera all\u2019esplorazione della ricca abbondanza della musica americana. <br \/>Questa la programmazione<br \/>Grandi voci<br \/>Jonas Kaufmann, Ludovic T\u00e8zier, Verdi, Ponchielli, Venerd\u00ec 13, ore 22:00<br \/>Joyce DiDonato, Eden, Venerd\u00ec 13, ore 20:30<br \/>Benjamin Bernheim, Berliner Philharmoniker, Kirill Petrenko, Domenica 15, ore 20:30<br \/>Jazz Vocal<br \/>Gregory Porter, Jazzaldia, Gioved\u00ec 5, ore 20:30<br \/>Madeleine Peyroux, Grand-Th\u00e8\u00e0tre de Bordeaux, Gioved\u00ec 12, ore 20:30 Youn Sun Nah Quartet, Annecy, Gioved\u00ec 19, ore 20:30<br \/>Robin Mckelle, Hommage \u00e0 Ella Fitzgerald, Gioved\u00ec 26,ore 20:30<\/p>\n<p>\u2013 foto Ipa Agency \u2013<br \/>(ITALPRESS).<\/p>\n<\/div>\n","protected":false},"excerpt":{"rendered":"<p>ROMA (ITALPRESS) \u2013 Per gli appassionati del melodramma, a febbraio Mezzo \u2013 al canale 49 della piattaforma satellitare gratuita tiv\u00f9sat \u2013 raccoglie alcune registrazioni delle pi\u00f9 grandi voci del momento. E\u2019 il caso del tedesco Jonas Kaufmann, impegnato con l\u2019orchestra radiofonica tedesca Saarbr\u00f9cken Kaiserslautern in alcune arie di Giuseppe Verdi e Amilcare Ponchielli. La mezzosoprano [&hellip;]<\/p>\n","protected":false},"author":16,"featured_media":67779,"comment_status":"closed","ping_status":"closed","sticky":false,"template":"","format":"standard","meta":{"jnews-multi-image_gallery":[],"jnews_single_post":[],"jnews_primary_category":[],"jnews_social_meta":[],"jnews_override_counter":[],"jnews_post_split":[],"footnotes":""},"categories":[1129],"tags":[],"class_list":["post-67778","post","type-post","status-publish","format-standard","has-post-thumbnail","hentry","category-mondo"],"yoast_head":"<!-- This site is optimized with the Yoast SEO plugin v27.5 - https:\/\/yoast.com\/product\/yoast-seo-wordpress\/ -->\n<title>Dall\u2019Opera al jazz, su Tiv\u00f9sat si celebrano le pi\u00f9 grandi voci del momento - Live Magazine<\/title>\n<meta name=\"robots\" content=\"index, follow, max-snippet:-1, max-image-preview:large, max-video-preview:-1\" \/>\n<link rel=\"canonical\" href=\"https:\/\/www.livemag.it\/index.php\/2026\/01\/22\/dallopera-al-jazz-su-tivusat-si-celebrano-le-piu-grandi-voci-del-momento\/\" \/>\n<meta property=\"og:locale\" content=\"it_IT\" \/>\n<meta property=\"og:type\" content=\"article\" \/>\n<meta property=\"og:title\" content=\"Dall\u2019Opera al jazz, su Tiv\u00f9sat si celebrano le pi\u00f9 grandi voci del momento - Live Magazine\" \/>\n<meta property=\"og:description\" content=\"ROMA (ITALPRESS) \u2013 Per gli appassionati del melodramma, a febbraio Mezzo \u2013 al canale 49 della piattaforma satellitare gratuita tiv\u00f9sat \u2013 raccoglie alcune registrazioni delle pi\u00f9 grandi voci del momento. E\u2019 il caso del tedesco Jonas Kaufmann, impegnato con l\u2019orchestra radiofonica tedesca Saarbr\u00f9cken Kaiserslautern in alcune arie di Giuseppe Verdi e Amilcare Ponchielli. La mezzosoprano [&hellip;]\" \/>\n<meta property=\"og:url\" content=\"https:\/\/www.livemag.it\/index.php\/2026\/01\/22\/dallopera-al-jazz-su-tivusat-si-celebrano-le-piu-grandi-voci-del-momento\/\" \/>\n<meta property=\"og:site_name\" content=\"Live Magazine\" \/>\n<meta property=\"article:publisher\" content=\"https:\/\/www.facebook.com\/LiveMag\/\" \/>\n<meta property=\"article:published_time\" content=\"2026-01-22T17:02:54+00:00\" \/>\n<meta property=\"og:image\" content=\"https:\/\/www.livemag.it\/wp-content\/uploads\/2024\/02\/ograph.jpg\" \/>\n\t<meta property=\"og:image:width\" content=\"1200\" \/>\n\t<meta property=\"og:image:height\" content=\"675\" \/>\n\t<meta property=\"og:image:type\" content=\"image\/jpeg\" \/>\n<meta name=\"author\" content=\"italpress\" \/>\n<meta name=\"twitter:card\" content=\"summary_large_image\" \/>\n<meta name=\"twitter:creator\" content=\"@LiveNotizie\" \/>\n<meta name=\"twitter:site\" content=\"@LiveNotizie\" \/>\n<meta name=\"twitter:label1\" content=\"Scritto da\" \/>\n\t<meta name=\"twitter:data1\" content=\"italpress\" \/>\n\t<meta name=\"twitter:label2\" content=\"Tempo di lettura stimato\" \/>\n\t<meta name=\"twitter:data2\" content=\"1 minuto\" \/>\n<script type=\"application\/ld+json\" class=\"yoast-schema-graph\">{\"@context\":\"https:\\\/\\\/schema.org\",\"@graph\":[{\"@type\":\"Article\",\"@id\":\"https:\\\/\\\/www.livemag.it\\\/index.php\\\/2026\\\/01\\\/22\\\/dallopera-al-jazz-su-tivusat-si-celebrano-le-piu-grandi-voci-del-momento\\\/#article\",\"isPartOf\":{\"@id\":\"https:\\\/\\\/www.livemag.it\\\/index.php\\\/2026\\\/01\\\/22\\\/dallopera-al-jazz-su-tivusat-si-celebrano-le-piu-grandi-voci-del-momento\\\/\"},\"author\":{\"name\":\"italpress\",\"@id\":\"https:\\\/\\\/www.livemag.it\\\/#\\\/schema\\\/person\\\/b62c5f44451fdcdaeb0afe6c2424e73c\"},\"headline\":\"Dall\u2019Opera al jazz, su Tiv\u00f9sat si celebrano le pi\u00f9 grandi voci del momento\",\"datePublished\":\"2026-01-22T17:02:54+00:00\",\"mainEntityOfPage\":{\"@id\":\"https:\\\/\\\/www.livemag.it\\\/index.php\\\/2026\\\/01\\\/22\\\/dallopera-al-jazz-su-tivusat-si-celebrano-le-piu-grandi-voci-del-momento\\\/\"},\"wordCount\":246,\"publisher\":{\"@id\":\"https:\\\/\\\/www.livemag.it\\\/#organization\"},\"image\":{\"@id\":\"https:\\\/\\\/www.livemag.it\\\/index.php\\\/2026\\\/01\\\/22\\\/dallopera-al-jazz-su-tivusat-si-celebrano-le-piu-grandi-voci-del-momento\\\/#primaryimage\"},\"thumbnailUrl\":\"https:\\\/\\\/www.livemag.it\\\/wp-content\\\/uploads\\\/2026\\\/01\\\/20260122_1268.jpg\",\"articleSection\":[\"Mondo\"],\"inLanguage\":\"it-IT\"},{\"@type\":\"WebPage\",\"@id\":\"https:\\\/\\\/www.livemag.it\\\/index.php\\\/2026\\\/01\\\/22\\\/dallopera-al-jazz-su-tivusat-si-celebrano-le-piu-grandi-voci-del-momento\\\/\",\"url\":\"https:\\\/\\\/www.livemag.it\\\/index.php\\\/2026\\\/01\\\/22\\\/dallopera-al-jazz-su-tivusat-si-celebrano-le-piu-grandi-voci-del-momento\\\/\",\"name\":\"Dall\u2019Opera al jazz, su Tiv\u00f9sat si celebrano le pi\u00f9 grandi voci del momento - Live Magazine\",\"isPartOf\":{\"@id\":\"https:\\\/\\\/www.livemag.it\\\/#website\"},\"primaryImageOfPage\":{\"@id\":\"https:\\\/\\\/www.livemag.it\\\/index.php\\\/2026\\\/01\\\/22\\\/dallopera-al-jazz-su-tivusat-si-celebrano-le-piu-grandi-voci-del-momento\\\/#primaryimage\"},\"image\":{\"@id\":\"https:\\\/\\\/www.livemag.it\\\/index.php\\\/2026\\\/01\\\/22\\\/dallopera-al-jazz-su-tivusat-si-celebrano-le-piu-grandi-voci-del-momento\\\/#primaryimage\"},\"thumbnailUrl\":\"https:\\\/\\\/www.livemag.it\\\/wp-content\\\/uploads\\\/2026\\\/01\\\/20260122_1268.jpg\",\"datePublished\":\"2026-01-22T17:02:54+00:00\",\"breadcrumb\":{\"@id\":\"https:\\\/\\\/www.livemag.it\\\/index.php\\\/2026\\\/01\\\/22\\\/dallopera-al-jazz-su-tivusat-si-celebrano-le-piu-grandi-voci-del-momento\\\/#breadcrumb\"},\"inLanguage\":\"it-IT\",\"potentialAction\":[{\"@type\":\"ReadAction\",\"target\":[\"https:\\\/\\\/www.livemag.it\\\/index.php\\\/2026\\\/01\\\/22\\\/dallopera-al-jazz-su-tivusat-si-celebrano-le-piu-grandi-voci-del-momento\\\/\"]}]},{\"@type\":\"ImageObject\",\"inLanguage\":\"it-IT\",\"@id\":\"https:\\\/\\\/www.livemag.it\\\/index.php\\\/2026\\\/01\\\/22\\\/dallopera-al-jazz-su-tivusat-si-celebrano-le-piu-grandi-voci-del-momento\\\/#primaryimage\",\"url\":\"https:\\\/\\\/www.livemag.it\\\/wp-content\\\/uploads\\\/2026\\\/01\\\/20260122_1268.jpg\",\"contentUrl\":\"https:\\\/\\\/www.livemag.it\\\/wp-content\\\/uploads\\\/2026\\\/01\\\/20260122_1268.jpg\",\"width\":1024,\"height\":683},{\"@type\":\"BreadcrumbList\",\"@id\":\"https:\\\/\\\/www.livemag.it\\\/index.php\\\/2026\\\/01\\\/22\\\/dallopera-al-jazz-su-tivusat-si-celebrano-le-piu-grandi-voci-del-momento\\\/#breadcrumb\",\"itemListElement\":[{\"@type\":\"ListItem\",\"position\":1,\"name\":\"Home\",\"item\":\"https:\\\/\\\/www.livemag.it\\\/\"},{\"@type\":\"ListItem\",\"position\":2,\"name\":\"Dall\u2019Opera al jazz, su Tiv\u00f9sat si celebrano le pi\u00f9 grandi voci del momento\"}]},{\"@type\":\"WebSite\",\"@id\":\"https:\\\/\\\/www.livemag.it\\\/#website\",\"url\":\"https:\\\/\\\/www.livemag.it\\\/\",\"name\":\"Live Magazine\",\"description\":\"Varie ed eventi\",\"publisher\":{\"@id\":\"https:\\\/\\\/www.livemag.it\\\/#organization\"},\"potentialAction\":[{\"@type\":\"SearchAction\",\"target\":{\"@type\":\"EntryPoint\",\"urlTemplate\":\"https:\\\/\\\/www.livemag.it\\\/?s={search_term_string}\"},\"query-input\":{\"@type\":\"PropertyValueSpecification\",\"valueRequired\":true,\"valueName\":\"search_term_string\"}}],\"inLanguage\":\"it-IT\"},{\"@type\":\"Organization\",\"@id\":\"https:\\\/\\\/www.livemag.it\\\/#organization\",\"name\":\"LiveMag\",\"alternateName\":\"LiveMag News ed eventi\",\"url\":\"https:\\\/\\\/www.livemag.it\\\/\",\"logo\":{\"@type\":\"ImageObject\",\"inLanguage\":\"it-IT\",\"@id\":\"https:\\\/\\\/www.livemag.it\\\/#\\\/schema\\\/logo\\\/image\\\/\",\"url\":\"https:\\\/\\\/www.livemag.it\\\/wp-content\\\/uploads\\\/2024\\\/02\\\/immagine-sito.jpg\",\"contentUrl\":\"https:\\\/\\\/www.livemag.it\\\/wp-content\\\/uploads\\\/2024\\\/02\\\/immagine-sito.jpg\",\"width\":696,\"height\":696,\"caption\":\"LiveMag\"},\"image\":{\"@id\":\"https:\\\/\\\/www.livemag.it\\\/#\\\/schema\\\/logo\\\/image\\\/\"},\"sameAs\":[\"https:\\\/\\\/www.facebook.com\\\/LiveMag\\\/\",\"https:\\\/\\\/x.com\\\/LiveNotizie\",\"https:\\\/\\\/www.instagram.com\\\/livemag\\\/\"]},{\"@type\":\"Person\",\"@id\":\"https:\\\/\\\/www.livemag.it\\\/#\\\/schema\\\/person\\\/b62c5f44451fdcdaeb0afe6c2424e73c\",\"name\":\"italpress\",\"image\":{\"@type\":\"ImageObject\",\"inLanguage\":\"it-IT\",\"@id\":\"https:\\\/\\\/secure.gravatar.com\\\/avatar\\\/b6a21695fc713ce7ee312cf57c97e2e641feb365be72d8745574d3c3e2b59066?s=96&r=g\",\"url\":\"https:\\\/\\\/secure.gravatar.com\\\/avatar\\\/b6a21695fc713ce7ee312cf57c97e2e641feb365be72d8745574d3c3e2b59066?s=96&r=g\",\"contentUrl\":\"https:\\\/\\\/secure.gravatar.com\\\/avatar\\\/b6a21695fc713ce7ee312cf57c97e2e641feb365be72d8745574d3c3e2b59066?s=96&r=g\",\"caption\":\"italpress\"},\"description\":\"Italpress \u00e8 un'agenzia di stampa italiana a carattere nazionale.\",\"url\":\"https:\\\/\\\/www.livemag.it\\\/index.php\\\/author\\\/italpress\\\/\"}]}<\/script>\n<!-- \/ Yoast SEO plugin. -->","yoast_head_json":{"title":"Dall\u2019Opera al jazz, su Tiv\u00f9sat si celebrano le pi\u00f9 grandi voci del momento - Live Magazine","robots":{"index":"index","follow":"follow","max-snippet":"max-snippet:-1","max-image-preview":"max-image-preview:large","max-video-preview":"max-video-preview:-1"},"canonical":"https:\/\/www.livemag.it\/index.php\/2026\/01\/22\/dallopera-al-jazz-su-tivusat-si-celebrano-le-piu-grandi-voci-del-momento\/","og_locale":"it_IT","og_type":"article","og_title":"Dall\u2019Opera al jazz, su Tiv\u00f9sat si celebrano le pi\u00f9 grandi voci del momento - Live Magazine","og_description":"ROMA (ITALPRESS) \u2013 Per gli appassionati del melodramma, a febbraio Mezzo \u2013 al canale 49 della piattaforma satellitare gratuita tiv\u00f9sat \u2013 raccoglie alcune registrazioni delle pi\u00f9 grandi voci del momento. E\u2019 il caso del tedesco Jonas Kaufmann, impegnato con l\u2019orchestra radiofonica tedesca Saarbr\u00f9cken Kaiserslautern in alcune arie di Giuseppe Verdi e Amilcare Ponchielli. La mezzosoprano [&hellip;]","og_url":"https:\/\/www.livemag.it\/index.php\/2026\/01\/22\/dallopera-al-jazz-su-tivusat-si-celebrano-le-piu-grandi-voci-del-momento\/","og_site_name":"Live Magazine","article_publisher":"https:\/\/www.facebook.com\/LiveMag\/","article_published_time":"2026-01-22T17:02:54+00:00","og_image":[{"width":1200,"height":675,"url":"https:\/\/www.livemag.it\/wp-content\/uploads\/2024\/02\/ograph.jpg","type":"image\/jpeg"}],"author":"italpress","twitter_card":"summary_large_image","twitter_creator":"@LiveNotizie","twitter_site":"@LiveNotizie","twitter_misc":{"Scritto da":"italpress","Tempo di lettura stimato":"1 minuto"},"schema":{"@context":"https:\/\/schema.org","@graph":[{"@type":"Article","@id":"https:\/\/www.livemag.it\/index.php\/2026\/01\/22\/dallopera-al-jazz-su-tivusat-si-celebrano-le-piu-grandi-voci-del-momento\/#article","isPartOf":{"@id":"https:\/\/www.livemag.it\/index.php\/2026\/01\/22\/dallopera-al-jazz-su-tivusat-si-celebrano-le-piu-grandi-voci-del-momento\/"},"author":{"name":"italpress","@id":"https:\/\/www.livemag.it\/#\/schema\/person\/b62c5f44451fdcdaeb0afe6c2424e73c"},"headline":"Dall\u2019Opera al jazz, su Tiv\u00f9sat si celebrano le pi\u00f9 grandi voci del momento","datePublished":"2026-01-22T17:02:54+00:00","mainEntityOfPage":{"@id":"https:\/\/www.livemag.it\/index.php\/2026\/01\/22\/dallopera-al-jazz-su-tivusat-si-celebrano-le-piu-grandi-voci-del-momento\/"},"wordCount":246,"publisher":{"@id":"https:\/\/www.livemag.it\/#organization"},"image":{"@id":"https:\/\/www.livemag.it\/index.php\/2026\/01\/22\/dallopera-al-jazz-su-tivusat-si-celebrano-le-piu-grandi-voci-del-momento\/#primaryimage"},"thumbnailUrl":"https:\/\/www.livemag.it\/wp-content\/uploads\/2026\/01\/20260122_1268.jpg","articleSection":["Mondo"],"inLanguage":"it-IT"},{"@type":"WebPage","@id":"https:\/\/www.livemag.it\/index.php\/2026\/01\/22\/dallopera-al-jazz-su-tivusat-si-celebrano-le-piu-grandi-voci-del-momento\/","url":"https:\/\/www.livemag.it\/index.php\/2026\/01\/22\/dallopera-al-jazz-su-tivusat-si-celebrano-le-piu-grandi-voci-del-momento\/","name":"Dall\u2019Opera al jazz, su Tiv\u00f9sat si celebrano le pi\u00f9 grandi voci del momento - Live Magazine","isPartOf":{"@id":"https:\/\/www.livemag.it\/#website"},"primaryImageOfPage":{"@id":"https:\/\/www.livemag.it\/index.php\/2026\/01\/22\/dallopera-al-jazz-su-tivusat-si-celebrano-le-piu-grandi-voci-del-momento\/#primaryimage"},"image":{"@id":"https:\/\/www.livemag.it\/index.php\/2026\/01\/22\/dallopera-al-jazz-su-tivusat-si-celebrano-le-piu-grandi-voci-del-momento\/#primaryimage"},"thumbnailUrl":"https:\/\/www.livemag.it\/wp-content\/uploads\/2026\/01\/20260122_1268.jpg","datePublished":"2026-01-22T17:02:54+00:00","breadcrumb":{"@id":"https:\/\/www.livemag.it\/index.php\/2026\/01\/22\/dallopera-al-jazz-su-tivusat-si-celebrano-le-piu-grandi-voci-del-momento\/#breadcrumb"},"inLanguage":"it-IT","potentialAction":[{"@type":"ReadAction","target":["https:\/\/www.livemag.it\/index.php\/2026\/01\/22\/dallopera-al-jazz-su-tivusat-si-celebrano-le-piu-grandi-voci-del-momento\/"]}]},{"@type":"ImageObject","inLanguage":"it-IT","@id":"https:\/\/www.livemag.it\/index.php\/2026\/01\/22\/dallopera-al-jazz-su-tivusat-si-celebrano-le-piu-grandi-voci-del-momento\/#primaryimage","url":"https:\/\/www.livemag.it\/wp-content\/uploads\/2026\/01\/20260122_1268.jpg","contentUrl":"https:\/\/www.livemag.it\/wp-content\/uploads\/2026\/01\/20260122_1268.jpg","width":1024,"height":683},{"@type":"BreadcrumbList","@id":"https:\/\/www.livemag.it\/index.php\/2026\/01\/22\/dallopera-al-jazz-su-tivusat-si-celebrano-le-piu-grandi-voci-del-momento\/#breadcrumb","itemListElement":[{"@type":"ListItem","position":1,"name":"Home","item":"https:\/\/www.livemag.it\/"},{"@type":"ListItem","position":2,"name":"Dall\u2019Opera al jazz, su Tiv\u00f9sat si celebrano le pi\u00f9 grandi voci del momento"}]},{"@type":"WebSite","@id":"https:\/\/www.livemag.it\/#website","url":"https:\/\/www.livemag.it\/","name":"Live Magazine","description":"Varie ed eventi","publisher":{"@id":"https:\/\/www.livemag.it\/#organization"},"potentialAction":[{"@type":"SearchAction","target":{"@type":"EntryPoint","urlTemplate":"https:\/\/www.livemag.it\/?s={search_term_string}"},"query-input":{"@type":"PropertyValueSpecification","valueRequired":true,"valueName":"search_term_string"}}],"inLanguage":"it-IT"},{"@type":"Organization","@id":"https:\/\/www.livemag.it\/#organization","name":"LiveMag","alternateName":"LiveMag News ed eventi","url":"https:\/\/www.livemag.it\/","logo":{"@type":"ImageObject","inLanguage":"it-IT","@id":"https:\/\/www.livemag.it\/#\/schema\/logo\/image\/","url":"https:\/\/www.livemag.it\/wp-content\/uploads\/2024\/02\/immagine-sito.jpg","contentUrl":"https:\/\/www.livemag.it\/wp-content\/uploads\/2024\/02\/immagine-sito.jpg","width":696,"height":696,"caption":"LiveMag"},"image":{"@id":"https:\/\/www.livemag.it\/#\/schema\/logo\/image\/"},"sameAs":["https:\/\/www.facebook.com\/LiveMag\/","https:\/\/x.com\/LiveNotizie","https:\/\/www.instagram.com\/livemag\/"]},{"@type":"Person","@id":"https:\/\/www.livemag.it\/#\/schema\/person\/b62c5f44451fdcdaeb0afe6c2424e73c","name":"italpress","image":{"@type":"ImageObject","inLanguage":"it-IT","@id":"https:\/\/secure.gravatar.com\/avatar\/b6a21695fc713ce7ee312cf57c97e2e641feb365be72d8745574d3c3e2b59066?s=96&r=g","url":"https:\/\/secure.gravatar.com\/avatar\/b6a21695fc713ce7ee312cf57c97e2e641feb365be72d8745574d3c3e2b59066?s=96&r=g","contentUrl":"https:\/\/secure.gravatar.com\/avatar\/b6a21695fc713ce7ee312cf57c97e2e641feb365be72d8745574d3c3e2b59066?s=96&r=g","caption":"italpress"},"description":"Italpress \u00e8 un'agenzia di stampa italiana a carattere nazionale.","url":"https:\/\/www.livemag.it\/index.php\/author\/italpress\/"}]}},"jetpack_featured_media_url":"https:\/\/www.livemag.it\/wp-content\/uploads\/2026\/01\/20260122_1268.jpg","_links":{"self":[{"href":"https:\/\/www.livemag.it\/index.php\/wp-json\/wp\/v2\/posts\/67778","targetHints":{"allow":["GET"]}}],"collection":[{"href":"https:\/\/www.livemag.it\/index.php\/wp-json\/wp\/v2\/posts"}],"about":[{"href":"https:\/\/www.livemag.it\/index.php\/wp-json\/wp\/v2\/types\/post"}],"author":[{"embeddable":true,"href":"https:\/\/www.livemag.it\/index.php\/wp-json\/wp\/v2\/users\/16"}],"replies":[{"embeddable":true,"href":"https:\/\/www.livemag.it\/index.php\/wp-json\/wp\/v2\/comments?post=67778"}],"version-history":[{"count":0,"href":"https:\/\/www.livemag.it\/index.php\/wp-json\/wp\/v2\/posts\/67778\/revisions"}],"wp:featuredmedia":[{"embeddable":true,"href":"https:\/\/www.livemag.it\/index.php\/wp-json\/wp\/v2\/media\/67779"}],"wp:attachment":[{"href":"https:\/\/www.livemag.it\/index.php\/wp-json\/wp\/v2\/media?parent=67778"}],"wp:term":[{"taxonomy":"category","embeddable":true,"href":"https:\/\/www.livemag.it\/index.php\/wp-json\/wp\/v2\/categories?post=67778"},{"taxonomy":"post_tag","embeddable":true,"href":"https:\/\/www.livemag.it\/index.php\/wp-json\/wp\/v2\/tags?post=67778"}],"curies":[{"name":"wp","href":"https:\/\/api.w.org\/{rel}","templated":true}]}}