{"id":67749,"date":"2026-01-22T15:02:31","date_gmt":"2026-01-22T14:02:31","guid":{"rendered":"https:\/\/www.livemag.it\/index.php\/2026\/01\/22\/mattarella-con-milano-cortina-litalia-e-al-centro-dellattenzione-del-mondo\/"},"modified":"2026-01-22T15:02:31","modified_gmt":"2026-01-22T14:02:31","slug":"mattarella-con-milano-cortina-litalia-e-al-centro-dellattenzione-del-mondo","status":"publish","type":"post","link":"https:\/\/www.livemag.it\/index.php\/2026\/01\/22\/mattarella-con-milano-cortina-litalia-e-al-centro-dellattenzione-del-mondo\/","title":{"rendered":"<div>Mattarella &#8220;Con Milano-Cortina l&#8217;Italia \u00e8 al centro dell&#8217;attenzione del mondo&#8221;<\/div>"},"content":{"rendered":"<p>    <video-js id=\"videojs69f0fa9dde98b\" class=\"vjs-big-play-centered\" controls preload=\"auto\" playsinline data-setup='{\"fluid\": true}'>\r\n        <source src=\"https:\/\/video.italpress.com\/play\/mp4\/video\/XlQv\" type=\"video\/mp4\" \/>\r\n    <\/video-js>\r\n           <br \/>\n<\/p>\n<div> ROMA (ITALPRESS) &#8211; &#8220;Io vorrei non solo sottolineare l&#8217;importanza di Olimpiadi e Paralimpiadi, ma anche in questa occasione ringraziare la Fondazione e coloro che nelle varie responsabilit\u00e0 e nelle varie condizioni e posizioni hanno contribuito a questo percorso perch\u00e9 \u00e8 stato un gesto di coraggio, di visione, quello di lanciarvisi ma \u00e8 stato un percorso concreto di impegno operativo che ha dato il successo che vediamo, perch\u00e9 i due eventi portano al nostro Paese prestigio e lo collocano al centro non del mondo ma dell&#8217;attenzione del mondo per lo sport interpretato nel nostro Paese e questo per noi \u00e8 molto importante&#8221;. Lo ha dichiarato il Presidente della Repubblica, Sergio Mattarella, che ha ricevuto questa mattina al Quirinale una delegazione della Fondazione Milano-Cortina 2026 guidata dal Presidente, Giovanni Malag\u00f2 e dall&#8217;Amministratore Delegato, Andrea Varnier, e composta dal Consiglio di amministrazione, dai soci fondatori della Fondazione e dai rappresentanti dei comuni di Milano e Cortina, della regione Lombardia, della regione Veneto, della provincia autonoma di Trento e  della provincia autonoma Alto Adige.<\/p>\n<p>gm\/mca1<\/p>\n<p>(Fonte video: Quirinale)<\/p><\/div>\n","protected":false},"excerpt":{"rendered":"<p>ROMA (ITALPRESS) &#8211; &#8220;Io vorrei non solo sottolineare l&#8217;importanza di Olimpiadi e Paralimpiadi, ma anche in questa occasione ringraziare la Fondazione e coloro che nelle varie responsabilit\u00e0 e nelle varie condizioni e posizioni hanno contribuito a questo percorso perch\u00e9 \u00e8 stato un gesto di coraggio, di visione, quello di lanciarvisi ma \u00e8 stato un percorso [&hellip;]<\/p>\n","protected":false},"author":16,"featured_media":67750,"comment_status":"closed","ping_status":"closed","sticky":false,"template":"","format":"video","meta":{"jnews-multi-image_gallery":[],"jnews_single_post":[],"jnews_primary_category":[],"jnews_social_meta":[],"jnews_override_counter":[],"jnews_post_split":[],"footnotes":""},"categories":[1171],"tags":[],"class_list":["post-67749","post","type-post","status-publish","format-video","has-post-thumbnail","hentry","category-video","post_format-post-format-video"],"yoast_head":"<!-- This site is optimized with the Yoast SEO plugin v27.5 - https:\/\/yoast.com\/product\/yoast-seo-wordpress\/ -->\n<title>Mattarella &quot;Con Milano-Cortina l&#039;Italia \u00e8 al centro dell&#039;attenzione del mondo&quot; - Live Magazine<\/title>\n<meta name=\"robots\" content=\"index, follow, max-snippet:-1, max-image-preview:large, max-video-preview:-1\" \/>\n<link rel=\"canonical\" href=\"https:\/\/www.livemag.it\/index.php\/2026\/01\/22\/mattarella-con-milano-cortina-litalia-e-al-centro-dellattenzione-del-mondo\/\" \/>\n<meta property=\"og:locale\" content=\"it_IT\" \/>\n<meta property=\"og:type\" content=\"article\" \/>\n<meta property=\"og:title\" content=\"Mattarella &quot;Con Milano-Cortina l&#039;Italia \u00e8 al centro dell&#039;attenzione del mondo&quot; - Live Magazine\" \/>\n<meta property=\"og:description\" content=\"ROMA (ITALPRESS) &#8211; &#8220;Io vorrei non solo sottolineare l&#8217;importanza di Olimpiadi e Paralimpiadi, ma anche in questa occasione ringraziare la Fondazione e coloro che nelle varie responsabilit\u00e0 e nelle varie condizioni e posizioni hanno contribuito a questo percorso perch\u00e9 \u00e8 stato un gesto di coraggio, di visione, quello di lanciarvisi ma \u00e8 stato un percorso [&hellip;]\" \/>\n<meta property=\"og:url\" content=\"https:\/\/www.livemag.it\/index.php\/2026\/01\/22\/mattarella-con-milano-cortina-litalia-e-al-centro-dellattenzione-del-mondo\/\" \/>\n<meta property=\"og:site_name\" content=\"Live Magazine\" \/>\n<meta property=\"article:publisher\" content=\"https:\/\/www.facebook.com\/LiveMag\/\" \/>\n<meta property=\"article:published_time\" content=\"2026-01-22T14:02:31+00:00\" \/>\n<meta property=\"og:image\" content=\"https:\/\/www.livemag.it\/wp-content\/uploads\/2024\/02\/ograph.jpg\" \/>\n\t<meta property=\"og:image:width\" content=\"1200\" \/>\n\t<meta property=\"og:image:height\" content=\"675\" \/>\n\t<meta property=\"og:image:type\" content=\"image\/jpeg\" \/>\n<meta name=\"author\" content=\"italpress\" \/>\n<meta name=\"twitter:card\" content=\"summary_large_image\" \/>\n<meta name=\"twitter:creator\" content=\"@LiveNotizie\" \/>\n<meta name=\"twitter:site\" content=\"@LiveNotizie\" \/>\n<meta name=\"twitter:label1\" content=\"Scritto da\" \/>\n\t<meta name=\"twitter:data1\" content=\"italpress\" \/>\n\t<meta name=\"twitter:label2\" content=\"Tempo di lettura stimato\" \/>\n\t<meta name=\"twitter:data2\" content=\"1 minuto\" \/>\n<script type=\"application\/ld+json\" class=\"yoast-schema-graph\">{\"@context\":\"https:\\\/\\\/schema.org\",\"@graph\":[{\"@type\":\"Article\",\"@id\":\"https:\\\/\\\/www.livemag.it\\\/index.php\\\/2026\\\/01\\\/22\\\/mattarella-con-milano-cortina-litalia-e-al-centro-dellattenzione-del-mondo\\\/#article\",\"isPartOf\":{\"@id\":\"https:\\\/\\\/www.livemag.it\\\/index.php\\\/2026\\\/01\\\/22\\\/mattarella-con-milano-cortina-litalia-e-al-centro-dellattenzione-del-mondo\\\/\"},\"author\":{\"name\":\"italpress\",\"@id\":\"https:\\\/\\\/www.livemag.it\\\/#\\\/schema\\\/person\\\/b62c5f44451fdcdaeb0afe6c2424e73c\"},\"headline\":\"Mattarella &#8220;Con Milano-Cortina l&#8217;Italia \u00e8 al centro dell&#8217;attenzione del mondo&#8221;\",\"datePublished\":\"2026-01-22T14:02:31+00:00\",\"mainEntityOfPage\":{\"@id\":\"https:\\\/\\\/www.livemag.it\\\/index.php\\\/2026\\\/01\\\/22\\\/mattarella-con-milano-cortina-litalia-e-al-centro-dellattenzione-del-mondo\\\/\"},\"wordCount\":196,\"publisher\":{\"@id\":\"https:\\\/\\\/www.livemag.it\\\/#organization\"},\"image\":{\"@id\":\"https:\\\/\\\/www.livemag.it\\\/index.php\\\/2026\\\/01\\\/22\\\/mattarella-con-milano-cortina-litalia-e-al-centro-dellattenzione-del-mondo\\\/#primaryimage\"},\"thumbnailUrl\":\"https:\\\/\\\/www.livemag.it\\\/wp-content\\\/uploads\\\/2026\\\/01\\\/XlQv.jpg\",\"articleSection\":[\"Video\"],\"inLanguage\":\"it-IT\"},{\"@type\":\"WebPage\",\"@id\":\"https:\\\/\\\/www.livemag.it\\\/index.php\\\/2026\\\/01\\\/22\\\/mattarella-con-milano-cortina-litalia-e-al-centro-dellattenzione-del-mondo\\\/\",\"url\":\"https:\\\/\\\/www.livemag.it\\\/index.php\\\/2026\\\/01\\\/22\\\/mattarella-con-milano-cortina-litalia-e-al-centro-dellattenzione-del-mondo\\\/\",\"name\":\"Mattarella \\\"Con Milano-Cortina l'Italia \u00e8 al centro dell'attenzione del mondo\\\" - Live Magazine\",\"isPartOf\":{\"@id\":\"https:\\\/\\\/www.livemag.it\\\/#website\"},\"primaryImageOfPage\":{\"@id\":\"https:\\\/\\\/www.livemag.it\\\/index.php\\\/2026\\\/01\\\/22\\\/mattarella-con-milano-cortina-litalia-e-al-centro-dellattenzione-del-mondo\\\/#primaryimage\"},\"image\":{\"@id\":\"https:\\\/\\\/www.livemag.it\\\/index.php\\\/2026\\\/01\\\/22\\\/mattarella-con-milano-cortina-litalia-e-al-centro-dellattenzione-del-mondo\\\/#primaryimage\"},\"thumbnailUrl\":\"https:\\\/\\\/www.livemag.it\\\/wp-content\\\/uploads\\\/2026\\\/01\\\/XlQv.jpg\",\"datePublished\":\"2026-01-22T14:02:31+00:00\",\"breadcrumb\":{\"@id\":\"https:\\\/\\\/www.livemag.it\\\/index.php\\\/2026\\\/01\\\/22\\\/mattarella-con-milano-cortina-litalia-e-al-centro-dellattenzione-del-mondo\\\/#breadcrumb\"},\"inLanguage\":\"it-IT\",\"potentialAction\":[{\"@type\":\"ReadAction\",\"target\":[\"https:\\\/\\\/www.livemag.it\\\/index.php\\\/2026\\\/01\\\/22\\\/mattarella-con-milano-cortina-litalia-e-al-centro-dellattenzione-del-mondo\\\/\"]}]},{\"@type\":\"ImageObject\",\"inLanguage\":\"it-IT\",\"@id\":\"https:\\\/\\\/www.livemag.it\\\/index.php\\\/2026\\\/01\\\/22\\\/mattarella-con-milano-cortina-litalia-e-al-centro-dellattenzione-del-mondo\\\/#primaryimage\",\"url\":\"https:\\\/\\\/www.livemag.it\\\/wp-content\\\/uploads\\\/2026\\\/01\\\/XlQv.jpg\",\"contentUrl\":\"https:\\\/\\\/www.livemag.it\\\/wp-content\\\/uploads\\\/2026\\\/01\\\/XlQv.jpg\",\"width\":1920,\"height\":1080},{\"@type\":\"BreadcrumbList\",\"@id\":\"https:\\\/\\\/www.livemag.it\\\/index.php\\\/2026\\\/01\\\/22\\\/mattarella-con-milano-cortina-litalia-e-al-centro-dellattenzione-del-mondo\\\/#breadcrumb\",\"itemListElement\":[{\"@type\":\"ListItem\",\"position\":1,\"name\":\"Home\",\"item\":\"https:\\\/\\\/www.livemag.it\\\/\"},{\"@type\":\"ListItem\",\"position\":2,\"name\":\"Mattarella &#8220;Con Milano-Cortina l&#8217;Italia \u00e8 al centro dell&#8217;attenzione del mondo&#8221;\"}]},{\"@type\":\"WebSite\",\"@id\":\"https:\\\/\\\/www.livemag.it\\\/#website\",\"url\":\"https:\\\/\\\/www.livemag.it\\\/\",\"name\":\"Live Magazine\",\"description\":\"Varie ed eventi\",\"publisher\":{\"@id\":\"https:\\\/\\\/www.livemag.it\\\/#organization\"},\"potentialAction\":[{\"@type\":\"SearchAction\",\"target\":{\"@type\":\"EntryPoint\",\"urlTemplate\":\"https:\\\/\\\/www.livemag.it\\\/?s={search_term_string}\"},\"query-input\":{\"@type\":\"PropertyValueSpecification\",\"valueRequired\":true,\"valueName\":\"search_term_string\"}}],\"inLanguage\":\"it-IT\"},{\"@type\":\"Organization\",\"@id\":\"https:\\\/\\\/www.livemag.it\\\/#organization\",\"name\":\"LiveMag\",\"alternateName\":\"LiveMag News ed eventi\",\"url\":\"https:\\\/\\\/www.livemag.it\\\/\",\"logo\":{\"@type\":\"ImageObject\",\"inLanguage\":\"it-IT\",\"@id\":\"https:\\\/\\\/www.livemag.it\\\/#\\\/schema\\\/logo\\\/image\\\/\",\"url\":\"https:\\\/\\\/www.livemag.it\\\/wp-content\\\/uploads\\\/2024\\\/02\\\/immagine-sito.jpg\",\"contentUrl\":\"https:\\\/\\\/www.livemag.it\\\/wp-content\\\/uploads\\\/2024\\\/02\\\/immagine-sito.jpg\",\"width\":696,\"height\":696,\"caption\":\"LiveMag\"},\"image\":{\"@id\":\"https:\\\/\\\/www.livemag.it\\\/#\\\/schema\\\/logo\\\/image\\\/\"},\"sameAs\":[\"https:\\\/\\\/www.facebook.com\\\/LiveMag\\\/\",\"https:\\\/\\\/x.com\\\/LiveNotizie\",\"https:\\\/\\\/www.instagram.com\\\/livemag\\\/\"]},{\"@type\":\"Person\",\"@id\":\"https:\\\/\\\/www.livemag.it\\\/#\\\/schema\\\/person\\\/b62c5f44451fdcdaeb0afe6c2424e73c\",\"name\":\"italpress\",\"image\":{\"@type\":\"ImageObject\",\"inLanguage\":\"it-IT\",\"@id\":\"https:\\\/\\\/secure.gravatar.com\\\/avatar\\\/b6a21695fc713ce7ee312cf57c97e2e641feb365be72d8745574d3c3e2b59066?s=96&r=g\",\"url\":\"https:\\\/\\\/secure.gravatar.com\\\/avatar\\\/b6a21695fc713ce7ee312cf57c97e2e641feb365be72d8745574d3c3e2b59066?s=96&r=g\",\"contentUrl\":\"https:\\\/\\\/secure.gravatar.com\\\/avatar\\\/b6a21695fc713ce7ee312cf57c97e2e641feb365be72d8745574d3c3e2b59066?s=96&r=g\",\"caption\":\"italpress\"},\"description\":\"Italpress \u00e8 un'agenzia di stampa italiana a carattere nazionale.\",\"url\":\"https:\\\/\\\/www.livemag.it\\\/index.php\\\/author\\\/italpress\\\/\"}]}<\/script>\n<!-- \/ Yoast SEO plugin. -->","yoast_head_json":{"title":"Mattarella \"Con Milano-Cortina l'Italia \u00e8 al centro dell'attenzione del mondo\" - Live Magazine","robots":{"index":"index","follow":"follow","max-snippet":"max-snippet:-1","max-image-preview":"max-image-preview:large","max-video-preview":"max-video-preview:-1"},"canonical":"https:\/\/www.livemag.it\/index.php\/2026\/01\/22\/mattarella-con-milano-cortina-litalia-e-al-centro-dellattenzione-del-mondo\/","og_locale":"it_IT","og_type":"article","og_title":"Mattarella \"Con Milano-Cortina l'Italia \u00e8 al centro dell'attenzione del mondo\" - Live Magazine","og_description":"ROMA (ITALPRESS) &#8211; &#8220;Io vorrei non solo sottolineare l&#8217;importanza di Olimpiadi e Paralimpiadi, ma anche in questa occasione ringraziare la Fondazione e coloro che nelle varie responsabilit\u00e0 e nelle varie condizioni e posizioni hanno contribuito a questo percorso perch\u00e9 \u00e8 stato un gesto di coraggio, di visione, quello di lanciarvisi ma \u00e8 stato un percorso [&hellip;]","og_url":"https:\/\/www.livemag.it\/index.php\/2026\/01\/22\/mattarella-con-milano-cortina-litalia-e-al-centro-dellattenzione-del-mondo\/","og_site_name":"Live Magazine","article_publisher":"https:\/\/www.facebook.com\/LiveMag\/","article_published_time":"2026-01-22T14:02:31+00:00","og_image":[{"width":1200,"height":675,"url":"https:\/\/www.livemag.it\/wp-content\/uploads\/2024\/02\/ograph.jpg","type":"image\/jpeg"}],"author":"italpress","twitter_card":"summary_large_image","twitter_creator":"@LiveNotizie","twitter_site":"@LiveNotizie","twitter_misc":{"Scritto da":"italpress","Tempo di lettura stimato":"1 minuto"},"schema":{"@context":"https:\/\/schema.org","@graph":[{"@type":"Article","@id":"https:\/\/www.livemag.it\/index.php\/2026\/01\/22\/mattarella-con-milano-cortina-litalia-e-al-centro-dellattenzione-del-mondo\/#article","isPartOf":{"@id":"https:\/\/www.livemag.it\/index.php\/2026\/01\/22\/mattarella-con-milano-cortina-litalia-e-al-centro-dellattenzione-del-mondo\/"},"author":{"name":"italpress","@id":"https:\/\/www.livemag.it\/#\/schema\/person\/b62c5f44451fdcdaeb0afe6c2424e73c"},"headline":"Mattarella &#8220;Con Milano-Cortina l&#8217;Italia \u00e8 al centro dell&#8217;attenzione del mondo&#8221;","datePublished":"2026-01-22T14:02:31+00:00","mainEntityOfPage":{"@id":"https:\/\/www.livemag.it\/index.php\/2026\/01\/22\/mattarella-con-milano-cortina-litalia-e-al-centro-dellattenzione-del-mondo\/"},"wordCount":196,"publisher":{"@id":"https:\/\/www.livemag.it\/#organization"},"image":{"@id":"https:\/\/www.livemag.it\/index.php\/2026\/01\/22\/mattarella-con-milano-cortina-litalia-e-al-centro-dellattenzione-del-mondo\/#primaryimage"},"thumbnailUrl":"https:\/\/www.livemag.it\/wp-content\/uploads\/2026\/01\/XlQv.jpg","articleSection":["Video"],"inLanguage":"it-IT"},{"@type":"WebPage","@id":"https:\/\/www.livemag.it\/index.php\/2026\/01\/22\/mattarella-con-milano-cortina-litalia-e-al-centro-dellattenzione-del-mondo\/","url":"https:\/\/www.livemag.it\/index.php\/2026\/01\/22\/mattarella-con-milano-cortina-litalia-e-al-centro-dellattenzione-del-mondo\/","name":"Mattarella \"Con Milano-Cortina l'Italia \u00e8 al centro dell'attenzione del mondo\" - Live Magazine","isPartOf":{"@id":"https:\/\/www.livemag.it\/#website"},"primaryImageOfPage":{"@id":"https:\/\/www.livemag.it\/index.php\/2026\/01\/22\/mattarella-con-milano-cortina-litalia-e-al-centro-dellattenzione-del-mondo\/#primaryimage"},"image":{"@id":"https:\/\/www.livemag.it\/index.php\/2026\/01\/22\/mattarella-con-milano-cortina-litalia-e-al-centro-dellattenzione-del-mondo\/#primaryimage"},"thumbnailUrl":"https:\/\/www.livemag.it\/wp-content\/uploads\/2026\/01\/XlQv.jpg","datePublished":"2026-01-22T14:02:31+00:00","breadcrumb":{"@id":"https:\/\/www.livemag.it\/index.php\/2026\/01\/22\/mattarella-con-milano-cortina-litalia-e-al-centro-dellattenzione-del-mondo\/#breadcrumb"},"inLanguage":"it-IT","potentialAction":[{"@type":"ReadAction","target":["https:\/\/www.livemag.it\/index.php\/2026\/01\/22\/mattarella-con-milano-cortina-litalia-e-al-centro-dellattenzione-del-mondo\/"]}]},{"@type":"ImageObject","inLanguage":"it-IT","@id":"https:\/\/www.livemag.it\/index.php\/2026\/01\/22\/mattarella-con-milano-cortina-litalia-e-al-centro-dellattenzione-del-mondo\/#primaryimage","url":"https:\/\/www.livemag.it\/wp-content\/uploads\/2026\/01\/XlQv.jpg","contentUrl":"https:\/\/www.livemag.it\/wp-content\/uploads\/2026\/01\/XlQv.jpg","width":1920,"height":1080},{"@type":"BreadcrumbList","@id":"https:\/\/www.livemag.it\/index.php\/2026\/01\/22\/mattarella-con-milano-cortina-litalia-e-al-centro-dellattenzione-del-mondo\/#breadcrumb","itemListElement":[{"@type":"ListItem","position":1,"name":"Home","item":"https:\/\/www.livemag.it\/"},{"@type":"ListItem","position":2,"name":"Mattarella &#8220;Con Milano-Cortina l&#8217;Italia \u00e8 al centro dell&#8217;attenzione del mondo&#8221;"}]},{"@type":"WebSite","@id":"https:\/\/www.livemag.it\/#website","url":"https:\/\/www.livemag.it\/","name":"Live Magazine","description":"Varie ed eventi","publisher":{"@id":"https:\/\/www.livemag.it\/#organization"},"potentialAction":[{"@type":"SearchAction","target":{"@type":"EntryPoint","urlTemplate":"https:\/\/www.livemag.it\/?s={search_term_string}"},"query-input":{"@type":"PropertyValueSpecification","valueRequired":true,"valueName":"search_term_string"}}],"inLanguage":"it-IT"},{"@type":"Organization","@id":"https:\/\/www.livemag.it\/#organization","name":"LiveMag","alternateName":"LiveMag News ed eventi","url":"https:\/\/www.livemag.it\/","logo":{"@type":"ImageObject","inLanguage":"it-IT","@id":"https:\/\/www.livemag.it\/#\/schema\/logo\/image\/","url":"https:\/\/www.livemag.it\/wp-content\/uploads\/2024\/02\/immagine-sito.jpg","contentUrl":"https:\/\/www.livemag.it\/wp-content\/uploads\/2024\/02\/immagine-sito.jpg","width":696,"height":696,"caption":"LiveMag"},"image":{"@id":"https:\/\/www.livemag.it\/#\/schema\/logo\/image\/"},"sameAs":["https:\/\/www.facebook.com\/LiveMag\/","https:\/\/x.com\/LiveNotizie","https:\/\/www.instagram.com\/livemag\/"]},{"@type":"Person","@id":"https:\/\/www.livemag.it\/#\/schema\/person\/b62c5f44451fdcdaeb0afe6c2424e73c","name":"italpress","image":{"@type":"ImageObject","inLanguage":"it-IT","@id":"https:\/\/secure.gravatar.com\/avatar\/b6a21695fc713ce7ee312cf57c97e2e641feb365be72d8745574d3c3e2b59066?s=96&r=g","url":"https:\/\/secure.gravatar.com\/avatar\/b6a21695fc713ce7ee312cf57c97e2e641feb365be72d8745574d3c3e2b59066?s=96&r=g","contentUrl":"https:\/\/secure.gravatar.com\/avatar\/b6a21695fc713ce7ee312cf57c97e2e641feb365be72d8745574d3c3e2b59066?s=96&r=g","caption":"italpress"},"description":"Italpress \u00e8 un'agenzia di stampa italiana a carattere nazionale.","url":"https:\/\/www.livemag.it\/index.php\/author\/italpress\/"}]}},"jetpack_featured_media_url":"https:\/\/www.livemag.it\/wp-content\/uploads\/2026\/01\/XlQv.jpg","_links":{"self":[{"href":"https:\/\/www.livemag.it\/index.php\/wp-json\/wp\/v2\/posts\/67749","targetHints":{"allow":["GET"]}}],"collection":[{"href":"https:\/\/www.livemag.it\/index.php\/wp-json\/wp\/v2\/posts"}],"about":[{"href":"https:\/\/www.livemag.it\/index.php\/wp-json\/wp\/v2\/types\/post"}],"author":[{"embeddable":true,"href":"https:\/\/www.livemag.it\/index.php\/wp-json\/wp\/v2\/users\/16"}],"replies":[{"embeddable":true,"href":"https:\/\/www.livemag.it\/index.php\/wp-json\/wp\/v2\/comments?post=67749"}],"version-history":[{"count":0,"href":"https:\/\/www.livemag.it\/index.php\/wp-json\/wp\/v2\/posts\/67749\/revisions"}],"wp:featuredmedia":[{"embeddable":true,"href":"https:\/\/www.livemag.it\/index.php\/wp-json\/wp\/v2\/media\/67750"}],"wp:attachment":[{"href":"https:\/\/www.livemag.it\/index.php\/wp-json\/wp\/v2\/media?parent=67749"}],"wp:term":[{"taxonomy":"category","embeddable":true,"href":"https:\/\/www.livemag.it\/index.php\/wp-json\/wp\/v2\/categories?post=67749"},{"taxonomy":"post_tag","embeddable":true,"href":"https:\/\/www.livemag.it\/index.php\/wp-json\/wp\/v2\/tags?post=67749"}],"curies":[{"name":"wp","href":"https:\/\/api.w.org\/{rel}","templated":true}]}}