{"id":67710,"date":"2026-01-21T21:02:56","date_gmt":"2026-01-21T20:02:56","guid":{"rendered":"https:\/\/www.livemag.it\/index.php\/2026\/01\/21\/presidente-del-parlamento-slovacco-con-litalia-i-rapporti-piu-intensi-nellue\/"},"modified":"2026-01-21T21:02:56","modified_gmt":"2026-01-21T20:02:56","slug":"presidente-del-parlamento-slovacco-con-litalia-i-rapporti-piu-intensi-nellue","status":"publish","type":"post","link":"https:\/\/www.livemag.it\/index.php\/2026\/01\/21\/presidente-del-parlamento-slovacco-con-litalia-i-rapporti-piu-intensi-nellue\/","title":{"rendered":"Presidente del Parlamento slovacco \u201cCon l\u2019Italia i rapporti pi\u00f9 intensi nell\u2019Ue\u201d"},"content":{"rendered":"<div>\n<p>ROMA (ITALPRESS) \u2013 I rapporti con l\u2019Italia sono \u201cattualmente i pi\u00f9 intensi che abbiamo rispetto a qualsiasi altro Paese dell\u2019Unione europea\u201d. Lo ha dichiarato il presidente del Parlamento slovacco (Consiglio Nazionale), Richard Rasi, intervistato dall\u2019agenzia Italpress. Rasi conclude oggi una visita di due giorni a Roma, dove ha avuto una serie di incontri istituzionali e ha presenziato al Forum imprenditoriale Italia-Slovacchia. Rasi ha infine partecipato al ricevimento solenne organizzato a Palazzo Wedekind dall\u2019ambasciata slovacca in occasione del 33esimo anniversario dell\u2019indipendenza del Paese. \u201cIl motivo della mia visita \u00e8 innanzitutto molto pratico, perch\u00e8 sono venuto insieme ad un gruppo di imprenditori. Ieri abbiamo aperto il Business Forum sulle opportunit\u00e0 imprenditoriali, dedicato soprattutto a progetti che riguardano l\u2019edilizia verde e il turismo sostenibile. Il secondo motivo \u00e8 stato il festeggiamento per il 33esimo anniversario dell\u2019indipendenza della Slovacchia, quindi una celebrazione. E poi il terzo motivo, il pi\u00f9 importante, \u00e8 stato quello di far progredire sempre di pi\u00f9 la diplomazia parlamentare, le relazioni parlamentari tra Italia e Slovacchia\u201d, ha detto Rasi. Le relazioni bilaterali hanno festeggiato il loro 30esimo anniversario nel 2023, mentre il 2025 \u00e8 stato scandito da una serie di visite istituzionali ai massimi livelli. \u201cI rapporti con l\u2019Italia sono attualmente i pi\u00f9 intensi che abbiamo rispetto a qualsiasi altro Paese dell\u2019Unione europea\u201d, ha osservato il presidente del Parlamento di Bratislava. \u201cL\u2019Italia \u00e8 un partner strategico per la Slovacchia: l\u2019anno scorso \u00e8 stato qui tre volte il nostro presidente della Repubblica, \u00e8 stato qui anche il primo ministro, oltre che la maggior parte dei ministri. Questo ha portato a dei risultati sotto forma di accordi di cooperazione, accordi anche commerciali. Siete un partner economico strategico, ci sono 400 aziende italiane che operano in Slovacchia\u201d, ha proseguito. Secondo Rasi, una parte importante della cooperazione politica \u00e8 rappresentata dall\u2019ambito interparlamentare. \u201cAttualmente l\u2019Unione europea lotta per competere e difendersi rispetto alle grandi potenze economiche mondiali. Ed \u00e8 proprio questo il momento in cui i Parlamenti rivestono un ruolo sempre pi\u00f9 importante, perch\u00e8 si dovranno adottare delle misure, delle leggi, per riportare l\u2019Europa nel posto che le spetta, perch\u00e8 possa tornare ad essere apprezzata come un grande attore economico\u201d, ha osservato Rasi. \u201cSono qui per trovare insieme ai colleghi italiani delle soluzioni ai nostri problemi comuni, per esempio nel campo dell\u2019immigrazione, della sicurezza, dell\u2019indipendenza energetica e anche dell\u2019intelligenza artificiale, che riguarda soprattutto i nostri ragazzi. Per questo motivo voglio rafforzare anche la cooperazione parlamentare per i programmi dedicati ai giovani\u201d, ha detto ancora il presidente del Consiglio Nazionale slovacco. Riguardo ai progetti per il futuro, \u201cun\u2019area di lavoro sar\u00e0 rappresentata dall\u2019iniziativa parlamentare sugli interessi nazionali nell\u2019ambito dell\u2019Unione europea\u201d, ha ancora spiegato.<br \/>\n\u201cLa Slovacchia, a partire dal primo luglio, avr\u00e0 la presidenza del Gruppo di Visegrad, cio\u00e8 il quartetto che comprende Ungheria, Polonia, Repubblica Ceca e Slovacchia, e vogliamo invitare a parlare anche l\u2019Italia. Con questa formazione arriveremo a rappresentare 130 milioni di europei e potremmo sicuramente avere pi\u00f9 voce per riaffermare i nostri interessi. E poi, come dicevo, vogliamo rafforzare la cooperazione parlamentare soprattutto per i giovani, con programmi di scambio: per i giovani che si interessano di politica, per i giovani slovacchi che potranno venire in Italia e viceversa gli italiani in Slovacchia, anche nell\u2019ottica di uno scambio culturale. Infine, vogliamo collaborare anche per rafforzare il turismo, perch\u00e8 quest\u2019anno, per esempio, dall\u2019aeroporto di Bratislava ci saranno sette nuovi voli in pi\u00f9 verso l\u2019Italia\u201d, ha concluso il presidente del Consiglio Nazionale.<br \/>\n(ITALPRESS).<br \/>\n-Foto Italpress-<\/p>\n<\/div>\n","protected":false},"excerpt":{"rendered":"<p>ROMA (ITALPRESS) \u2013 I rapporti con l\u2019Italia sono \u201cattualmente i pi\u00f9 intensi che abbiamo rispetto a qualsiasi altro Paese dell\u2019Unione europea\u201d. Lo ha dichiarato il presidente del Parlamento slovacco (Consiglio Nazionale), Richard Rasi, intervistato dall\u2019agenzia Italpress. Rasi conclude oggi una visita di due giorni a Roma, dove ha avuto una serie di incontri istituzionali e [&hellip;]<\/p>\n","protected":false},"author":16,"featured_media":67711,"comment_status":"closed","ping_status":"closed","sticky":false,"template":"","format":"standard","meta":{"jnews-multi-image_gallery":[],"jnews_single_post":[],"jnews_primary_category":[],"jnews_social_meta":[],"jnews_override_counter":[],"jnews_post_split":[],"footnotes":""},"categories":[1129],"tags":[],"class_list":["post-67710","post","type-post","status-publish","format-standard","has-post-thumbnail","hentry","category-mondo"],"yoast_head":"<!-- This site is optimized with the Yoast SEO plugin v27.5 - https:\/\/yoast.com\/product\/yoast-seo-wordpress\/ -->\n<title>Presidente del Parlamento slovacco \u201cCon l\u2019Italia i rapporti pi\u00f9 intensi nell\u2019Ue\u201d - Live Magazine<\/title>\n<meta name=\"robots\" content=\"index, follow, max-snippet:-1, max-image-preview:large, max-video-preview:-1\" \/>\n<link rel=\"canonical\" href=\"https:\/\/www.livemag.it\/index.php\/2026\/01\/21\/presidente-del-parlamento-slovacco-con-litalia-i-rapporti-piu-intensi-nellue\/\" \/>\n<meta property=\"og:locale\" content=\"it_IT\" \/>\n<meta property=\"og:type\" content=\"article\" \/>\n<meta property=\"og:title\" content=\"Presidente del Parlamento slovacco \u201cCon l\u2019Italia i rapporti pi\u00f9 intensi nell\u2019Ue\u201d - Live Magazine\" \/>\n<meta property=\"og:description\" content=\"ROMA (ITALPRESS) \u2013 I rapporti con l\u2019Italia sono \u201cattualmente i pi\u00f9 intensi che abbiamo rispetto a qualsiasi altro Paese dell\u2019Unione europea\u201d. Lo ha dichiarato il presidente del Parlamento slovacco (Consiglio Nazionale), Richard Rasi, intervistato dall\u2019agenzia Italpress. Rasi conclude oggi una visita di due giorni a Roma, dove ha avuto una serie di incontri istituzionali e [&hellip;]\" \/>\n<meta property=\"og:url\" content=\"https:\/\/www.livemag.it\/index.php\/2026\/01\/21\/presidente-del-parlamento-slovacco-con-litalia-i-rapporti-piu-intensi-nellue\/\" \/>\n<meta property=\"og:site_name\" content=\"Live Magazine\" \/>\n<meta property=\"article:publisher\" content=\"https:\/\/www.facebook.com\/LiveMag\/\" \/>\n<meta property=\"article:published_time\" content=\"2026-01-21T20:02:56+00:00\" \/>\n<meta property=\"og:image\" content=\"https:\/\/www.livemag.it\/wp-content\/uploads\/2024\/02\/ograph.jpg\" \/>\n\t<meta property=\"og:image:width\" content=\"1200\" \/>\n\t<meta property=\"og:image:height\" content=\"675\" \/>\n\t<meta property=\"og:image:type\" content=\"image\/jpeg\" \/>\n<meta name=\"author\" content=\"italpress\" \/>\n<meta name=\"twitter:card\" content=\"summary_large_image\" \/>\n<meta name=\"twitter:creator\" content=\"@LiveNotizie\" \/>\n<meta name=\"twitter:site\" content=\"@LiveNotizie\" \/>\n<meta name=\"twitter:label1\" content=\"Scritto da\" \/>\n\t<meta name=\"twitter:data1\" content=\"italpress\" \/>\n\t<meta name=\"twitter:label2\" content=\"Tempo di lettura stimato\" \/>\n\t<meta name=\"twitter:data2\" content=\"3 minuti\" \/>\n<script type=\"application\/ld+json\" class=\"yoast-schema-graph\">{\"@context\":\"https:\\\/\\\/schema.org\",\"@graph\":[{\"@type\":\"Article\",\"@id\":\"https:\\\/\\\/www.livemag.it\\\/index.php\\\/2026\\\/01\\\/21\\\/presidente-del-parlamento-slovacco-con-litalia-i-rapporti-piu-intensi-nellue\\\/#article\",\"isPartOf\":{\"@id\":\"https:\\\/\\\/www.livemag.it\\\/index.php\\\/2026\\\/01\\\/21\\\/presidente-del-parlamento-slovacco-con-litalia-i-rapporti-piu-intensi-nellue\\\/\"},\"author\":{\"name\":\"italpress\",\"@id\":\"https:\\\/\\\/www.livemag.it\\\/#\\\/schema\\\/person\\\/b62c5f44451fdcdaeb0afe6c2424e73c\"},\"headline\":\"Presidente del Parlamento slovacco \u201cCon l\u2019Italia i rapporti pi\u00f9 intensi nell\u2019Ue\u201d\",\"datePublished\":\"2026-01-21T20:02:56+00:00\",\"mainEntityOfPage\":{\"@id\":\"https:\\\/\\\/www.livemag.it\\\/index.php\\\/2026\\\/01\\\/21\\\/presidente-del-parlamento-slovacco-con-litalia-i-rapporti-piu-intensi-nellue\\\/\"},\"wordCount\":594,\"publisher\":{\"@id\":\"https:\\\/\\\/www.livemag.it\\\/#organization\"},\"image\":{\"@id\":\"https:\\\/\\\/www.livemag.it\\\/index.php\\\/2026\\\/01\\\/21\\\/presidente-del-parlamento-slovacco-con-litalia-i-rapporti-piu-intensi-nellue\\\/#primaryimage\"},\"thumbnailUrl\":\"https:\\\/\\\/www.livemag.it\\\/wp-content\\\/uploads\\\/2026\\\/01\\\/20260121_3147.jpg\",\"articleSection\":[\"Mondo\"],\"inLanguage\":\"it-IT\"},{\"@type\":\"WebPage\",\"@id\":\"https:\\\/\\\/www.livemag.it\\\/index.php\\\/2026\\\/01\\\/21\\\/presidente-del-parlamento-slovacco-con-litalia-i-rapporti-piu-intensi-nellue\\\/\",\"url\":\"https:\\\/\\\/www.livemag.it\\\/index.php\\\/2026\\\/01\\\/21\\\/presidente-del-parlamento-slovacco-con-litalia-i-rapporti-piu-intensi-nellue\\\/\",\"name\":\"Presidente del Parlamento slovacco \u201cCon l\u2019Italia i rapporti pi\u00f9 intensi nell\u2019Ue\u201d - Live Magazine\",\"isPartOf\":{\"@id\":\"https:\\\/\\\/www.livemag.it\\\/#website\"},\"primaryImageOfPage\":{\"@id\":\"https:\\\/\\\/www.livemag.it\\\/index.php\\\/2026\\\/01\\\/21\\\/presidente-del-parlamento-slovacco-con-litalia-i-rapporti-piu-intensi-nellue\\\/#primaryimage\"},\"image\":{\"@id\":\"https:\\\/\\\/www.livemag.it\\\/index.php\\\/2026\\\/01\\\/21\\\/presidente-del-parlamento-slovacco-con-litalia-i-rapporti-piu-intensi-nellue\\\/#primaryimage\"},\"thumbnailUrl\":\"https:\\\/\\\/www.livemag.it\\\/wp-content\\\/uploads\\\/2026\\\/01\\\/20260121_3147.jpg\",\"datePublished\":\"2026-01-21T20:02:56+00:00\",\"breadcrumb\":{\"@id\":\"https:\\\/\\\/www.livemag.it\\\/index.php\\\/2026\\\/01\\\/21\\\/presidente-del-parlamento-slovacco-con-litalia-i-rapporti-piu-intensi-nellue\\\/#breadcrumb\"},\"inLanguage\":\"it-IT\",\"potentialAction\":[{\"@type\":\"ReadAction\",\"target\":[\"https:\\\/\\\/www.livemag.it\\\/index.php\\\/2026\\\/01\\\/21\\\/presidente-del-parlamento-slovacco-con-litalia-i-rapporti-piu-intensi-nellue\\\/\"]}]},{\"@type\":\"ImageObject\",\"inLanguage\":\"it-IT\",\"@id\":\"https:\\\/\\\/www.livemag.it\\\/index.php\\\/2026\\\/01\\\/21\\\/presidente-del-parlamento-slovacco-con-litalia-i-rapporti-piu-intensi-nellue\\\/#primaryimage\",\"url\":\"https:\\\/\\\/www.livemag.it\\\/wp-content\\\/uploads\\\/2026\\\/01\\\/20260121_3147.jpg\",\"contentUrl\":\"https:\\\/\\\/www.livemag.it\\\/wp-content\\\/uploads\\\/2026\\\/01\\\/20260121_3147.jpg\",\"width\":1000,\"height\":563},{\"@type\":\"BreadcrumbList\",\"@id\":\"https:\\\/\\\/www.livemag.it\\\/index.php\\\/2026\\\/01\\\/21\\\/presidente-del-parlamento-slovacco-con-litalia-i-rapporti-piu-intensi-nellue\\\/#breadcrumb\",\"itemListElement\":[{\"@type\":\"ListItem\",\"position\":1,\"name\":\"Home\",\"item\":\"https:\\\/\\\/www.livemag.it\\\/\"},{\"@type\":\"ListItem\",\"position\":2,\"name\":\"Presidente del Parlamento slovacco \u201cCon l\u2019Italia i rapporti pi\u00f9 intensi nell\u2019Ue\u201d\"}]},{\"@type\":\"WebSite\",\"@id\":\"https:\\\/\\\/www.livemag.it\\\/#website\",\"url\":\"https:\\\/\\\/www.livemag.it\\\/\",\"name\":\"Live Magazine\",\"description\":\"Varie ed eventi\",\"publisher\":{\"@id\":\"https:\\\/\\\/www.livemag.it\\\/#organization\"},\"potentialAction\":[{\"@type\":\"SearchAction\",\"target\":{\"@type\":\"EntryPoint\",\"urlTemplate\":\"https:\\\/\\\/www.livemag.it\\\/?s={search_term_string}\"},\"query-input\":{\"@type\":\"PropertyValueSpecification\",\"valueRequired\":true,\"valueName\":\"search_term_string\"}}],\"inLanguage\":\"it-IT\"},{\"@type\":\"Organization\",\"@id\":\"https:\\\/\\\/www.livemag.it\\\/#organization\",\"name\":\"LiveMag\",\"alternateName\":\"LiveMag News ed eventi\",\"url\":\"https:\\\/\\\/www.livemag.it\\\/\",\"logo\":{\"@type\":\"ImageObject\",\"inLanguage\":\"it-IT\",\"@id\":\"https:\\\/\\\/www.livemag.it\\\/#\\\/schema\\\/logo\\\/image\\\/\",\"url\":\"https:\\\/\\\/www.livemag.it\\\/wp-content\\\/uploads\\\/2024\\\/02\\\/immagine-sito.jpg\",\"contentUrl\":\"https:\\\/\\\/www.livemag.it\\\/wp-content\\\/uploads\\\/2024\\\/02\\\/immagine-sito.jpg\",\"width\":696,\"height\":696,\"caption\":\"LiveMag\"},\"image\":{\"@id\":\"https:\\\/\\\/www.livemag.it\\\/#\\\/schema\\\/logo\\\/image\\\/\"},\"sameAs\":[\"https:\\\/\\\/www.facebook.com\\\/LiveMag\\\/\",\"https:\\\/\\\/x.com\\\/LiveNotizie\",\"https:\\\/\\\/www.instagram.com\\\/livemag\\\/\"]},{\"@type\":\"Person\",\"@id\":\"https:\\\/\\\/www.livemag.it\\\/#\\\/schema\\\/person\\\/b62c5f44451fdcdaeb0afe6c2424e73c\",\"name\":\"italpress\",\"image\":{\"@type\":\"ImageObject\",\"inLanguage\":\"it-IT\",\"@id\":\"https:\\\/\\\/secure.gravatar.com\\\/avatar\\\/b6a21695fc713ce7ee312cf57c97e2e641feb365be72d8745574d3c3e2b59066?s=96&r=g\",\"url\":\"https:\\\/\\\/secure.gravatar.com\\\/avatar\\\/b6a21695fc713ce7ee312cf57c97e2e641feb365be72d8745574d3c3e2b59066?s=96&r=g\",\"contentUrl\":\"https:\\\/\\\/secure.gravatar.com\\\/avatar\\\/b6a21695fc713ce7ee312cf57c97e2e641feb365be72d8745574d3c3e2b59066?s=96&r=g\",\"caption\":\"italpress\"},\"description\":\"Italpress \u00e8 un'agenzia di stampa italiana a carattere nazionale.\",\"url\":\"https:\\\/\\\/www.livemag.it\\\/index.php\\\/author\\\/italpress\\\/\"}]}<\/script>\n<!-- \/ Yoast SEO plugin. -->","yoast_head_json":{"title":"Presidente del Parlamento slovacco \u201cCon l\u2019Italia i rapporti pi\u00f9 intensi nell\u2019Ue\u201d - Live Magazine","robots":{"index":"index","follow":"follow","max-snippet":"max-snippet:-1","max-image-preview":"max-image-preview:large","max-video-preview":"max-video-preview:-1"},"canonical":"https:\/\/www.livemag.it\/index.php\/2026\/01\/21\/presidente-del-parlamento-slovacco-con-litalia-i-rapporti-piu-intensi-nellue\/","og_locale":"it_IT","og_type":"article","og_title":"Presidente del Parlamento slovacco \u201cCon l\u2019Italia i rapporti pi\u00f9 intensi nell\u2019Ue\u201d - Live Magazine","og_description":"ROMA (ITALPRESS) \u2013 I rapporti con l\u2019Italia sono \u201cattualmente i pi\u00f9 intensi che abbiamo rispetto a qualsiasi altro Paese dell\u2019Unione europea\u201d. Lo ha dichiarato il presidente del Parlamento slovacco (Consiglio Nazionale), Richard Rasi, intervistato dall\u2019agenzia Italpress. Rasi conclude oggi una visita di due giorni a Roma, dove ha avuto una serie di incontri istituzionali e [&hellip;]","og_url":"https:\/\/www.livemag.it\/index.php\/2026\/01\/21\/presidente-del-parlamento-slovacco-con-litalia-i-rapporti-piu-intensi-nellue\/","og_site_name":"Live Magazine","article_publisher":"https:\/\/www.facebook.com\/LiveMag\/","article_published_time":"2026-01-21T20:02:56+00:00","og_image":[{"width":1200,"height":675,"url":"https:\/\/www.livemag.it\/wp-content\/uploads\/2024\/02\/ograph.jpg","type":"image\/jpeg"}],"author":"italpress","twitter_card":"summary_large_image","twitter_creator":"@LiveNotizie","twitter_site":"@LiveNotizie","twitter_misc":{"Scritto da":"italpress","Tempo di lettura stimato":"3 minuti"},"schema":{"@context":"https:\/\/schema.org","@graph":[{"@type":"Article","@id":"https:\/\/www.livemag.it\/index.php\/2026\/01\/21\/presidente-del-parlamento-slovacco-con-litalia-i-rapporti-piu-intensi-nellue\/#article","isPartOf":{"@id":"https:\/\/www.livemag.it\/index.php\/2026\/01\/21\/presidente-del-parlamento-slovacco-con-litalia-i-rapporti-piu-intensi-nellue\/"},"author":{"name":"italpress","@id":"https:\/\/www.livemag.it\/#\/schema\/person\/b62c5f44451fdcdaeb0afe6c2424e73c"},"headline":"Presidente del Parlamento slovacco \u201cCon l\u2019Italia i rapporti pi\u00f9 intensi nell\u2019Ue\u201d","datePublished":"2026-01-21T20:02:56+00:00","mainEntityOfPage":{"@id":"https:\/\/www.livemag.it\/index.php\/2026\/01\/21\/presidente-del-parlamento-slovacco-con-litalia-i-rapporti-piu-intensi-nellue\/"},"wordCount":594,"publisher":{"@id":"https:\/\/www.livemag.it\/#organization"},"image":{"@id":"https:\/\/www.livemag.it\/index.php\/2026\/01\/21\/presidente-del-parlamento-slovacco-con-litalia-i-rapporti-piu-intensi-nellue\/#primaryimage"},"thumbnailUrl":"https:\/\/www.livemag.it\/wp-content\/uploads\/2026\/01\/20260121_3147.jpg","articleSection":["Mondo"],"inLanguage":"it-IT"},{"@type":"WebPage","@id":"https:\/\/www.livemag.it\/index.php\/2026\/01\/21\/presidente-del-parlamento-slovacco-con-litalia-i-rapporti-piu-intensi-nellue\/","url":"https:\/\/www.livemag.it\/index.php\/2026\/01\/21\/presidente-del-parlamento-slovacco-con-litalia-i-rapporti-piu-intensi-nellue\/","name":"Presidente del Parlamento slovacco \u201cCon l\u2019Italia i rapporti pi\u00f9 intensi nell\u2019Ue\u201d - Live Magazine","isPartOf":{"@id":"https:\/\/www.livemag.it\/#website"},"primaryImageOfPage":{"@id":"https:\/\/www.livemag.it\/index.php\/2026\/01\/21\/presidente-del-parlamento-slovacco-con-litalia-i-rapporti-piu-intensi-nellue\/#primaryimage"},"image":{"@id":"https:\/\/www.livemag.it\/index.php\/2026\/01\/21\/presidente-del-parlamento-slovacco-con-litalia-i-rapporti-piu-intensi-nellue\/#primaryimage"},"thumbnailUrl":"https:\/\/www.livemag.it\/wp-content\/uploads\/2026\/01\/20260121_3147.jpg","datePublished":"2026-01-21T20:02:56+00:00","breadcrumb":{"@id":"https:\/\/www.livemag.it\/index.php\/2026\/01\/21\/presidente-del-parlamento-slovacco-con-litalia-i-rapporti-piu-intensi-nellue\/#breadcrumb"},"inLanguage":"it-IT","potentialAction":[{"@type":"ReadAction","target":["https:\/\/www.livemag.it\/index.php\/2026\/01\/21\/presidente-del-parlamento-slovacco-con-litalia-i-rapporti-piu-intensi-nellue\/"]}]},{"@type":"ImageObject","inLanguage":"it-IT","@id":"https:\/\/www.livemag.it\/index.php\/2026\/01\/21\/presidente-del-parlamento-slovacco-con-litalia-i-rapporti-piu-intensi-nellue\/#primaryimage","url":"https:\/\/www.livemag.it\/wp-content\/uploads\/2026\/01\/20260121_3147.jpg","contentUrl":"https:\/\/www.livemag.it\/wp-content\/uploads\/2026\/01\/20260121_3147.jpg","width":1000,"height":563},{"@type":"BreadcrumbList","@id":"https:\/\/www.livemag.it\/index.php\/2026\/01\/21\/presidente-del-parlamento-slovacco-con-litalia-i-rapporti-piu-intensi-nellue\/#breadcrumb","itemListElement":[{"@type":"ListItem","position":1,"name":"Home","item":"https:\/\/www.livemag.it\/"},{"@type":"ListItem","position":2,"name":"Presidente del Parlamento slovacco \u201cCon l\u2019Italia i rapporti pi\u00f9 intensi nell\u2019Ue\u201d"}]},{"@type":"WebSite","@id":"https:\/\/www.livemag.it\/#website","url":"https:\/\/www.livemag.it\/","name":"Live Magazine","description":"Varie ed eventi","publisher":{"@id":"https:\/\/www.livemag.it\/#organization"},"potentialAction":[{"@type":"SearchAction","target":{"@type":"EntryPoint","urlTemplate":"https:\/\/www.livemag.it\/?s={search_term_string}"},"query-input":{"@type":"PropertyValueSpecification","valueRequired":true,"valueName":"search_term_string"}}],"inLanguage":"it-IT"},{"@type":"Organization","@id":"https:\/\/www.livemag.it\/#organization","name":"LiveMag","alternateName":"LiveMag News ed eventi","url":"https:\/\/www.livemag.it\/","logo":{"@type":"ImageObject","inLanguage":"it-IT","@id":"https:\/\/www.livemag.it\/#\/schema\/logo\/image\/","url":"https:\/\/www.livemag.it\/wp-content\/uploads\/2024\/02\/immagine-sito.jpg","contentUrl":"https:\/\/www.livemag.it\/wp-content\/uploads\/2024\/02\/immagine-sito.jpg","width":696,"height":696,"caption":"LiveMag"},"image":{"@id":"https:\/\/www.livemag.it\/#\/schema\/logo\/image\/"},"sameAs":["https:\/\/www.facebook.com\/LiveMag\/","https:\/\/x.com\/LiveNotizie","https:\/\/www.instagram.com\/livemag\/"]},{"@type":"Person","@id":"https:\/\/www.livemag.it\/#\/schema\/person\/b62c5f44451fdcdaeb0afe6c2424e73c","name":"italpress","image":{"@type":"ImageObject","inLanguage":"it-IT","@id":"https:\/\/secure.gravatar.com\/avatar\/b6a21695fc713ce7ee312cf57c97e2e641feb365be72d8745574d3c3e2b59066?s=96&r=g","url":"https:\/\/secure.gravatar.com\/avatar\/b6a21695fc713ce7ee312cf57c97e2e641feb365be72d8745574d3c3e2b59066?s=96&r=g","contentUrl":"https:\/\/secure.gravatar.com\/avatar\/b6a21695fc713ce7ee312cf57c97e2e641feb365be72d8745574d3c3e2b59066?s=96&r=g","caption":"italpress"},"description":"Italpress \u00e8 un'agenzia di stampa italiana a carattere nazionale.","url":"https:\/\/www.livemag.it\/index.php\/author\/italpress\/"}]}},"jetpack_featured_media_url":"https:\/\/www.livemag.it\/wp-content\/uploads\/2026\/01\/20260121_3147.jpg","_links":{"self":[{"href":"https:\/\/www.livemag.it\/index.php\/wp-json\/wp\/v2\/posts\/67710","targetHints":{"allow":["GET"]}}],"collection":[{"href":"https:\/\/www.livemag.it\/index.php\/wp-json\/wp\/v2\/posts"}],"about":[{"href":"https:\/\/www.livemag.it\/index.php\/wp-json\/wp\/v2\/types\/post"}],"author":[{"embeddable":true,"href":"https:\/\/www.livemag.it\/index.php\/wp-json\/wp\/v2\/users\/16"}],"replies":[{"embeddable":true,"href":"https:\/\/www.livemag.it\/index.php\/wp-json\/wp\/v2\/comments?post=67710"}],"version-history":[{"count":0,"href":"https:\/\/www.livemag.it\/index.php\/wp-json\/wp\/v2\/posts\/67710\/revisions"}],"wp:featuredmedia":[{"embeddable":true,"href":"https:\/\/www.livemag.it\/index.php\/wp-json\/wp\/v2\/media\/67711"}],"wp:attachment":[{"href":"https:\/\/www.livemag.it\/index.php\/wp-json\/wp\/v2\/media?parent=67710"}],"wp:term":[{"taxonomy":"category","embeddable":true,"href":"https:\/\/www.livemag.it\/index.php\/wp-json\/wp\/v2\/categories?post=67710"},{"taxonomy":"post_tag","embeddable":true,"href":"https:\/\/www.livemag.it\/index.php\/wp-json\/wp\/v2\/tags?post=67710"}],"curies":[{"name":"wp","href":"https:\/\/api.w.org\/{rel}","templated":true}]}}