{"id":67696,"date":"2026-01-21T21:02:31","date_gmt":"2026-01-21T20:02:31","guid":{"rendered":"https:\/\/www.livemag.it\/index.php\/2026\/01\/21\/a-new-york-funerali-di-rocco-commisso-funaro-ha-amato-firenze-e-la-fiorentina\/"},"modified":"2026-01-21T21:02:31","modified_gmt":"2026-01-21T20:02:31","slug":"a-new-york-funerali-di-rocco-commisso-funaro-ha-amato-firenze-e-la-fiorentina","status":"publish","type":"post","link":"https:\/\/www.livemag.it\/index.php\/2026\/01\/21\/a-new-york-funerali-di-rocco-commisso-funaro-ha-amato-firenze-e-la-fiorentina\/","title":{"rendered":"<div>A New York funerali di Rocco Commisso, Funaro &#8220;Ha amato Firenze e la Fiorentina&#8221;<\/div>"},"content":{"rendered":"<p>    <video-js id=\"videojs69f16df4d7aab\" class=\"vjs-big-play-centered\" controls preload=\"auto\" playsinline data-setup='{\"fluid\": true}'>\r\n        <source src=\"https:\/\/video.italpress.com\/play\/mp4\/video\/kL8J\" type=\"video\/mp4\" \/>\r\n    <\/video-js>\r\n           <br \/>\n<\/p>\n<div> NEW YORK (STATI UNITI) (ITALPRESS) &#8211; &#8220;Non potevamo non esserci sia da un punto di vista personale sia in rappresentanza della nostra Firenze. Penso che la nostra presenza fosse importante, \u00e8 stata una cerimonia molto toccante, molto sentita e penso che lo dovevamo a Rocco, a una persona che ha amato tantissimo la nostra citt\u00e0, che ha amato tantissimo la Fiorentina&#8221;. Lo ha detto la sindaca di Firenze, Sara Funaro, che ha partecipato a New York ai funerali del presidente della Fiorentina, Rocco Commisso. &#8220;Era un uomo diretto, con una grande empatia, con obiettivi chiari, un uomo con cui si riusciva ad avere un dialogo molto franco. Penso che sia il minimo essere qui alla cerimonia -ha aggiunto Funaro-. L&#8217;ultima volta ci siamo incontrati al Viola Park nell&#8217;ultimo suo viaggio a Firenze. Il primo ricordo \u00e8 il nostro primo incontro a Palazzo Vecchio insieme a Catherine, a cui oggi ho rinnovato l&#8217;abbraccio di tutta la nostra citt\u00e0. \u00c8 stato un momento molto bello. Sono arrivati insieme, \u00e8 stato un incontro in cui ci siamo parlati in maniera molto franca e molto diretta. La cosa che mi ha sempre colpito fin dal primo appuntamento \u00e8 il suo grande senso del rispetto e della famiglia che ha sempre avuto, e penso che questa sia una qualit\u00e0 straordinaria&#8221;. <br \/>\nxo9\/gm\/gsl (Video di Stefano Vaccara)<\/div>\n","protected":false},"excerpt":{"rendered":"<p>NEW YORK (STATI UNITI) (ITALPRESS) &#8211; &#8220;Non potevamo non esserci sia da un punto di vista personale sia in rappresentanza della nostra Firenze. Penso che la nostra presenza fosse importante, \u00e8 stata una cerimonia molto toccante, molto sentita e penso che lo dovevamo a Rocco, a una persona che ha amato tantissimo la nostra citt\u00e0, [&hellip;]<\/p>\n","protected":false},"author":16,"featured_media":67697,"comment_status":"closed","ping_status":"closed","sticky":false,"template":"","format":"video","meta":{"jnews-multi-image_gallery":[],"jnews_single_post":[],"jnews_primary_category":[],"jnews_social_meta":[],"jnews_override_counter":[],"jnews_post_split":[],"footnotes":""},"categories":[1171],"tags":[],"class_list":["post-67696","post","type-post","status-publish","format-video","has-post-thumbnail","hentry","category-video","post_format-post-format-video"],"yoast_head":"<!-- This site is optimized with the Yoast SEO plugin v27.5 - https:\/\/yoast.com\/product\/yoast-seo-wordpress\/ -->\n<title>A New York funerali di Rocco Commisso, Funaro &quot;Ha amato Firenze e la Fiorentina&quot; - Live Magazine<\/title>\n<meta name=\"robots\" content=\"index, follow, max-snippet:-1, max-image-preview:large, max-video-preview:-1\" \/>\n<link rel=\"canonical\" href=\"https:\/\/www.livemag.it\/index.php\/2026\/01\/21\/a-new-york-funerali-di-rocco-commisso-funaro-ha-amato-firenze-e-la-fiorentina\/\" \/>\n<meta property=\"og:locale\" content=\"it_IT\" \/>\n<meta property=\"og:type\" content=\"article\" \/>\n<meta property=\"og:title\" content=\"A New York funerali di Rocco Commisso, Funaro &quot;Ha amato Firenze e la Fiorentina&quot; - Live Magazine\" \/>\n<meta property=\"og:description\" content=\"NEW YORK (STATI UNITI) (ITALPRESS) &#8211; &#8220;Non potevamo non esserci sia da un punto di vista personale sia in rappresentanza della nostra Firenze. Penso che la nostra presenza fosse importante, \u00e8 stata una cerimonia molto toccante, molto sentita e penso che lo dovevamo a Rocco, a una persona che ha amato tantissimo la nostra citt\u00e0, [&hellip;]\" \/>\n<meta property=\"og:url\" content=\"https:\/\/www.livemag.it\/index.php\/2026\/01\/21\/a-new-york-funerali-di-rocco-commisso-funaro-ha-amato-firenze-e-la-fiorentina\/\" \/>\n<meta property=\"og:site_name\" content=\"Live Magazine\" \/>\n<meta property=\"article:publisher\" content=\"https:\/\/www.facebook.com\/LiveMag\/\" \/>\n<meta property=\"article:published_time\" content=\"2026-01-21T20:02:31+00:00\" \/>\n<meta property=\"og:image\" content=\"https:\/\/www.livemag.it\/wp-content\/uploads\/2024\/02\/ograph.jpg\" \/>\n\t<meta property=\"og:image:width\" content=\"1200\" \/>\n\t<meta property=\"og:image:height\" content=\"675\" \/>\n\t<meta property=\"og:image:type\" content=\"image\/jpeg\" \/>\n<meta name=\"author\" content=\"italpress\" \/>\n<meta name=\"twitter:card\" content=\"summary_large_image\" \/>\n<meta name=\"twitter:creator\" content=\"@LiveNotizie\" \/>\n<meta name=\"twitter:site\" content=\"@LiveNotizie\" \/>\n<meta name=\"twitter:label1\" content=\"Scritto da\" \/>\n\t<meta name=\"twitter:data1\" content=\"italpress\" \/>\n\t<meta name=\"twitter:label2\" content=\"Tempo di lettura stimato\" \/>\n\t<meta name=\"twitter:data2\" content=\"1 minuto\" \/>\n<script type=\"application\/ld+json\" class=\"yoast-schema-graph\">{\"@context\":\"https:\\\/\\\/schema.org\",\"@graph\":[{\"@type\":\"Article\",\"@id\":\"https:\\\/\\\/www.livemag.it\\\/index.php\\\/2026\\\/01\\\/21\\\/a-new-york-funerali-di-rocco-commisso-funaro-ha-amato-firenze-e-la-fiorentina\\\/#article\",\"isPartOf\":{\"@id\":\"https:\\\/\\\/www.livemag.it\\\/index.php\\\/2026\\\/01\\\/21\\\/a-new-york-funerali-di-rocco-commisso-funaro-ha-amato-firenze-e-la-fiorentina\\\/\"},\"author\":{\"name\":\"italpress\",\"@id\":\"https:\\\/\\\/www.livemag.it\\\/#\\\/schema\\\/person\\\/b62c5f44451fdcdaeb0afe6c2424e73c\"},\"headline\":\"A New York funerali di Rocco Commisso, Funaro &#8220;Ha amato Firenze e la Fiorentina&#8221;\",\"datePublished\":\"2026-01-21T20:02:31+00:00\",\"mainEntityOfPage\":{\"@id\":\"https:\\\/\\\/www.livemag.it\\\/index.php\\\/2026\\\/01\\\/21\\\/a-new-york-funerali-di-rocco-commisso-funaro-ha-amato-firenze-e-la-fiorentina\\\/\"},\"wordCount\":246,\"publisher\":{\"@id\":\"https:\\\/\\\/www.livemag.it\\\/#organization\"},\"image\":{\"@id\":\"https:\\\/\\\/www.livemag.it\\\/index.php\\\/2026\\\/01\\\/21\\\/a-new-york-funerali-di-rocco-commisso-funaro-ha-amato-firenze-e-la-fiorentina\\\/#primaryimage\"},\"thumbnailUrl\":\"https:\\\/\\\/www.livemag.it\\\/wp-content\\\/uploads\\\/2026\\\/01\\\/kL8J.jpg\",\"articleSection\":[\"Video\"],\"inLanguage\":\"it-IT\"},{\"@type\":\"WebPage\",\"@id\":\"https:\\\/\\\/www.livemag.it\\\/index.php\\\/2026\\\/01\\\/21\\\/a-new-york-funerali-di-rocco-commisso-funaro-ha-amato-firenze-e-la-fiorentina\\\/\",\"url\":\"https:\\\/\\\/www.livemag.it\\\/index.php\\\/2026\\\/01\\\/21\\\/a-new-york-funerali-di-rocco-commisso-funaro-ha-amato-firenze-e-la-fiorentina\\\/\",\"name\":\"A New York funerali di Rocco Commisso, Funaro \\\"Ha amato Firenze e la Fiorentina\\\" - Live Magazine\",\"isPartOf\":{\"@id\":\"https:\\\/\\\/www.livemag.it\\\/#website\"},\"primaryImageOfPage\":{\"@id\":\"https:\\\/\\\/www.livemag.it\\\/index.php\\\/2026\\\/01\\\/21\\\/a-new-york-funerali-di-rocco-commisso-funaro-ha-amato-firenze-e-la-fiorentina\\\/#primaryimage\"},\"image\":{\"@id\":\"https:\\\/\\\/www.livemag.it\\\/index.php\\\/2026\\\/01\\\/21\\\/a-new-york-funerali-di-rocco-commisso-funaro-ha-amato-firenze-e-la-fiorentina\\\/#primaryimage\"},\"thumbnailUrl\":\"https:\\\/\\\/www.livemag.it\\\/wp-content\\\/uploads\\\/2026\\\/01\\\/kL8J.jpg\",\"datePublished\":\"2026-01-21T20:02:31+00:00\",\"breadcrumb\":{\"@id\":\"https:\\\/\\\/www.livemag.it\\\/index.php\\\/2026\\\/01\\\/21\\\/a-new-york-funerali-di-rocco-commisso-funaro-ha-amato-firenze-e-la-fiorentina\\\/#breadcrumb\"},\"inLanguage\":\"it-IT\",\"potentialAction\":[{\"@type\":\"ReadAction\",\"target\":[\"https:\\\/\\\/www.livemag.it\\\/index.php\\\/2026\\\/01\\\/21\\\/a-new-york-funerali-di-rocco-commisso-funaro-ha-amato-firenze-e-la-fiorentina\\\/\"]}]},{\"@type\":\"ImageObject\",\"inLanguage\":\"it-IT\",\"@id\":\"https:\\\/\\\/www.livemag.it\\\/index.php\\\/2026\\\/01\\\/21\\\/a-new-york-funerali-di-rocco-commisso-funaro-ha-amato-firenze-e-la-fiorentina\\\/#primaryimage\",\"url\":\"https:\\\/\\\/www.livemag.it\\\/wp-content\\\/uploads\\\/2026\\\/01\\\/kL8J.jpg\",\"contentUrl\":\"https:\\\/\\\/www.livemag.it\\\/wp-content\\\/uploads\\\/2026\\\/01\\\/kL8J.jpg\",\"width\":1920,\"height\":1080},{\"@type\":\"BreadcrumbList\",\"@id\":\"https:\\\/\\\/www.livemag.it\\\/index.php\\\/2026\\\/01\\\/21\\\/a-new-york-funerali-di-rocco-commisso-funaro-ha-amato-firenze-e-la-fiorentina\\\/#breadcrumb\",\"itemListElement\":[{\"@type\":\"ListItem\",\"position\":1,\"name\":\"Home\",\"item\":\"https:\\\/\\\/www.livemag.it\\\/\"},{\"@type\":\"ListItem\",\"position\":2,\"name\":\"A New York funerali di Rocco Commisso, Funaro &#8220;Ha amato Firenze e la Fiorentina&#8221;\"}]},{\"@type\":\"WebSite\",\"@id\":\"https:\\\/\\\/www.livemag.it\\\/#website\",\"url\":\"https:\\\/\\\/www.livemag.it\\\/\",\"name\":\"Live Magazine\",\"description\":\"Varie ed eventi\",\"publisher\":{\"@id\":\"https:\\\/\\\/www.livemag.it\\\/#organization\"},\"potentialAction\":[{\"@type\":\"SearchAction\",\"target\":{\"@type\":\"EntryPoint\",\"urlTemplate\":\"https:\\\/\\\/www.livemag.it\\\/?s={search_term_string}\"},\"query-input\":{\"@type\":\"PropertyValueSpecification\",\"valueRequired\":true,\"valueName\":\"search_term_string\"}}],\"inLanguage\":\"it-IT\"},{\"@type\":\"Organization\",\"@id\":\"https:\\\/\\\/www.livemag.it\\\/#organization\",\"name\":\"LiveMag\",\"alternateName\":\"LiveMag News ed eventi\",\"url\":\"https:\\\/\\\/www.livemag.it\\\/\",\"logo\":{\"@type\":\"ImageObject\",\"inLanguage\":\"it-IT\",\"@id\":\"https:\\\/\\\/www.livemag.it\\\/#\\\/schema\\\/logo\\\/image\\\/\",\"url\":\"https:\\\/\\\/www.livemag.it\\\/wp-content\\\/uploads\\\/2024\\\/02\\\/immagine-sito.jpg\",\"contentUrl\":\"https:\\\/\\\/www.livemag.it\\\/wp-content\\\/uploads\\\/2024\\\/02\\\/immagine-sito.jpg\",\"width\":696,\"height\":696,\"caption\":\"LiveMag\"},\"image\":{\"@id\":\"https:\\\/\\\/www.livemag.it\\\/#\\\/schema\\\/logo\\\/image\\\/\"},\"sameAs\":[\"https:\\\/\\\/www.facebook.com\\\/LiveMag\\\/\",\"https:\\\/\\\/x.com\\\/LiveNotizie\",\"https:\\\/\\\/www.instagram.com\\\/livemag\\\/\"]},{\"@type\":\"Person\",\"@id\":\"https:\\\/\\\/www.livemag.it\\\/#\\\/schema\\\/person\\\/b62c5f44451fdcdaeb0afe6c2424e73c\",\"name\":\"italpress\",\"image\":{\"@type\":\"ImageObject\",\"inLanguage\":\"it-IT\",\"@id\":\"https:\\\/\\\/secure.gravatar.com\\\/avatar\\\/b6a21695fc713ce7ee312cf57c97e2e641feb365be72d8745574d3c3e2b59066?s=96&r=g\",\"url\":\"https:\\\/\\\/secure.gravatar.com\\\/avatar\\\/b6a21695fc713ce7ee312cf57c97e2e641feb365be72d8745574d3c3e2b59066?s=96&r=g\",\"contentUrl\":\"https:\\\/\\\/secure.gravatar.com\\\/avatar\\\/b6a21695fc713ce7ee312cf57c97e2e641feb365be72d8745574d3c3e2b59066?s=96&r=g\",\"caption\":\"italpress\"},\"description\":\"Italpress \u00e8 un'agenzia di stampa italiana a carattere nazionale.\",\"url\":\"https:\\\/\\\/www.livemag.it\\\/index.php\\\/author\\\/italpress\\\/\"}]}<\/script>\n<!-- \/ Yoast SEO plugin. -->","yoast_head_json":{"title":"A New York funerali di Rocco Commisso, Funaro \"Ha amato Firenze e la Fiorentina\" - Live Magazine","robots":{"index":"index","follow":"follow","max-snippet":"max-snippet:-1","max-image-preview":"max-image-preview:large","max-video-preview":"max-video-preview:-1"},"canonical":"https:\/\/www.livemag.it\/index.php\/2026\/01\/21\/a-new-york-funerali-di-rocco-commisso-funaro-ha-amato-firenze-e-la-fiorentina\/","og_locale":"it_IT","og_type":"article","og_title":"A New York funerali di Rocco Commisso, Funaro \"Ha amato Firenze e la Fiorentina\" - Live Magazine","og_description":"NEW YORK (STATI UNITI) (ITALPRESS) &#8211; &#8220;Non potevamo non esserci sia da un punto di vista personale sia in rappresentanza della nostra Firenze. Penso che la nostra presenza fosse importante, \u00e8 stata una cerimonia molto toccante, molto sentita e penso che lo dovevamo a Rocco, a una persona che ha amato tantissimo la nostra citt\u00e0, [&hellip;]","og_url":"https:\/\/www.livemag.it\/index.php\/2026\/01\/21\/a-new-york-funerali-di-rocco-commisso-funaro-ha-amato-firenze-e-la-fiorentina\/","og_site_name":"Live Magazine","article_publisher":"https:\/\/www.facebook.com\/LiveMag\/","article_published_time":"2026-01-21T20:02:31+00:00","og_image":[{"width":1200,"height":675,"url":"https:\/\/www.livemag.it\/wp-content\/uploads\/2024\/02\/ograph.jpg","type":"image\/jpeg"}],"author":"italpress","twitter_card":"summary_large_image","twitter_creator":"@LiveNotizie","twitter_site":"@LiveNotizie","twitter_misc":{"Scritto da":"italpress","Tempo di lettura stimato":"1 minuto"},"schema":{"@context":"https:\/\/schema.org","@graph":[{"@type":"Article","@id":"https:\/\/www.livemag.it\/index.php\/2026\/01\/21\/a-new-york-funerali-di-rocco-commisso-funaro-ha-amato-firenze-e-la-fiorentina\/#article","isPartOf":{"@id":"https:\/\/www.livemag.it\/index.php\/2026\/01\/21\/a-new-york-funerali-di-rocco-commisso-funaro-ha-amato-firenze-e-la-fiorentina\/"},"author":{"name":"italpress","@id":"https:\/\/www.livemag.it\/#\/schema\/person\/b62c5f44451fdcdaeb0afe6c2424e73c"},"headline":"A New York funerali di Rocco Commisso, Funaro &#8220;Ha amato Firenze e la Fiorentina&#8221;","datePublished":"2026-01-21T20:02:31+00:00","mainEntityOfPage":{"@id":"https:\/\/www.livemag.it\/index.php\/2026\/01\/21\/a-new-york-funerali-di-rocco-commisso-funaro-ha-amato-firenze-e-la-fiorentina\/"},"wordCount":246,"publisher":{"@id":"https:\/\/www.livemag.it\/#organization"},"image":{"@id":"https:\/\/www.livemag.it\/index.php\/2026\/01\/21\/a-new-york-funerali-di-rocco-commisso-funaro-ha-amato-firenze-e-la-fiorentina\/#primaryimage"},"thumbnailUrl":"https:\/\/www.livemag.it\/wp-content\/uploads\/2026\/01\/kL8J.jpg","articleSection":["Video"],"inLanguage":"it-IT"},{"@type":"WebPage","@id":"https:\/\/www.livemag.it\/index.php\/2026\/01\/21\/a-new-york-funerali-di-rocco-commisso-funaro-ha-amato-firenze-e-la-fiorentina\/","url":"https:\/\/www.livemag.it\/index.php\/2026\/01\/21\/a-new-york-funerali-di-rocco-commisso-funaro-ha-amato-firenze-e-la-fiorentina\/","name":"A New York funerali di Rocco Commisso, Funaro \"Ha amato Firenze e la Fiorentina\" - Live Magazine","isPartOf":{"@id":"https:\/\/www.livemag.it\/#website"},"primaryImageOfPage":{"@id":"https:\/\/www.livemag.it\/index.php\/2026\/01\/21\/a-new-york-funerali-di-rocco-commisso-funaro-ha-amato-firenze-e-la-fiorentina\/#primaryimage"},"image":{"@id":"https:\/\/www.livemag.it\/index.php\/2026\/01\/21\/a-new-york-funerali-di-rocco-commisso-funaro-ha-amato-firenze-e-la-fiorentina\/#primaryimage"},"thumbnailUrl":"https:\/\/www.livemag.it\/wp-content\/uploads\/2026\/01\/kL8J.jpg","datePublished":"2026-01-21T20:02:31+00:00","breadcrumb":{"@id":"https:\/\/www.livemag.it\/index.php\/2026\/01\/21\/a-new-york-funerali-di-rocco-commisso-funaro-ha-amato-firenze-e-la-fiorentina\/#breadcrumb"},"inLanguage":"it-IT","potentialAction":[{"@type":"ReadAction","target":["https:\/\/www.livemag.it\/index.php\/2026\/01\/21\/a-new-york-funerali-di-rocco-commisso-funaro-ha-amato-firenze-e-la-fiorentina\/"]}]},{"@type":"ImageObject","inLanguage":"it-IT","@id":"https:\/\/www.livemag.it\/index.php\/2026\/01\/21\/a-new-york-funerali-di-rocco-commisso-funaro-ha-amato-firenze-e-la-fiorentina\/#primaryimage","url":"https:\/\/www.livemag.it\/wp-content\/uploads\/2026\/01\/kL8J.jpg","contentUrl":"https:\/\/www.livemag.it\/wp-content\/uploads\/2026\/01\/kL8J.jpg","width":1920,"height":1080},{"@type":"BreadcrumbList","@id":"https:\/\/www.livemag.it\/index.php\/2026\/01\/21\/a-new-york-funerali-di-rocco-commisso-funaro-ha-amato-firenze-e-la-fiorentina\/#breadcrumb","itemListElement":[{"@type":"ListItem","position":1,"name":"Home","item":"https:\/\/www.livemag.it\/"},{"@type":"ListItem","position":2,"name":"A New York funerali di Rocco Commisso, Funaro &#8220;Ha amato Firenze e la Fiorentina&#8221;"}]},{"@type":"WebSite","@id":"https:\/\/www.livemag.it\/#website","url":"https:\/\/www.livemag.it\/","name":"Live Magazine","description":"Varie ed eventi","publisher":{"@id":"https:\/\/www.livemag.it\/#organization"},"potentialAction":[{"@type":"SearchAction","target":{"@type":"EntryPoint","urlTemplate":"https:\/\/www.livemag.it\/?s={search_term_string}"},"query-input":{"@type":"PropertyValueSpecification","valueRequired":true,"valueName":"search_term_string"}}],"inLanguage":"it-IT"},{"@type":"Organization","@id":"https:\/\/www.livemag.it\/#organization","name":"LiveMag","alternateName":"LiveMag News ed eventi","url":"https:\/\/www.livemag.it\/","logo":{"@type":"ImageObject","inLanguage":"it-IT","@id":"https:\/\/www.livemag.it\/#\/schema\/logo\/image\/","url":"https:\/\/www.livemag.it\/wp-content\/uploads\/2024\/02\/immagine-sito.jpg","contentUrl":"https:\/\/www.livemag.it\/wp-content\/uploads\/2024\/02\/immagine-sito.jpg","width":696,"height":696,"caption":"LiveMag"},"image":{"@id":"https:\/\/www.livemag.it\/#\/schema\/logo\/image\/"},"sameAs":["https:\/\/www.facebook.com\/LiveMag\/","https:\/\/x.com\/LiveNotizie","https:\/\/www.instagram.com\/livemag\/"]},{"@type":"Person","@id":"https:\/\/www.livemag.it\/#\/schema\/person\/b62c5f44451fdcdaeb0afe6c2424e73c","name":"italpress","image":{"@type":"ImageObject","inLanguage":"it-IT","@id":"https:\/\/secure.gravatar.com\/avatar\/b6a21695fc713ce7ee312cf57c97e2e641feb365be72d8745574d3c3e2b59066?s=96&r=g","url":"https:\/\/secure.gravatar.com\/avatar\/b6a21695fc713ce7ee312cf57c97e2e641feb365be72d8745574d3c3e2b59066?s=96&r=g","contentUrl":"https:\/\/secure.gravatar.com\/avatar\/b6a21695fc713ce7ee312cf57c97e2e641feb365be72d8745574d3c3e2b59066?s=96&r=g","caption":"italpress"},"description":"Italpress \u00e8 un'agenzia di stampa italiana a carattere nazionale.","url":"https:\/\/www.livemag.it\/index.php\/author\/italpress\/"}]}},"jetpack_featured_media_url":"https:\/\/www.livemag.it\/wp-content\/uploads\/2026\/01\/kL8J.jpg","_links":{"self":[{"href":"https:\/\/www.livemag.it\/index.php\/wp-json\/wp\/v2\/posts\/67696","targetHints":{"allow":["GET"]}}],"collection":[{"href":"https:\/\/www.livemag.it\/index.php\/wp-json\/wp\/v2\/posts"}],"about":[{"href":"https:\/\/www.livemag.it\/index.php\/wp-json\/wp\/v2\/types\/post"}],"author":[{"embeddable":true,"href":"https:\/\/www.livemag.it\/index.php\/wp-json\/wp\/v2\/users\/16"}],"replies":[{"embeddable":true,"href":"https:\/\/www.livemag.it\/index.php\/wp-json\/wp\/v2\/comments?post=67696"}],"version-history":[{"count":0,"href":"https:\/\/www.livemag.it\/index.php\/wp-json\/wp\/v2\/posts\/67696\/revisions"}],"wp:featuredmedia":[{"embeddable":true,"href":"https:\/\/www.livemag.it\/index.php\/wp-json\/wp\/v2\/media\/67697"}],"wp:attachment":[{"href":"https:\/\/www.livemag.it\/index.php\/wp-json\/wp\/v2\/media?parent=67696"}],"wp:term":[{"taxonomy":"category","embeddable":true,"href":"https:\/\/www.livemag.it\/index.php\/wp-json\/wp\/v2\/categories?post=67696"},{"taxonomy":"post_tag","embeddable":true,"href":"https:\/\/www.livemag.it\/index.php\/wp-json\/wp\/v2\/tags?post=67696"}],"curies":[{"name":"wp","href":"https:\/\/api.w.org\/{rel}","templated":true}]}}