{"id":67688,"date":"2026-01-21T18:02:56","date_gmt":"2026-01-21T17:02:56","guid":{"rendered":"https:\/\/www.livemag.it\/index.php\/2026\/01\/21\/gasperini-buona-posizione-in-europa-league-ma-piu-concentrati-sul-milan\/"},"modified":"2026-01-21T18:02:56","modified_gmt":"2026-01-21T17:02:56","slug":"gasperini-buona-posizione-in-europa-league-ma-piu-concentrati-sul-milan","status":"publish","type":"post","link":"https:\/\/www.livemag.it\/index.php\/2026\/01\/21\/gasperini-buona-posizione-in-europa-league-ma-piu-concentrati-sul-milan\/","title":{"rendered":"Gasperini \u201cBuona posizione in Europa League ma pi\u00f9 concentrati sul Milan\u201d"},"content":{"rendered":"<div>\n<p>ROMA (ITALPRESS) \u2013 <strong><em>\u201cDomani \u00e8 una partita molto ravvicinata a quella di domenica col Milan, che sicuramente in questo momento \u00e8 una partita che ha maggiore attenzione\u201d<\/em><\/strong>. <strong>Gian Piero Gasperini<\/strong> ha messo subito in chiaro le cose nella conferenza stampa che precede la sfida di<strong> Europa League tra Roma e Stoccarda.<\/strong><\/p>\n<p>Nella coppa europea, i giallorossi sono in <em>\u201cuna buona posizione<\/em> (a -1 dall\u2019ottavo posto che vale la qualificazione diretta agli ottavi), <em>sappiamo che vincendo avremmo grosse possibilit\u00e0 di evitare i playoff\u201d,<\/em> ammette il tecnico, ma allo stesso tempo \u201c<em>in questo momento il campionato, per come sono andati i risultati domenica, \u00e8 ci\u00f2 su cui abbiamo maggiore attenzione<\/em>\u201c.<\/p>\n<p>Quarto posto a +3 sulla<strong> Juventus<\/strong> e con il big match di domenica all\u2019Olimpico per provare a portarsi a una sola lunghezza dal Milan: un\u2019occasione troppo ghiotta per non pensarci. A proposito di obiettivi, quello di vincere l\u2019Europa League non pu\u00f2 rientrare tra questi: \u201c<em>Vincere un trofeo in Europa, per le squadre italiane, \u00e8 diventato un problema. Basta vedere le partite di ieri. Se questo diventa il metro di giudizio, si corre il rischio di essere molto delusi\u201d,<\/em> spiega Gasperini.<\/p>\n<p>Per il tecnico giallorosso l\u2019obiettivo \u00e8 <em>\u201cmigliorarci e crescere, con il mercato o con le partite, per cercare di diventare una squadra migliore e pi\u00f9 forte. Poi, quando si avr\u00e0 la sensazione di essere una squadra forte, allora forse si arriver\u00e0 a vincere qualcosa\u201d.<\/em><\/p>\n<p>Poi, l\u2019attualit\u00e0: \u201c<em>La squadra sta bene, a parte Hermoso e i soliti, e oltre alle assenze dei due nuovi arrivi. Dybala sta bene, \u00e8 un giocatore recuperato. E\u2019 chiaro che gli anni passano e magari sul profilo della velocit\u00e0 rispetto ad anni fa pu\u00f2 avere qualcosa in meno, ma riesce a essere un giocatore importante\u201d.<\/em> Un commento anche sul taglio di <strong>Bailey<\/strong> (\u201cl<em>a decisione di interrompere il prestito \u00e8 stata determinata da infortuni. E\u2019 stata un\u2019esperienza negativa per tutti, \u00e8 un peccato)<\/em>, prima dell\u2019annuncio di una nuova chance per <strong>Ferguson:<\/strong> <em>\u201cA oggi \u00e8 un giocatore della Roma, ogni occasione per lui \u00e8 buona per fare delle prestazioni. Ultimamente ne ha fatte di buone, ha fatto anche gol importanti, domani mi aspetto una prestazione in linea con le ultime\u201d.<\/em><\/p>\n<p>Al fianco di<strong> Gasperini Niccol\u00f2 Pisilli,<\/strong> che ha allontanato le sirene di mercato: <em>\u201cLa sessione chiude il 2 febbraio ma sono totalmente focalizzato sulla Roma, sulla partita di domani e su quelle che verranno da qui fino a fine stagione\u201d<\/em>, le sue parole. A dar man forte al suo discorso anche quello di Gasperini, per lui il centrocampista classe 2004 non deve cercare spazio altrove per crescere. <em>\u201cNon c\u2019\u00e8 bisogno di andare via. La sua esperienza la deve fare qua, deve diventare forte alla Roma. Arriver\u00e0 il momento in cui diventer\u00e0 del valore di Kon\u00e8 e Cristante\u201d,<\/em> ha concluso il tecnico della Roma.<\/p>\n<p>\u2013 Foto Ipa Agency \u2013<br \/>\n(ITALPRESS).<\/p>\n<\/div>\n","protected":false},"excerpt":{"rendered":"<p>ROMA (ITALPRESS) \u2013 \u201cDomani \u00e8 una partita molto ravvicinata a quella di domenica col Milan, che sicuramente in questo momento \u00e8 una partita che ha maggiore attenzione\u201d. Gian Piero Gasperini ha messo subito in chiaro le cose nella conferenza stampa che precede la sfida di Europa League tra Roma e Stoccarda. Nella coppa europea, i [&hellip;]<\/p>\n","protected":false},"author":16,"featured_media":67689,"comment_status":"closed","ping_status":"closed","sticky":false,"template":"","format":"standard","meta":{"jnews-multi-image_gallery":[],"jnews_single_post":[],"jnews_primary_category":[],"jnews_social_meta":[],"jnews_override_counter":[],"jnews_post_split":[],"footnotes":""},"categories":[1129],"tags":[],"class_list":["post-67688","post","type-post","status-publish","format-standard","has-post-thumbnail","hentry","category-mondo"],"yoast_head":"<!-- This site is optimized with the Yoast SEO plugin v27.5 - https:\/\/yoast.com\/product\/yoast-seo-wordpress\/ -->\n<title>Gasperini \u201cBuona posizione in Europa League ma pi\u00f9 concentrati sul Milan\u201d - Live Magazine<\/title>\n<meta name=\"robots\" content=\"index, follow, max-snippet:-1, max-image-preview:large, max-video-preview:-1\" \/>\n<link rel=\"canonical\" href=\"https:\/\/www.livemag.it\/index.php\/2026\/01\/21\/gasperini-buona-posizione-in-europa-league-ma-piu-concentrati-sul-milan\/\" \/>\n<meta property=\"og:locale\" content=\"it_IT\" \/>\n<meta property=\"og:type\" content=\"article\" \/>\n<meta property=\"og:title\" content=\"Gasperini \u201cBuona posizione in Europa League ma pi\u00f9 concentrati sul Milan\u201d - Live Magazine\" \/>\n<meta property=\"og:description\" content=\"ROMA (ITALPRESS) \u2013 \u201cDomani \u00e8 una partita molto ravvicinata a quella di domenica col Milan, che sicuramente in questo momento \u00e8 una partita che ha maggiore attenzione\u201d. Gian Piero Gasperini ha messo subito in chiaro le cose nella conferenza stampa che precede la sfida di Europa League tra Roma e Stoccarda. Nella coppa europea, i [&hellip;]\" \/>\n<meta property=\"og:url\" content=\"https:\/\/www.livemag.it\/index.php\/2026\/01\/21\/gasperini-buona-posizione-in-europa-league-ma-piu-concentrati-sul-milan\/\" \/>\n<meta property=\"og:site_name\" content=\"Live Magazine\" \/>\n<meta property=\"article:publisher\" content=\"https:\/\/www.facebook.com\/LiveMag\/\" \/>\n<meta property=\"article:published_time\" content=\"2026-01-21T17:02:56+00:00\" \/>\n<meta property=\"og:image\" content=\"https:\/\/www.livemag.it\/wp-content\/uploads\/2024\/02\/ograph.jpg\" \/>\n\t<meta property=\"og:image:width\" content=\"1200\" \/>\n\t<meta property=\"og:image:height\" content=\"675\" \/>\n\t<meta property=\"og:image:type\" content=\"image\/jpeg\" \/>\n<meta name=\"author\" content=\"italpress\" \/>\n<meta name=\"twitter:card\" content=\"summary_large_image\" \/>\n<meta name=\"twitter:creator\" content=\"@LiveNotizie\" \/>\n<meta name=\"twitter:site\" content=\"@LiveNotizie\" \/>\n<meta name=\"twitter:label1\" content=\"Scritto da\" \/>\n\t<meta name=\"twitter:data1\" content=\"italpress\" \/>\n\t<meta name=\"twitter:label2\" content=\"Tempo di lettura stimato\" \/>\n\t<meta name=\"twitter:data2\" content=\"2 minuti\" \/>\n<script type=\"application\/ld+json\" class=\"yoast-schema-graph\">{\"@context\":\"https:\\\/\\\/schema.org\",\"@graph\":[{\"@type\":\"Article\",\"@id\":\"https:\\\/\\\/www.livemag.it\\\/index.php\\\/2026\\\/01\\\/21\\\/gasperini-buona-posizione-in-europa-league-ma-piu-concentrati-sul-milan\\\/#article\",\"isPartOf\":{\"@id\":\"https:\\\/\\\/www.livemag.it\\\/index.php\\\/2026\\\/01\\\/21\\\/gasperini-buona-posizione-in-europa-league-ma-piu-concentrati-sul-milan\\\/\"},\"author\":{\"name\":\"italpress\",\"@id\":\"https:\\\/\\\/www.livemag.it\\\/#\\\/schema\\\/person\\\/b62c5f44451fdcdaeb0afe6c2424e73c\"},\"headline\":\"Gasperini \u201cBuona posizione in Europa League ma pi\u00f9 concentrati sul Milan\u201d\",\"datePublished\":\"2026-01-21T17:02:56+00:00\",\"mainEntityOfPage\":{\"@id\":\"https:\\\/\\\/www.livemag.it\\\/index.php\\\/2026\\\/01\\\/21\\\/gasperini-buona-posizione-in-europa-league-ma-piu-concentrati-sul-milan\\\/\"},\"wordCount\":472,\"publisher\":{\"@id\":\"https:\\\/\\\/www.livemag.it\\\/#organization\"},\"image\":{\"@id\":\"https:\\\/\\\/www.livemag.it\\\/index.php\\\/2026\\\/01\\\/21\\\/gasperini-buona-posizione-in-europa-league-ma-piu-concentrati-sul-milan\\\/#primaryimage\"},\"thumbnailUrl\":\"https:\\\/\\\/www.livemag.it\\\/wp-content\\\/uploads\\\/2026\\\/01\\\/20260121_1849.jpg\",\"articleSection\":[\"Mondo\"],\"inLanguage\":\"it-IT\"},{\"@type\":\"WebPage\",\"@id\":\"https:\\\/\\\/www.livemag.it\\\/index.php\\\/2026\\\/01\\\/21\\\/gasperini-buona-posizione-in-europa-league-ma-piu-concentrati-sul-milan\\\/\",\"url\":\"https:\\\/\\\/www.livemag.it\\\/index.php\\\/2026\\\/01\\\/21\\\/gasperini-buona-posizione-in-europa-league-ma-piu-concentrati-sul-milan\\\/\",\"name\":\"Gasperini \u201cBuona posizione in Europa League ma pi\u00f9 concentrati sul Milan\u201d - Live Magazine\",\"isPartOf\":{\"@id\":\"https:\\\/\\\/www.livemag.it\\\/#website\"},\"primaryImageOfPage\":{\"@id\":\"https:\\\/\\\/www.livemag.it\\\/index.php\\\/2026\\\/01\\\/21\\\/gasperini-buona-posizione-in-europa-league-ma-piu-concentrati-sul-milan\\\/#primaryimage\"},\"image\":{\"@id\":\"https:\\\/\\\/www.livemag.it\\\/index.php\\\/2026\\\/01\\\/21\\\/gasperini-buona-posizione-in-europa-league-ma-piu-concentrati-sul-milan\\\/#primaryimage\"},\"thumbnailUrl\":\"https:\\\/\\\/www.livemag.it\\\/wp-content\\\/uploads\\\/2026\\\/01\\\/20260121_1849.jpg\",\"datePublished\":\"2026-01-21T17:02:56+00:00\",\"breadcrumb\":{\"@id\":\"https:\\\/\\\/www.livemag.it\\\/index.php\\\/2026\\\/01\\\/21\\\/gasperini-buona-posizione-in-europa-league-ma-piu-concentrati-sul-milan\\\/#breadcrumb\"},\"inLanguage\":\"it-IT\",\"potentialAction\":[{\"@type\":\"ReadAction\",\"target\":[\"https:\\\/\\\/www.livemag.it\\\/index.php\\\/2026\\\/01\\\/21\\\/gasperini-buona-posizione-in-europa-league-ma-piu-concentrati-sul-milan\\\/\"]}]},{\"@type\":\"ImageObject\",\"inLanguage\":\"it-IT\",\"@id\":\"https:\\\/\\\/www.livemag.it\\\/index.php\\\/2026\\\/01\\\/21\\\/gasperini-buona-posizione-in-europa-league-ma-piu-concentrati-sul-milan\\\/#primaryimage\",\"url\":\"https:\\\/\\\/www.livemag.it\\\/wp-content\\\/uploads\\\/2026\\\/01\\\/20260121_1849.jpg\",\"contentUrl\":\"https:\\\/\\\/www.livemag.it\\\/wp-content\\\/uploads\\\/2026\\\/01\\\/20260121_1849.jpg\",\"width\":1200,\"height\":800},{\"@type\":\"BreadcrumbList\",\"@id\":\"https:\\\/\\\/www.livemag.it\\\/index.php\\\/2026\\\/01\\\/21\\\/gasperini-buona-posizione-in-europa-league-ma-piu-concentrati-sul-milan\\\/#breadcrumb\",\"itemListElement\":[{\"@type\":\"ListItem\",\"position\":1,\"name\":\"Home\",\"item\":\"https:\\\/\\\/www.livemag.it\\\/\"},{\"@type\":\"ListItem\",\"position\":2,\"name\":\"Gasperini \u201cBuona posizione in Europa League ma pi\u00f9 concentrati sul Milan\u201d\"}]},{\"@type\":\"WebSite\",\"@id\":\"https:\\\/\\\/www.livemag.it\\\/#website\",\"url\":\"https:\\\/\\\/www.livemag.it\\\/\",\"name\":\"Live Magazine\",\"description\":\"Varie ed eventi\",\"publisher\":{\"@id\":\"https:\\\/\\\/www.livemag.it\\\/#organization\"},\"potentialAction\":[{\"@type\":\"SearchAction\",\"target\":{\"@type\":\"EntryPoint\",\"urlTemplate\":\"https:\\\/\\\/www.livemag.it\\\/?s={search_term_string}\"},\"query-input\":{\"@type\":\"PropertyValueSpecification\",\"valueRequired\":true,\"valueName\":\"search_term_string\"}}],\"inLanguage\":\"it-IT\"},{\"@type\":\"Organization\",\"@id\":\"https:\\\/\\\/www.livemag.it\\\/#organization\",\"name\":\"LiveMag\",\"alternateName\":\"LiveMag News ed eventi\",\"url\":\"https:\\\/\\\/www.livemag.it\\\/\",\"logo\":{\"@type\":\"ImageObject\",\"inLanguage\":\"it-IT\",\"@id\":\"https:\\\/\\\/www.livemag.it\\\/#\\\/schema\\\/logo\\\/image\\\/\",\"url\":\"https:\\\/\\\/www.livemag.it\\\/wp-content\\\/uploads\\\/2024\\\/02\\\/immagine-sito.jpg\",\"contentUrl\":\"https:\\\/\\\/www.livemag.it\\\/wp-content\\\/uploads\\\/2024\\\/02\\\/immagine-sito.jpg\",\"width\":696,\"height\":696,\"caption\":\"LiveMag\"},\"image\":{\"@id\":\"https:\\\/\\\/www.livemag.it\\\/#\\\/schema\\\/logo\\\/image\\\/\"},\"sameAs\":[\"https:\\\/\\\/www.facebook.com\\\/LiveMag\\\/\",\"https:\\\/\\\/x.com\\\/LiveNotizie\",\"https:\\\/\\\/www.instagram.com\\\/livemag\\\/\"]},{\"@type\":\"Person\",\"@id\":\"https:\\\/\\\/www.livemag.it\\\/#\\\/schema\\\/person\\\/b62c5f44451fdcdaeb0afe6c2424e73c\",\"name\":\"italpress\",\"image\":{\"@type\":\"ImageObject\",\"inLanguage\":\"it-IT\",\"@id\":\"https:\\\/\\\/secure.gravatar.com\\\/avatar\\\/b6a21695fc713ce7ee312cf57c97e2e641feb365be72d8745574d3c3e2b59066?s=96&r=g\",\"url\":\"https:\\\/\\\/secure.gravatar.com\\\/avatar\\\/b6a21695fc713ce7ee312cf57c97e2e641feb365be72d8745574d3c3e2b59066?s=96&r=g\",\"contentUrl\":\"https:\\\/\\\/secure.gravatar.com\\\/avatar\\\/b6a21695fc713ce7ee312cf57c97e2e641feb365be72d8745574d3c3e2b59066?s=96&r=g\",\"caption\":\"italpress\"},\"description\":\"Italpress \u00e8 un'agenzia di stampa italiana a carattere nazionale.\",\"url\":\"https:\\\/\\\/www.livemag.it\\\/index.php\\\/author\\\/italpress\\\/\"}]}<\/script>\n<!-- \/ Yoast SEO plugin. -->","yoast_head_json":{"title":"Gasperini \u201cBuona posizione in Europa League ma pi\u00f9 concentrati sul Milan\u201d - Live Magazine","robots":{"index":"index","follow":"follow","max-snippet":"max-snippet:-1","max-image-preview":"max-image-preview:large","max-video-preview":"max-video-preview:-1"},"canonical":"https:\/\/www.livemag.it\/index.php\/2026\/01\/21\/gasperini-buona-posizione-in-europa-league-ma-piu-concentrati-sul-milan\/","og_locale":"it_IT","og_type":"article","og_title":"Gasperini \u201cBuona posizione in Europa League ma pi\u00f9 concentrati sul Milan\u201d - Live Magazine","og_description":"ROMA (ITALPRESS) \u2013 \u201cDomani \u00e8 una partita molto ravvicinata a quella di domenica col Milan, che sicuramente in questo momento \u00e8 una partita che ha maggiore attenzione\u201d. Gian Piero Gasperini ha messo subito in chiaro le cose nella conferenza stampa che precede la sfida di Europa League tra Roma e Stoccarda. Nella coppa europea, i [&hellip;]","og_url":"https:\/\/www.livemag.it\/index.php\/2026\/01\/21\/gasperini-buona-posizione-in-europa-league-ma-piu-concentrati-sul-milan\/","og_site_name":"Live Magazine","article_publisher":"https:\/\/www.facebook.com\/LiveMag\/","article_published_time":"2026-01-21T17:02:56+00:00","og_image":[{"width":1200,"height":675,"url":"https:\/\/www.livemag.it\/wp-content\/uploads\/2024\/02\/ograph.jpg","type":"image\/jpeg"}],"author":"italpress","twitter_card":"summary_large_image","twitter_creator":"@LiveNotizie","twitter_site":"@LiveNotizie","twitter_misc":{"Scritto da":"italpress","Tempo di lettura stimato":"2 minuti"},"schema":{"@context":"https:\/\/schema.org","@graph":[{"@type":"Article","@id":"https:\/\/www.livemag.it\/index.php\/2026\/01\/21\/gasperini-buona-posizione-in-europa-league-ma-piu-concentrati-sul-milan\/#article","isPartOf":{"@id":"https:\/\/www.livemag.it\/index.php\/2026\/01\/21\/gasperini-buona-posizione-in-europa-league-ma-piu-concentrati-sul-milan\/"},"author":{"name":"italpress","@id":"https:\/\/www.livemag.it\/#\/schema\/person\/b62c5f44451fdcdaeb0afe6c2424e73c"},"headline":"Gasperini \u201cBuona posizione in Europa League ma pi\u00f9 concentrati sul Milan\u201d","datePublished":"2026-01-21T17:02:56+00:00","mainEntityOfPage":{"@id":"https:\/\/www.livemag.it\/index.php\/2026\/01\/21\/gasperini-buona-posizione-in-europa-league-ma-piu-concentrati-sul-milan\/"},"wordCount":472,"publisher":{"@id":"https:\/\/www.livemag.it\/#organization"},"image":{"@id":"https:\/\/www.livemag.it\/index.php\/2026\/01\/21\/gasperini-buona-posizione-in-europa-league-ma-piu-concentrati-sul-milan\/#primaryimage"},"thumbnailUrl":"https:\/\/www.livemag.it\/wp-content\/uploads\/2026\/01\/20260121_1849.jpg","articleSection":["Mondo"],"inLanguage":"it-IT"},{"@type":"WebPage","@id":"https:\/\/www.livemag.it\/index.php\/2026\/01\/21\/gasperini-buona-posizione-in-europa-league-ma-piu-concentrati-sul-milan\/","url":"https:\/\/www.livemag.it\/index.php\/2026\/01\/21\/gasperini-buona-posizione-in-europa-league-ma-piu-concentrati-sul-milan\/","name":"Gasperini \u201cBuona posizione in Europa League ma pi\u00f9 concentrati sul Milan\u201d - Live Magazine","isPartOf":{"@id":"https:\/\/www.livemag.it\/#website"},"primaryImageOfPage":{"@id":"https:\/\/www.livemag.it\/index.php\/2026\/01\/21\/gasperini-buona-posizione-in-europa-league-ma-piu-concentrati-sul-milan\/#primaryimage"},"image":{"@id":"https:\/\/www.livemag.it\/index.php\/2026\/01\/21\/gasperini-buona-posizione-in-europa-league-ma-piu-concentrati-sul-milan\/#primaryimage"},"thumbnailUrl":"https:\/\/www.livemag.it\/wp-content\/uploads\/2026\/01\/20260121_1849.jpg","datePublished":"2026-01-21T17:02:56+00:00","breadcrumb":{"@id":"https:\/\/www.livemag.it\/index.php\/2026\/01\/21\/gasperini-buona-posizione-in-europa-league-ma-piu-concentrati-sul-milan\/#breadcrumb"},"inLanguage":"it-IT","potentialAction":[{"@type":"ReadAction","target":["https:\/\/www.livemag.it\/index.php\/2026\/01\/21\/gasperini-buona-posizione-in-europa-league-ma-piu-concentrati-sul-milan\/"]}]},{"@type":"ImageObject","inLanguage":"it-IT","@id":"https:\/\/www.livemag.it\/index.php\/2026\/01\/21\/gasperini-buona-posizione-in-europa-league-ma-piu-concentrati-sul-milan\/#primaryimage","url":"https:\/\/www.livemag.it\/wp-content\/uploads\/2026\/01\/20260121_1849.jpg","contentUrl":"https:\/\/www.livemag.it\/wp-content\/uploads\/2026\/01\/20260121_1849.jpg","width":1200,"height":800},{"@type":"BreadcrumbList","@id":"https:\/\/www.livemag.it\/index.php\/2026\/01\/21\/gasperini-buona-posizione-in-europa-league-ma-piu-concentrati-sul-milan\/#breadcrumb","itemListElement":[{"@type":"ListItem","position":1,"name":"Home","item":"https:\/\/www.livemag.it\/"},{"@type":"ListItem","position":2,"name":"Gasperini \u201cBuona posizione in Europa League ma pi\u00f9 concentrati sul Milan\u201d"}]},{"@type":"WebSite","@id":"https:\/\/www.livemag.it\/#website","url":"https:\/\/www.livemag.it\/","name":"Live Magazine","description":"Varie ed eventi","publisher":{"@id":"https:\/\/www.livemag.it\/#organization"},"potentialAction":[{"@type":"SearchAction","target":{"@type":"EntryPoint","urlTemplate":"https:\/\/www.livemag.it\/?s={search_term_string}"},"query-input":{"@type":"PropertyValueSpecification","valueRequired":true,"valueName":"search_term_string"}}],"inLanguage":"it-IT"},{"@type":"Organization","@id":"https:\/\/www.livemag.it\/#organization","name":"LiveMag","alternateName":"LiveMag News ed eventi","url":"https:\/\/www.livemag.it\/","logo":{"@type":"ImageObject","inLanguage":"it-IT","@id":"https:\/\/www.livemag.it\/#\/schema\/logo\/image\/","url":"https:\/\/www.livemag.it\/wp-content\/uploads\/2024\/02\/immagine-sito.jpg","contentUrl":"https:\/\/www.livemag.it\/wp-content\/uploads\/2024\/02\/immagine-sito.jpg","width":696,"height":696,"caption":"LiveMag"},"image":{"@id":"https:\/\/www.livemag.it\/#\/schema\/logo\/image\/"},"sameAs":["https:\/\/www.facebook.com\/LiveMag\/","https:\/\/x.com\/LiveNotizie","https:\/\/www.instagram.com\/livemag\/"]},{"@type":"Person","@id":"https:\/\/www.livemag.it\/#\/schema\/person\/b62c5f44451fdcdaeb0afe6c2424e73c","name":"italpress","image":{"@type":"ImageObject","inLanguage":"it-IT","@id":"https:\/\/secure.gravatar.com\/avatar\/b6a21695fc713ce7ee312cf57c97e2e641feb365be72d8745574d3c3e2b59066?s=96&r=g","url":"https:\/\/secure.gravatar.com\/avatar\/b6a21695fc713ce7ee312cf57c97e2e641feb365be72d8745574d3c3e2b59066?s=96&r=g","contentUrl":"https:\/\/secure.gravatar.com\/avatar\/b6a21695fc713ce7ee312cf57c97e2e641feb365be72d8745574d3c3e2b59066?s=96&r=g","caption":"italpress"},"description":"Italpress \u00e8 un'agenzia di stampa italiana a carattere nazionale.","url":"https:\/\/www.livemag.it\/index.php\/author\/italpress\/"}]}},"jetpack_featured_media_url":"https:\/\/www.livemag.it\/wp-content\/uploads\/2026\/01\/20260121_1849.jpg","_links":{"self":[{"href":"https:\/\/www.livemag.it\/index.php\/wp-json\/wp\/v2\/posts\/67688","targetHints":{"allow":["GET"]}}],"collection":[{"href":"https:\/\/www.livemag.it\/index.php\/wp-json\/wp\/v2\/posts"}],"about":[{"href":"https:\/\/www.livemag.it\/index.php\/wp-json\/wp\/v2\/types\/post"}],"author":[{"embeddable":true,"href":"https:\/\/www.livemag.it\/index.php\/wp-json\/wp\/v2\/users\/16"}],"replies":[{"embeddable":true,"href":"https:\/\/www.livemag.it\/index.php\/wp-json\/wp\/v2\/comments?post=67688"}],"version-history":[{"count":0,"href":"https:\/\/www.livemag.it\/index.php\/wp-json\/wp\/v2\/posts\/67688\/revisions"}],"wp:featuredmedia":[{"embeddable":true,"href":"https:\/\/www.livemag.it\/index.php\/wp-json\/wp\/v2\/media\/67689"}],"wp:attachment":[{"href":"https:\/\/www.livemag.it\/index.php\/wp-json\/wp\/v2\/media?parent=67688"}],"wp:term":[{"taxonomy":"category","embeddable":true,"href":"https:\/\/www.livemag.it\/index.php\/wp-json\/wp\/v2\/categories?post=67688"},{"taxonomy":"post_tag","embeddable":true,"href":"https:\/\/www.livemag.it\/index.php\/wp-json\/wp\/v2\/tags?post=67688"}],"curies":[{"name":"wp","href":"https:\/\/api.w.org\/{rel}","templated":true}]}}