{"id":67670,"date":"2026-01-21T15:02:54","date_gmt":"2026-01-21T14:02:54","guid":{"rendered":"https:\/\/www.livemag.it\/index.php\/2026\/01\/21\/dazi-panetta-mondo-piu-furbo-dei-vincoli-il-commercio-si-e-riallocato\/"},"modified":"2026-01-21T15:02:54","modified_gmt":"2026-01-21T14:02:54","slug":"dazi-panetta-mondo-piu-furbo-dei-vincoli-il-commercio-si-e-riallocato","status":"publish","type":"post","link":"https:\/\/www.livemag.it\/index.php\/2026\/01\/21\/dazi-panetta-mondo-piu-furbo-dei-vincoli-il-commercio-si-e-riallocato\/","title":{"rendered":"Dazi, Panetta \u201cMondo pi\u00f9 furbo dei vincoli, il commercio si \u00e8 riallocato\u201d"},"content":{"rendered":"<div>\n<p>MILANO (ITALPRESS) \u2013 \u201cSu come agiranno i dazi, come il commercio internazionale poi sar\u00e0 influenzato da questi dazi imposti, ci possono essere dei ritardi, per\u00f2 di fatto il mondo \u00e8 pi\u00f9 furbo dei vincoli e il commercio si \u00e8 riallocato\u201d. Lo ha detto il governatore della Banca d\u2019Italia Fabio Panetta in occasione del Comitato Esecutivo dell\u2019ABI.<br \/>\u201cLe esportazioni cinesi non sono crollate \u2013 ha aggiunto -. Sono scese molto le importazioni statunitensi dalla Cina, ma dagli altri Paesi no. Sono aumentate le esportazioni cinesi verso molti Paesi asiatici che poi sono di fatto una tappa intermedia verso gli Stati Uniti\u201d. <br \/>\u201cL\u2019Europa ha avuto un andamento migliore di quello che ci attendevamo, ma ovviamente il paese che soffre di pi\u00f9 \u00e8 la Germania dove la produzione industriale ha il maggior peso. Avendo i dazi da parte degli Stati Uniti e una Germania che non cresce \u2013 e sono i nostri due principali mercati di sbocco \u2013 l\u2019Italia ovviamente sta soffrendo di queste condizioni internazionali\u201d, ha spiegato Panetta.<\/p>\n<p>\u2013 Foto IPA Agency \u2013<\/p>\n<p>(ITALPRESS).<\/p>\n<\/div>\n","protected":false},"excerpt":{"rendered":"<p>MILANO (ITALPRESS) \u2013 \u201cSu come agiranno i dazi, come il commercio internazionale poi sar\u00e0 influenzato da questi dazi imposti, ci possono essere dei ritardi, per\u00f2 di fatto il mondo \u00e8 pi\u00f9 furbo dei vincoli e il commercio si \u00e8 riallocato\u201d. Lo ha detto il governatore della Banca d\u2019Italia Fabio Panetta in occasione del Comitato Esecutivo [&hellip;]<\/p>\n","protected":false},"author":16,"featured_media":67671,"comment_status":"closed","ping_status":"closed","sticky":false,"template":"","format":"standard","meta":{"jnews-multi-image_gallery":[],"jnews_single_post":[],"jnews_primary_category":[],"jnews_social_meta":[],"jnews_override_counter":[],"jnews_post_split":[],"footnotes":""},"categories":[1129],"tags":[],"class_list":["post-67670","post","type-post","status-publish","format-standard","has-post-thumbnail","hentry","category-mondo"],"yoast_head":"<!-- This site is optimized with the Yoast SEO plugin v27.5 - https:\/\/yoast.com\/product\/yoast-seo-wordpress\/ -->\n<title>Dazi, Panetta \u201cMondo pi\u00f9 furbo dei vincoli, il commercio si \u00e8 riallocato\u201d - Live Magazine<\/title>\n<meta name=\"robots\" content=\"index, follow, max-snippet:-1, max-image-preview:large, max-video-preview:-1\" \/>\n<link rel=\"canonical\" href=\"https:\/\/www.livemag.it\/index.php\/2026\/01\/21\/dazi-panetta-mondo-piu-furbo-dei-vincoli-il-commercio-si-e-riallocato\/\" \/>\n<meta property=\"og:locale\" content=\"it_IT\" \/>\n<meta property=\"og:type\" content=\"article\" \/>\n<meta property=\"og:title\" content=\"Dazi, Panetta \u201cMondo pi\u00f9 furbo dei vincoli, il commercio si \u00e8 riallocato\u201d - Live Magazine\" \/>\n<meta property=\"og:description\" content=\"MILANO (ITALPRESS) \u2013 \u201cSu come agiranno i dazi, come il commercio internazionale poi sar\u00e0 influenzato da questi dazi imposti, ci possono essere dei ritardi, per\u00f2 di fatto il mondo \u00e8 pi\u00f9 furbo dei vincoli e il commercio si \u00e8 riallocato\u201d. Lo ha detto il governatore della Banca d\u2019Italia Fabio Panetta in occasione del Comitato Esecutivo [&hellip;]\" \/>\n<meta property=\"og:url\" content=\"https:\/\/www.livemag.it\/index.php\/2026\/01\/21\/dazi-panetta-mondo-piu-furbo-dei-vincoli-il-commercio-si-e-riallocato\/\" \/>\n<meta property=\"og:site_name\" content=\"Live Magazine\" \/>\n<meta property=\"article:publisher\" content=\"https:\/\/www.facebook.com\/LiveMag\/\" \/>\n<meta property=\"article:published_time\" content=\"2026-01-21T14:02:54+00:00\" \/>\n<meta property=\"og:image\" content=\"https:\/\/www.livemag.it\/wp-content\/uploads\/2024\/02\/ograph.jpg\" \/>\n\t<meta property=\"og:image:width\" content=\"1200\" \/>\n\t<meta property=\"og:image:height\" content=\"675\" \/>\n\t<meta property=\"og:image:type\" content=\"image\/jpeg\" \/>\n<meta name=\"author\" content=\"italpress\" \/>\n<meta name=\"twitter:card\" content=\"summary_large_image\" \/>\n<meta name=\"twitter:creator\" content=\"@LiveNotizie\" \/>\n<meta name=\"twitter:site\" content=\"@LiveNotizie\" \/>\n<meta name=\"twitter:label1\" content=\"Scritto da\" \/>\n\t<meta name=\"twitter:data1\" content=\"italpress\" \/>\n\t<meta name=\"twitter:label2\" content=\"Tempo di lettura stimato\" \/>\n\t<meta name=\"twitter:data2\" content=\"1 minuto\" \/>\n<script type=\"application\/ld+json\" class=\"yoast-schema-graph\">{\"@context\":\"https:\\\/\\\/schema.org\",\"@graph\":[{\"@type\":\"Article\",\"@id\":\"https:\\\/\\\/www.livemag.it\\\/index.php\\\/2026\\\/01\\\/21\\\/dazi-panetta-mondo-piu-furbo-dei-vincoli-il-commercio-si-e-riallocato\\\/#article\",\"isPartOf\":{\"@id\":\"https:\\\/\\\/www.livemag.it\\\/index.php\\\/2026\\\/01\\\/21\\\/dazi-panetta-mondo-piu-furbo-dei-vincoli-il-commercio-si-e-riallocato\\\/\"},\"author\":{\"name\":\"italpress\",\"@id\":\"https:\\\/\\\/www.livemag.it\\\/#\\\/schema\\\/person\\\/b62c5f44451fdcdaeb0afe6c2424e73c\"},\"headline\":\"Dazi, Panetta \u201cMondo pi\u00f9 furbo dei vincoli, il commercio si \u00e8 riallocato\u201d\",\"datePublished\":\"2026-01-21T14:02:54+00:00\",\"mainEntityOfPage\":{\"@id\":\"https:\\\/\\\/www.livemag.it\\\/index.php\\\/2026\\\/01\\\/21\\\/dazi-panetta-mondo-piu-furbo-dei-vincoli-il-commercio-si-e-riallocato\\\/\"},\"wordCount\":178,\"publisher\":{\"@id\":\"https:\\\/\\\/www.livemag.it\\\/#organization\"},\"image\":{\"@id\":\"https:\\\/\\\/www.livemag.it\\\/index.php\\\/2026\\\/01\\\/21\\\/dazi-panetta-mondo-piu-furbo-dei-vincoli-il-commercio-si-e-riallocato\\\/#primaryimage\"},\"thumbnailUrl\":\"https:\\\/\\\/www.livemag.it\\\/wp-content\\\/uploads\\\/2026\\\/01\\\/20260121_0790.jpg\",\"articleSection\":[\"Mondo\"],\"inLanguage\":\"it-IT\"},{\"@type\":\"WebPage\",\"@id\":\"https:\\\/\\\/www.livemag.it\\\/index.php\\\/2026\\\/01\\\/21\\\/dazi-panetta-mondo-piu-furbo-dei-vincoli-il-commercio-si-e-riallocato\\\/\",\"url\":\"https:\\\/\\\/www.livemag.it\\\/index.php\\\/2026\\\/01\\\/21\\\/dazi-panetta-mondo-piu-furbo-dei-vincoli-il-commercio-si-e-riallocato\\\/\",\"name\":\"Dazi, Panetta \u201cMondo pi\u00f9 furbo dei vincoli, il commercio si \u00e8 riallocato\u201d - Live Magazine\",\"isPartOf\":{\"@id\":\"https:\\\/\\\/www.livemag.it\\\/#website\"},\"primaryImageOfPage\":{\"@id\":\"https:\\\/\\\/www.livemag.it\\\/index.php\\\/2026\\\/01\\\/21\\\/dazi-panetta-mondo-piu-furbo-dei-vincoli-il-commercio-si-e-riallocato\\\/#primaryimage\"},\"image\":{\"@id\":\"https:\\\/\\\/www.livemag.it\\\/index.php\\\/2026\\\/01\\\/21\\\/dazi-panetta-mondo-piu-furbo-dei-vincoli-il-commercio-si-e-riallocato\\\/#primaryimage\"},\"thumbnailUrl\":\"https:\\\/\\\/www.livemag.it\\\/wp-content\\\/uploads\\\/2026\\\/01\\\/20260121_0790.jpg\",\"datePublished\":\"2026-01-21T14:02:54+00:00\",\"breadcrumb\":{\"@id\":\"https:\\\/\\\/www.livemag.it\\\/index.php\\\/2026\\\/01\\\/21\\\/dazi-panetta-mondo-piu-furbo-dei-vincoli-il-commercio-si-e-riallocato\\\/#breadcrumb\"},\"inLanguage\":\"it-IT\",\"potentialAction\":[{\"@type\":\"ReadAction\",\"target\":[\"https:\\\/\\\/www.livemag.it\\\/index.php\\\/2026\\\/01\\\/21\\\/dazi-panetta-mondo-piu-furbo-dei-vincoli-il-commercio-si-e-riallocato\\\/\"]}]},{\"@type\":\"ImageObject\",\"inLanguage\":\"it-IT\",\"@id\":\"https:\\\/\\\/www.livemag.it\\\/index.php\\\/2026\\\/01\\\/21\\\/dazi-panetta-mondo-piu-furbo-dei-vincoli-il-commercio-si-e-riallocato\\\/#primaryimage\",\"url\":\"https:\\\/\\\/www.livemag.it\\\/wp-content\\\/uploads\\\/2026\\\/01\\\/20260121_0790.jpg\",\"contentUrl\":\"https:\\\/\\\/www.livemag.it\\\/wp-content\\\/uploads\\\/2026\\\/01\\\/20260121_0790.jpg\",\"width\":1200,\"height\":1011},{\"@type\":\"BreadcrumbList\",\"@id\":\"https:\\\/\\\/www.livemag.it\\\/index.php\\\/2026\\\/01\\\/21\\\/dazi-panetta-mondo-piu-furbo-dei-vincoli-il-commercio-si-e-riallocato\\\/#breadcrumb\",\"itemListElement\":[{\"@type\":\"ListItem\",\"position\":1,\"name\":\"Home\",\"item\":\"https:\\\/\\\/www.livemag.it\\\/\"},{\"@type\":\"ListItem\",\"position\":2,\"name\":\"Dazi, Panetta \u201cMondo pi\u00f9 furbo dei vincoli, il commercio si \u00e8 riallocato\u201d\"}]},{\"@type\":\"WebSite\",\"@id\":\"https:\\\/\\\/www.livemag.it\\\/#website\",\"url\":\"https:\\\/\\\/www.livemag.it\\\/\",\"name\":\"Live Magazine\",\"description\":\"Varie ed eventi\",\"publisher\":{\"@id\":\"https:\\\/\\\/www.livemag.it\\\/#organization\"},\"potentialAction\":[{\"@type\":\"SearchAction\",\"target\":{\"@type\":\"EntryPoint\",\"urlTemplate\":\"https:\\\/\\\/www.livemag.it\\\/?s={search_term_string}\"},\"query-input\":{\"@type\":\"PropertyValueSpecification\",\"valueRequired\":true,\"valueName\":\"search_term_string\"}}],\"inLanguage\":\"it-IT\"},{\"@type\":\"Organization\",\"@id\":\"https:\\\/\\\/www.livemag.it\\\/#organization\",\"name\":\"LiveMag\",\"alternateName\":\"LiveMag News ed eventi\",\"url\":\"https:\\\/\\\/www.livemag.it\\\/\",\"logo\":{\"@type\":\"ImageObject\",\"inLanguage\":\"it-IT\",\"@id\":\"https:\\\/\\\/www.livemag.it\\\/#\\\/schema\\\/logo\\\/image\\\/\",\"url\":\"https:\\\/\\\/www.livemag.it\\\/wp-content\\\/uploads\\\/2024\\\/02\\\/immagine-sito.jpg\",\"contentUrl\":\"https:\\\/\\\/www.livemag.it\\\/wp-content\\\/uploads\\\/2024\\\/02\\\/immagine-sito.jpg\",\"width\":696,\"height\":696,\"caption\":\"LiveMag\"},\"image\":{\"@id\":\"https:\\\/\\\/www.livemag.it\\\/#\\\/schema\\\/logo\\\/image\\\/\"},\"sameAs\":[\"https:\\\/\\\/www.facebook.com\\\/LiveMag\\\/\",\"https:\\\/\\\/x.com\\\/LiveNotizie\",\"https:\\\/\\\/www.instagram.com\\\/livemag\\\/\"]},{\"@type\":\"Person\",\"@id\":\"https:\\\/\\\/www.livemag.it\\\/#\\\/schema\\\/person\\\/b62c5f44451fdcdaeb0afe6c2424e73c\",\"name\":\"italpress\",\"image\":{\"@type\":\"ImageObject\",\"inLanguage\":\"it-IT\",\"@id\":\"https:\\\/\\\/secure.gravatar.com\\\/avatar\\\/b6a21695fc713ce7ee312cf57c97e2e641feb365be72d8745574d3c3e2b59066?s=96&r=g\",\"url\":\"https:\\\/\\\/secure.gravatar.com\\\/avatar\\\/b6a21695fc713ce7ee312cf57c97e2e641feb365be72d8745574d3c3e2b59066?s=96&r=g\",\"contentUrl\":\"https:\\\/\\\/secure.gravatar.com\\\/avatar\\\/b6a21695fc713ce7ee312cf57c97e2e641feb365be72d8745574d3c3e2b59066?s=96&r=g\",\"caption\":\"italpress\"},\"description\":\"Italpress \u00e8 un'agenzia di stampa italiana a carattere nazionale.\",\"url\":\"https:\\\/\\\/www.livemag.it\\\/index.php\\\/author\\\/italpress\\\/\"}]}<\/script>\n<!-- \/ Yoast SEO plugin. -->","yoast_head_json":{"title":"Dazi, Panetta \u201cMondo pi\u00f9 furbo dei vincoli, il commercio si \u00e8 riallocato\u201d - Live Magazine","robots":{"index":"index","follow":"follow","max-snippet":"max-snippet:-1","max-image-preview":"max-image-preview:large","max-video-preview":"max-video-preview:-1"},"canonical":"https:\/\/www.livemag.it\/index.php\/2026\/01\/21\/dazi-panetta-mondo-piu-furbo-dei-vincoli-il-commercio-si-e-riallocato\/","og_locale":"it_IT","og_type":"article","og_title":"Dazi, Panetta \u201cMondo pi\u00f9 furbo dei vincoli, il commercio si \u00e8 riallocato\u201d - Live Magazine","og_description":"MILANO (ITALPRESS) \u2013 \u201cSu come agiranno i dazi, come il commercio internazionale poi sar\u00e0 influenzato da questi dazi imposti, ci possono essere dei ritardi, per\u00f2 di fatto il mondo \u00e8 pi\u00f9 furbo dei vincoli e il commercio si \u00e8 riallocato\u201d. Lo ha detto il governatore della Banca d\u2019Italia Fabio Panetta in occasione del Comitato Esecutivo [&hellip;]","og_url":"https:\/\/www.livemag.it\/index.php\/2026\/01\/21\/dazi-panetta-mondo-piu-furbo-dei-vincoli-il-commercio-si-e-riallocato\/","og_site_name":"Live Magazine","article_publisher":"https:\/\/www.facebook.com\/LiveMag\/","article_published_time":"2026-01-21T14:02:54+00:00","og_image":[{"width":1200,"height":675,"url":"https:\/\/www.livemag.it\/wp-content\/uploads\/2024\/02\/ograph.jpg","type":"image\/jpeg"}],"author":"italpress","twitter_card":"summary_large_image","twitter_creator":"@LiveNotizie","twitter_site":"@LiveNotizie","twitter_misc":{"Scritto da":"italpress","Tempo di lettura stimato":"1 minuto"},"schema":{"@context":"https:\/\/schema.org","@graph":[{"@type":"Article","@id":"https:\/\/www.livemag.it\/index.php\/2026\/01\/21\/dazi-panetta-mondo-piu-furbo-dei-vincoli-il-commercio-si-e-riallocato\/#article","isPartOf":{"@id":"https:\/\/www.livemag.it\/index.php\/2026\/01\/21\/dazi-panetta-mondo-piu-furbo-dei-vincoli-il-commercio-si-e-riallocato\/"},"author":{"name":"italpress","@id":"https:\/\/www.livemag.it\/#\/schema\/person\/b62c5f44451fdcdaeb0afe6c2424e73c"},"headline":"Dazi, Panetta \u201cMondo pi\u00f9 furbo dei vincoli, il commercio si \u00e8 riallocato\u201d","datePublished":"2026-01-21T14:02:54+00:00","mainEntityOfPage":{"@id":"https:\/\/www.livemag.it\/index.php\/2026\/01\/21\/dazi-panetta-mondo-piu-furbo-dei-vincoli-il-commercio-si-e-riallocato\/"},"wordCount":178,"publisher":{"@id":"https:\/\/www.livemag.it\/#organization"},"image":{"@id":"https:\/\/www.livemag.it\/index.php\/2026\/01\/21\/dazi-panetta-mondo-piu-furbo-dei-vincoli-il-commercio-si-e-riallocato\/#primaryimage"},"thumbnailUrl":"https:\/\/www.livemag.it\/wp-content\/uploads\/2026\/01\/20260121_0790.jpg","articleSection":["Mondo"],"inLanguage":"it-IT"},{"@type":"WebPage","@id":"https:\/\/www.livemag.it\/index.php\/2026\/01\/21\/dazi-panetta-mondo-piu-furbo-dei-vincoli-il-commercio-si-e-riallocato\/","url":"https:\/\/www.livemag.it\/index.php\/2026\/01\/21\/dazi-panetta-mondo-piu-furbo-dei-vincoli-il-commercio-si-e-riallocato\/","name":"Dazi, Panetta \u201cMondo pi\u00f9 furbo dei vincoli, il commercio si \u00e8 riallocato\u201d - Live Magazine","isPartOf":{"@id":"https:\/\/www.livemag.it\/#website"},"primaryImageOfPage":{"@id":"https:\/\/www.livemag.it\/index.php\/2026\/01\/21\/dazi-panetta-mondo-piu-furbo-dei-vincoli-il-commercio-si-e-riallocato\/#primaryimage"},"image":{"@id":"https:\/\/www.livemag.it\/index.php\/2026\/01\/21\/dazi-panetta-mondo-piu-furbo-dei-vincoli-il-commercio-si-e-riallocato\/#primaryimage"},"thumbnailUrl":"https:\/\/www.livemag.it\/wp-content\/uploads\/2026\/01\/20260121_0790.jpg","datePublished":"2026-01-21T14:02:54+00:00","breadcrumb":{"@id":"https:\/\/www.livemag.it\/index.php\/2026\/01\/21\/dazi-panetta-mondo-piu-furbo-dei-vincoli-il-commercio-si-e-riallocato\/#breadcrumb"},"inLanguage":"it-IT","potentialAction":[{"@type":"ReadAction","target":["https:\/\/www.livemag.it\/index.php\/2026\/01\/21\/dazi-panetta-mondo-piu-furbo-dei-vincoli-il-commercio-si-e-riallocato\/"]}]},{"@type":"ImageObject","inLanguage":"it-IT","@id":"https:\/\/www.livemag.it\/index.php\/2026\/01\/21\/dazi-panetta-mondo-piu-furbo-dei-vincoli-il-commercio-si-e-riallocato\/#primaryimage","url":"https:\/\/www.livemag.it\/wp-content\/uploads\/2026\/01\/20260121_0790.jpg","contentUrl":"https:\/\/www.livemag.it\/wp-content\/uploads\/2026\/01\/20260121_0790.jpg","width":1200,"height":1011},{"@type":"BreadcrumbList","@id":"https:\/\/www.livemag.it\/index.php\/2026\/01\/21\/dazi-panetta-mondo-piu-furbo-dei-vincoli-il-commercio-si-e-riallocato\/#breadcrumb","itemListElement":[{"@type":"ListItem","position":1,"name":"Home","item":"https:\/\/www.livemag.it\/"},{"@type":"ListItem","position":2,"name":"Dazi, Panetta \u201cMondo pi\u00f9 furbo dei vincoli, il commercio si \u00e8 riallocato\u201d"}]},{"@type":"WebSite","@id":"https:\/\/www.livemag.it\/#website","url":"https:\/\/www.livemag.it\/","name":"Live Magazine","description":"Varie ed eventi","publisher":{"@id":"https:\/\/www.livemag.it\/#organization"},"potentialAction":[{"@type":"SearchAction","target":{"@type":"EntryPoint","urlTemplate":"https:\/\/www.livemag.it\/?s={search_term_string}"},"query-input":{"@type":"PropertyValueSpecification","valueRequired":true,"valueName":"search_term_string"}}],"inLanguage":"it-IT"},{"@type":"Organization","@id":"https:\/\/www.livemag.it\/#organization","name":"LiveMag","alternateName":"LiveMag News ed eventi","url":"https:\/\/www.livemag.it\/","logo":{"@type":"ImageObject","inLanguage":"it-IT","@id":"https:\/\/www.livemag.it\/#\/schema\/logo\/image\/","url":"https:\/\/www.livemag.it\/wp-content\/uploads\/2024\/02\/immagine-sito.jpg","contentUrl":"https:\/\/www.livemag.it\/wp-content\/uploads\/2024\/02\/immagine-sito.jpg","width":696,"height":696,"caption":"LiveMag"},"image":{"@id":"https:\/\/www.livemag.it\/#\/schema\/logo\/image\/"},"sameAs":["https:\/\/www.facebook.com\/LiveMag\/","https:\/\/x.com\/LiveNotizie","https:\/\/www.instagram.com\/livemag\/"]},{"@type":"Person","@id":"https:\/\/www.livemag.it\/#\/schema\/person\/b62c5f44451fdcdaeb0afe6c2424e73c","name":"italpress","image":{"@type":"ImageObject","inLanguage":"it-IT","@id":"https:\/\/secure.gravatar.com\/avatar\/b6a21695fc713ce7ee312cf57c97e2e641feb365be72d8745574d3c3e2b59066?s=96&r=g","url":"https:\/\/secure.gravatar.com\/avatar\/b6a21695fc713ce7ee312cf57c97e2e641feb365be72d8745574d3c3e2b59066?s=96&r=g","contentUrl":"https:\/\/secure.gravatar.com\/avatar\/b6a21695fc713ce7ee312cf57c97e2e641feb365be72d8745574d3c3e2b59066?s=96&r=g","caption":"italpress"},"description":"Italpress \u00e8 un'agenzia di stampa italiana a carattere nazionale.","url":"https:\/\/www.livemag.it\/index.php\/author\/italpress\/"}]}},"jetpack_featured_media_url":"https:\/\/www.livemag.it\/wp-content\/uploads\/2026\/01\/20260121_0790.jpg","_links":{"self":[{"href":"https:\/\/www.livemag.it\/index.php\/wp-json\/wp\/v2\/posts\/67670","targetHints":{"allow":["GET"]}}],"collection":[{"href":"https:\/\/www.livemag.it\/index.php\/wp-json\/wp\/v2\/posts"}],"about":[{"href":"https:\/\/www.livemag.it\/index.php\/wp-json\/wp\/v2\/types\/post"}],"author":[{"embeddable":true,"href":"https:\/\/www.livemag.it\/index.php\/wp-json\/wp\/v2\/users\/16"}],"replies":[{"embeddable":true,"href":"https:\/\/www.livemag.it\/index.php\/wp-json\/wp\/v2\/comments?post=67670"}],"version-history":[{"count":0,"href":"https:\/\/www.livemag.it\/index.php\/wp-json\/wp\/v2\/posts\/67670\/revisions"}],"wp:featuredmedia":[{"embeddable":true,"href":"https:\/\/www.livemag.it\/index.php\/wp-json\/wp\/v2\/media\/67671"}],"wp:attachment":[{"href":"https:\/\/www.livemag.it\/index.php\/wp-json\/wp\/v2\/media?parent=67670"}],"wp:term":[{"taxonomy":"category","embeddable":true,"href":"https:\/\/www.livemag.it\/index.php\/wp-json\/wp\/v2\/categories?post=67670"},{"taxonomy":"post_tag","embeddable":true,"href":"https:\/\/www.livemag.it\/index.php\/wp-json\/wp\/v2\/tags?post=67670"}],"curies":[{"name":"wp","href":"https:\/\/api.w.org\/{rel}","templated":true}]}}