{"id":67650,"date":"2026-01-21T12:49:11","date_gmt":"2026-01-21T11:49:11","guid":{"rendered":"https:\/\/www.livemag.it\/?p=67650"},"modified":"2026-01-22T13:32:18","modified_gmt":"2026-01-22T12:32:18","slug":"malgioglio-al-carnevale-montese-di-montescaglioso-matera","status":"publish","type":"post","link":"https:\/\/www.livemag.it\/index.php\/2026\/01\/21\/malgioglio-al-carnevale-montese-di-montescaglioso-matera\/","title":{"rendered":"Malgioglio al Carnevale Montese di Montescaglioso (Matera)"},"content":{"rendered":"\n<h4 class=\"wp-block-heading\"><strong><a href=\"https:\/\/www.facebook.com\/cristianomalgioglioreal\/?locale=it_IT\">Cristiano Malgioglio<\/a><\/strong> (nella foto), tra i pi\u00f9 amati personaggi del mondo dello spettacolo italiano \u00e8 la star &nbsp;67esima edizione dello storico Carnevale Montese di Montescaglioso (Matera). <strong>L&#8217;evento, che si svolge, il 7, 8, 14, 15 e 17 febbraio 2026<\/strong>, si preannuncia pieno di eventi, carri, divertimento e musica porter\u00e0 sul palco la sua energia e il suo talento musicale.<\/h4>\n\n\n\n<p>Malgioglio, che \u00e8 prima di tutto un autore d&#8217;eccellenza ed un cantante con 30 album pubblicati in carriera quando si prende la scena \u00e8 un interprete scatenato. Dagli anni 2000, ha consolidato la sua popolarit\u00e0 anche in televisione.Riconosciuto anche quest&#8217;anno dal Ministero della Cultura tra i Carnevali Storici d&#8217;Italia, ogni anno Carnevale Montese di Montescaglioso (Matera) cresce. Grazie all&#8217;Amministrazione Comunale guidata dal sindaco Vincenzo Zito e grazie al fondamentale contributo dell&#8217;Associazione Carnevale Montese presieduta da Valentina Didio. <\/p>\n\n\n\n<h4 class=\"wp-block-heading\">\u00abIl Carnevale \u00e9 un evento ci rende orgogliosi, dando davvero importanza al nostro paese\u00bb, spiega il sindaco Vincenzo Zito. \u00abE&#8217; un successo che deriva dall&#8217;impegno di associazioni costituite da ragazzi volontari che lavorano per questo evento tutto l&#8217;anno. &nbsp;Avvicinare i giovani alla magia del Carnevale e farli divertire restando a Montescaglioso \u00e9 da sempre un obbiettivo primario per questa amministrazione\u00bb Sono attese decine di migliaia di persone, per rilassarsi e divertirsi in mille modi: sfilate di carri allegorici, sia mattutine sia serali. <\/h4>\n\n\n\n<p>In passato qui si sono esibiti, con la loro musica e la loro energia DJ e artisti del calibro di Gigi D&#8217;Agostino, Gabry Ponte, Get Far Fargetta e Prezioso e quest&#8217;anno, grazie alla collaborazione con Kontakt Agency, l&#8217;agenzia di Francesco Andrisani, il ritmo cresce ancora grazie a due artisti internazionali. &nbsp;\u00abI miei genitori sono nati a Montescaglioso e quando il Comune e l&#8217;Associazione Carnevale Montese mi hanno coinvolto, ho subito &nbsp;sposato il progetto con entusiasmo\u00bb, spiega Francesco Andrisani. \u00abSono certo che il Carnevale andr\u00e0 oltre i confini della Basilicata e con gli artisti che portiamo quest&#8217;anno sul palco, ci sar\u00e0 una risonanza anche internazionale\u00bb.<\/p>\n\n\n\n<p>Dalla Francia arrivano infatti gli HEADER, tra i protagonisti della scena elettronica internazionale. Gi\u00e0 protagonisti in Belgio nel 2023 sul palco del Tomorrowland, probabilmente il festival musicale pi\u00f9 importante al mondo quando si tratta di musica da ballare, si sono esibiti con David Guetta all&#8217;Hi Ibiza&#8230;<\/p>\n\n\n\n<p>Sul palco ci sar\u00e0 anche la slovena De Xenia: con tutta la sua energia ed il suo ritmo scatenato, \u00e8 gi\u00e0 stata protagonista sul palco di Ultra Miami ed Ultra Miami, altre due manifestazioni&#8230;<\/p>\n\n\n\n<p>Ecco poi Rudeejay e Dino Brown. Rudeejay di casa, al Nameless, festival italiano di riferimento per la scena EDM e spesso collabora con DJ del calibro di Ti\u00ebsto, NERVO, Tujamo, TNT, Plastik Funk, oltre ad aver remixato Bob Sinclar, Burak Yeter e altri. Dino Brown, conduttore e autore radiofonico, a lungo ad m2o, da tempo cura anche La Storia della Dance, un format di grande successo. Completano il cast la giovane Rossella Di Pierro, in decisa crescita nello scenario italiano e non solo ed il 17 febbraio i Futura, Band nata a Matera.<\/p>\n","protected":false},"excerpt":{"rendered":"<p>Cristiano Malgioglio (nella foto), tra i pi\u00f9 amati personaggi del mondo dello spettacolo italiano \u00e8 la star &nbsp;67esima edizione dello storico Carnevale Montese di Montescaglioso (Matera). L&#8217;evento, che si svolge, il 7, 8, 14, 15 e 17 febbraio 2026, si preannuncia pieno di eventi, carri, divertimento e musica porter\u00e0 sul palco la sua energia e [&hellip;]<\/p>\n","protected":false},"author":21,"featured_media":67651,"comment_status":"open","ping_status":"open","sticky":false,"template":"","format":"standard","meta":{"jnews-multi-image_gallery":[],"jnews_single_post":{"format":"standard"},"jnews_primary_category":[],"jnews_social_meta":[],"jnews_override_counter":[],"jnews_post_split":[],"footnotes":""},"categories":[1372],"tags":[79],"class_list":["post-67650","post","type-post","status-publish","format-standard","has-post-thumbnail","hentry","category-good-life","tag-carnevale"],"yoast_head":"<!-- This site is optimized with the Yoast SEO plugin v27.5 - https:\/\/yoast.com\/product\/yoast-seo-wordpress\/ -->\n<title>Malgioglio al Carnevale Montese di Montescaglioso (Matera) - Live Magazine<\/title>\n<meta name=\"description\" content=\"Carnevale Montese di Montescaglioso con Malgioglio, HEADER, De Xenia, Rudeejay, Dino Brown e Rossella Di Pierro\" \/>\n<meta name=\"robots\" content=\"index, follow, max-snippet:-1, max-image-preview:large, max-video-preview:-1\" \/>\n<link rel=\"canonical\" href=\"https:\/\/www.livemag.it\/index.php\/2026\/01\/21\/malgioglio-al-carnevale-montese-di-montescaglioso-matera\/\" \/>\n<meta property=\"og:locale\" content=\"it_IT\" \/>\n<meta property=\"og:type\" content=\"article\" \/>\n<meta property=\"og:title\" content=\"Malgioglio al Carnevale Montese di Montescaglioso (Matera) - Live Magazine\" \/>\n<meta property=\"og:description\" content=\"Carnevale Montese di Montescaglioso con Malgioglio, HEADER, De Xenia, Rudeejay, Dino Brown e Rossella Di Pierro\" \/>\n<meta property=\"og:url\" content=\"https:\/\/www.livemag.it\/index.php\/2026\/01\/21\/malgioglio-al-carnevale-montese-di-montescaglioso-matera\/\" \/>\n<meta property=\"og:site_name\" content=\"Live Magazine\" \/>\n<meta property=\"article:publisher\" content=\"https:\/\/www.facebook.com\/LiveMag\/\" \/>\n<meta property=\"article:published_time\" content=\"2026-01-21T11:49:11+00:00\" \/>\n<meta property=\"article:modified_time\" content=\"2026-01-22T12:32:18+00:00\" \/>\n<meta property=\"og:image\" content=\"https:\/\/www.livemag.it\/wp-content\/uploads\/2026\/01\/carnevale.jpg\" \/>\n\t<meta property=\"og:image:width\" content=\"1134\" \/>\n\t<meta property=\"og:image:height\" content=\"810\" \/>\n\t<meta property=\"og:image:type\" content=\"image\/jpeg\" \/>\n<meta name=\"author\" content=\"Lorenzo Tiezzi\" \/>\n<meta name=\"twitter:card\" content=\"summary_large_image\" \/>\n<meta name=\"twitter:creator\" content=\"@LiveNotizie\" \/>\n<meta name=\"twitter:site\" content=\"@LiveNotizie\" \/>\n<meta name=\"twitter:label1\" content=\"Scritto da\" \/>\n\t<meta name=\"twitter:data1\" content=\"Lorenzo Tiezzi\" \/>\n\t<meta name=\"twitter:label2\" content=\"Tempo di lettura stimato\" \/>\n\t<meta name=\"twitter:data2\" content=\"3 minuti\" \/>\n<script type=\"application\/ld+json\" class=\"yoast-schema-graph\">{\"@context\":\"https:\\\/\\\/schema.org\",\"@graph\":[{\"@type\":\"Article\",\"@id\":\"https:\\\/\\\/www.livemag.it\\\/index.php\\\/2026\\\/01\\\/21\\\/malgioglio-al-carnevale-montese-di-montescaglioso-matera\\\/#article\",\"isPartOf\":{\"@id\":\"https:\\\/\\\/www.livemag.it\\\/index.php\\\/2026\\\/01\\\/21\\\/malgioglio-al-carnevale-montese-di-montescaglioso-matera\\\/\"},\"author\":{\"name\":\"Lorenzo Tiezzi\",\"@id\":\"https:\\\/\\\/www.livemag.it\\\/#\\\/schema\\\/person\\\/c6fe2dde14ae4517f823e167a12354b6\"},\"headline\":\"Malgioglio al Carnevale Montese di Montescaglioso (Matera)\",\"datePublished\":\"2026-01-21T11:49:11+00:00\",\"dateModified\":\"2026-01-22T12:32:18+00:00\",\"mainEntityOfPage\":{\"@id\":\"https:\\\/\\\/www.livemag.it\\\/index.php\\\/2026\\\/01\\\/21\\\/malgioglio-al-carnevale-montese-di-montescaglioso-matera\\\/\"},\"wordCount\":507,\"commentCount\":0,\"publisher\":{\"@id\":\"https:\\\/\\\/www.livemag.it\\\/#organization\"},\"image\":{\"@id\":\"https:\\\/\\\/www.livemag.it\\\/index.php\\\/2026\\\/01\\\/21\\\/malgioglio-al-carnevale-montese-di-montescaglioso-matera\\\/#primaryimage\"},\"thumbnailUrl\":\"https:\\\/\\\/www.livemag.it\\\/wp-content\\\/uploads\\\/2026\\\/01\\\/carnevale.jpg\",\"keywords\":[\"carnevale\"],\"articleSection\":[\"Good Life\"],\"inLanguage\":\"it-IT\",\"potentialAction\":[{\"@type\":\"CommentAction\",\"name\":\"Comment\",\"target\":[\"https:\\\/\\\/www.livemag.it\\\/index.php\\\/2026\\\/01\\\/21\\\/malgioglio-al-carnevale-montese-di-montescaglioso-matera\\\/#respond\"]}]},{\"@type\":\"WebPage\",\"@id\":\"https:\\\/\\\/www.livemag.it\\\/index.php\\\/2026\\\/01\\\/21\\\/malgioglio-al-carnevale-montese-di-montescaglioso-matera\\\/\",\"url\":\"https:\\\/\\\/www.livemag.it\\\/index.php\\\/2026\\\/01\\\/21\\\/malgioglio-al-carnevale-montese-di-montescaglioso-matera\\\/\",\"name\":\"Malgioglio al Carnevale Montese di Montescaglioso (Matera) - Live Magazine\",\"isPartOf\":{\"@id\":\"https:\\\/\\\/www.livemag.it\\\/#website\"},\"primaryImageOfPage\":{\"@id\":\"https:\\\/\\\/www.livemag.it\\\/index.php\\\/2026\\\/01\\\/21\\\/malgioglio-al-carnevale-montese-di-montescaglioso-matera\\\/#primaryimage\"},\"image\":{\"@id\":\"https:\\\/\\\/www.livemag.it\\\/index.php\\\/2026\\\/01\\\/21\\\/malgioglio-al-carnevale-montese-di-montescaglioso-matera\\\/#primaryimage\"},\"thumbnailUrl\":\"https:\\\/\\\/www.livemag.it\\\/wp-content\\\/uploads\\\/2026\\\/01\\\/carnevale.jpg\",\"datePublished\":\"2026-01-21T11:49:11+00:00\",\"dateModified\":\"2026-01-22T12:32:18+00:00\",\"description\":\"Carnevale Montese di Montescaglioso con Malgioglio, HEADER, De Xenia, Rudeejay, Dino Brown e Rossella Di Pierro\",\"breadcrumb\":{\"@id\":\"https:\\\/\\\/www.livemag.it\\\/index.php\\\/2026\\\/01\\\/21\\\/malgioglio-al-carnevale-montese-di-montescaglioso-matera\\\/#breadcrumb\"},\"inLanguage\":\"it-IT\",\"potentialAction\":[{\"@type\":\"ReadAction\",\"target\":[\"https:\\\/\\\/www.livemag.it\\\/index.php\\\/2026\\\/01\\\/21\\\/malgioglio-al-carnevale-montese-di-montescaglioso-matera\\\/\"]}]},{\"@type\":\"ImageObject\",\"inLanguage\":\"it-IT\",\"@id\":\"https:\\\/\\\/www.livemag.it\\\/index.php\\\/2026\\\/01\\\/21\\\/malgioglio-al-carnevale-montese-di-montescaglioso-matera\\\/#primaryimage\",\"url\":\"https:\\\/\\\/www.livemag.it\\\/wp-content\\\/uploads\\\/2026\\\/01\\\/carnevale.jpg\",\"contentUrl\":\"https:\\\/\\\/www.livemag.it\\\/wp-content\\\/uploads\\\/2026\\\/01\\\/carnevale.jpg\",\"width\":1134,\"height\":810},{\"@type\":\"BreadcrumbList\",\"@id\":\"https:\\\/\\\/www.livemag.it\\\/index.php\\\/2026\\\/01\\\/21\\\/malgioglio-al-carnevale-montese-di-montescaglioso-matera\\\/#breadcrumb\",\"itemListElement\":[{\"@type\":\"ListItem\",\"position\":1,\"name\":\"Home\",\"item\":\"https:\\\/\\\/www.livemag.it\\\/\"},{\"@type\":\"ListItem\",\"position\":2,\"name\":\"Malgioglio al Carnevale Montese di Montescaglioso (Matera)\"}]},{\"@type\":\"WebSite\",\"@id\":\"https:\\\/\\\/www.livemag.it\\\/#website\",\"url\":\"https:\\\/\\\/www.livemag.it\\\/\",\"name\":\"Live Magazine\",\"description\":\"Varie ed eventi\",\"publisher\":{\"@id\":\"https:\\\/\\\/www.livemag.it\\\/#organization\"},\"potentialAction\":[{\"@type\":\"SearchAction\",\"target\":{\"@type\":\"EntryPoint\",\"urlTemplate\":\"https:\\\/\\\/www.livemag.it\\\/?s={search_term_string}\"},\"query-input\":{\"@type\":\"PropertyValueSpecification\",\"valueRequired\":true,\"valueName\":\"search_term_string\"}}],\"inLanguage\":\"it-IT\"},{\"@type\":\"Organization\",\"@id\":\"https:\\\/\\\/www.livemag.it\\\/#organization\",\"name\":\"LiveMag\",\"alternateName\":\"LiveMag News ed eventi\",\"url\":\"https:\\\/\\\/www.livemag.it\\\/\",\"logo\":{\"@type\":\"ImageObject\",\"inLanguage\":\"it-IT\",\"@id\":\"https:\\\/\\\/www.livemag.it\\\/#\\\/schema\\\/logo\\\/image\\\/\",\"url\":\"https:\\\/\\\/www.livemag.it\\\/wp-content\\\/uploads\\\/2024\\\/02\\\/immagine-sito.jpg\",\"contentUrl\":\"https:\\\/\\\/www.livemag.it\\\/wp-content\\\/uploads\\\/2024\\\/02\\\/immagine-sito.jpg\",\"width\":696,\"height\":696,\"caption\":\"LiveMag\"},\"image\":{\"@id\":\"https:\\\/\\\/www.livemag.it\\\/#\\\/schema\\\/logo\\\/image\\\/\"},\"sameAs\":[\"https:\\\/\\\/www.facebook.com\\\/LiveMag\\\/\",\"https:\\\/\\\/x.com\\\/LiveNotizie\",\"https:\\\/\\\/www.instagram.com\\\/livemag\\\/\"]},{\"@type\":\"Person\",\"@id\":\"https:\\\/\\\/www.livemag.it\\\/#\\\/schema\\\/person\\\/c6fe2dde14ae4517f823e167a12354b6\",\"name\":\"Lorenzo Tiezzi\",\"image\":{\"@type\":\"ImageObject\",\"inLanguage\":\"it-IT\",\"@id\":\"https:\\\/\\\/secure.gravatar.com\\\/avatar\\\/055a51cbe21ba6c03af667c75f797ec8642fe78050e8602547fec943f6500144?s=96&r=g\",\"url\":\"https:\\\/\\\/secure.gravatar.com\\\/avatar\\\/055a51cbe21ba6c03af667c75f797ec8642fe78050e8602547fec943f6500144?s=96&r=g\",\"contentUrl\":\"https:\\\/\\\/secure.gravatar.com\\\/avatar\\\/055a51cbe21ba6c03af667c75f797ec8642fe78050e8602547fec943f6500144?s=96&r=g\",\"caption\":\"Lorenzo Tiezzi\"},\"description\":\"giornalista, press office, pr\",\"url\":\"https:\\\/\\\/www.livemag.it\\\/index.php\\\/author\\\/lorenzo-tiezzi\\\/\"}]}<\/script>\n<!-- \/ Yoast SEO plugin. -->","yoast_head_json":{"title":"Malgioglio al Carnevale Montese di Montescaglioso (Matera) - Live Magazine","description":"Carnevale Montese di Montescaglioso con Malgioglio, HEADER, De Xenia, Rudeejay, Dino Brown e Rossella Di Pierro","robots":{"index":"index","follow":"follow","max-snippet":"max-snippet:-1","max-image-preview":"max-image-preview:large","max-video-preview":"max-video-preview:-1"},"canonical":"https:\/\/www.livemag.it\/index.php\/2026\/01\/21\/malgioglio-al-carnevale-montese-di-montescaglioso-matera\/","og_locale":"it_IT","og_type":"article","og_title":"Malgioglio al Carnevale Montese di Montescaglioso (Matera) - Live Magazine","og_description":"Carnevale Montese di Montescaglioso con Malgioglio, HEADER, De Xenia, Rudeejay, Dino Brown e Rossella Di Pierro","og_url":"https:\/\/www.livemag.it\/index.php\/2026\/01\/21\/malgioglio-al-carnevale-montese-di-montescaglioso-matera\/","og_site_name":"Live Magazine","article_publisher":"https:\/\/www.facebook.com\/LiveMag\/","article_published_time":"2026-01-21T11:49:11+00:00","article_modified_time":"2026-01-22T12:32:18+00:00","og_image":[{"width":1134,"height":810,"url":"https:\/\/www.livemag.it\/wp-content\/uploads\/2026\/01\/carnevale.jpg","type":"image\/jpeg"}],"author":"Lorenzo Tiezzi","twitter_card":"summary_large_image","twitter_creator":"@LiveNotizie","twitter_site":"@LiveNotizie","twitter_misc":{"Scritto da":"Lorenzo Tiezzi","Tempo di lettura stimato":"3 minuti"},"schema":{"@context":"https:\/\/schema.org","@graph":[{"@type":"Article","@id":"https:\/\/www.livemag.it\/index.php\/2026\/01\/21\/malgioglio-al-carnevale-montese-di-montescaglioso-matera\/#article","isPartOf":{"@id":"https:\/\/www.livemag.it\/index.php\/2026\/01\/21\/malgioglio-al-carnevale-montese-di-montescaglioso-matera\/"},"author":{"name":"Lorenzo Tiezzi","@id":"https:\/\/www.livemag.it\/#\/schema\/person\/c6fe2dde14ae4517f823e167a12354b6"},"headline":"Malgioglio al Carnevale Montese di Montescaglioso (Matera)","datePublished":"2026-01-21T11:49:11+00:00","dateModified":"2026-01-22T12:32:18+00:00","mainEntityOfPage":{"@id":"https:\/\/www.livemag.it\/index.php\/2026\/01\/21\/malgioglio-al-carnevale-montese-di-montescaglioso-matera\/"},"wordCount":507,"commentCount":0,"publisher":{"@id":"https:\/\/www.livemag.it\/#organization"},"image":{"@id":"https:\/\/www.livemag.it\/index.php\/2026\/01\/21\/malgioglio-al-carnevale-montese-di-montescaglioso-matera\/#primaryimage"},"thumbnailUrl":"https:\/\/www.livemag.it\/wp-content\/uploads\/2026\/01\/carnevale.jpg","keywords":["carnevale"],"articleSection":["Good Life"],"inLanguage":"it-IT","potentialAction":[{"@type":"CommentAction","name":"Comment","target":["https:\/\/www.livemag.it\/index.php\/2026\/01\/21\/malgioglio-al-carnevale-montese-di-montescaglioso-matera\/#respond"]}]},{"@type":"WebPage","@id":"https:\/\/www.livemag.it\/index.php\/2026\/01\/21\/malgioglio-al-carnevale-montese-di-montescaglioso-matera\/","url":"https:\/\/www.livemag.it\/index.php\/2026\/01\/21\/malgioglio-al-carnevale-montese-di-montescaglioso-matera\/","name":"Malgioglio al Carnevale Montese di Montescaglioso (Matera) - Live Magazine","isPartOf":{"@id":"https:\/\/www.livemag.it\/#website"},"primaryImageOfPage":{"@id":"https:\/\/www.livemag.it\/index.php\/2026\/01\/21\/malgioglio-al-carnevale-montese-di-montescaglioso-matera\/#primaryimage"},"image":{"@id":"https:\/\/www.livemag.it\/index.php\/2026\/01\/21\/malgioglio-al-carnevale-montese-di-montescaglioso-matera\/#primaryimage"},"thumbnailUrl":"https:\/\/www.livemag.it\/wp-content\/uploads\/2026\/01\/carnevale.jpg","datePublished":"2026-01-21T11:49:11+00:00","dateModified":"2026-01-22T12:32:18+00:00","description":"Carnevale Montese di Montescaglioso con Malgioglio, HEADER, De Xenia, Rudeejay, Dino Brown e Rossella Di Pierro","breadcrumb":{"@id":"https:\/\/www.livemag.it\/index.php\/2026\/01\/21\/malgioglio-al-carnevale-montese-di-montescaglioso-matera\/#breadcrumb"},"inLanguage":"it-IT","potentialAction":[{"@type":"ReadAction","target":["https:\/\/www.livemag.it\/index.php\/2026\/01\/21\/malgioglio-al-carnevale-montese-di-montescaglioso-matera\/"]}]},{"@type":"ImageObject","inLanguage":"it-IT","@id":"https:\/\/www.livemag.it\/index.php\/2026\/01\/21\/malgioglio-al-carnevale-montese-di-montescaglioso-matera\/#primaryimage","url":"https:\/\/www.livemag.it\/wp-content\/uploads\/2026\/01\/carnevale.jpg","contentUrl":"https:\/\/www.livemag.it\/wp-content\/uploads\/2026\/01\/carnevale.jpg","width":1134,"height":810},{"@type":"BreadcrumbList","@id":"https:\/\/www.livemag.it\/index.php\/2026\/01\/21\/malgioglio-al-carnevale-montese-di-montescaglioso-matera\/#breadcrumb","itemListElement":[{"@type":"ListItem","position":1,"name":"Home","item":"https:\/\/www.livemag.it\/"},{"@type":"ListItem","position":2,"name":"Malgioglio al Carnevale Montese di Montescaglioso (Matera)"}]},{"@type":"WebSite","@id":"https:\/\/www.livemag.it\/#website","url":"https:\/\/www.livemag.it\/","name":"Live Magazine","description":"Varie ed eventi","publisher":{"@id":"https:\/\/www.livemag.it\/#organization"},"potentialAction":[{"@type":"SearchAction","target":{"@type":"EntryPoint","urlTemplate":"https:\/\/www.livemag.it\/?s={search_term_string}"},"query-input":{"@type":"PropertyValueSpecification","valueRequired":true,"valueName":"search_term_string"}}],"inLanguage":"it-IT"},{"@type":"Organization","@id":"https:\/\/www.livemag.it\/#organization","name":"LiveMag","alternateName":"LiveMag News ed eventi","url":"https:\/\/www.livemag.it\/","logo":{"@type":"ImageObject","inLanguage":"it-IT","@id":"https:\/\/www.livemag.it\/#\/schema\/logo\/image\/","url":"https:\/\/www.livemag.it\/wp-content\/uploads\/2024\/02\/immagine-sito.jpg","contentUrl":"https:\/\/www.livemag.it\/wp-content\/uploads\/2024\/02\/immagine-sito.jpg","width":696,"height":696,"caption":"LiveMag"},"image":{"@id":"https:\/\/www.livemag.it\/#\/schema\/logo\/image\/"},"sameAs":["https:\/\/www.facebook.com\/LiveMag\/","https:\/\/x.com\/LiveNotizie","https:\/\/www.instagram.com\/livemag\/"]},{"@type":"Person","@id":"https:\/\/www.livemag.it\/#\/schema\/person\/c6fe2dde14ae4517f823e167a12354b6","name":"Lorenzo Tiezzi","image":{"@type":"ImageObject","inLanguage":"it-IT","@id":"https:\/\/secure.gravatar.com\/avatar\/055a51cbe21ba6c03af667c75f797ec8642fe78050e8602547fec943f6500144?s=96&r=g","url":"https:\/\/secure.gravatar.com\/avatar\/055a51cbe21ba6c03af667c75f797ec8642fe78050e8602547fec943f6500144?s=96&r=g","contentUrl":"https:\/\/secure.gravatar.com\/avatar\/055a51cbe21ba6c03af667c75f797ec8642fe78050e8602547fec943f6500144?s=96&r=g","caption":"Lorenzo Tiezzi"},"description":"giornalista, press office, pr","url":"https:\/\/www.livemag.it\/index.php\/author\/lorenzo-tiezzi\/"}]}},"jetpack_featured_media_url":"https:\/\/www.livemag.it\/wp-content\/uploads\/2026\/01\/carnevale.jpg","_links":{"self":[{"href":"https:\/\/www.livemag.it\/index.php\/wp-json\/wp\/v2\/posts\/67650","targetHints":{"allow":["GET"]}}],"collection":[{"href":"https:\/\/www.livemag.it\/index.php\/wp-json\/wp\/v2\/posts"}],"about":[{"href":"https:\/\/www.livemag.it\/index.php\/wp-json\/wp\/v2\/types\/post"}],"author":[{"embeddable":true,"href":"https:\/\/www.livemag.it\/index.php\/wp-json\/wp\/v2\/users\/21"}],"replies":[{"embeddable":true,"href":"https:\/\/www.livemag.it\/index.php\/wp-json\/wp\/v2\/comments?post=67650"}],"version-history":[{"count":2,"href":"https:\/\/www.livemag.it\/index.php\/wp-json\/wp\/v2\/posts\/67650\/revisions"}],"predecessor-version":[{"id":67747,"href":"https:\/\/www.livemag.it\/index.php\/wp-json\/wp\/v2\/posts\/67650\/revisions\/67747"}],"wp:featuredmedia":[{"embeddable":true,"href":"https:\/\/www.livemag.it\/index.php\/wp-json\/wp\/v2\/media\/67651"}],"wp:attachment":[{"href":"https:\/\/www.livemag.it\/index.php\/wp-json\/wp\/v2\/media?parent=67650"}],"wp:term":[{"taxonomy":"category","embeddable":true,"href":"https:\/\/www.livemag.it\/index.php\/wp-json\/wp\/v2\/categories?post=67650"},{"taxonomy":"post_tag","embeddable":true,"href":"https:\/\/www.livemag.it\/index.php\/wp-json\/wp\/v2\/tags?post=67650"}],"curies":[{"name":"wp","href":"https:\/\/api.w.org\/{rel}","templated":true}]}}