{"id":67604,"date":"2026-01-20T18:02:56","date_gmt":"2026-01-20T17:02:56","guid":{"rendered":"https:\/\/www.livemag.it\/index.php\/2026\/01\/20\/spalletti-col-benfica-scontro-diretto-orgoglioso-di-affrontare-mourinho\/"},"modified":"2026-01-20T18:02:56","modified_gmt":"2026-01-20T17:02:56","slug":"spalletti-col-benfica-scontro-diretto-orgoglioso-di-affrontare-mourinho","status":"publish","type":"post","link":"https:\/\/www.livemag.it\/index.php\/2026\/01\/20\/spalletti-col-benfica-scontro-diretto-orgoglioso-di-affrontare-mourinho\/","title":{"rendered":"Spalletti \u201cCol Benfica scontro diretto, orgoglioso di affrontare Mourinho\u201d"},"content":{"rendered":"<div>\n<p>TORINO (ITALPRESS) \u2013 \u201cCon Mourinho c\u2019\u00e8 stato un primo periodo in cui ci siamo detti qualcosa, pi\u00f9 lui di me, poi ci siamo stimati, apprezzati, sentiti al telefono svariate volte. Sar\u00e0 un piacere incontrarlo. Ma nelle partite in cui c\u2019\u00e8 Mourinho si alza il volume del calcio, per me essere sull\u2019altra panchina \u00e8 un motivo di orgoglio\u201d. Lo ha detto Luciano Spalletti, alla vigilia di Juve-Benfica, gara valida per la penultima giornata di Champions e in programma domani. \u201cDa Mourinho, sotto l\u2019aspetto della preparazione della partita, ti aspetti sempre qualcosa di differente. E\u2019 una sfida importante sia per noi che per loro, \u00e8 uno scontro diretto per cui mi aspetto un Benfica aggressivo, che verr\u00e0 a fare la partita, sono convinto che sar\u00e0 una sfida bella e interessante \u2013 ha aggiunto Spalletti -. Quando si gioca contro club come il Benfica, non si affronta solo una squadra ma un pezzo di storia di calcio, un\u2019identit\u00e0. Le squadre portoghesi ti risucchiano ai loro ritmi e se non sei preparato rischi di finirci dentro e quando te ne accorgi \u00e8 gi\u00e0 tardi. Abbiamo tutte le possibilit\u00e0 di prevenire quello che affronteremo domani sera e mi aspetto che i giocatori possano esprimere le loro qualit\u00e0\u201d. <br \/>Momento decisivo per la Champions, ma anche ultimi giorni di mercato. \u201cRinforzi? Sono cose che dovete chiedere ai dirigenti, io faccio un altro mestiere. Ho accettato questa Juve e non mi aspetto niente. Se poi mi chiedono cosa penso, glielo dico ma \u00e8 lo stesso sin dalla prima volta che mi sono espresso in merito. Sono fiducioso di poter andare a lottare per i nostri obiettivi con i calciatori che ho qui dentro. Poi gli infortuni possono fare la differenza ma sono molto contento dei giocatori che ho a disposizione. Inoltre nell\u2019apprezzamento da parte dei calciatori per quello che stiamo facendo, nell\u2019entusiasmo che mettono nello sviluppare quello che chiediamo vedo una crescita importante\u201d. Si vedono importanti miglioramenti anche sul piano del gioco, un argomento sempre pi\u00f9 frequente nelle ultime settimane. \u201cIl giochismo non \u00e8 in contrapposizione al risultatismo, \u00e8 un modo per raggiungere il risultato, quello che secondo me ti d\u00e0 pi\u00f9 possibilit\u00e0 di riuscirci. Ognuno fa delle scelte e poi in base a quelle viene presentato il conto. Vedremo alla fine il conto che ci sar\u00e0 presentato in base alle scelte che abbiamo fatto\u201d. E a proposito di bilanci finali, Spalletti risponde anche alle domande sulla sua situazione contrattuale. \u201cSe firmerei in bianco per restare a lungo qui? Non sono pronto a niente e non lo \u00e8 nemmeno la Juve. Questo vostro dubbio lo risolveremo nell\u2019ultima settimana di questa nostra convivenza. Si va avanti cos\u00ec, con coerenza, fino all\u2019ultimo. Non ho fatto niente per meritarmi di rimanere qui tanti anni, nel calcio si cambia idea velocemente e facilmente. La Juve ha avuto allenatori fortissimi e ne trover\u00e0 altri, se io vorr\u00f2 allenare un\u2019altra squadra, spero di trovarla. Le somme si tirano in fondo\u201d. E allora meglio pensare al presente e tornare sulla sfida di domani. \u201cIn Champions aumentano i watt dei riflettori e speriamo di essere degni di questa luce cos\u00ec forte e fare la nostra partita\u201d, ha concluso il tecnico bianconero.<br \/>\u2013 Foto Ipa Agency \u2013<br \/>(ITALPRESS).<\/p>\n<\/div>\n","protected":false},"excerpt":{"rendered":"<p>TORINO (ITALPRESS) \u2013 \u201cCon Mourinho c\u2019\u00e8 stato un primo periodo in cui ci siamo detti qualcosa, pi\u00f9 lui di me, poi ci siamo stimati, apprezzati, sentiti al telefono svariate volte. Sar\u00e0 un piacere incontrarlo. Ma nelle partite in cui c\u2019\u00e8 Mourinho si alza il volume del calcio, per me essere sull\u2019altra panchina \u00e8 un motivo [&hellip;]<\/p>\n","protected":false},"author":16,"featured_media":67605,"comment_status":"closed","ping_status":"closed","sticky":false,"template":"","format":"standard","meta":{"jnews-multi-image_gallery":[],"jnews_single_post":[],"jnews_primary_category":[],"jnews_social_meta":[],"jnews_override_counter":[],"jnews_post_split":[],"footnotes":""},"categories":[1129],"tags":[],"class_list":["post-67604","post","type-post","status-publish","format-standard","has-post-thumbnail","hentry","category-mondo"],"yoast_head":"<!-- This site is optimized with the Yoast SEO plugin v27.5 - https:\/\/yoast.com\/product\/yoast-seo-wordpress\/ -->\n<title>Spalletti \u201cCol Benfica scontro diretto, orgoglioso di affrontare Mourinho\u201d - Live Magazine<\/title>\n<meta name=\"robots\" content=\"index, follow, max-snippet:-1, max-image-preview:large, max-video-preview:-1\" \/>\n<link rel=\"canonical\" href=\"https:\/\/www.livemag.it\/index.php\/2026\/01\/20\/spalletti-col-benfica-scontro-diretto-orgoglioso-di-affrontare-mourinho\/\" \/>\n<meta property=\"og:locale\" content=\"it_IT\" \/>\n<meta property=\"og:type\" content=\"article\" \/>\n<meta property=\"og:title\" content=\"Spalletti \u201cCol Benfica scontro diretto, orgoglioso di affrontare Mourinho\u201d - Live Magazine\" \/>\n<meta property=\"og:description\" content=\"TORINO (ITALPRESS) \u2013 \u201cCon Mourinho c\u2019\u00e8 stato un primo periodo in cui ci siamo detti qualcosa, pi\u00f9 lui di me, poi ci siamo stimati, apprezzati, sentiti al telefono svariate volte. Sar\u00e0 un piacere incontrarlo. Ma nelle partite in cui c\u2019\u00e8 Mourinho si alza il volume del calcio, per me essere sull\u2019altra panchina \u00e8 un motivo [&hellip;]\" \/>\n<meta property=\"og:url\" content=\"https:\/\/www.livemag.it\/index.php\/2026\/01\/20\/spalletti-col-benfica-scontro-diretto-orgoglioso-di-affrontare-mourinho\/\" \/>\n<meta property=\"og:site_name\" content=\"Live Magazine\" \/>\n<meta property=\"article:publisher\" content=\"https:\/\/www.facebook.com\/LiveMag\/\" \/>\n<meta property=\"article:published_time\" content=\"2026-01-20T17:02:56+00:00\" \/>\n<meta property=\"og:image\" content=\"https:\/\/www.livemag.it\/wp-content\/uploads\/2024\/02\/ograph.jpg\" \/>\n\t<meta property=\"og:image:width\" content=\"1200\" \/>\n\t<meta property=\"og:image:height\" content=\"675\" \/>\n\t<meta property=\"og:image:type\" content=\"image\/jpeg\" \/>\n<meta name=\"author\" content=\"italpress\" \/>\n<meta name=\"twitter:card\" content=\"summary_large_image\" \/>\n<meta name=\"twitter:creator\" content=\"@LiveNotizie\" \/>\n<meta name=\"twitter:site\" content=\"@LiveNotizie\" \/>\n<meta name=\"twitter:label1\" content=\"Scritto da\" \/>\n\t<meta name=\"twitter:data1\" content=\"italpress\" \/>\n\t<meta name=\"twitter:label2\" content=\"Tempo di lettura stimato\" \/>\n\t<meta name=\"twitter:data2\" content=\"3 minuti\" \/>\n<script type=\"application\/ld+json\" class=\"yoast-schema-graph\">{\"@context\":\"https:\\\/\\\/schema.org\",\"@graph\":[{\"@type\":\"Article\",\"@id\":\"https:\\\/\\\/www.livemag.it\\\/index.php\\\/2026\\\/01\\\/20\\\/spalletti-col-benfica-scontro-diretto-orgoglioso-di-affrontare-mourinho\\\/#article\",\"isPartOf\":{\"@id\":\"https:\\\/\\\/www.livemag.it\\\/index.php\\\/2026\\\/01\\\/20\\\/spalletti-col-benfica-scontro-diretto-orgoglioso-di-affrontare-mourinho\\\/\"},\"author\":{\"name\":\"italpress\",\"@id\":\"https:\\\/\\\/www.livemag.it\\\/#\\\/schema\\\/person\\\/b62c5f44451fdcdaeb0afe6c2424e73c\"},\"headline\":\"Spalletti \u201cCol Benfica scontro diretto, orgoglioso di affrontare Mourinho\u201d\",\"datePublished\":\"2026-01-20T17:02:56+00:00\",\"mainEntityOfPage\":{\"@id\":\"https:\\\/\\\/www.livemag.it\\\/index.php\\\/2026\\\/01\\\/20\\\/spalletti-col-benfica-scontro-diretto-orgoglioso-di-affrontare-mourinho\\\/\"},\"wordCount\":537,\"publisher\":{\"@id\":\"https:\\\/\\\/www.livemag.it\\\/#organization\"},\"image\":{\"@id\":\"https:\\\/\\\/www.livemag.it\\\/index.php\\\/2026\\\/01\\\/20\\\/spalletti-col-benfica-scontro-diretto-orgoglioso-di-affrontare-mourinho\\\/#primaryimage\"},\"thumbnailUrl\":\"https:\\\/\\\/www.livemag.it\\\/wp-content\\\/uploads\\\/2026\\\/01\\\/20260120_1539.jpg\",\"articleSection\":[\"Mondo\"],\"inLanguage\":\"it-IT\"},{\"@type\":\"WebPage\",\"@id\":\"https:\\\/\\\/www.livemag.it\\\/index.php\\\/2026\\\/01\\\/20\\\/spalletti-col-benfica-scontro-diretto-orgoglioso-di-affrontare-mourinho\\\/\",\"url\":\"https:\\\/\\\/www.livemag.it\\\/index.php\\\/2026\\\/01\\\/20\\\/spalletti-col-benfica-scontro-diretto-orgoglioso-di-affrontare-mourinho\\\/\",\"name\":\"Spalletti \u201cCol Benfica scontro diretto, orgoglioso di affrontare Mourinho\u201d - Live Magazine\",\"isPartOf\":{\"@id\":\"https:\\\/\\\/www.livemag.it\\\/#website\"},\"primaryImageOfPage\":{\"@id\":\"https:\\\/\\\/www.livemag.it\\\/index.php\\\/2026\\\/01\\\/20\\\/spalletti-col-benfica-scontro-diretto-orgoglioso-di-affrontare-mourinho\\\/#primaryimage\"},\"image\":{\"@id\":\"https:\\\/\\\/www.livemag.it\\\/index.php\\\/2026\\\/01\\\/20\\\/spalletti-col-benfica-scontro-diretto-orgoglioso-di-affrontare-mourinho\\\/#primaryimage\"},\"thumbnailUrl\":\"https:\\\/\\\/www.livemag.it\\\/wp-content\\\/uploads\\\/2026\\\/01\\\/20260120_1539.jpg\",\"datePublished\":\"2026-01-20T17:02:56+00:00\",\"breadcrumb\":{\"@id\":\"https:\\\/\\\/www.livemag.it\\\/index.php\\\/2026\\\/01\\\/20\\\/spalletti-col-benfica-scontro-diretto-orgoglioso-di-affrontare-mourinho\\\/#breadcrumb\"},\"inLanguage\":\"it-IT\",\"potentialAction\":[{\"@type\":\"ReadAction\",\"target\":[\"https:\\\/\\\/www.livemag.it\\\/index.php\\\/2026\\\/01\\\/20\\\/spalletti-col-benfica-scontro-diretto-orgoglioso-di-affrontare-mourinho\\\/\"]}]},{\"@type\":\"ImageObject\",\"inLanguage\":\"it-IT\",\"@id\":\"https:\\\/\\\/www.livemag.it\\\/index.php\\\/2026\\\/01\\\/20\\\/spalletti-col-benfica-scontro-diretto-orgoglioso-di-affrontare-mourinho\\\/#primaryimage\",\"url\":\"https:\\\/\\\/www.livemag.it\\\/wp-content\\\/uploads\\\/2026\\\/01\\\/20260120_1539.jpg\",\"contentUrl\":\"https:\\\/\\\/www.livemag.it\\\/wp-content\\\/uploads\\\/2026\\\/01\\\/20260120_1539.jpg\",\"width\":1200,\"height\":800},{\"@type\":\"BreadcrumbList\",\"@id\":\"https:\\\/\\\/www.livemag.it\\\/index.php\\\/2026\\\/01\\\/20\\\/spalletti-col-benfica-scontro-diretto-orgoglioso-di-affrontare-mourinho\\\/#breadcrumb\",\"itemListElement\":[{\"@type\":\"ListItem\",\"position\":1,\"name\":\"Home\",\"item\":\"https:\\\/\\\/www.livemag.it\\\/\"},{\"@type\":\"ListItem\",\"position\":2,\"name\":\"Spalletti \u201cCol Benfica scontro diretto, orgoglioso di affrontare Mourinho\u201d\"}]},{\"@type\":\"WebSite\",\"@id\":\"https:\\\/\\\/www.livemag.it\\\/#website\",\"url\":\"https:\\\/\\\/www.livemag.it\\\/\",\"name\":\"Live Magazine\",\"description\":\"Varie ed eventi\",\"publisher\":{\"@id\":\"https:\\\/\\\/www.livemag.it\\\/#organization\"},\"potentialAction\":[{\"@type\":\"SearchAction\",\"target\":{\"@type\":\"EntryPoint\",\"urlTemplate\":\"https:\\\/\\\/www.livemag.it\\\/?s={search_term_string}\"},\"query-input\":{\"@type\":\"PropertyValueSpecification\",\"valueRequired\":true,\"valueName\":\"search_term_string\"}}],\"inLanguage\":\"it-IT\"},{\"@type\":\"Organization\",\"@id\":\"https:\\\/\\\/www.livemag.it\\\/#organization\",\"name\":\"LiveMag\",\"alternateName\":\"LiveMag News ed eventi\",\"url\":\"https:\\\/\\\/www.livemag.it\\\/\",\"logo\":{\"@type\":\"ImageObject\",\"inLanguage\":\"it-IT\",\"@id\":\"https:\\\/\\\/www.livemag.it\\\/#\\\/schema\\\/logo\\\/image\\\/\",\"url\":\"https:\\\/\\\/www.livemag.it\\\/wp-content\\\/uploads\\\/2024\\\/02\\\/immagine-sito.jpg\",\"contentUrl\":\"https:\\\/\\\/www.livemag.it\\\/wp-content\\\/uploads\\\/2024\\\/02\\\/immagine-sito.jpg\",\"width\":696,\"height\":696,\"caption\":\"LiveMag\"},\"image\":{\"@id\":\"https:\\\/\\\/www.livemag.it\\\/#\\\/schema\\\/logo\\\/image\\\/\"},\"sameAs\":[\"https:\\\/\\\/www.facebook.com\\\/LiveMag\\\/\",\"https:\\\/\\\/x.com\\\/LiveNotizie\",\"https:\\\/\\\/www.instagram.com\\\/livemag\\\/\"]},{\"@type\":\"Person\",\"@id\":\"https:\\\/\\\/www.livemag.it\\\/#\\\/schema\\\/person\\\/b62c5f44451fdcdaeb0afe6c2424e73c\",\"name\":\"italpress\",\"image\":{\"@type\":\"ImageObject\",\"inLanguage\":\"it-IT\",\"@id\":\"https:\\\/\\\/secure.gravatar.com\\\/avatar\\\/b6a21695fc713ce7ee312cf57c97e2e641feb365be72d8745574d3c3e2b59066?s=96&r=g\",\"url\":\"https:\\\/\\\/secure.gravatar.com\\\/avatar\\\/b6a21695fc713ce7ee312cf57c97e2e641feb365be72d8745574d3c3e2b59066?s=96&r=g\",\"contentUrl\":\"https:\\\/\\\/secure.gravatar.com\\\/avatar\\\/b6a21695fc713ce7ee312cf57c97e2e641feb365be72d8745574d3c3e2b59066?s=96&r=g\",\"caption\":\"italpress\"},\"description\":\"Italpress \u00e8 un'agenzia di stampa italiana a carattere nazionale.\",\"url\":\"https:\\\/\\\/www.livemag.it\\\/index.php\\\/author\\\/italpress\\\/\"}]}<\/script>\n<!-- \/ Yoast SEO plugin. -->","yoast_head_json":{"title":"Spalletti \u201cCol Benfica scontro diretto, orgoglioso di affrontare Mourinho\u201d - Live Magazine","robots":{"index":"index","follow":"follow","max-snippet":"max-snippet:-1","max-image-preview":"max-image-preview:large","max-video-preview":"max-video-preview:-1"},"canonical":"https:\/\/www.livemag.it\/index.php\/2026\/01\/20\/spalletti-col-benfica-scontro-diretto-orgoglioso-di-affrontare-mourinho\/","og_locale":"it_IT","og_type":"article","og_title":"Spalletti \u201cCol Benfica scontro diretto, orgoglioso di affrontare Mourinho\u201d - Live Magazine","og_description":"TORINO (ITALPRESS) \u2013 \u201cCon Mourinho c\u2019\u00e8 stato un primo periodo in cui ci siamo detti qualcosa, pi\u00f9 lui di me, poi ci siamo stimati, apprezzati, sentiti al telefono svariate volte. Sar\u00e0 un piacere incontrarlo. Ma nelle partite in cui c\u2019\u00e8 Mourinho si alza il volume del calcio, per me essere sull\u2019altra panchina \u00e8 un motivo [&hellip;]","og_url":"https:\/\/www.livemag.it\/index.php\/2026\/01\/20\/spalletti-col-benfica-scontro-diretto-orgoglioso-di-affrontare-mourinho\/","og_site_name":"Live Magazine","article_publisher":"https:\/\/www.facebook.com\/LiveMag\/","article_published_time":"2026-01-20T17:02:56+00:00","og_image":[{"width":1200,"height":675,"url":"https:\/\/www.livemag.it\/wp-content\/uploads\/2024\/02\/ograph.jpg","type":"image\/jpeg"}],"author":"italpress","twitter_card":"summary_large_image","twitter_creator":"@LiveNotizie","twitter_site":"@LiveNotizie","twitter_misc":{"Scritto da":"italpress","Tempo di lettura stimato":"3 minuti"},"schema":{"@context":"https:\/\/schema.org","@graph":[{"@type":"Article","@id":"https:\/\/www.livemag.it\/index.php\/2026\/01\/20\/spalletti-col-benfica-scontro-diretto-orgoglioso-di-affrontare-mourinho\/#article","isPartOf":{"@id":"https:\/\/www.livemag.it\/index.php\/2026\/01\/20\/spalletti-col-benfica-scontro-diretto-orgoglioso-di-affrontare-mourinho\/"},"author":{"name":"italpress","@id":"https:\/\/www.livemag.it\/#\/schema\/person\/b62c5f44451fdcdaeb0afe6c2424e73c"},"headline":"Spalletti \u201cCol Benfica scontro diretto, orgoglioso di affrontare Mourinho\u201d","datePublished":"2026-01-20T17:02:56+00:00","mainEntityOfPage":{"@id":"https:\/\/www.livemag.it\/index.php\/2026\/01\/20\/spalletti-col-benfica-scontro-diretto-orgoglioso-di-affrontare-mourinho\/"},"wordCount":537,"publisher":{"@id":"https:\/\/www.livemag.it\/#organization"},"image":{"@id":"https:\/\/www.livemag.it\/index.php\/2026\/01\/20\/spalletti-col-benfica-scontro-diretto-orgoglioso-di-affrontare-mourinho\/#primaryimage"},"thumbnailUrl":"https:\/\/www.livemag.it\/wp-content\/uploads\/2026\/01\/20260120_1539.jpg","articleSection":["Mondo"],"inLanguage":"it-IT"},{"@type":"WebPage","@id":"https:\/\/www.livemag.it\/index.php\/2026\/01\/20\/spalletti-col-benfica-scontro-diretto-orgoglioso-di-affrontare-mourinho\/","url":"https:\/\/www.livemag.it\/index.php\/2026\/01\/20\/spalletti-col-benfica-scontro-diretto-orgoglioso-di-affrontare-mourinho\/","name":"Spalletti \u201cCol Benfica scontro diretto, orgoglioso di affrontare Mourinho\u201d - Live Magazine","isPartOf":{"@id":"https:\/\/www.livemag.it\/#website"},"primaryImageOfPage":{"@id":"https:\/\/www.livemag.it\/index.php\/2026\/01\/20\/spalletti-col-benfica-scontro-diretto-orgoglioso-di-affrontare-mourinho\/#primaryimage"},"image":{"@id":"https:\/\/www.livemag.it\/index.php\/2026\/01\/20\/spalletti-col-benfica-scontro-diretto-orgoglioso-di-affrontare-mourinho\/#primaryimage"},"thumbnailUrl":"https:\/\/www.livemag.it\/wp-content\/uploads\/2026\/01\/20260120_1539.jpg","datePublished":"2026-01-20T17:02:56+00:00","breadcrumb":{"@id":"https:\/\/www.livemag.it\/index.php\/2026\/01\/20\/spalletti-col-benfica-scontro-diretto-orgoglioso-di-affrontare-mourinho\/#breadcrumb"},"inLanguage":"it-IT","potentialAction":[{"@type":"ReadAction","target":["https:\/\/www.livemag.it\/index.php\/2026\/01\/20\/spalletti-col-benfica-scontro-diretto-orgoglioso-di-affrontare-mourinho\/"]}]},{"@type":"ImageObject","inLanguage":"it-IT","@id":"https:\/\/www.livemag.it\/index.php\/2026\/01\/20\/spalletti-col-benfica-scontro-diretto-orgoglioso-di-affrontare-mourinho\/#primaryimage","url":"https:\/\/www.livemag.it\/wp-content\/uploads\/2026\/01\/20260120_1539.jpg","contentUrl":"https:\/\/www.livemag.it\/wp-content\/uploads\/2026\/01\/20260120_1539.jpg","width":1200,"height":800},{"@type":"BreadcrumbList","@id":"https:\/\/www.livemag.it\/index.php\/2026\/01\/20\/spalletti-col-benfica-scontro-diretto-orgoglioso-di-affrontare-mourinho\/#breadcrumb","itemListElement":[{"@type":"ListItem","position":1,"name":"Home","item":"https:\/\/www.livemag.it\/"},{"@type":"ListItem","position":2,"name":"Spalletti \u201cCol Benfica scontro diretto, orgoglioso di affrontare Mourinho\u201d"}]},{"@type":"WebSite","@id":"https:\/\/www.livemag.it\/#website","url":"https:\/\/www.livemag.it\/","name":"Live Magazine","description":"Varie ed eventi","publisher":{"@id":"https:\/\/www.livemag.it\/#organization"},"potentialAction":[{"@type":"SearchAction","target":{"@type":"EntryPoint","urlTemplate":"https:\/\/www.livemag.it\/?s={search_term_string}"},"query-input":{"@type":"PropertyValueSpecification","valueRequired":true,"valueName":"search_term_string"}}],"inLanguage":"it-IT"},{"@type":"Organization","@id":"https:\/\/www.livemag.it\/#organization","name":"LiveMag","alternateName":"LiveMag News ed eventi","url":"https:\/\/www.livemag.it\/","logo":{"@type":"ImageObject","inLanguage":"it-IT","@id":"https:\/\/www.livemag.it\/#\/schema\/logo\/image\/","url":"https:\/\/www.livemag.it\/wp-content\/uploads\/2024\/02\/immagine-sito.jpg","contentUrl":"https:\/\/www.livemag.it\/wp-content\/uploads\/2024\/02\/immagine-sito.jpg","width":696,"height":696,"caption":"LiveMag"},"image":{"@id":"https:\/\/www.livemag.it\/#\/schema\/logo\/image\/"},"sameAs":["https:\/\/www.facebook.com\/LiveMag\/","https:\/\/x.com\/LiveNotizie","https:\/\/www.instagram.com\/livemag\/"]},{"@type":"Person","@id":"https:\/\/www.livemag.it\/#\/schema\/person\/b62c5f44451fdcdaeb0afe6c2424e73c","name":"italpress","image":{"@type":"ImageObject","inLanguage":"it-IT","@id":"https:\/\/secure.gravatar.com\/avatar\/b6a21695fc713ce7ee312cf57c97e2e641feb365be72d8745574d3c3e2b59066?s=96&r=g","url":"https:\/\/secure.gravatar.com\/avatar\/b6a21695fc713ce7ee312cf57c97e2e641feb365be72d8745574d3c3e2b59066?s=96&r=g","contentUrl":"https:\/\/secure.gravatar.com\/avatar\/b6a21695fc713ce7ee312cf57c97e2e641feb365be72d8745574d3c3e2b59066?s=96&r=g","caption":"italpress"},"description":"Italpress \u00e8 un'agenzia di stampa italiana a carattere nazionale.","url":"https:\/\/www.livemag.it\/index.php\/author\/italpress\/"}]}},"jetpack_featured_media_url":"https:\/\/www.livemag.it\/wp-content\/uploads\/2026\/01\/20260120_1539.jpg","_links":{"self":[{"href":"https:\/\/www.livemag.it\/index.php\/wp-json\/wp\/v2\/posts\/67604","targetHints":{"allow":["GET"]}}],"collection":[{"href":"https:\/\/www.livemag.it\/index.php\/wp-json\/wp\/v2\/posts"}],"about":[{"href":"https:\/\/www.livemag.it\/index.php\/wp-json\/wp\/v2\/types\/post"}],"author":[{"embeddable":true,"href":"https:\/\/www.livemag.it\/index.php\/wp-json\/wp\/v2\/users\/16"}],"replies":[{"embeddable":true,"href":"https:\/\/www.livemag.it\/index.php\/wp-json\/wp\/v2\/comments?post=67604"}],"version-history":[{"count":0,"href":"https:\/\/www.livemag.it\/index.php\/wp-json\/wp\/v2\/posts\/67604\/revisions"}],"wp:featuredmedia":[{"embeddable":true,"href":"https:\/\/www.livemag.it\/index.php\/wp-json\/wp\/v2\/media\/67605"}],"wp:attachment":[{"href":"https:\/\/www.livemag.it\/index.php\/wp-json\/wp\/v2\/media?parent=67604"}],"wp:term":[{"taxonomy":"category","embeddable":true,"href":"https:\/\/www.livemag.it\/index.php\/wp-json\/wp\/v2\/categories?post=67604"},{"taxonomy":"post_tag","embeddable":true,"href":"https:\/\/www.livemag.it\/index.php\/wp-json\/wp\/v2\/tags?post=67604"}],"curies":[{"name":"wp","href":"https:\/\/api.w.org\/{rel}","templated":true}]}}