{"id":67578,"date":"2026-01-20T15:03:30","date_gmt":"2026-01-20T14:03:30","guid":{"rendered":"https:\/\/www.livemag.it\/index.php\/2026\/01\/20\/intesa-sanpaolo-caritas-con-aiutare-chi-aiuta-progetti-in-16-carceri-minorili\/"},"modified":"2026-01-20T15:03:30","modified_gmt":"2026-01-20T14:03:30","slug":"intesa-sanpaolo-caritas-con-aiutare-chi-aiuta-progetti-in-16-carceri-minorili","status":"publish","type":"post","link":"https:\/\/www.livemag.it\/index.php\/2026\/01\/20\/intesa-sanpaolo-caritas-con-aiutare-chi-aiuta-progetti-in-16-carceri-minorili\/","title":{"rendered":"Intesa Sanpaolo-Caritas, con \u201cAiutare chi Aiuta\u201d progetti in 16 carceri minorili"},"content":{"rendered":"<div>\n<p>ROMA (ITALPRESS) \u2013 La Cittadella della Carit\u00e0 di Caritas Roma ha ospitato, oggi, l\u2019evento \u201cAiutare chi Aiuta \u2013 edizione 2025-2026\u201d, che mette in luce i frutti della collaborazione tra Caritas Italiana e Intesa Sanpaolo nell\u2019ambito dell\u2019iniziativa \u201cAiutare chi Aiuta: un sostegno alle nuove fragilit\u00e0\u201d, avviata nel 2020 per sostenere con interventi concreti chi opera a favore delle persone pi\u00f9 vulnerabili.<br \/>Nel corso della prima parte sono stati illustrati i risultati di \u201cGiustizia con Misericordia\u201d, attuato attraverso 54 progetti promossi dalle Caritas diocesane in 16 regioni italiane che ha prodotto risultati significativi nel sostegno alle persone detenute e alle loro famiglie raggiungendo complessivamente 14.188 beneficiari. In questi anni, sono stati 6.423 i detenuti ascoltati direttamente in carcere durante il progetto; 137 persone sottoposte a misure penali alternative accolte in comunit\u00e0 grazie alla disponibilit\u00e0 di strutture dedicate; 737 detenuti beneficiari di permessi premio che hanno potuto trascorrere periodi con i propri cari, grazie alla presenza di strutture di accoglienza esterna al carcere; 202 i bambini, figli di persone detenute, che hanno potuto riabbracciare il genitore durante i permessi premio, grazie all\u2019ospitalit\u00e0 offerta all\u2019intera famiglia nelle strutture Caritas. Il programma promuove il reinserimento sociale dei detenuti anche attraverso percorsi di formazione e opportunit\u00e0 lavorative, con l\u2019obiettivo di restituire dignit\u00e0, autonomia e un futuro migliore a chi vive la realt\u00e0 carceraria, coinvolgendo famiglie, comunit\u00e0 e istituzioni in un cambiamento culturale concreto.<br \/>Nella seconda parte dell\u2019evento, invece, \u00e8 stato presentato \u201cJobel\u201d, il nuovo progetto nazionale promosso da Caritas Italiana con il sostegno di Intesa Sanpaolo e rivolto specificamente al sistema penale minorile. Jobel sar\u00e0 operativo nel biennio 2025-2026 e coinvolger\u00e0 16 territori in cui sono presenti IPM, con l\u2019obiettivo di favorire il reinserimento sociale, educativo e lavorativo di minori e giovani attualmente sottoposti a provvedimenti penali. Il progetto nasce dalla sinergia tra Caritas Italiana, le Caritas diocesane locali e i cappellani degli istituti penali minorili, e prevede percorsi strutturati di formazione professionale, sostegno allo studio, orientamento al lavoro e altre iniziative di inclusione. Grazie a Jobel, la rete Caritas potr\u00e0 offrire ai giovani coinvolti nuove opportunit\u00e0 di crescita e riscatto, nella prospettiva di una piena reintegrazione nella comunit\u00e0 una volta concluso il periodo detentivo. <br \/>Un lavoro che chiama in causa anche scuole, parrocchie e territori, attraverso azioni di sensibilizzazione e animazione comunitaria, per costruire risposte preventive e inclusive. La collaborazione tra Caritas Italiana e Intesa Sanpaolo si conferma come un modello virtuoso di intervento congiunto sul territorio. L\u2019alleanza tra gruppo bancario e la rete Caritas ha permesso di unire risorse e competenze complementari, generando risultati tangibili nel supporto alle comunit\u00e0 locali e nelle sperimentazioni di nuovi percorsi di inclusione. I risultati presentati oggi, dalle migliaia Caritas Italiana di detenuti raggiunti e assistiti, fino ai progetti nei confronti dei minori in area penale, testimoniano il valore di questa strategia condivisa. <br \/>\u201cAiutare chi Aiuta nasce dalla condivisione di valori e dalla volont\u00e0 di lavorare insieme per offrire opportunit\u00e0 concrete di riscatto e reinserimento alle persone pi\u00f9 fragili, in particolare nel circuito penale \u2013 dice Paolo Bonasssi, Chief Social Impact Officer Intesa Sanpaolo -. La collaborazione tra Intesa Sanpaolo e Caritas Italiana dimostra quanto il lavoro in rete, fondato sulla fiducia e sul dialogo tra soggetti privati, terzo settore e istituzioni sia decisivo per intervenire in modo incisivo a contrasto delle diseguaglianze e rafforzare le comunit\u00e0\u201d.  \u201cNonostante le difficolt\u00e0 strutturali del sistema penale italiano, queste esperienze ci mostrano che esiste una speranza concreta di cambiamento, che \u00e8 possibile immaginare e percorre sentieri ancora inesplorati di accompagnamento delle persone detenute che producono risultati concreti \u2013 afferma don Marco Pagniello, Direttore di Caritas Italiana -. Grazie a interventi come quelli realizzati con Intesa Sanpaolo stiamo vedendo risultati reali. Lavorando insieme, istituzioni e societ\u00e0 civile possono offrire percorsi di reinserimento efficaci e dignitosi a chi ha sbagliato, dimostrando che la giustizia pu\u00f2 davvero camminare di pari passo con la misericordia\u201d.<\/p>\n<p>\u2013 foto mec\/Italpress \u2013<br \/>(ITALPRESS).<\/p>\n<\/div>\n","protected":false},"excerpt":{"rendered":"<p>ROMA (ITALPRESS) \u2013 La Cittadella della Carit\u00e0 di Caritas Roma ha ospitato, oggi, l\u2019evento \u201cAiutare chi Aiuta \u2013 edizione 2025-2026\u201d, che mette in luce i frutti della collaborazione tra Caritas Italiana e Intesa Sanpaolo nell\u2019ambito dell\u2019iniziativa \u201cAiutare chi Aiuta: un sostegno alle nuove fragilit\u00e0\u201d, avviata nel 2020 per sostenere con interventi concreti chi opera a [&hellip;]<\/p>\n","protected":false},"author":16,"featured_media":67579,"comment_status":"closed","ping_status":"closed","sticky":false,"template":"","format":"standard","meta":{"jnews-multi-image_gallery":[],"jnews_single_post":[],"jnews_primary_category":[],"jnews_social_meta":[],"jnews_override_counter":[],"jnews_post_split":[],"footnotes":""},"categories":[1129],"tags":[],"class_list":["post-67578","post","type-post","status-publish","format-standard","has-post-thumbnail","hentry","category-mondo"],"yoast_head":"<!-- This site is optimized with the Yoast SEO plugin v27.5 - https:\/\/yoast.com\/product\/yoast-seo-wordpress\/ -->\n<title>Intesa Sanpaolo-Caritas, con \u201cAiutare chi Aiuta\u201d progetti in 16 carceri minorili - Live Magazine<\/title>\n<meta name=\"robots\" content=\"index, follow, max-snippet:-1, max-image-preview:large, max-video-preview:-1\" \/>\n<link rel=\"canonical\" href=\"https:\/\/www.livemag.it\/index.php\/2026\/01\/20\/intesa-sanpaolo-caritas-con-aiutare-chi-aiuta-progetti-in-16-carceri-minorili\/\" \/>\n<meta property=\"og:locale\" content=\"it_IT\" \/>\n<meta property=\"og:type\" content=\"article\" \/>\n<meta property=\"og:title\" content=\"Intesa Sanpaolo-Caritas, con \u201cAiutare chi Aiuta\u201d progetti in 16 carceri minorili - Live Magazine\" \/>\n<meta property=\"og:description\" content=\"ROMA (ITALPRESS) \u2013 La Cittadella della Carit\u00e0 di Caritas Roma ha ospitato, oggi, l\u2019evento \u201cAiutare chi Aiuta \u2013 edizione 2025-2026\u201d, che mette in luce i frutti della collaborazione tra Caritas Italiana e Intesa Sanpaolo nell\u2019ambito dell\u2019iniziativa \u201cAiutare chi Aiuta: un sostegno alle nuove fragilit\u00e0\u201d, avviata nel 2020 per sostenere con interventi concreti chi opera a [&hellip;]\" \/>\n<meta property=\"og:url\" content=\"https:\/\/www.livemag.it\/index.php\/2026\/01\/20\/intesa-sanpaolo-caritas-con-aiutare-chi-aiuta-progetti-in-16-carceri-minorili\/\" \/>\n<meta property=\"og:site_name\" content=\"Live Magazine\" \/>\n<meta property=\"article:publisher\" content=\"https:\/\/www.facebook.com\/LiveMag\/\" \/>\n<meta property=\"article:published_time\" content=\"2026-01-20T14:03:30+00:00\" \/>\n<meta property=\"og:image\" content=\"https:\/\/www.livemag.it\/wp-content\/uploads\/2024\/02\/ograph.jpg\" \/>\n\t<meta property=\"og:image:width\" content=\"1200\" \/>\n\t<meta property=\"og:image:height\" content=\"675\" \/>\n\t<meta property=\"og:image:type\" content=\"image\/jpeg\" \/>\n<meta name=\"author\" content=\"italpress\" \/>\n<meta name=\"twitter:card\" content=\"summary_large_image\" \/>\n<meta name=\"twitter:creator\" content=\"@LiveNotizie\" \/>\n<meta name=\"twitter:site\" content=\"@LiveNotizie\" \/>\n<meta name=\"twitter:label1\" content=\"Scritto da\" \/>\n\t<meta name=\"twitter:data1\" content=\"italpress\" \/>\n\t<meta name=\"twitter:label2\" content=\"Tempo di lettura stimato\" \/>\n\t<meta name=\"twitter:data2\" content=\"3 minuti\" \/>\n<script type=\"application\/ld+json\" class=\"yoast-schema-graph\">{\"@context\":\"https:\\\/\\\/schema.org\",\"@graph\":[{\"@type\":\"Article\",\"@id\":\"https:\\\/\\\/www.livemag.it\\\/index.php\\\/2026\\\/01\\\/20\\\/intesa-sanpaolo-caritas-con-aiutare-chi-aiuta-progetti-in-16-carceri-minorili\\\/#article\",\"isPartOf\":{\"@id\":\"https:\\\/\\\/www.livemag.it\\\/index.php\\\/2026\\\/01\\\/20\\\/intesa-sanpaolo-caritas-con-aiutare-chi-aiuta-progetti-in-16-carceri-minorili\\\/\"},\"author\":{\"name\":\"italpress\",\"@id\":\"https:\\\/\\\/www.livemag.it\\\/#\\\/schema\\\/person\\\/b62c5f44451fdcdaeb0afe6c2424e73c\"},\"headline\":\"Intesa Sanpaolo-Caritas, con \u201cAiutare chi Aiuta\u201d progetti in 16 carceri minorili\",\"datePublished\":\"2026-01-20T14:03:30+00:00\",\"mainEntityOfPage\":{\"@id\":\"https:\\\/\\\/www.livemag.it\\\/index.php\\\/2026\\\/01\\\/20\\\/intesa-sanpaolo-caritas-con-aiutare-chi-aiuta-progetti-in-16-carceri-minorili\\\/\"},\"wordCount\":647,\"publisher\":{\"@id\":\"https:\\\/\\\/www.livemag.it\\\/#organization\"},\"image\":{\"@id\":\"https:\\\/\\\/www.livemag.it\\\/index.php\\\/2026\\\/01\\\/20\\\/intesa-sanpaolo-caritas-con-aiutare-chi-aiuta-progetti-in-16-carceri-minorili\\\/#primaryimage\"},\"thumbnailUrl\":\"https:\\\/\\\/www.livemag.it\\\/wp-content\\\/uploads\\\/2026\\\/01\\\/20260120_0629.jpg\",\"articleSection\":[\"Mondo\"],\"inLanguage\":\"it-IT\"},{\"@type\":\"WebPage\",\"@id\":\"https:\\\/\\\/www.livemag.it\\\/index.php\\\/2026\\\/01\\\/20\\\/intesa-sanpaolo-caritas-con-aiutare-chi-aiuta-progetti-in-16-carceri-minorili\\\/\",\"url\":\"https:\\\/\\\/www.livemag.it\\\/index.php\\\/2026\\\/01\\\/20\\\/intesa-sanpaolo-caritas-con-aiutare-chi-aiuta-progetti-in-16-carceri-minorili\\\/\",\"name\":\"Intesa Sanpaolo-Caritas, con \u201cAiutare chi Aiuta\u201d progetti in 16 carceri minorili - Live Magazine\",\"isPartOf\":{\"@id\":\"https:\\\/\\\/www.livemag.it\\\/#website\"},\"primaryImageOfPage\":{\"@id\":\"https:\\\/\\\/www.livemag.it\\\/index.php\\\/2026\\\/01\\\/20\\\/intesa-sanpaolo-caritas-con-aiutare-chi-aiuta-progetti-in-16-carceri-minorili\\\/#primaryimage\"},\"image\":{\"@id\":\"https:\\\/\\\/www.livemag.it\\\/index.php\\\/2026\\\/01\\\/20\\\/intesa-sanpaolo-caritas-con-aiutare-chi-aiuta-progetti-in-16-carceri-minorili\\\/#primaryimage\"},\"thumbnailUrl\":\"https:\\\/\\\/www.livemag.it\\\/wp-content\\\/uploads\\\/2026\\\/01\\\/20260120_0629.jpg\",\"datePublished\":\"2026-01-20T14:03:30+00:00\",\"breadcrumb\":{\"@id\":\"https:\\\/\\\/www.livemag.it\\\/index.php\\\/2026\\\/01\\\/20\\\/intesa-sanpaolo-caritas-con-aiutare-chi-aiuta-progetti-in-16-carceri-minorili\\\/#breadcrumb\"},\"inLanguage\":\"it-IT\",\"potentialAction\":[{\"@type\":\"ReadAction\",\"target\":[\"https:\\\/\\\/www.livemag.it\\\/index.php\\\/2026\\\/01\\\/20\\\/intesa-sanpaolo-caritas-con-aiutare-chi-aiuta-progetti-in-16-carceri-minorili\\\/\"]}]},{\"@type\":\"ImageObject\",\"inLanguage\":\"it-IT\",\"@id\":\"https:\\\/\\\/www.livemag.it\\\/index.php\\\/2026\\\/01\\\/20\\\/intesa-sanpaolo-caritas-con-aiutare-chi-aiuta-progetti-in-16-carceri-minorili\\\/#primaryimage\",\"url\":\"https:\\\/\\\/www.livemag.it\\\/wp-content\\\/uploads\\\/2026\\\/01\\\/20260120_0629.jpg\",\"contentUrl\":\"https:\\\/\\\/www.livemag.it\\\/wp-content\\\/uploads\\\/2026\\\/01\\\/20260120_0629.jpg\",\"width\":1024,\"height\":683},{\"@type\":\"BreadcrumbList\",\"@id\":\"https:\\\/\\\/www.livemag.it\\\/index.php\\\/2026\\\/01\\\/20\\\/intesa-sanpaolo-caritas-con-aiutare-chi-aiuta-progetti-in-16-carceri-minorili\\\/#breadcrumb\",\"itemListElement\":[{\"@type\":\"ListItem\",\"position\":1,\"name\":\"Home\",\"item\":\"https:\\\/\\\/www.livemag.it\\\/\"},{\"@type\":\"ListItem\",\"position\":2,\"name\":\"Intesa Sanpaolo-Caritas, con \u201cAiutare chi Aiuta\u201d progetti in 16 carceri minorili\"}]},{\"@type\":\"WebSite\",\"@id\":\"https:\\\/\\\/www.livemag.it\\\/#website\",\"url\":\"https:\\\/\\\/www.livemag.it\\\/\",\"name\":\"Live Magazine\",\"description\":\"Varie ed eventi\",\"publisher\":{\"@id\":\"https:\\\/\\\/www.livemag.it\\\/#organization\"},\"potentialAction\":[{\"@type\":\"SearchAction\",\"target\":{\"@type\":\"EntryPoint\",\"urlTemplate\":\"https:\\\/\\\/www.livemag.it\\\/?s={search_term_string}\"},\"query-input\":{\"@type\":\"PropertyValueSpecification\",\"valueRequired\":true,\"valueName\":\"search_term_string\"}}],\"inLanguage\":\"it-IT\"},{\"@type\":\"Organization\",\"@id\":\"https:\\\/\\\/www.livemag.it\\\/#organization\",\"name\":\"LiveMag\",\"alternateName\":\"LiveMag News ed eventi\",\"url\":\"https:\\\/\\\/www.livemag.it\\\/\",\"logo\":{\"@type\":\"ImageObject\",\"inLanguage\":\"it-IT\",\"@id\":\"https:\\\/\\\/www.livemag.it\\\/#\\\/schema\\\/logo\\\/image\\\/\",\"url\":\"https:\\\/\\\/www.livemag.it\\\/wp-content\\\/uploads\\\/2024\\\/02\\\/immagine-sito.jpg\",\"contentUrl\":\"https:\\\/\\\/www.livemag.it\\\/wp-content\\\/uploads\\\/2024\\\/02\\\/immagine-sito.jpg\",\"width\":696,\"height\":696,\"caption\":\"LiveMag\"},\"image\":{\"@id\":\"https:\\\/\\\/www.livemag.it\\\/#\\\/schema\\\/logo\\\/image\\\/\"},\"sameAs\":[\"https:\\\/\\\/www.facebook.com\\\/LiveMag\\\/\",\"https:\\\/\\\/x.com\\\/LiveNotizie\",\"https:\\\/\\\/www.instagram.com\\\/livemag\\\/\"]},{\"@type\":\"Person\",\"@id\":\"https:\\\/\\\/www.livemag.it\\\/#\\\/schema\\\/person\\\/b62c5f44451fdcdaeb0afe6c2424e73c\",\"name\":\"italpress\",\"image\":{\"@type\":\"ImageObject\",\"inLanguage\":\"it-IT\",\"@id\":\"https:\\\/\\\/secure.gravatar.com\\\/avatar\\\/b6a21695fc713ce7ee312cf57c97e2e641feb365be72d8745574d3c3e2b59066?s=96&r=g\",\"url\":\"https:\\\/\\\/secure.gravatar.com\\\/avatar\\\/b6a21695fc713ce7ee312cf57c97e2e641feb365be72d8745574d3c3e2b59066?s=96&r=g\",\"contentUrl\":\"https:\\\/\\\/secure.gravatar.com\\\/avatar\\\/b6a21695fc713ce7ee312cf57c97e2e641feb365be72d8745574d3c3e2b59066?s=96&r=g\",\"caption\":\"italpress\"},\"description\":\"Italpress \u00e8 un'agenzia di stampa italiana a carattere nazionale.\",\"url\":\"https:\\\/\\\/www.livemag.it\\\/index.php\\\/author\\\/italpress\\\/\"}]}<\/script>\n<!-- \/ Yoast SEO plugin. -->","yoast_head_json":{"title":"Intesa Sanpaolo-Caritas, con \u201cAiutare chi Aiuta\u201d progetti in 16 carceri minorili - Live Magazine","robots":{"index":"index","follow":"follow","max-snippet":"max-snippet:-1","max-image-preview":"max-image-preview:large","max-video-preview":"max-video-preview:-1"},"canonical":"https:\/\/www.livemag.it\/index.php\/2026\/01\/20\/intesa-sanpaolo-caritas-con-aiutare-chi-aiuta-progetti-in-16-carceri-minorili\/","og_locale":"it_IT","og_type":"article","og_title":"Intesa Sanpaolo-Caritas, con \u201cAiutare chi Aiuta\u201d progetti in 16 carceri minorili - Live Magazine","og_description":"ROMA (ITALPRESS) \u2013 La Cittadella della Carit\u00e0 di Caritas Roma ha ospitato, oggi, l\u2019evento \u201cAiutare chi Aiuta \u2013 edizione 2025-2026\u201d, che mette in luce i frutti della collaborazione tra Caritas Italiana e Intesa Sanpaolo nell\u2019ambito dell\u2019iniziativa \u201cAiutare chi Aiuta: un sostegno alle nuove fragilit\u00e0\u201d, avviata nel 2020 per sostenere con interventi concreti chi opera a [&hellip;]","og_url":"https:\/\/www.livemag.it\/index.php\/2026\/01\/20\/intesa-sanpaolo-caritas-con-aiutare-chi-aiuta-progetti-in-16-carceri-minorili\/","og_site_name":"Live Magazine","article_publisher":"https:\/\/www.facebook.com\/LiveMag\/","article_published_time":"2026-01-20T14:03:30+00:00","og_image":[{"width":1200,"height":675,"url":"https:\/\/www.livemag.it\/wp-content\/uploads\/2024\/02\/ograph.jpg","type":"image\/jpeg"}],"author":"italpress","twitter_card":"summary_large_image","twitter_creator":"@LiveNotizie","twitter_site":"@LiveNotizie","twitter_misc":{"Scritto da":"italpress","Tempo di lettura stimato":"3 minuti"},"schema":{"@context":"https:\/\/schema.org","@graph":[{"@type":"Article","@id":"https:\/\/www.livemag.it\/index.php\/2026\/01\/20\/intesa-sanpaolo-caritas-con-aiutare-chi-aiuta-progetti-in-16-carceri-minorili\/#article","isPartOf":{"@id":"https:\/\/www.livemag.it\/index.php\/2026\/01\/20\/intesa-sanpaolo-caritas-con-aiutare-chi-aiuta-progetti-in-16-carceri-minorili\/"},"author":{"name":"italpress","@id":"https:\/\/www.livemag.it\/#\/schema\/person\/b62c5f44451fdcdaeb0afe6c2424e73c"},"headline":"Intesa Sanpaolo-Caritas, con \u201cAiutare chi Aiuta\u201d progetti in 16 carceri minorili","datePublished":"2026-01-20T14:03:30+00:00","mainEntityOfPage":{"@id":"https:\/\/www.livemag.it\/index.php\/2026\/01\/20\/intesa-sanpaolo-caritas-con-aiutare-chi-aiuta-progetti-in-16-carceri-minorili\/"},"wordCount":647,"publisher":{"@id":"https:\/\/www.livemag.it\/#organization"},"image":{"@id":"https:\/\/www.livemag.it\/index.php\/2026\/01\/20\/intesa-sanpaolo-caritas-con-aiutare-chi-aiuta-progetti-in-16-carceri-minorili\/#primaryimage"},"thumbnailUrl":"https:\/\/www.livemag.it\/wp-content\/uploads\/2026\/01\/20260120_0629.jpg","articleSection":["Mondo"],"inLanguage":"it-IT"},{"@type":"WebPage","@id":"https:\/\/www.livemag.it\/index.php\/2026\/01\/20\/intesa-sanpaolo-caritas-con-aiutare-chi-aiuta-progetti-in-16-carceri-minorili\/","url":"https:\/\/www.livemag.it\/index.php\/2026\/01\/20\/intesa-sanpaolo-caritas-con-aiutare-chi-aiuta-progetti-in-16-carceri-minorili\/","name":"Intesa Sanpaolo-Caritas, con \u201cAiutare chi Aiuta\u201d progetti in 16 carceri minorili - Live Magazine","isPartOf":{"@id":"https:\/\/www.livemag.it\/#website"},"primaryImageOfPage":{"@id":"https:\/\/www.livemag.it\/index.php\/2026\/01\/20\/intesa-sanpaolo-caritas-con-aiutare-chi-aiuta-progetti-in-16-carceri-minorili\/#primaryimage"},"image":{"@id":"https:\/\/www.livemag.it\/index.php\/2026\/01\/20\/intesa-sanpaolo-caritas-con-aiutare-chi-aiuta-progetti-in-16-carceri-minorili\/#primaryimage"},"thumbnailUrl":"https:\/\/www.livemag.it\/wp-content\/uploads\/2026\/01\/20260120_0629.jpg","datePublished":"2026-01-20T14:03:30+00:00","breadcrumb":{"@id":"https:\/\/www.livemag.it\/index.php\/2026\/01\/20\/intesa-sanpaolo-caritas-con-aiutare-chi-aiuta-progetti-in-16-carceri-minorili\/#breadcrumb"},"inLanguage":"it-IT","potentialAction":[{"@type":"ReadAction","target":["https:\/\/www.livemag.it\/index.php\/2026\/01\/20\/intesa-sanpaolo-caritas-con-aiutare-chi-aiuta-progetti-in-16-carceri-minorili\/"]}]},{"@type":"ImageObject","inLanguage":"it-IT","@id":"https:\/\/www.livemag.it\/index.php\/2026\/01\/20\/intesa-sanpaolo-caritas-con-aiutare-chi-aiuta-progetti-in-16-carceri-minorili\/#primaryimage","url":"https:\/\/www.livemag.it\/wp-content\/uploads\/2026\/01\/20260120_0629.jpg","contentUrl":"https:\/\/www.livemag.it\/wp-content\/uploads\/2026\/01\/20260120_0629.jpg","width":1024,"height":683},{"@type":"BreadcrumbList","@id":"https:\/\/www.livemag.it\/index.php\/2026\/01\/20\/intesa-sanpaolo-caritas-con-aiutare-chi-aiuta-progetti-in-16-carceri-minorili\/#breadcrumb","itemListElement":[{"@type":"ListItem","position":1,"name":"Home","item":"https:\/\/www.livemag.it\/"},{"@type":"ListItem","position":2,"name":"Intesa Sanpaolo-Caritas, con \u201cAiutare chi Aiuta\u201d progetti in 16 carceri minorili"}]},{"@type":"WebSite","@id":"https:\/\/www.livemag.it\/#website","url":"https:\/\/www.livemag.it\/","name":"Live Magazine","description":"Varie ed eventi","publisher":{"@id":"https:\/\/www.livemag.it\/#organization"},"potentialAction":[{"@type":"SearchAction","target":{"@type":"EntryPoint","urlTemplate":"https:\/\/www.livemag.it\/?s={search_term_string}"},"query-input":{"@type":"PropertyValueSpecification","valueRequired":true,"valueName":"search_term_string"}}],"inLanguage":"it-IT"},{"@type":"Organization","@id":"https:\/\/www.livemag.it\/#organization","name":"LiveMag","alternateName":"LiveMag News ed eventi","url":"https:\/\/www.livemag.it\/","logo":{"@type":"ImageObject","inLanguage":"it-IT","@id":"https:\/\/www.livemag.it\/#\/schema\/logo\/image\/","url":"https:\/\/www.livemag.it\/wp-content\/uploads\/2024\/02\/immagine-sito.jpg","contentUrl":"https:\/\/www.livemag.it\/wp-content\/uploads\/2024\/02\/immagine-sito.jpg","width":696,"height":696,"caption":"LiveMag"},"image":{"@id":"https:\/\/www.livemag.it\/#\/schema\/logo\/image\/"},"sameAs":["https:\/\/www.facebook.com\/LiveMag\/","https:\/\/x.com\/LiveNotizie","https:\/\/www.instagram.com\/livemag\/"]},{"@type":"Person","@id":"https:\/\/www.livemag.it\/#\/schema\/person\/b62c5f44451fdcdaeb0afe6c2424e73c","name":"italpress","image":{"@type":"ImageObject","inLanguage":"it-IT","@id":"https:\/\/secure.gravatar.com\/avatar\/b6a21695fc713ce7ee312cf57c97e2e641feb365be72d8745574d3c3e2b59066?s=96&r=g","url":"https:\/\/secure.gravatar.com\/avatar\/b6a21695fc713ce7ee312cf57c97e2e641feb365be72d8745574d3c3e2b59066?s=96&r=g","contentUrl":"https:\/\/secure.gravatar.com\/avatar\/b6a21695fc713ce7ee312cf57c97e2e641feb365be72d8745574d3c3e2b59066?s=96&r=g","caption":"italpress"},"description":"Italpress \u00e8 un'agenzia di stampa italiana a carattere nazionale.","url":"https:\/\/www.livemag.it\/index.php\/author\/italpress\/"}]}},"jetpack_featured_media_url":"https:\/\/www.livemag.it\/wp-content\/uploads\/2026\/01\/20260120_0629.jpg","_links":{"self":[{"href":"https:\/\/www.livemag.it\/index.php\/wp-json\/wp\/v2\/posts\/67578","targetHints":{"allow":["GET"]}}],"collection":[{"href":"https:\/\/www.livemag.it\/index.php\/wp-json\/wp\/v2\/posts"}],"about":[{"href":"https:\/\/www.livemag.it\/index.php\/wp-json\/wp\/v2\/types\/post"}],"author":[{"embeddable":true,"href":"https:\/\/www.livemag.it\/index.php\/wp-json\/wp\/v2\/users\/16"}],"replies":[{"embeddable":true,"href":"https:\/\/www.livemag.it\/index.php\/wp-json\/wp\/v2\/comments?post=67578"}],"version-history":[{"count":0,"href":"https:\/\/www.livemag.it\/index.php\/wp-json\/wp\/v2\/posts\/67578\/revisions"}],"wp:featuredmedia":[{"embeddable":true,"href":"https:\/\/www.livemag.it\/index.php\/wp-json\/wp\/v2\/media\/67579"}],"wp:attachment":[{"href":"https:\/\/www.livemag.it\/index.php\/wp-json\/wp\/v2\/media?parent=67578"}],"wp:term":[{"taxonomy":"category","embeddable":true,"href":"https:\/\/www.livemag.it\/index.php\/wp-json\/wp\/v2\/categories?post=67578"},{"taxonomy":"post_tag","embeddable":true,"href":"https:\/\/www.livemag.it\/index.php\/wp-json\/wp\/v2\/tags?post=67578"}],"curies":[{"name":"wp","href":"https:\/\/api.w.org\/{rel}","templated":true}]}}