{"id":67576,"date":"2026-01-20T15:03:26","date_gmt":"2026-01-20T14:03:26","guid":{"rendered":"https:\/\/www.livemag.it\/index.php\/2026\/01\/20\/von-der-leyen-i-nuovi-dazi-usa-sono-un-errore\/"},"modified":"2026-01-20T15:03:26","modified_gmt":"2026-01-20T14:03:26","slug":"von-der-leyen-i-nuovi-dazi-usa-sono-un-errore","status":"publish","type":"post","link":"https:\/\/www.livemag.it\/index.php\/2026\/01\/20\/von-der-leyen-i-nuovi-dazi-usa-sono-un-errore\/","title":{"rendered":"Von der Leyen \u201cI nuovi dazi Usa sono un errore\u201d"},"content":{"rendered":"<div>\n<p>DAVOS (ITALPRESS) \u2013 \u201cQuando si tratta della sicurezza della regione artica, l\u2019Europa \u00e8 pienamente impegnata\u201d. Lo dice la presidente della Commissione Europea Ursula von der Leyen, intervenendo al World Economic Forum di Davos. \u201cI dazi aggiuntivi proposti\u201d sulle importazioni negli Usa dai Paesi europei che hanno mandato militari in Groenlandia \u201csono un errore, soprattutto tra alleati di lunga data. L\u2019UE e gli Stati Uniti hanno concordato un accordo commerciale lo scorso luglio. E in politica come negli affari, un accordo \u00e8 un accordo. E quando gli amici si stringono la mano, deve pur significare qualcosa\u201d.<br \/>\u201cConsideriamo il popolo degli Stati Uniti non solo nostri alleati, ma nostri amici \u2013 aggiunge von der Leyen -. E farci precipitare in una pericolosa spirale discendente non farebbe altro che favorire proprio gli avversari che entrambi siamo cos\u00ec determinati a tenere fuori dal nostro panorama strategico. Pertanto, la nostra risposta sar\u00e0 risoluta, unita e proporzionata. Ma oltre a questo, dobbiamo essere strategici nell\u2019affrontare la questione. Ecco perch\u00e8 stiamo lavorando a un pacchetto a sostegno della sicurezza artica. Primo principio: piena solidariet\u00e0 con la Groenlandia e il Regno di Danimarca. La sovranit\u00e0 e l\u2019integrit\u00e0 del loro territorio non sono negoziabili. In secondo luogo, stiamo lavorando a un massiccio aumento degli investimenti europei in Groenlandia. Collaboreremo fianco a fianco con la Groenlandia e la Danimarca per vedere come possiamo sostenere ulteriormente l\u2019economia e le infrastrutture locali. In terzo luogo, collaboreremo con gli Stati Uniti e tutti i partner su un piano pi\u00f9 ampio. Sicurezza artica: questo \u00e8 chiaramente nel nostro interesse comune e intensificheremo i nostri investimenti.  In quarto luogo, e con lo stesso spirito, dobbiamo collaborare con tutti i nostri partner regionali per rafforzare la nostra sicurezza comune. Per questo motivo, valuteremo come rafforzare le nostre partnership in materia di sicurezza con partner come Regno Unito, Canada, Norvegia, Islanda e altri. Infine, credo che l\u2019Europa debba adattarsi alla nuova architettura di sicurezza e alle nuove realt\u00e0 che stiamo affrontando. Per questo motivo, l\u2019Europa sta preparando una propria strategia di sicurezza, che prevediamo di pubblicare entro la fine dell\u2019anno\u201d.<br \/>-foto Ipa Agency-<br \/>(ITALPRESS).<\/p>\n<\/div>\n","protected":false},"excerpt":{"rendered":"<p>DAVOS (ITALPRESS) \u2013 \u201cQuando si tratta della sicurezza della regione artica, l\u2019Europa \u00e8 pienamente impegnata\u201d. Lo dice la presidente della Commissione Europea Ursula von der Leyen, intervenendo al World Economic Forum di Davos. \u201cI dazi aggiuntivi proposti\u201d sulle importazioni negli Usa dai Paesi europei che hanno mandato militari in Groenlandia \u201csono un errore, soprattutto tra [&hellip;]<\/p>\n","protected":false},"author":16,"featured_media":67577,"comment_status":"closed","ping_status":"closed","sticky":false,"template":"","format":"standard","meta":{"jnews-multi-image_gallery":[],"jnews_single_post":[],"jnews_primary_category":[],"jnews_social_meta":[],"jnews_override_counter":[],"jnews_post_split":[],"footnotes":""},"categories":[1129],"tags":[],"class_list":["post-67576","post","type-post","status-publish","format-standard","has-post-thumbnail","hentry","category-mondo"],"yoast_head":"<!-- This site is optimized with the Yoast SEO plugin v27.5 - https:\/\/yoast.com\/product\/yoast-seo-wordpress\/ -->\n<title>Von der Leyen \u201cI nuovi dazi Usa sono un errore\u201d - Live Magazine<\/title>\n<meta name=\"robots\" content=\"index, follow, max-snippet:-1, max-image-preview:large, max-video-preview:-1\" \/>\n<link rel=\"canonical\" href=\"https:\/\/www.livemag.it\/index.php\/2026\/01\/20\/von-der-leyen-i-nuovi-dazi-usa-sono-un-errore\/\" \/>\n<meta property=\"og:locale\" content=\"it_IT\" \/>\n<meta property=\"og:type\" content=\"article\" \/>\n<meta property=\"og:title\" content=\"Von der Leyen \u201cI nuovi dazi Usa sono un errore\u201d - Live Magazine\" \/>\n<meta property=\"og:description\" content=\"DAVOS (ITALPRESS) \u2013 \u201cQuando si tratta della sicurezza della regione artica, l\u2019Europa \u00e8 pienamente impegnata\u201d. Lo dice la presidente della Commissione Europea Ursula von der Leyen, intervenendo al World Economic Forum di Davos. \u201cI dazi aggiuntivi proposti\u201d sulle importazioni negli Usa dai Paesi europei che hanno mandato militari in Groenlandia \u201csono un errore, soprattutto tra [&hellip;]\" \/>\n<meta property=\"og:url\" content=\"https:\/\/www.livemag.it\/index.php\/2026\/01\/20\/von-der-leyen-i-nuovi-dazi-usa-sono-un-errore\/\" \/>\n<meta property=\"og:site_name\" content=\"Live Magazine\" \/>\n<meta property=\"article:publisher\" content=\"https:\/\/www.facebook.com\/LiveMag\/\" \/>\n<meta property=\"article:published_time\" content=\"2026-01-20T14:03:26+00:00\" \/>\n<meta property=\"og:image\" content=\"https:\/\/www.livemag.it\/wp-content\/uploads\/2024\/02\/ograph.jpg\" \/>\n\t<meta property=\"og:image:width\" content=\"1200\" \/>\n\t<meta property=\"og:image:height\" content=\"675\" \/>\n\t<meta property=\"og:image:type\" content=\"image\/jpeg\" \/>\n<meta name=\"author\" content=\"italpress\" \/>\n<meta name=\"twitter:card\" content=\"summary_large_image\" \/>\n<meta name=\"twitter:creator\" content=\"@LiveNotizie\" \/>\n<meta name=\"twitter:site\" content=\"@LiveNotizie\" \/>\n<meta name=\"twitter:label1\" content=\"Scritto da\" \/>\n\t<meta name=\"twitter:data1\" content=\"italpress\" \/>\n\t<meta name=\"twitter:label2\" content=\"Tempo di lettura stimato\" \/>\n\t<meta name=\"twitter:data2\" content=\"2 minuti\" \/>\n<script type=\"application\/ld+json\" class=\"yoast-schema-graph\">{\"@context\":\"https:\\\/\\\/schema.org\",\"@graph\":[{\"@type\":\"Article\",\"@id\":\"https:\\\/\\\/www.livemag.it\\\/index.php\\\/2026\\\/01\\\/20\\\/von-der-leyen-i-nuovi-dazi-usa-sono-un-errore\\\/#article\",\"isPartOf\":{\"@id\":\"https:\\\/\\\/www.livemag.it\\\/index.php\\\/2026\\\/01\\\/20\\\/von-der-leyen-i-nuovi-dazi-usa-sono-un-errore\\\/\"},\"author\":{\"name\":\"italpress\",\"@id\":\"https:\\\/\\\/www.livemag.it\\\/#\\\/schema\\\/person\\\/b62c5f44451fdcdaeb0afe6c2424e73c\"},\"headline\":\"Von der Leyen \u201cI nuovi dazi Usa sono un errore\u201d\",\"datePublished\":\"2026-01-20T14:03:26+00:00\",\"mainEntityOfPage\":{\"@id\":\"https:\\\/\\\/www.livemag.it\\\/index.php\\\/2026\\\/01\\\/20\\\/von-der-leyen-i-nuovi-dazi-usa-sono-un-errore\\\/\"},\"wordCount\":360,\"publisher\":{\"@id\":\"https:\\\/\\\/www.livemag.it\\\/#organization\"},\"image\":{\"@id\":\"https:\\\/\\\/www.livemag.it\\\/index.php\\\/2026\\\/01\\\/20\\\/von-der-leyen-i-nuovi-dazi-usa-sono-un-errore\\\/#primaryimage\"},\"thumbnailUrl\":\"https:\\\/\\\/www.livemag.it\\\/wp-content\\\/uploads\\\/2026\\\/01\\\/20260120_0651.jpg\",\"articleSection\":[\"Mondo\"],\"inLanguage\":\"it-IT\"},{\"@type\":\"WebPage\",\"@id\":\"https:\\\/\\\/www.livemag.it\\\/index.php\\\/2026\\\/01\\\/20\\\/von-der-leyen-i-nuovi-dazi-usa-sono-un-errore\\\/\",\"url\":\"https:\\\/\\\/www.livemag.it\\\/index.php\\\/2026\\\/01\\\/20\\\/von-der-leyen-i-nuovi-dazi-usa-sono-un-errore\\\/\",\"name\":\"Von der Leyen \u201cI nuovi dazi Usa sono un errore\u201d - Live Magazine\",\"isPartOf\":{\"@id\":\"https:\\\/\\\/www.livemag.it\\\/#website\"},\"primaryImageOfPage\":{\"@id\":\"https:\\\/\\\/www.livemag.it\\\/index.php\\\/2026\\\/01\\\/20\\\/von-der-leyen-i-nuovi-dazi-usa-sono-un-errore\\\/#primaryimage\"},\"image\":{\"@id\":\"https:\\\/\\\/www.livemag.it\\\/index.php\\\/2026\\\/01\\\/20\\\/von-der-leyen-i-nuovi-dazi-usa-sono-un-errore\\\/#primaryimage\"},\"thumbnailUrl\":\"https:\\\/\\\/www.livemag.it\\\/wp-content\\\/uploads\\\/2026\\\/01\\\/20260120_0651.jpg\",\"datePublished\":\"2026-01-20T14:03:26+00:00\",\"breadcrumb\":{\"@id\":\"https:\\\/\\\/www.livemag.it\\\/index.php\\\/2026\\\/01\\\/20\\\/von-der-leyen-i-nuovi-dazi-usa-sono-un-errore\\\/#breadcrumb\"},\"inLanguage\":\"it-IT\",\"potentialAction\":[{\"@type\":\"ReadAction\",\"target\":[\"https:\\\/\\\/www.livemag.it\\\/index.php\\\/2026\\\/01\\\/20\\\/von-der-leyen-i-nuovi-dazi-usa-sono-un-errore\\\/\"]}]},{\"@type\":\"ImageObject\",\"inLanguage\":\"it-IT\",\"@id\":\"https:\\\/\\\/www.livemag.it\\\/index.php\\\/2026\\\/01\\\/20\\\/von-der-leyen-i-nuovi-dazi-usa-sono-un-errore\\\/#primaryimage\",\"url\":\"https:\\\/\\\/www.livemag.it\\\/wp-content\\\/uploads\\\/2026\\\/01\\\/20260120_0651.jpg\",\"contentUrl\":\"https:\\\/\\\/www.livemag.it\\\/wp-content\\\/uploads\\\/2026\\\/01\\\/20260120_0651.jpg\",\"width\":1600,\"height\":1030},{\"@type\":\"BreadcrumbList\",\"@id\":\"https:\\\/\\\/www.livemag.it\\\/index.php\\\/2026\\\/01\\\/20\\\/von-der-leyen-i-nuovi-dazi-usa-sono-un-errore\\\/#breadcrumb\",\"itemListElement\":[{\"@type\":\"ListItem\",\"position\":1,\"name\":\"Home\",\"item\":\"https:\\\/\\\/www.livemag.it\\\/\"},{\"@type\":\"ListItem\",\"position\":2,\"name\":\"Von der Leyen \u201cI nuovi dazi Usa sono un errore\u201d\"}]},{\"@type\":\"WebSite\",\"@id\":\"https:\\\/\\\/www.livemag.it\\\/#website\",\"url\":\"https:\\\/\\\/www.livemag.it\\\/\",\"name\":\"Live Magazine\",\"description\":\"Varie ed eventi\",\"publisher\":{\"@id\":\"https:\\\/\\\/www.livemag.it\\\/#organization\"},\"potentialAction\":[{\"@type\":\"SearchAction\",\"target\":{\"@type\":\"EntryPoint\",\"urlTemplate\":\"https:\\\/\\\/www.livemag.it\\\/?s={search_term_string}\"},\"query-input\":{\"@type\":\"PropertyValueSpecification\",\"valueRequired\":true,\"valueName\":\"search_term_string\"}}],\"inLanguage\":\"it-IT\"},{\"@type\":\"Organization\",\"@id\":\"https:\\\/\\\/www.livemag.it\\\/#organization\",\"name\":\"LiveMag\",\"alternateName\":\"LiveMag News ed eventi\",\"url\":\"https:\\\/\\\/www.livemag.it\\\/\",\"logo\":{\"@type\":\"ImageObject\",\"inLanguage\":\"it-IT\",\"@id\":\"https:\\\/\\\/www.livemag.it\\\/#\\\/schema\\\/logo\\\/image\\\/\",\"url\":\"https:\\\/\\\/www.livemag.it\\\/wp-content\\\/uploads\\\/2024\\\/02\\\/immagine-sito.jpg\",\"contentUrl\":\"https:\\\/\\\/www.livemag.it\\\/wp-content\\\/uploads\\\/2024\\\/02\\\/immagine-sito.jpg\",\"width\":696,\"height\":696,\"caption\":\"LiveMag\"},\"image\":{\"@id\":\"https:\\\/\\\/www.livemag.it\\\/#\\\/schema\\\/logo\\\/image\\\/\"},\"sameAs\":[\"https:\\\/\\\/www.facebook.com\\\/LiveMag\\\/\",\"https:\\\/\\\/x.com\\\/LiveNotizie\",\"https:\\\/\\\/www.instagram.com\\\/livemag\\\/\"]},{\"@type\":\"Person\",\"@id\":\"https:\\\/\\\/www.livemag.it\\\/#\\\/schema\\\/person\\\/b62c5f44451fdcdaeb0afe6c2424e73c\",\"name\":\"italpress\",\"image\":{\"@type\":\"ImageObject\",\"inLanguage\":\"it-IT\",\"@id\":\"https:\\\/\\\/secure.gravatar.com\\\/avatar\\\/b6a21695fc713ce7ee312cf57c97e2e641feb365be72d8745574d3c3e2b59066?s=96&r=g\",\"url\":\"https:\\\/\\\/secure.gravatar.com\\\/avatar\\\/b6a21695fc713ce7ee312cf57c97e2e641feb365be72d8745574d3c3e2b59066?s=96&r=g\",\"contentUrl\":\"https:\\\/\\\/secure.gravatar.com\\\/avatar\\\/b6a21695fc713ce7ee312cf57c97e2e641feb365be72d8745574d3c3e2b59066?s=96&r=g\",\"caption\":\"italpress\"},\"description\":\"Italpress \u00e8 un'agenzia di stampa italiana a carattere nazionale.\",\"url\":\"https:\\\/\\\/www.livemag.it\\\/index.php\\\/author\\\/italpress\\\/\"}]}<\/script>\n<!-- \/ Yoast SEO plugin. -->","yoast_head_json":{"title":"Von der Leyen \u201cI nuovi dazi Usa sono un errore\u201d - Live Magazine","robots":{"index":"index","follow":"follow","max-snippet":"max-snippet:-1","max-image-preview":"max-image-preview:large","max-video-preview":"max-video-preview:-1"},"canonical":"https:\/\/www.livemag.it\/index.php\/2026\/01\/20\/von-der-leyen-i-nuovi-dazi-usa-sono-un-errore\/","og_locale":"it_IT","og_type":"article","og_title":"Von der Leyen \u201cI nuovi dazi Usa sono un errore\u201d - Live Magazine","og_description":"DAVOS (ITALPRESS) \u2013 \u201cQuando si tratta della sicurezza della regione artica, l\u2019Europa \u00e8 pienamente impegnata\u201d. Lo dice la presidente della Commissione Europea Ursula von der Leyen, intervenendo al World Economic Forum di Davos. \u201cI dazi aggiuntivi proposti\u201d sulle importazioni negli Usa dai Paesi europei che hanno mandato militari in Groenlandia \u201csono un errore, soprattutto tra [&hellip;]","og_url":"https:\/\/www.livemag.it\/index.php\/2026\/01\/20\/von-der-leyen-i-nuovi-dazi-usa-sono-un-errore\/","og_site_name":"Live Magazine","article_publisher":"https:\/\/www.facebook.com\/LiveMag\/","article_published_time":"2026-01-20T14:03:26+00:00","og_image":[{"width":1200,"height":675,"url":"https:\/\/www.livemag.it\/wp-content\/uploads\/2024\/02\/ograph.jpg","type":"image\/jpeg"}],"author":"italpress","twitter_card":"summary_large_image","twitter_creator":"@LiveNotizie","twitter_site":"@LiveNotizie","twitter_misc":{"Scritto da":"italpress","Tempo di lettura stimato":"2 minuti"},"schema":{"@context":"https:\/\/schema.org","@graph":[{"@type":"Article","@id":"https:\/\/www.livemag.it\/index.php\/2026\/01\/20\/von-der-leyen-i-nuovi-dazi-usa-sono-un-errore\/#article","isPartOf":{"@id":"https:\/\/www.livemag.it\/index.php\/2026\/01\/20\/von-der-leyen-i-nuovi-dazi-usa-sono-un-errore\/"},"author":{"name":"italpress","@id":"https:\/\/www.livemag.it\/#\/schema\/person\/b62c5f44451fdcdaeb0afe6c2424e73c"},"headline":"Von der Leyen \u201cI nuovi dazi Usa sono un errore\u201d","datePublished":"2026-01-20T14:03:26+00:00","mainEntityOfPage":{"@id":"https:\/\/www.livemag.it\/index.php\/2026\/01\/20\/von-der-leyen-i-nuovi-dazi-usa-sono-un-errore\/"},"wordCount":360,"publisher":{"@id":"https:\/\/www.livemag.it\/#organization"},"image":{"@id":"https:\/\/www.livemag.it\/index.php\/2026\/01\/20\/von-der-leyen-i-nuovi-dazi-usa-sono-un-errore\/#primaryimage"},"thumbnailUrl":"https:\/\/www.livemag.it\/wp-content\/uploads\/2026\/01\/20260120_0651.jpg","articleSection":["Mondo"],"inLanguage":"it-IT"},{"@type":"WebPage","@id":"https:\/\/www.livemag.it\/index.php\/2026\/01\/20\/von-der-leyen-i-nuovi-dazi-usa-sono-un-errore\/","url":"https:\/\/www.livemag.it\/index.php\/2026\/01\/20\/von-der-leyen-i-nuovi-dazi-usa-sono-un-errore\/","name":"Von der Leyen \u201cI nuovi dazi Usa sono un errore\u201d - Live Magazine","isPartOf":{"@id":"https:\/\/www.livemag.it\/#website"},"primaryImageOfPage":{"@id":"https:\/\/www.livemag.it\/index.php\/2026\/01\/20\/von-der-leyen-i-nuovi-dazi-usa-sono-un-errore\/#primaryimage"},"image":{"@id":"https:\/\/www.livemag.it\/index.php\/2026\/01\/20\/von-der-leyen-i-nuovi-dazi-usa-sono-un-errore\/#primaryimage"},"thumbnailUrl":"https:\/\/www.livemag.it\/wp-content\/uploads\/2026\/01\/20260120_0651.jpg","datePublished":"2026-01-20T14:03:26+00:00","breadcrumb":{"@id":"https:\/\/www.livemag.it\/index.php\/2026\/01\/20\/von-der-leyen-i-nuovi-dazi-usa-sono-un-errore\/#breadcrumb"},"inLanguage":"it-IT","potentialAction":[{"@type":"ReadAction","target":["https:\/\/www.livemag.it\/index.php\/2026\/01\/20\/von-der-leyen-i-nuovi-dazi-usa-sono-un-errore\/"]}]},{"@type":"ImageObject","inLanguage":"it-IT","@id":"https:\/\/www.livemag.it\/index.php\/2026\/01\/20\/von-der-leyen-i-nuovi-dazi-usa-sono-un-errore\/#primaryimage","url":"https:\/\/www.livemag.it\/wp-content\/uploads\/2026\/01\/20260120_0651.jpg","contentUrl":"https:\/\/www.livemag.it\/wp-content\/uploads\/2026\/01\/20260120_0651.jpg","width":1600,"height":1030},{"@type":"BreadcrumbList","@id":"https:\/\/www.livemag.it\/index.php\/2026\/01\/20\/von-der-leyen-i-nuovi-dazi-usa-sono-un-errore\/#breadcrumb","itemListElement":[{"@type":"ListItem","position":1,"name":"Home","item":"https:\/\/www.livemag.it\/"},{"@type":"ListItem","position":2,"name":"Von der Leyen \u201cI nuovi dazi Usa sono un errore\u201d"}]},{"@type":"WebSite","@id":"https:\/\/www.livemag.it\/#website","url":"https:\/\/www.livemag.it\/","name":"Live Magazine","description":"Varie ed eventi","publisher":{"@id":"https:\/\/www.livemag.it\/#organization"},"potentialAction":[{"@type":"SearchAction","target":{"@type":"EntryPoint","urlTemplate":"https:\/\/www.livemag.it\/?s={search_term_string}"},"query-input":{"@type":"PropertyValueSpecification","valueRequired":true,"valueName":"search_term_string"}}],"inLanguage":"it-IT"},{"@type":"Organization","@id":"https:\/\/www.livemag.it\/#organization","name":"LiveMag","alternateName":"LiveMag News ed eventi","url":"https:\/\/www.livemag.it\/","logo":{"@type":"ImageObject","inLanguage":"it-IT","@id":"https:\/\/www.livemag.it\/#\/schema\/logo\/image\/","url":"https:\/\/www.livemag.it\/wp-content\/uploads\/2024\/02\/immagine-sito.jpg","contentUrl":"https:\/\/www.livemag.it\/wp-content\/uploads\/2024\/02\/immagine-sito.jpg","width":696,"height":696,"caption":"LiveMag"},"image":{"@id":"https:\/\/www.livemag.it\/#\/schema\/logo\/image\/"},"sameAs":["https:\/\/www.facebook.com\/LiveMag\/","https:\/\/x.com\/LiveNotizie","https:\/\/www.instagram.com\/livemag\/"]},{"@type":"Person","@id":"https:\/\/www.livemag.it\/#\/schema\/person\/b62c5f44451fdcdaeb0afe6c2424e73c","name":"italpress","image":{"@type":"ImageObject","inLanguage":"it-IT","@id":"https:\/\/secure.gravatar.com\/avatar\/b6a21695fc713ce7ee312cf57c97e2e641feb365be72d8745574d3c3e2b59066?s=96&r=g","url":"https:\/\/secure.gravatar.com\/avatar\/b6a21695fc713ce7ee312cf57c97e2e641feb365be72d8745574d3c3e2b59066?s=96&r=g","contentUrl":"https:\/\/secure.gravatar.com\/avatar\/b6a21695fc713ce7ee312cf57c97e2e641feb365be72d8745574d3c3e2b59066?s=96&r=g","caption":"italpress"},"description":"Italpress \u00e8 un'agenzia di stampa italiana a carattere nazionale.","url":"https:\/\/www.livemag.it\/index.php\/author\/italpress\/"}]}},"jetpack_featured_media_url":"https:\/\/www.livemag.it\/wp-content\/uploads\/2026\/01\/20260120_0651.jpg","_links":{"self":[{"href":"https:\/\/www.livemag.it\/index.php\/wp-json\/wp\/v2\/posts\/67576","targetHints":{"allow":["GET"]}}],"collection":[{"href":"https:\/\/www.livemag.it\/index.php\/wp-json\/wp\/v2\/posts"}],"about":[{"href":"https:\/\/www.livemag.it\/index.php\/wp-json\/wp\/v2\/types\/post"}],"author":[{"embeddable":true,"href":"https:\/\/www.livemag.it\/index.php\/wp-json\/wp\/v2\/users\/16"}],"replies":[{"embeddable":true,"href":"https:\/\/www.livemag.it\/index.php\/wp-json\/wp\/v2\/comments?post=67576"}],"version-history":[{"count":0,"href":"https:\/\/www.livemag.it\/index.php\/wp-json\/wp\/v2\/posts\/67576\/revisions"}],"wp:featuredmedia":[{"embeddable":true,"href":"https:\/\/www.livemag.it\/index.php\/wp-json\/wp\/v2\/media\/67577"}],"wp:attachment":[{"href":"https:\/\/www.livemag.it\/index.php\/wp-json\/wp\/v2\/media?parent=67576"}],"wp:term":[{"taxonomy":"category","embeddable":true,"href":"https:\/\/www.livemag.it\/index.php\/wp-json\/wp\/v2\/categories?post=67576"},{"taxonomy":"post_tag","embeddable":true,"href":"https:\/\/www.livemag.it\/index.php\/wp-json\/wp\/v2\/tags?post=67576"}],"curies":[{"name":"wp","href":"https:\/\/api.w.org\/{rel}","templated":true}]}}